{"id":14631,"date":"2008-04-10T21:48:25","date_gmt":"2008-04-10T21:48:25","guid":{"rendered":"https:\/\/www.institutodeengenharia.org.br\/?p=14631"},"modified":"2008-04-10T15:02:16","modified_gmt":"2008-04-10T15:02:16","slug":"rio-madeira-uma-solucao-precaria","status":"publish","type":"post","link":"https:\/\/www.institutodeengenharia.org.br\/site\/2008\/04\/10\/rio-madeira-uma-solucao-precaria\/","title":{"rendered":"Rio Madeira: uma solu\u00e7\u00e3o prec\u00e1ria"},"content":{"rendered":"<p>A recente licita\u00e7\u00e3o para privatiza\u00e7\u00e3o da Usina Hidroel\u00e9trica de Santo Antonio no rio Madeira coloca em evidencia o processo bastante danoso, de mediocriza\u00e7\u00e3o que assola o pa\u00eds, cuja tend\u00eancia \u00e9 se agravar no futuro.\u00a0<\/p>\n<p>Por press\u00e3o dos movimentos sociais e organiza\u00e7\u00f5es ambientais fundamentalistas, o potencial energ\u00e9tico do rio Madeira e de outros rios da Amaz\u00f4nia tem sido desperdi\u00e7ados por crit\u00e9rios supostamente preservacionistas, cujos benef\u00edcios, se avaliados de forma realista, n\u00e3o se sustentam.\u00a0<\/p>\n<p>Toda a vez que se constr\u00f3i um aproveitamento hidroel\u00e9trico cria-se um reservat\u00f3rio cujas dimens\u00f5es definir\u00e3o o benef\u00edcio energ\u00e9tico que se quer retirar do local.\u00a0<\/p>\n<p>Assim, tanto a barragem quanto o reservat\u00f3rio t\u00eam algumas fun\u00e7\u00f5es que s\u00e3o vari\u00e1veis de projeto: a altura de queda que afeta diretamente a potencia do aproveitamento, o volume \u00fatil do reservat\u00f3rio, cuja fun\u00e7\u00e3o \u00e9 regularizar a vaz\u00e3o efluente que promove o aumento da energia firme do local e dos demais aproveitamentos \u00e0 jusante, al\u00e9m de armazenar \u00e1gua para distribu\u00ed-la pelos diversos fins em per\u00edodos desfavor\u00e1veis.\u00a0<\/p>\n<p>Em geral, os grandes reservat\u00f3rios s\u00e3o projetados nos trechos iniciais dos rios, pois estes nascem em regi\u00f5es montanhosas e n\u00e3o causam inunda\u00e7\u00f5es muito extensas. Desta forma, o benef\u00edcio da regulariza\u00e7\u00e3o se estender\u00e1 por todo o desenvolvimento do rio, havendo um ganho de energia em seu aproveitamento total.\u00a0<\/p>\n<p>Este par\u00e2metro tem que ser confrontado com os demais crit\u00e9rios e usos que se possa fazer no local, como navega\u00e7\u00e3o, controle de cheias, irriga\u00e7\u00e3o, aspectos ambientais, ocupa\u00e7\u00e3o e organiza\u00e7\u00e3o da \u00e1rea, terras ind\u00edgenas, Unidades de Conserva\u00e7\u00e3o, \u00e1reas priorit\u00e1rias, ecossistemas aqu\u00e1ticos e terrestres, base econ\u00f4mica, etc.\u00a0<\/p>\n<p>No caso do Rio Madeira, o fanatismo conservacionista ut\u00f3pico, provocou o abandono da solu\u00e7\u00e3o mais conveniente. E o projeto que previa a constru\u00e7\u00e3o de reservat\u00f3rio com \u00e1rea inundada de 1550 km2, foi abandonado pela constru\u00e7\u00e3o de duas usinas de baixa queda, UHE Santo Antonio e UHE Jirau, com 243 km2, praticamente a fio d\u2019\u00e1gua.\u00a0<\/p>\n<p>Na fantasiosa mente dos ambientalistas brasileiros, as fun\u00e7\u00f5es de reservat\u00f3rio e regulariza\u00e7\u00e3o foram substitu\u00eddas por um maior n\u00famero de turbinas, que ficar\u00e3o paradas nas \u00e9pocas de baixa vaz\u00e3o, turbinando-se apenas o volume de \u00e1gua da vaz\u00e3o natural.\u00a0<\/p>\n<p>Em termos pr\u00e1ticos, gra\u00e7as \u00e0 estupidez reinante nos gabinetes de Bras\u00edlia, a energia correspondente a uma usina do porte de Ilha Solteira, fundamental para um pa\u00eds que tem vivido os \u00faltimos anos \u00e0 beira de racionamentos por falta de planejamento e gest\u00e3o adequada de seus recursos naturais, ser\u00e1 desperdi\u00e7ada em nome da floresta.\u00a0<\/p>\n<p>Ao que parece, para esta pequena parcela de iluminados, o fato de esta energia perdida ter de ser produzida por fontes bem mais caras e poluentes, como nucleares ou t\u00e9rmicas a carv\u00e3o ou g\u00e1s importado \u00e9 irrelevante. Tamb\u00e9m \u00e9 irrelevante o impacto na economia brasileira, ao distorcer nossa matriz e encarecer bens, servi\u00e7os e produtos export\u00e1veis.\u00a0<\/p>\n<p>Quanto aos ris\u00edveis argumentos ambientalistas, de que a redu\u00e7\u00e3o de \u00e1rea inundada ser\u00e1 compensada com preserva\u00e7\u00e3o de floresta, manuten\u00e7\u00e3o de reserva ind\u00edgena, ou atividades explorat\u00f3rias reguladas, j\u00e1 se sabe o fim; ser\u00e3o perdidos na realidade do desmatamento e ocupa\u00e7\u00e3o descontrolada da floresta, que tem levado \u00e0 destrui\u00e7\u00e3o pura e simples de grandes \u00e1reas da Amaz\u00f4nia, complementado pela perda definitiva de boa parte do potencial hidroel\u00e9trico brasileiro. <\/p>\n<p><b>Autor: Edemar de Souza Amorim<\/b><\/p>\n","protected":false},"excerpt":{"rendered":"<p>A recente licita\u00e7\u00e3o para privatiza\u00e7\u00e3o da Usina Hidroel\u00e9trica de Santo Antonio no rio Madeira coloca em evidencia o processo bastante danoso, de mediocriza\u00e7\u00e3o que assola o pa\u00eds, cuja tend\u00eancia \u00e9 se agravar no futuro.\u00a0 Por press\u00e3o dos movimentos sociais e organiza\u00e7\u00f5es ambientais fundamentalistas, o potencial energ\u00e9tico do rio Madeira e de outros rios da Amaz\u00f4nia [&hellip;]<\/p>\n","protected":false},"author":1,"featured_media":0,"comment_status":"open","ping_status":"open","sticky":false,"template":"","format":"standard","meta":{"footnotes":""},"categories":[114],"tags":[],"class_list":{"0":"post-14631","1":"post","2":"type-post","3":"status-publish","4":"format-standard","6":"category-artigos"},"yoast_head":"<!-- This site is optimized with the Yoast SEO plugin v27.2 - https:\/\/yoast.com\/product\/yoast-seo-wordpress\/ -->\n<title>Rio Madeira: uma solu\u00e7\u00e3o prec\u00e1ria - Instituto de Engenharia<\/title>\n<meta name=\"robots\" content=\"index, follow, max-snippet:-1, max-image-preview:large, max-video-preview:-1\" \/>\n<link rel=\"canonical\" href=\"https:\/\/www.institutodeengenharia.org.br\/site\/2008\/04\/10\/rio-madeira-uma-solucao-precaria\/\" \/>\n<meta property=\"og:locale\" content=\"pt_BR\" \/>\n<meta property=\"og:type\" content=\"article\" \/>\n<meta property=\"og:title\" content=\"Rio Madeira: uma solu\u00e7\u00e3o prec\u00e1ria - Instituto de Engenharia\" \/>\n<meta property=\"og:description\" content=\"A recente licita\u00e7\u00e3o para privatiza\u00e7\u00e3o da Usina Hidroel\u00e9trica de Santo Antonio no rio Madeira coloca em evidencia o processo bastante danoso, de mediocriza\u00e7\u00e3o que assola o pa\u00eds, cuja tend\u00eancia \u00e9 se agravar no futuro.\u00a0 Por press\u00e3o dos movimentos sociais e organiza\u00e7\u00f5es ambientais fundamentalistas, o potencial energ\u00e9tico do rio Madeira e de outros rios da Amaz\u00f4nia [&hellip;]\" \/>\n<meta property=\"og:url\" content=\"https:\/\/www.institutodeengenharia.org.br\/site\/2008\/04\/10\/rio-madeira-uma-solucao-precaria\/\" \/>\n<meta property=\"og:site_name\" content=\"Instituto de Engenharia\" \/>\n<meta property=\"article:publisher\" content=\"https:\/\/www.facebook.com\/institutodeengenharia\" \/>\n<meta property=\"article:published_time\" content=\"2008-04-10T21:48:25+00:00\" \/>\n<meta name=\"author\" content=\"TMax Tecnologia\" \/>\n<meta name=\"twitter:card\" content=\"summary_large_image\" \/>\n<meta name=\"twitter:creator\" content=\"@iengenharia\" \/>\n<meta name=\"twitter:site\" content=\"@iengenharia\" \/>\n<meta name=\"twitter:label1\" content=\"Escrito por\" \/>\n\t<meta name=\"twitter:data1\" content=\"TMax Tecnologia\" \/>\n\t<meta name=\"twitter:label2\" content=\"Est. tempo de leitura\" \/>\n\t<meta name=\"twitter:data2\" content=\"3 minutos\" \/>\n<script type=\"application\/ld+json\" class=\"yoast-schema-graph\">{\"@context\":\"https:\/\/schema.org\",\"@graph\":[{\"@type\":\"Article\",\"@id\":\"https:\/\/www.institutodeengenharia.org.br\/site\/2008\/04\/10\/rio-madeira-uma-solucao-precaria\/#article\",\"isPartOf\":{\"@id\":\"https:\/\/www.institutodeengenharia.org.br\/site\/2008\/04\/10\/rio-madeira-uma-solucao-precaria\/\"},\"author\":{\"name\":\"TMax Tecnologia\",\"@id\":\"https:\/\/www.institutodeengenharia.org.br\/site\/#\/schema\/person\/3b1ff109facef084739fc2edcb9a127f\"},\"headline\":\"Rio Madeira: uma solu\u00e7\u00e3o prec\u00e1ria\",\"datePublished\":\"2008-04-10T21:48:25+00:00\",\"mainEntityOfPage\":{\"@id\":\"https:\/\/www.institutodeengenharia.org.br\/site\/2008\/04\/10\/rio-madeira-uma-solucao-precaria\/\"},\"wordCount\":609,\"commentCount\":0,\"publisher\":{\"@id\":\"https:\/\/www.institutodeengenharia.org.br\/site\/#organization\"},\"articleSection\":[\"Artigos\"],\"inLanguage\":\"pt-BR\",\"potentialAction\":[{\"@type\":\"CommentAction\",\"name\":\"Comment\",\"target\":[\"https:\/\/www.institutodeengenharia.org.br\/site\/2008\/04\/10\/rio-madeira-uma-solucao-precaria\/#respond\"]}]},{\"@type\":\"WebPage\",\"@id\":\"https:\/\/www.institutodeengenharia.org.br\/site\/2008\/04\/10\/rio-madeira-uma-solucao-precaria\/\",\"url\":\"https:\/\/www.institutodeengenharia.org.br\/site\/2008\/04\/10\/rio-madeira-uma-solucao-precaria\/\",\"name\":\"Rio Madeira: uma solu\u00e7\u00e3o prec\u00e1ria - Instituto de Engenharia\",\"isPartOf\":{\"@id\":\"https:\/\/www.institutodeengenharia.org.br\/site\/#website\"},\"datePublished\":\"2008-04-10T21:48:25+00:00\",\"breadcrumb\":{\"@id\":\"https:\/\/www.institutodeengenharia.org.br\/site\/2008\/04\/10\/rio-madeira-uma-solucao-precaria\/#breadcrumb\"},\"inLanguage\":\"pt-BR\",\"potentialAction\":[{\"@type\":\"ReadAction\",\"target\":[\"https:\/\/www.institutodeengenharia.org.br\/site\/2008\/04\/10\/rio-madeira-uma-solucao-precaria\/\"]}]},{\"@type\":\"BreadcrumbList\",\"@id\":\"https:\/\/www.institutodeengenharia.org.br\/site\/2008\/04\/10\/rio-madeira-uma-solucao-precaria\/#breadcrumb\",\"itemListElement\":[{\"@type\":\"ListItem\",\"position\":1,\"name\":\"In\u00edcio\",\"item\":\"https:\/\/www.institutodeengenharia.org.br\/site\/\"},{\"@type\":\"ListItem\",\"position\":2,\"name\":\"Rio Madeira: uma solu\u00e7\u00e3o prec\u00e1ria\"}]},{\"@type\":\"WebSite\",\"@id\":\"https:\/\/www.institutodeengenharia.org.br\/site\/#website\",\"url\":\"https:\/\/www.institutodeengenharia.org.br\/site\/\",\"name\":\"Instituto de Engenharia\",\"description\":\"O Instituto de Engenharia promove a Engenharia em benef\u00edcio do desenvolvimento e da qualidade de vida da sociedade.\",\"publisher\":{\"@id\":\"https:\/\/www.institutodeengenharia.org.br\/site\/#organization\"},\"potentialAction\":[{\"@type\":\"SearchAction\",\"target\":{\"@type\":\"EntryPoint\",\"urlTemplate\":\"https:\/\/www.institutodeengenharia.org.br\/site\/?s={search_term_string}\"},\"query-input\":{\"@type\":\"PropertyValueSpecification\",\"valueRequired\":true,\"valueName\":\"search_term_string\"}}],\"inLanguage\":\"pt-BR\"},{\"@type\":\"Organization\",\"@id\":\"https:\/\/www.institutodeengenharia.org.br\/site\/#organization\",\"name\":\"Instituto de Engenharia\",\"url\":\"https:\/\/www.institutodeengenharia.org.br\/site\/\",\"logo\":{\"@type\":\"ImageObject\",\"inLanguage\":\"pt-BR\",\"@id\":\"https:\/\/www.institutodeengenharia.org.br\/site\/#\/schema\/logo\/image\/\",\"url\":\"https:\/\/www.institutodeengenharia.org.br\/site\/wp-content\/uploads\/2019\/03\/logo-novo-IE2018-1.jpg\",\"contentUrl\":\"https:\/\/www.institutodeengenharia.org.br\/site\/wp-content\/uploads\/2019\/03\/logo-novo-IE2018-1.jpg\",\"width\":1486,\"height\":1879,\"caption\":\"Instituto de Engenharia\"},\"image\":{\"@id\":\"https:\/\/www.institutodeengenharia.org.br\/site\/#\/schema\/logo\/image\/\"},\"sameAs\":[\"https:\/\/www.facebook.com\/institutodeengenharia\",\"https:\/\/x.com\/iengenharia\",\"https:\/\/www.instagram.com\/institutodeengenharia\/\",\"https:\/\/www.linkedin.com\/company\/instituto-de-engenharia\/\",\"https:\/\/www.youtube.com\/channel\/UCXiCAlsSMe977vamW915HxA\"]},{\"@type\":\"Person\",\"@id\":\"https:\/\/www.institutodeengenharia.org.br\/site\/#\/schema\/person\/3b1ff109facef084739fc2edcb9a127f\",\"name\":\"TMax Tecnologia\",\"image\":{\"@type\":\"ImageObject\",\"inLanguage\":\"pt-BR\",\"@id\":\"https:\/\/secure.gravatar.com\/avatar\/f912434ef7f389c92cb311fcdae346af848465d638912574b3c669070f797701?s=96&d=mm&r=g\",\"url\":\"https:\/\/secure.gravatar.com\/avatar\/f912434ef7f389c92cb311fcdae346af848465d638912574b3c669070f797701?s=96&d=mm&r=g\",\"contentUrl\":\"https:\/\/secure.gravatar.com\/avatar\/f912434ef7f389c92cb311fcdae346af848465d638912574b3c669070f797701?s=96&d=mm&r=g\",\"caption\":\"TMax Tecnologia\"},\"url\":\"https:\/\/www.institutodeengenharia.org.br\/site\/author\/tmax\/\"}]}<\/script>\n<!-- \/ Yoast SEO plugin. -->","yoast_head_json":{"title":"Rio Madeira: uma solu\u00e7\u00e3o prec\u00e1ria - Instituto de Engenharia","robots":{"index":"index","follow":"follow","max-snippet":"max-snippet:-1","max-image-preview":"max-image-preview:large","max-video-preview":"max-video-preview:-1"},"canonical":"https:\/\/www.institutodeengenharia.org.br\/site\/2008\/04\/10\/rio-madeira-uma-solucao-precaria\/","og_locale":"pt_BR","og_type":"article","og_title":"Rio Madeira: uma solu\u00e7\u00e3o prec\u00e1ria - Instituto de Engenharia","og_description":"A recente licita\u00e7\u00e3o para privatiza\u00e7\u00e3o da Usina Hidroel\u00e9trica de Santo Antonio no rio Madeira coloca em evidencia o processo bastante danoso, de mediocriza\u00e7\u00e3o que assola o pa\u00eds, cuja tend\u00eancia \u00e9 se agravar no futuro.\u00a0 Por press\u00e3o dos movimentos sociais e organiza\u00e7\u00f5es ambientais fundamentalistas, o potencial energ\u00e9tico do rio Madeira e de outros rios da Amaz\u00f4nia [&hellip;]","og_url":"https:\/\/www.institutodeengenharia.org.br\/site\/2008\/04\/10\/rio-madeira-uma-solucao-precaria\/","og_site_name":"Instituto de Engenharia","article_publisher":"https:\/\/www.facebook.com\/institutodeengenharia","article_published_time":"2008-04-10T21:48:25+00:00","author":"TMax Tecnologia","twitter_card":"summary_large_image","twitter_creator":"@iengenharia","twitter_site":"@iengenharia","twitter_misc":{"Escrito por":"TMax Tecnologia","Est. tempo de leitura":"3 minutos"},"schema":{"@context":"https:\/\/schema.org","@graph":[{"@type":"Article","@id":"https:\/\/www.institutodeengenharia.org.br\/site\/2008\/04\/10\/rio-madeira-uma-solucao-precaria\/#article","isPartOf":{"@id":"https:\/\/www.institutodeengenharia.org.br\/site\/2008\/04\/10\/rio-madeira-uma-solucao-precaria\/"},"author":{"name":"TMax Tecnologia","@id":"https:\/\/www.institutodeengenharia.org.br\/site\/#\/schema\/person\/3b1ff109facef084739fc2edcb9a127f"},"headline":"Rio Madeira: uma solu\u00e7\u00e3o prec\u00e1ria","datePublished":"2008-04-10T21:48:25+00:00","mainEntityOfPage":{"@id":"https:\/\/www.institutodeengenharia.org.br\/site\/2008\/04\/10\/rio-madeira-uma-solucao-precaria\/"},"wordCount":609,"commentCount":0,"publisher":{"@id":"https:\/\/www.institutodeengenharia.org.br\/site\/#organization"},"articleSection":["Artigos"],"inLanguage":"pt-BR","potentialAction":[{"@type":"CommentAction","name":"Comment","target":["https:\/\/www.institutodeengenharia.org.br\/site\/2008\/04\/10\/rio-madeira-uma-solucao-precaria\/#respond"]}]},{"@type":"WebPage","@id":"https:\/\/www.institutodeengenharia.org.br\/site\/2008\/04\/10\/rio-madeira-uma-solucao-precaria\/","url":"https:\/\/www.institutodeengenharia.org.br\/site\/2008\/04\/10\/rio-madeira-uma-solucao-precaria\/","name":"Rio Madeira: uma solu\u00e7\u00e3o prec\u00e1ria - Instituto de Engenharia","isPartOf":{"@id":"https:\/\/www.institutodeengenharia.org.br\/site\/#website"},"datePublished":"2008-04-10T21:48:25+00:00","breadcrumb":{"@id":"https:\/\/www.institutodeengenharia.org.br\/site\/2008\/04\/10\/rio-madeira-uma-solucao-precaria\/#breadcrumb"},"inLanguage":"pt-BR","potentialAction":[{"@type":"ReadAction","target":["https:\/\/www.institutodeengenharia.org.br\/site\/2008\/04\/10\/rio-madeira-uma-solucao-precaria\/"]}]},{"@type":"BreadcrumbList","@id":"https:\/\/www.institutodeengenharia.org.br\/site\/2008\/04\/10\/rio-madeira-uma-solucao-precaria\/#breadcrumb","itemListElement":[{"@type":"ListItem","position":1,"name":"In\u00edcio","item":"https:\/\/www.institutodeengenharia.org.br\/site\/"},{"@type":"ListItem","position":2,"name":"Rio Madeira: uma solu\u00e7\u00e3o prec\u00e1ria"}]},{"@type":"WebSite","@id":"https:\/\/www.institutodeengenharia.org.br\/site\/#website","url":"https:\/\/www.institutodeengenharia.org.br\/site\/","name":"Instituto de Engenharia","description":"O Instituto de Engenharia promove a Engenharia em benef\u00edcio do desenvolvimento e da qualidade de vida da sociedade.","publisher":{"@id":"https:\/\/www.institutodeengenharia.org.br\/site\/#organization"},"potentialAction":[{"@type":"SearchAction","target":{"@type":"EntryPoint","urlTemplate":"https:\/\/www.institutodeengenharia.org.br\/site\/?s={search_term_string}"},"query-input":{"@type":"PropertyValueSpecification","valueRequired":true,"valueName":"search_term_string"}}],"inLanguage":"pt-BR"},{"@type":"Organization","@id":"https:\/\/www.institutodeengenharia.org.br\/site\/#organization","name":"Instituto de Engenharia","url":"https:\/\/www.institutodeengenharia.org.br\/site\/","logo":{"@type":"ImageObject","inLanguage":"pt-BR","@id":"https:\/\/www.institutodeengenharia.org.br\/site\/#\/schema\/logo\/image\/","url":"https:\/\/www.institutodeengenharia.org.br\/site\/wp-content\/uploads\/2019\/03\/logo-novo-IE2018-1.jpg","contentUrl":"https:\/\/www.institutodeengenharia.org.br\/site\/wp-content\/uploads\/2019\/03\/logo-novo-IE2018-1.jpg","width":1486,"height":1879,"caption":"Instituto de Engenharia"},"image":{"@id":"https:\/\/www.institutodeengenharia.org.br\/site\/#\/schema\/logo\/image\/"},"sameAs":["https:\/\/www.facebook.com\/institutodeengenharia","https:\/\/x.com\/iengenharia","https:\/\/www.instagram.com\/institutodeengenharia\/","https:\/\/www.linkedin.com\/company\/instituto-de-engenharia\/","https:\/\/www.youtube.com\/channel\/UCXiCAlsSMe977vamW915HxA"]},{"@type":"Person","@id":"https:\/\/www.institutodeengenharia.org.br\/site\/#\/schema\/person\/3b1ff109facef084739fc2edcb9a127f","name":"TMax Tecnologia","image":{"@type":"ImageObject","inLanguage":"pt-BR","@id":"https:\/\/secure.gravatar.com\/avatar\/f912434ef7f389c92cb311fcdae346af848465d638912574b3c669070f797701?s=96&d=mm&r=g","url":"https:\/\/secure.gravatar.com\/avatar\/f912434ef7f389c92cb311fcdae346af848465d638912574b3c669070f797701?s=96&d=mm&r=g","contentUrl":"https:\/\/secure.gravatar.com\/avatar\/f912434ef7f389c92cb311fcdae346af848465d638912574b3c669070f797701?s=96&d=mm&r=g","caption":"TMax Tecnologia"},"url":"https:\/\/www.institutodeengenharia.org.br\/site\/author\/tmax\/"}]}},"_links":{"self":[{"href":"https:\/\/www.institutodeengenharia.org.br\/site\/wp-json\/wp\/v2\/posts\/14631","targetHints":{"allow":["GET"]}}],"collection":[{"href":"https:\/\/www.institutodeengenharia.org.br\/site\/wp-json\/wp\/v2\/posts"}],"about":[{"href":"https:\/\/www.institutodeengenharia.org.br\/site\/wp-json\/wp\/v2\/types\/post"}],"author":[{"embeddable":true,"href":"https:\/\/www.institutodeengenharia.org.br\/site\/wp-json\/wp\/v2\/users\/1"}],"replies":[{"embeddable":true,"href":"https:\/\/www.institutodeengenharia.org.br\/site\/wp-json\/wp\/v2\/comments?post=14631"}],"version-history":[{"count":0,"href":"https:\/\/www.institutodeengenharia.org.br\/site\/wp-json\/wp\/v2\/posts\/14631\/revisions"}],"wp:attachment":[{"href":"https:\/\/www.institutodeengenharia.org.br\/site\/wp-json\/wp\/v2\/media?parent=14631"}],"wp:term":[{"taxonomy":"category","embeddable":true,"href":"https:\/\/www.institutodeengenharia.org.br\/site\/wp-json\/wp\/v2\/categories?post=14631"},{"taxonomy":"post_tag","embeddable":true,"href":"https:\/\/www.institutodeengenharia.org.br\/site\/wp-json\/wp\/v2\/tags?post=14631"}],"curies":[{"name":"wp","href":"https:\/\/api.w.org\/{rel}","templated":true}]}}