{"id":14624,"date":"2008-05-19T21:48:17","date_gmt":"2008-05-19T21:48:17","guid":{"rendered":"https:\/\/www.institutodeengenharia.org.br\/?p=14624"},"modified":"2008-05-19T16:22:04","modified_gmt":"2008-05-19T16:22:04","slug":"maua-firma-convenio-com-steinbeis-university-berlin","status":"publish","type":"post","link":"https:\/\/www.institutodeengenharia.org.br\/site\/2008\/05\/19\/maua-firma-convenio-com-steinbeis-university-berlin\/","title":{"rendered":"MAU\u00c1 firma conv\u00eanio com Steinbeis University Berlin"},"content":{"rendered":"<p>O Centro Universit\u00e1rio do Instituto Mau\u00e1 de Tecnologia firmou conv\u00eanio com a Steinbeis University, da Alemanha, para implanta\u00e7\u00e3o de um curso de p\u00f3s-gradua\u00e7\u00e3o em Administra\u00e7\u00e3o Empresarial com \u00eanfase em Estrat\u00e9gia de Crescimento, com car\u00e1ter internacional. O acordo possibilitar\u00e1 aos estudantes fazer parte do curso na Alemanha e obter dupla diploma\u00e7\u00e3o: Mestrado Profissional (P\u00f3s-Gradua\u00e7\u00e3o stricto sensu) &#8211; diploma alem\u00e3o com validade na Uni\u00e3o Europ\u00e9ia -, e Especializa\u00e7\u00e3o &#8211; MBA Executivo (P\u00f3s-Gradua\u00e7\u00e3o lato sensu), certificado brasileiro emitido pela Mau\u00e1. <\/p>\n<p>Al\u00e9m do conte\u00fado, a dupla diploma\u00e7\u00e3o \u00e9 um dos diferenciais do novo curso, conforme explica o pr\u00f3-reitor Acad\u00eamico do Centro Universit\u00e1rio do IMT, Roberto Peixoto. \u201cJ\u00e1 existem outros cursos de Com\u00e9rcio Exterior no Brasil, conv\u00eanios entre faculdades brasileiras e do outros pa\u00edses, mas este ter\u00e1 foco na Uni\u00e3o Europ\u00e9ia e \u00e9 o \u00fanico com dupla diploma\u00e7\u00e3o, o que \u00e9 um diferencial em rela\u00e7\u00e3o aos demais\u201d. A carga hor\u00e1ria do curso tamb\u00e9m \u00e9 maior que a de outros oferecidos no Pa\u00eds e a banca examinadora da Disserta\u00e7\u00e3o de Mestrado ser\u00e1 composta por professores brasileiros e alem\u00e3es. <\/p>\n<p>A meta do curso \u00e9 estabelecer a melhor estrat\u00e9gia de a\u00e7\u00e3o internacional para a empresa e posicion\u00e1-la no mercado europeu e, em particular, no alem\u00e3o, utilizando a rede de relacionamentos propiciada pelo curso. Isso justifica a escolha da Steinbeis University Berlin, explica o reitor do Centro Universit\u00e1rio do IMT, Ot\u00e1vio de Mattos Silvares. \u201cEsta universidade integra a Steinbeis Foundation e \u00e9 uma das poucas universidades privadas alem\u00e3s. Ela \u00e9 pioneira no sistema de ensino dual com empresas alem\u00e3s e j\u00e1 trabalha com a comunidade europ\u00e9ia h\u00e1 muito tempo, oferecendo cursos espec\u00edficos em \u00e1reas de interesse das ind\u00fastrias\u201d. <\/p>\n<p>O curso ser\u00e1 desenvolvido em dois anos no Brasil e com uma estada de quatro semanas na Alemanha. O programa \u00e9 baseado em estudos de casos reais, vivenciados nos dois pa\u00edses. O objetivo \u00e9 identificar oportunidades e formas de atua\u00e7\u00e3o e coopera\u00e7\u00e3o com empresas da Uni\u00e3o Europ\u00e9ia, em especial da Alemanha, al\u00e9m de entender procedimentos para exporta\u00e7\u00e3o de produtos e presta\u00e7\u00e3o de servi\u00e7os. <\/p>\n<p>Oportunidades &#8211; Com a efetiva\u00e7\u00e3o recente da parceria, a dire\u00e7\u00e3o da institui\u00e7\u00e3o brasileira vem se reunindo com representantes de empresas sediadas no Brasil e que t\u00eam interesse em fazer neg\u00f3cios com pa\u00edses da Uni\u00e3o Europ\u00e9ia, para apresentar o conceito desse curso. A id\u00e9ia central, conforme os representantes da Mau\u00e1, \u00e9 contribuir para a abertura dos mercados alem\u00e3o e europeu para as empresas que t\u00eam interesse em atuar naqueles mercados a partir da oferta de profissionais com forma\u00e7\u00e3o dirigida. <\/p>\n<p>Os benef\u00edcios para as empresas s\u00e3o: a capacita\u00e7\u00e3o profissional para atuar no mercado internacional, o estabelecimento de redes de relacionamento, o acesso a informa\u00e7\u00f5es sobre oportunidades nos mercados de seu interesse, a conquista de novos espa\u00e7os e melhoria da capacidade competitiva da empresa. <\/p>\n<p><b>Autor: Assessoria de imprensa<\/b><\/p>\n","protected":false},"excerpt":{"rendered":"<p>O Centro Universit\u00e1rio do Instituto Mau\u00e1 de Tecnologia firmou conv\u00eanio com a Steinbeis University, da Alemanha, para implanta\u00e7\u00e3o de um curso de p\u00f3s-gradua\u00e7\u00e3o em Administra\u00e7\u00e3o Empresarial com \u00eanfase em Estrat\u00e9gia de Crescimento, com car\u00e1ter internacional. O acordo possibilitar\u00e1 aos estudantes fazer parte do curso na Alemanha e obter dupla diploma\u00e7\u00e3o: Mestrado Profissional (P\u00f3s-Gradua\u00e7\u00e3o stricto sensu) [&hellip;]<\/p>\n","protected":false},"author":1,"featured_media":0,"comment_status":"open","ping_status":"open","sticky":false,"template":"","format":"standard","meta":{"footnotes":""},"categories":[6,35],"tags":[],"class_list":{"0":"post-14624","1":"post","2":"type-post","3":"status-publish","4":"format-standard","6":"category-noticias","7":"category-pesquisa-e-desenvolvimento"},"yoast_head":"<!-- This site is optimized with the Yoast SEO plugin v27.2 - https:\/\/yoast.com\/product\/yoast-seo-wordpress\/ -->\n<title>MAU\u00c1 firma conv\u00eanio com Steinbeis University Berlin - Instituto de Engenharia<\/title>\n<meta name=\"robots\" content=\"index, follow, max-snippet:-1, max-image-preview:large, max-video-preview:-1\" \/>\n<link rel=\"canonical\" href=\"https:\/\/www.institutodeengenharia.org.br\/site\/2008\/05\/19\/maua-firma-convenio-com-steinbeis-university-berlin\/\" \/>\n<meta property=\"og:locale\" content=\"pt_BR\" \/>\n<meta property=\"og:type\" content=\"article\" \/>\n<meta property=\"og:title\" content=\"MAU\u00c1 firma conv\u00eanio com Steinbeis University Berlin - Instituto de Engenharia\" \/>\n<meta property=\"og:description\" content=\"O Centro Universit\u00e1rio do Instituto Mau\u00e1 de Tecnologia firmou conv\u00eanio com a Steinbeis University, da Alemanha, para implanta\u00e7\u00e3o de um curso de p\u00f3s-gradua\u00e7\u00e3o em Administra\u00e7\u00e3o Empresarial com \u00eanfase em Estrat\u00e9gia de Crescimento, com car\u00e1ter internacional. O acordo possibilitar\u00e1 aos estudantes fazer parte do curso na Alemanha e obter dupla diploma\u00e7\u00e3o: Mestrado Profissional (P\u00f3s-Gradua\u00e7\u00e3o stricto sensu) [&hellip;]\" \/>\n<meta property=\"og:url\" content=\"https:\/\/www.institutodeengenharia.org.br\/site\/2008\/05\/19\/maua-firma-convenio-com-steinbeis-university-berlin\/\" \/>\n<meta property=\"og:site_name\" content=\"Instituto de Engenharia\" \/>\n<meta property=\"article:publisher\" content=\"https:\/\/www.facebook.com\/institutodeengenharia\" \/>\n<meta property=\"article:published_time\" content=\"2008-05-19T21:48:17+00:00\" \/>\n<meta name=\"author\" content=\"TMax Tecnologia\" \/>\n<meta name=\"twitter:card\" content=\"summary_large_image\" \/>\n<meta name=\"twitter:creator\" content=\"@iengenharia\" \/>\n<meta name=\"twitter:site\" content=\"@iengenharia\" \/>\n<meta name=\"twitter:label1\" content=\"Escrito por\" \/>\n\t<meta name=\"twitter:data1\" content=\"TMax Tecnologia\" \/>\n\t<meta name=\"twitter:label2\" content=\"Est. tempo de leitura\" \/>\n\t<meta name=\"twitter:data2\" content=\"3 minutos\" \/>\n<script type=\"application\/ld+json\" class=\"yoast-schema-graph\">{\"@context\":\"https:\/\/schema.org\",\"@graph\":[{\"@type\":\"Article\",\"@id\":\"https:\/\/www.institutodeengenharia.org.br\/site\/2008\/05\/19\/maua-firma-convenio-com-steinbeis-university-berlin\/#article\",\"isPartOf\":{\"@id\":\"https:\/\/www.institutodeengenharia.org.br\/site\/2008\/05\/19\/maua-firma-convenio-com-steinbeis-university-berlin\/\"},\"author\":{\"name\":\"TMax Tecnologia\",\"@id\":\"https:\/\/www.institutodeengenharia.org.br\/site\/#\/schema\/person\/3b1ff109facef084739fc2edcb9a127f\"},\"headline\":\"MAU\u00c1 firma conv\u00eanio com Steinbeis University Berlin\",\"datePublished\":\"2008-05-19T21:48:17+00:00\",\"mainEntityOfPage\":{\"@id\":\"https:\/\/www.institutodeengenharia.org.br\/site\/2008\/05\/19\/maua-firma-convenio-com-steinbeis-university-berlin\/\"},\"wordCount\":527,\"commentCount\":0,\"publisher\":{\"@id\":\"https:\/\/www.institutodeengenharia.org.br\/site\/#organization\"},\"articleSection\":[\"Not\u00edcias\",\"Pesquisa e Desenvolvimento\"],\"inLanguage\":\"pt-BR\",\"potentialAction\":[{\"@type\":\"CommentAction\",\"name\":\"Comment\",\"target\":[\"https:\/\/www.institutodeengenharia.org.br\/site\/2008\/05\/19\/maua-firma-convenio-com-steinbeis-university-berlin\/#respond\"]}]},{\"@type\":\"WebPage\",\"@id\":\"https:\/\/www.institutodeengenharia.org.br\/site\/2008\/05\/19\/maua-firma-convenio-com-steinbeis-university-berlin\/\",\"url\":\"https:\/\/www.institutodeengenharia.org.br\/site\/2008\/05\/19\/maua-firma-convenio-com-steinbeis-university-berlin\/\",\"name\":\"MAU\u00c1 firma conv\u00eanio com Steinbeis University Berlin - Instituto de Engenharia\",\"isPartOf\":{\"@id\":\"https:\/\/www.institutodeengenharia.org.br\/site\/#website\"},\"datePublished\":\"2008-05-19T21:48:17+00:00\",\"breadcrumb\":{\"@id\":\"https:\/\/www.institutodeengenharia.org.br\/site\/2008\/05\/19\/maua-firma-convenio-com-steinbeis-university-berlin\/#breadcrumb\"},\"inLanguage\":\"pt-BR\",\"potentialAction\":[{\"@type\":\"ReadAction\",\"target\":[\"https:\/\/www.institutodeengenharia.org.br\/site\/2008\/05\/19\/maua-firma-convenio-com-steinbeis-university-berlin\/\"]}]},{\"@type\":\"BreadcrumbList\",\"@id\":\"https:\/\/www.institutodeengenharia.org.br\/site\/2008\/05\/19\/maua-firma-convenio-com-steinbeis-university-berlin\/#breadcrumb\",\"itemListElement\":[{\"@type\":\"ListItem\",\"position\":1,\"name\":\"In\u00edcio\",\"item\":\"https:\/\/www.institutodeengenharia.org.br\/site\/\"},{\"@type\":\"ListItem\",\"position\":2,\"name\":\"MAU\u00c1 firma conv\u00eanio com Steinbeis University Berlin\"}]},{\"@type\":\"WebSite\",\"@id\":\"https:\/\/www.institutodeengenharia.org.br\/site\/#website\",\"url\":\"https:\/\/www.institutodeengenharia.org.br\/site\/\",\"name\":\"Instituto de Engenharia\",\"description\":\"O Instituto de Engenharia promove a Engenharia em benef\u00edcio do desenvolvimento e da qualidade de vida da sociedade.\",\"publisher\":{\"@id\":\"https:\/\/www.institutodeengenharia.org.br\/site\/#organization\"},\"potentialAction\":[{\"@type\":\"SearchAction\",\"target\":{\"@type\":\"EntryPoint\",\"urlTemplate\":\"https:\/\/www.institutodeengenharia.org.br\/site\/?s={search_term_string}\"},\"query-input\":{\"@type\":\"PropertyValueSpecification\",\"valueRequired\":true,\"valueName\":\"search_term_string\"}}],\"inLanguage\":\"pt-BR\"},{\"@type\":\"Organization\",\"@id\":\"https:\/\/www.institutodeengenharia.org.br\/site\/#organization\",\"name\":\"Instituto de Engenharia\",\"url\":\"https:\/\/www.institutodeengenharia.org.br\/site\/\",\"logo\":{\"@type\":\"ImageObject\",\"inLanguage\":\"pt-BR\",\"@id\":\"https:\/\/www.institutodeengenharia.org.br\/site\/#\/schema\/logo\/image\/\",\"url\":\"https:\/\/www.institutodeengenharia.org.br\/site\/wp-content\/uploads\/2019\/03\/logo-novo-IE2018-1.jpg\",\"contentUrl\":\"https:\/\/www.institutodeengenharia.org.br\/site\/wp-content\/uploads\/2019\/03\/logo-novo-IE2018-1.jpg\",\"width\":1486,\"height\":1879,\"caption\":\"Instituto de Engenharia\"},\"image\":{\"@id\":\"https:\/\/www.institutodeengenharia.org.br\/site\/#\/schema\/logo\/image\/\"},\"sameAs\":[\"https:\/\/www.facebook.com\/institutodeengenharia\",\"https:\/\/x.com\/iengenharia\",\"https:\/\/www.instagram.com\/institutodeengenharia\/\",\"https:\/\/www.linkedin.com\/company\/instituto-de-engenharia\/\",\"https:\/\/www.youtube.com\/channel\/UCXiCAlsSMe977vamW915HxA\"]},{\"@type\":\"Person\",\"@id\":\"https:\/\/www.institutodeengenharia.org.br\/site\/#\/schema\/person\/3b1ff109facef084739fc2edcb9a127f\",\"name\":\"TMax Tecnologia\",\"image\":{\"@type\":\"ImageObject\",\"inLanguage\":\"pt-BR\",\"@id\":\"https:\/\/secure.gravatar.com\/avatar\/f912434ef7f389c92cb311fcdae346af848465d638912574b3c669070f797701?s=96&d=mm&r=g\",\"url\":\"https:\/\/secure.gravatar.com\/avatar\/f912434ef7f389c92cb311fcdae346af848465d638912574b3c669070f797701?s=96&d=mm&r=g\",\"contentUrl\":\"https:\/\/secure.gravatar.com\/avatar\/f912434ef7f389c92cb311fcdae346af848465d638912574b3c669070f797701?s=96&d=mm&r=g\",\"caption\":\"TMax Tecnologia\"},\"url\":\"https:\/\/www.institutodeengenharia.org.br\/site\/author\/tmax\/\"}]}<\/script>\n<!-- \/ Yoast SEO plugin. -->","yoast_head_json":{"title":"MAU\u00c1 firma conv\u00eanio com Steinbeis University Berlin - Instituto de Engenharia","robots":{"index":"index","follow":"follow","max-snippet":"max-snippet:-1","max-image-preview":"max-image-preview:large","max-video-preview":"max-video-preview:-1"},"canonical":"https:\/\/www.institutodeengenharia.org.br\/site\/2008\/05\/19\/maua-firma-convenio-com-steinbeis-university-berlin\/","og_locale":"pt_BR","og_type":"article","og_title":"MAU\u00c1 firma conv\u00eanio com Steinbeis University Berlin - Instituto de Engenharia","og_description":"O Centro Universit\u00e1rio do Instituto Mau\u00e1 de Tecnologia firmou conv\u00eanio com a Steinbeis University, da Alemanha, para implanta\u00e7\u00e3o de um curso de p\u00f3s-gradua\u00e7\u00e3o em Administra\u00e7\u00e3o Empresarial com \u00eanfase em Estrat\u00e9gia de Crescimento, com car\u00e1ter internacional. O acordo possibilitar\u00e1 aos estudantes fazer parte do curso na Alemanha e obter dupla diploma\u00e7\u00e3o: Mestrado Profissional (P\u00f3s-Gradua\u00e7\u00e3o stricto sensu) [&hellip;]","og_url":"https:\/\/www.institutodeengenharia.org.br\/site\/2008\/05\/19\/maua-firma-convenio-com-steinbeis-university-berlin\/","og_site_name":"Instituto de Engenharia","article_publisher":"https:\/\/www.facebook.com\/institutodeengenharia","article_published_time":"2008-05-19T21:48:17+00:00","author":"TMax Tecnologia","twitter_card":"summary_large_image","twitter_creator":"@iengenharia","twitter_site":"@iengenharia","twitter_misc":{"Escrito por":"TMax Tecnologia","Est. tempo de leitura":"3 minutos"},"schema":{"@context":"https:\/\/schema.org","@graph":[{"@type":"Article","@id":"https:\/\/www.institutodeengenharia.org.br\/site\/2008\/05\/19\/maua-firma-convenio-com-steinbeis-university-berlin\/#article","isPartOf":{"@id":"https:\/\/www.institutodeengenharia.org.br\/site\/2008\/05\/19\/maua-firma-convenio-com-steinbeis-university-berlin\/"},"author":{"name":"TMax Tecnologia","@id":"https:\/\/www.institutodeengenharia.org.br\/site\/#\/schema\/person\/3b1ff109facef084739fc2edcb9a127f"},"headline":"MAU\u00c1 firma conv\u00eanio com Steinbeis University Berlin","datePublished":"2008-05-19T21:48:17+00:00","mainEntityOfPage":{"@id":"https:\/\/www.institutodeengenharia.org.br\/site\/2008\/05\/19\/maua-firma-convenio-com-steinbeis-university-berlin\/"},"wordCount":527,"commentCount":0,"publisher":{"@id":"https:\/\/www.institutodeengenharia.org.br\/site\/#organization"},"articleSection":["Not\u00edcias","Pesquisa e Desenvolvimento"],"inLanguage":"pt-BR","potentialAction":[{"@type":"CommentAction","name":"Comment","target":["https:\/\/www.institutodeengenharia.org.br\/site\/2008\/05\/19\/maua-firma-convenio-com-steinbeis-university-berlin\/#respond"]}]},{"@type":"WebPage","@id":"https:\/\/www.institutodeengenharia.org.br\/site\/2008\/05\/19\/maua-firma-convenio-com-steinbeis-university-berlin\/","url":"https:\/\/www.institutodeengenharia.org.br\/site\/2008\/05\/19\/maua-firma-convenio-com-steinbeis-university-berlin\/","name":"MAU\u00c1 firma conv\u00eanio com Steinbeis University Berlin - Instituto de Engenharia","isPartOf":{"@id":"https:\/\/www.institutodeengenharia.org.br\/site\/#website"},"datePublished":"2008-05-19T21:48:17+00:00","breadcrumb":{"@id":"https:\/\/www.institutodeengenharia.org.br\/site\/2008\/05\/19\/maua-firma-convenio-com-steinbeis-university-berlin\/#breadcrumb"},"inLanguage":"pt-BR","potentialAction":[{"@type":"ReadAction","target":["https:\/\/www.institutodeengenharia.org.br\/site\/2008\/05\/19\/maua-firma-convenio-com-steinbeis-university-berlin\/"]}]},{"@type":"BreadcrumbList","@id":"https:\/\/www.institutodeengenharia.org.br\/site\/2008\/05\/19\/maua-firma-convenio-com-steinbeis-university-berlin\/#breadcrumb","itemListElement":[{"@type":"ListItem","position":1,"name":"In\u00edcio","item":"https:\/\/www.institutodeengenharia.org.br\/site\/"},{"@type":"ListItem","position":2,"name":"MAU\u00c1 firma conv\u00eanio com Steinbeis University Berlin"}]},{"@type":"WebSite","@id":"https:\/\/www.institutodeengenharia.org.br\/site\/#website","url":"https:\/\/www.institutodeengenharia.org.br\/site\/","name":"Instituto de Engenharia","description":"O Instituto de Engenharia promove a Engenharia em benef\u00edcio do desenvolvimento e da qualidade de vida da sociedade.","publisher":{"@id":"https:\/\/www.institutodeengenharia.org.br\/site\/#organization"},"potentialAction":[{"@type":"SearchAction","target":{"@type":"EntryPoint","urlTemplate":"https:\/\/www.institutodeengenharia.org.br\/site\/?s={search_term_string}"},"query-input":{"@type":"PropertyValueSpecification","valueRequired":true,"valueName":"search_term_string"}}],"inLanguage":"pt-BR"},{"@type":"Organization","@id":"https:\/\/www.institutodeengenharia.org.br\/site\/#organization","name":"Instituto de Engenharia","url":"https:\/\/www.institutodeengenharia.org.br\/site\/","logo":{"@type":"ImageObject","inLanguage":"pt-BR","@id":"https:\/\/www.institutodeengenharia.org.br\/site\/#\/schema\/logo\/image\/","url":"https:\/\/www.institutodeengenharia.org.br\/site\/wp-content\/uploads\/2019\/03\/logo-novo-IE2018-1.jpg","contentUrl":"https:\/\/www.institutodeengenharia.org.br\/site\/wp-content\/uploads\/2019\/03\/logo-novo-IE2018-1.jpg","width":1486,"height":1879,"caption":"Instituto de Engenharia"},"image":{"@id":"https:\/\/www.institutodeengenharia.org.br\/site\/#\/schema\/logo\/image\/"},"sameAs":["https:\/\/www.facebook.com\/institutodeengenharia","https:\/\/x.com\/iengenharia","https:\/\/www.instagram.com\/institutodeengenharia\/","https:\/\/www.linkedin.com\/company\/instituto-de-engenharia\/","https:\/\/www.youtube.com\/channel\/UCXiCAlsSMe977vamW915HxA"]},{"@type":"Person","@id":"https:\/\/www.institutodeengenharia.org.br\/site\/#\/schema\/person\/3b1ff109facef084739fc2edcb9a127f","name":"TMax Tecnologia","image":{"@type":"ImageObject","inLanguage":"pt-BR","@id":"https:\/\/secure.gravatar.com\/avatar\/f912434ef7f389c92cb311fcdae346af848465d638912574b3c669070f797701?s=96&d=mm&r=g","url":"https:\/\/secure.gravatar.com\/avatar\/f912434ef7f389c92cb311fcdae346af848465d638912574b3c669070f797701?s=96&d=mm&r=g","contentUrl":"https:\/\/secure.gravatar.com\/avatar\/f912434ef7f389c92cb311fcdae346af848465d638912574b3c669070f797701?s=96&d=mm&r=g","caption":"TMax Tecnologia"},"url":"https:\/\/www.institutodeengenharia.org.br\/site\/author\/tmax\/"}]}},"_links":{"self":[{"href":"https:\/\/www.institutodeengenharia.org.br\/site\/wp-json\/wp\/v2\/posts\/14624","targetHints":{"allow":["GET"]}}],"collection":[{"href":"https:\/\/www.institutodeengenharia.org.br\/site\/wp-json\/wp\/v2\/posts"}],"about":[{"href":"https:\/\/www.institutodeengenharia.org.br\/site\/wp-json\/wp\/v2\/types\/post"}],"author":[{"embeddable":true,"href":"https:\/\/www.institutodeengenharia.org.br\/site\/wp-json\/wp\/v2\/users\/1"}],"replies":[{"embeddable":true,"href":"https:\/\/www.institutodeengenharia.org.br\/site\/wp-json\/wp\/v2\/comments?post=14624"}],"version-history":[{"count":0,"href":"https:\/\/www.institutodeengenharia.org.br\/site\/wp-json\/wp\/v2\/posts\/14624\/revisions"}],"wp:attachment":[{"href":"https:\/\/www.institutodeengenharia.org.br\/site\/wp-json\/wp\/v2\/media?parent=14624"}],"wp:term":[{"taxonomy":"category","embeddable":true,"href":"https:\/\/www.institutodeengenharia.org.br\/site\/wp-json\/wp\/v2\/categories?post=14624"},{"taxonomy":"post_tag","embeddable":true,"href":"https:\/\/www.institutodeengenharia.org.br\/site\/wp-json\/wp\/v2\/tags?post=14624"}],"curies":[{"name":"wp","href":"https:\/\/api.w.org\/{rel}","templated":true}]}}