{"id":14620,"date":"2008-04-23T21:48:13","date_gmt":"2008-04-23T21:48:13","guid":{"rendered":"https:\/\/www.institutodeengenharia.org.br\/?p=14620"},"modified":"2008-04-24T09:21:34","modified_gmt":"2008-04-24T09:21:34","slug":"obras-de-duplicacao-do-porto-de-santos-devem-comecar-em-2009-diz-ministro","status":"publish","type":"post","link":"https:\/\/www.institutodeengenharia.org.br\/site\/2008\/04\/23\/obras-de-duplicacao-do-porto-de-santos-devem-comecar-em-2009-diz-ministro\/","title":{"rendered":"Obras de duplica\u00e7\u00e3o do Porto de Santos devem come\u00e7ar em 2009, diz ministro"},"content":{"rendered":"<p>As obras do complexo portu\u00e1rio Barnab\u00e9-Bagres, no Porto de Santos, devem come\u00e7ar no segundo semestre de 2009, informou o ministro-chefe da Secretaria Especial de Portos, Pedro Brito. De acordo com ele, a licita\u00e7\u00e3o para definir a empresa respons\u00e1vel pelo projeto deve ser feita no in\u00edcio do ano que vem.\u00a0<\/p>\n<p>O termo de autoriza\u00e7\u00e3o para que a empresa Santos Brasil fa\u00e7a os estudos de viabilidade do complexo foi assinado ontem (17) pela Companhia Docas de S\u00e3o Paulo (Codesp). Segundo o ministro, o projeto vai ampliar em 120 milh\u00f5es de toneladas a capacidade do Porto de Santos, que hoje \u00e9 de 110 milh\u00f5es de toneladas.\u00a0<\/p>\n<p>Com a conclus\u00e3o do projeto, a \u00e1rea total do porto ser\u00e1 de 6 milh\u00f5es de metros quadrados, o que vai permitir um cais com 11 quil\u00f4metros de extens\u00e3o e a constru\u00e7\u00e3o de 45 novos ber\u00e7os de atraca\u00e7\u00e3o para navios. \u201cIsso dar\u00e1 uma nova realidade portu\u00e1ria para o pa\u00eds, n\u00e3o s\u00f3 para Santos. O porto de Santos vai se consolidar como o grande porto concentrador da Am\u00e9rica Latina\u201d, avaliou Brito.\u00a0<\/p>\n<p>O custo total da obra ser\u00e1 de R$ 9 bilh\u00f5es, e os recursos sair\u00e3o integralmente da iniciativa privada. Segundo ministro, o projeto j\u00e1 est\u00e1 despertando interesse das empresas por causa da demanda crescente que existe por esse servi\u00e7o no Brasil, especialmente na \u00e1rea do petr\u00f3leo.\u00a0<\/p>\n<p>\u201cSer\u00e1 um complexo moderno para atender todas as demandas que o pa\u00eds est\u00e1 tendo no momento\u201d, disse Brito, lembrando que a Bacia de Santos est\u00e1 se destacando em n\u00edvel mundial. \u201cO Porto de Santos tem que ter esse escopo na parte de gran\u00e9is l\u00edquidos para atender essa expans\u00e3o na \u00e1rea petrol\u00edfera brasileira\u201d, assinalou.\u00a0<\/p>\n<p>A contrapartida do governo ser\u00e1 na \u00e1rea de infra-estrutura portu\u00e1ria. De acordo com Brito, j\u00e1 est\u00e1 sendo feita a dragagem do canal de acesso ao porto, aprofundando de 12,5 metros para 15 metros e alargando dos atuais 170 metros para 220 metros. \u201cEssas provid\u00eancias dar\u00e3o condi\u00e7\u00f5es t\u00e9cnicas para que o projeto possa ser encaminhado\u201d, explicou.\u00a0<\/p>\n<p>Para o ministro, a obra representa um \u201cgrande trunfo para o com\u00e9rcio exterior brasileiro\u201d. \u201cTemos que aparelhar o sistema portu\u00e1rio brasileiro para suportar o crescimento do nosso fluxo de com\u00e9rcio internacional, que tende a crescer muito ainda\u201d, disse, acrescentando que 95% das exporta\u00e7\u00f5es do pa\u00eds passam pelos portos.\u00a0<\/p>\n<p>Segundo a Secretaria Especial de Portos, a autoriza\u00e7\u00e3o dada \u00e0 empresa Santos Brasil n\u00e3o tem car\u00e1ter de exclusividade e qualquer outra que tenha condi\u00e7\u00f5es t\u00e9cnicas e financeiras pode pedir a mesma autoriza\u00e7\u00e3o.\u00a0<\/p>\n<p>Em nota, a Santos Brasil diz que pediu autoriza\u00e7\u00e3o para realizar os estudos de viabilidade do projeto levando em conta o crescimento do com\u00e9rcio exterior brasileiro nos \u00faltimos anos e a previs\u00e3o de que esse crescimento se mantenha em n\u00edveis elevados, al\u00e9m do conhecimento t\u00e9cnico e de gest\u00e3o da empresa. Diz ainda que vai custear os estudos e ser\u00e1 ressarcida quando eles foram aproveitados pela empresa vencedora do leil\u00e3o. <\/p>\n<p><b>Autor: Fator Brasil<\/b><\/p>\n","protected":false},"excerpt":{"rendered":"<p>As obras do complexo portu\u00e1rio Barnab\u00e9-Bagres, no Porto de Santos, devem come\u00e7ar no segundo semestre de 2009, informou o ministro-chefe da Secretaria Especial de Portos, Pedro Brito. De acordo com ele, a licita\u00e7\u00e3o para definir a empresa respons\u00e1vel pelo projeto deve ser feita no in\u00edcio do ano que vem.\u00a0 O termo de autoriza\u00e7\u00e3o para que [&hellip;]<\/p>\n","protected":false},"author":1,"featured_media":0,"comment_status":"open","ping_status":"open","sticky":false,"template":"","format":"standard","meta":{"footnotes":""},"categories":[6,41],"tags":[],"class_list":{"0":"post-14620","1":"post","2":"type-post","3":"status-publish","4":"format-standard","6":"category-noticias","7":"category-transportes"},"yoast_head":"<!-- This site is optimized with the Yoast SEO plugin v27.2 - https:\/\/yoast.com\/product\/yoast-seo-wordpress\/ -->\n<title>Obras de duplica\u00e7\u00e3o do Porto de Santos devem come\u00e7ar em 2009, diz ministro - Instituto de Engenharia<\/title>\n<meta name=\"robots\" content=\"index, follow, max-snippet:-1, max-image-preview:large, max-video-preview:-1\" \/>\n<link rel=\"canonical\" href=\"https:\/\/www.institutodeengenharia.org.br\/site\/2008\/04\/23\/obras-de-duplicacao-do-porto-de-santos-devem-comecar-em-2009-diz-ministro\/\" \/>\n<meta property=\"og:locale\" content=\"pt_BR\" \/>\n<meta property=\"og:type\" content=\"article\" \/>\n<meta property=\"og:title\" content=\"Obras de duplica\u00e7\u00e3o do Porto de Santos devem come\u00e7ar em 2009, diz ministro - Instituto de Engenharia\" \/>\n<meta property=\"og:description\" content=\"As obras do complexo portu\u00e1rio Barnab\u00e9-Bagres, no Porto de Santos, devem come\u00e7ar no segundo semestre de 2009, informou o ministro-chefe da Secretaria Especial de Portos, Pedro Brito. De acordo com ele, a licita\u00e7\u00e3o para definir a empresa respons\u00e1vel pelo projeto deve ser feita no in\u00edcio do ano que vem.\u00a0 O termo de autoriza\u00e7\u00e3o para que [&hellip;]\" \/>\n<meta property=\"og:url\" content=\"https:\/\/www.institutodeengenharia.org.br\/site\/2008\/04\/23\/obras-de-duplicacao-do-porto-de-santos-devem-comecar-em-2009-diz-ministro\/\" \/>\n<meta property=\"og:site_name\" content=\"Instituto de Engenharia\" \/>\n<meta property=\"article:publisher\" content=\"https:\/\/www.facebook.com\/institutodeengenharia\" \/>\n<meta property=\"article:published_time\" content=\"2008-04-23T21:48:13+00:00\" \/>\n<meta property=\"article:modified_time\" content=\"2008-04-24T09:21:34+00:00\" \/>\n<meta name=\"author\" content=\"TMax Tecnologia\" \/>\n<meta name=\"twitter:card\" content=\"summary_large_image\" \/>\n<meta name=\"twitter:creator\" content=\"@iengenharia\" \/>\n<meta name=\"twitter:site\" content=\"@iengenharia\" \/>\n<meta name=\"twitter:label1\" content=\"Escrito por\" \/>\n\t<meta name=\"twitter:data1\" content=\"TMax Tecnologia\" \/>\n\t<meta name=\"twitter:label2\" content=\"Est. tempo de leitura\" \/>\n\t<meta name=\"twitter:data2\" content=\"3 minutos\" \/>\n<script type=\"application\/ld+json\" class=\"yoast-schema-graph\">{\"@context\":\"https:\/\/schema.org\",\"@graph\":[{\"@type\":\"Article\",\"@id\":\"https:\/\/www.institutodeengenharia.org.br\/site\/2008\/04\/23\/obras-de-duplicacao-do-porto-de-santos-devem-comecar-em-2009-diz-ministro\/#article\",\"isPartOf\":{\"@id\":\"https:\/\/www.institutodeengenharia.org.br\/site\/2008\/04\/23\/obras-de-duplicacao-do-porto-de-santos-devem-comecar-em-2009-diz-ministro\/\"},\"author\":{\"name\":\"TMax Tecnologia\",\"@id\":\"https:\/\/www.institutodeengenharia.org.br\/site\/#\/schema\/person\/3b1ff109facef084739fc2edcb9a127f\"},\"headline\":\"Obras de duplica\u00e7\u00e3o do Porto de Santos devem come\u00e7ar em 2009, diz ministro\",\"datePublished\":\"2008-04-23T21:48:13+00:00\",\"dateModified\":\"2008-04-24T09:21:34+00:00\",\"mainEntityOfPage\":{\"@id\":\"https:\/\/www.institutodeengenharia.org.br\/site\/2008\/04\/23\/obras-de-duplicacao-do-porto-de-santos-devem-comecar-em-2009-diz-ministro\/\"},\"wordCount\":532,\"commentCount\":0,\"publisher\":{\"@id\":\"https:\/\/www.institutodeengenharia.org.br\/site\/#organization\"},\"articleSection\":[\"Not\u00edcias\",\"Transportes\"],\"inLanguage\":\"pt-BR\",\"potentialAction\":[{\"@type\":\"CommentAction\",\"name\":\"Comment\",\"target\":[\"https:\/\/www.institutodeengenharia.org.br\/site\/2008\/04\/23\/obras-de-duplicacao-do-porto-de-santos-devem-comecar-em-2009-diz-ministro\/#respond\"]}]},{\"@type\":\"WebPage\",\"@id\":\"https:\/\/www.institutodeengenharia.org.br\/site\/2008\/04\/23\/obras-de-duplicacao-do-porto-de-santos-devem-comecar-em-2009-diz-ministro\/\",\"url\":\"https:\/\/www.institutodeengenharia.org.br\/site\/2008\/04\/23\/obras-de-duplicacao-do-porto-de-santos-devem-comecar-em-2009-diz-ministro\/\",\"name\":\"Obras de duplica\u00e7\u00e3o do Porto de Santos devem come\u00e7ar em 2009, diz ministro - Instituto de Engenharia\",\"isPartOf\":{\"@id\":\"https:\/\/www.institutodeengenharia.org.br\/site\/#website\"},\"datePublished\":\"2008-04-23T21:48:13+00:00\",\"dateModified\":\"2008-04-24T09:21:34+00:00\",\"breadcrumb\":{\"@id\":\"https:\/\/www.institutodeengenharia.org.br\/site\/2008\/04\/23\/obras-de-duplicacao-do-porto-de-santos-devem-comecar-em-2009-diz-ministro\/#breadcrumb\"},\"inLanguage\":\"pt-BR\",\"potentialAction\":[{\"@type\":\"ReadAction\",\"target\":[\"https:\/\/www.institutodeengenharia.org.br\/site\/2008\/04\/23\/obras-de-duplicacao-do-porto-de-santos-devem-comecar-em-2009-diz-ministro\/\"]}]},{\"@type\":\"BreadcrumbList\",\"@id\":\"https:\/\/www.institutodeengenharia.org.br\/site\/2008\/04\/23\/obras-de-duplicacao-do-porto-de-santos-devem-comecar-em-2009-diz-ministro\/#breadcrumb\",\"itemListElement\":[{\"@type\":\"ListItem\",\"position\":1,\"name\":\"In\u00edcio\",\"item\":\"https:\/\/www.institutodeengenharia.org.br\/site\/\"},{\"@type\":\"ListItem\",\"position\":2,\"name\":\"Obras de duplica\u00e7\u00e3o do Porto de Santos devem come\u00e7ar em 2009, diz ministro\"}]},{\"@type\":\"WebSite\",\"@id\":\"https:\/\/www.institutodeengenharia.org.br\/site\/#website\",\"url\":\"https:\/\/www.institutodeengenharia.org.br\/site\/\",\"name\":\"Instituto de Engenharia\",\"description\":\"O Instituto de Engenharia promove a Engenharia em benef\u00edcio do desenvolvimento e da qualidade de vida da sociedade.\",\"publisher\":{\"@id\":\"https:\/\/www.institutodeengenharia.org.br\/site\/#organization\"},\"potentialAction\":[{\"@type\":\"SearchAction\",\"target\":{\"@type\":\"EntryPoint\",\"urlTemplate\":\"https:\/\/www.institutodeengenharia.org.br\/site\/?s={search_term_string}\"},\"query-input\":{\"@type\":\"PropertyValueSpecification\",\"valueRequired\":true,\"valueName\":\"search_term_string\"}}],\"inLanguage\":\"pt-BR\"},{\"@type\":\"Organization\",\"@id\":\"https:\/\/www.institutodeengenharia.org.br\/site\/#organization\",\"name\":\"Instituto de Engenharia\",\"url\":\"https:\/\/www.institutodeengenharia.org.br\/site\/\",\"logo\":{\"@type\":\"ImageObject\",\"inLanguage\":\"pt-BR\",\"@id\":\"https:\/\/www.institutodeengenharia.org.br\/site\/#\/schema\/logo\/image\/\",\"url\":\"https:\/\/www.institutodeengenharia.org.br\/site\/wp-content\/uploads\/2019\/03\/logo-novo-IE2018-1.jpg\",\"contentUrl\":\"https:\/\/www.institutodeengenharia.org.br\/site\/wp-content\/uploads\/2019\/03\/logo-novo-IE2018-1.jpg\",\"width\":1486,\"height\":1879,\"caption\":\"Instituto de Engenharia\"},\"image\":{\"@id\":\"https:\/\/www.institutodeengenharia.org.br\/site\/#\/schema\/logo\/image\/\"},\"sameAs\":[\"https:\/\/www.facebook.com\/institutodeengenharia\",\"https:\/\/x.com\/iengenharia\",\"https:\/\/www.instagram.com\/institutodeengenharia\/\",\"https:\/\/www.linkedin.com\/company\/instituto-de-engenharia\/\",\"https:\/\/www.youtube.com\/channel\/UCXiCAlsSMe977vamW915HxA\"]},{\"@type\":\"Person\",\"@id\":\"https:\/\/www.institutodeengenharia.org.br\/site\/#\/schema\/person\/3b1ff109facef084739fc2edcb9a127f\",\"name\":\"TMax Tecnologia\",\"image\":{\"@type\":\"ImageObject\",\"inLanguage\":\"pt-BR\",\"@id\":\"https:\/\/secure.gravatar.com\/avatar\/f912434ef7f389c92cb311fcdae346af848465d638912574b3c669070f797701?s=96&d=mm&r=g\",\"url\":\"https:\/\/secure.gravatar.com\/avatar\/f912434ef7f389c92cb311fcdae346af848465d638912574b3c669070f797701?s=96&d=mm&r=g\",\"contentUrl\":\"https:\/\/secure.gravatar.com\/avatar\/f912434ef7f389c92cb311fcdae346af848465d638912574b3c669070f797701?s=96&d=mm&r=g\",\"caption\":\"TMax Tecnologia\"},\"url\":\"https:\/\/www.institutodeengenharia.org.br\/site\/author\/tmax\/\"}]}<\/script>\n<!-- \/ Yoast SEO plugin. -->","yoast_head_json":{"title":"Obras de duplica\u00e7\u00e3o do Porto de Santos devem come\u00e7ar em 2009, diz ministro - Instituto de Engenharia","robots":{"index":"index","follow":"follow","max-snippet":"max-snippet:-1","max-image-preview":"max-image-preview:large","max-video-preview":"max-video-preview:-1"},"canonical":"https:\/\/www.institutodeengenharia.org.br\/site\/2008\/04\/23\/obras-de-duplicacao-do-porto-de-santos-devem-comecar-em-2009-diz-ministro\/","og_locale":"pt_BR","og_type":"article","og_title":"Obras de duplica\u00e7\u00e3o do Porto de Santos devem come\u00e7ar em 2009, diz ministro - Instituto de Engenharia","og_description":"As obras do complexo portu\u00e1rio Barnab\u00e9-Bagres, no Porto de Santos, devem come\u00e7ar no segundo semestre de 2009, informou o ministro-chefe da Secretaria Especial de Portos, Pedro Brito. De acordo com ele, a licita\u00e7\u00e3o para definir a empresa respons\u00e1vel pelo projeto deve ser feita no in\u00edcio do ano que vem.\u00a0 O termo de autoriza\u00e7\u00e3o para que [&hellip;]","og_url":"https:\/\/www.institutodeengenharia.org.br\/site\/2008\/04\/23\/obras-de-duplicacao-do-porto-de-santos-devem-comecar-em-2009-diz-ministro\/","og_site_name":"Instituto de Engenharia","article_publisher":"https:\/\/www.facebook.com\/institutodeengenharia","article_published_time":"2008-04-23T21:48:13+00:00","article_modified_time":"2008-04-24T09:21:34+00:00","author":"TMax Tecnologia","twitter_card":"summary_large_image","twitter_creator":"@iengenharia","twitter_site":"@iengenharia","twitter_misc":{"Escrito por":"TMax Tecnologia","Est. tempo de leitura":"3 minutos"},"schema":{"@context":"https:\/\/schema.org","@graph":[{"@type":"Article","@id":"https:\/\/www.institutodeengenharia.org.br\/site\/2008\/04\/23\/obras-de-duplicacao-do-porto-de-santos-devem-comecar-em-2009-diz-ministro\/#article","isPartOf":{"@id":"https:\/\/www.institutodeengenharia.org.br\/site\/2008\/04\/23\/obras-de-duplicacao-do-porto-de-santos-devem-comecar-em-2009-diz-ministro\/"},"author":{"name":"TMax Tecnologia","@id":"https:\/\/www.institutodeengenharia.org.br\/site\/#\/schema\/person\/3b1ff109facef084739fc2edcb9a127f"},"headline":"Obras de duplica\u00e7\u00e3o do Porto de Santos devem come\u00e7ar em 2009, diz ministro","datePublished":"2008-04-23T21:48:13+00:00","dateModified":"2008-04-24T09:21:34+00:00","mainEntityOfPage":{"@id":"https:\/\/www.institutodeengenharia.org.br\/site\/2008\/04\/23\/obras-de-duplicacao-do-porto-de-santos-devem-comecar-em-2009-diz-ministro\/"},"wordCount":532,"commentCount":0,"publisher":{"@id":"https:\/\/www.institutodeengenharia.org.br\/site\/#organization"},"articleSection":["Not\u00edcias","Transportes"],"inLanguage":"pt-BR","potentialAction":[{"@type":"CommentAction","name":"Comment","target":["https:\/\/www.institutodeengenharia.org.br\/site\/2008\/04\/23\/obras-de-duplicacao-do-porto-de-santos-devem-comecar-em-2009-diz-ministro\/#respond"]}]},{"@type":"WebPage","@id":"https:\/\/www.institutodeengenharia.org.br\/site\/2008\/04\/23\/obras-de-duplicacao-do-porto-de-santos-devem-comecar-em-2009-diz-ministro\/","url":"https:\/\/www.institutodeengenharia.org.br\/site\/2008\/04\/23\/obras-de-duplicacao-do-porto-de-santos-devem-comecar-em-2009-diz-ministro\/","name":"Obras de duplica\u00e7\u00e3o do Porto de Santos devem come\u00e7ar em 2009, diz ministro - Instituto de Engenharia","isPartOf":{"@id":"https:\/\/www.institutodeengenharia.org.br\/site\/#website"},"datePublished":"2008-04-23T21:48:13+00:00","dateModified":"2008-04-24T09:21:34+00:00","breadcrumb":{"@id":"https:\/\/www.institutodeengenharia.org.br\/site\/2008\/04\/23\/obras-de-duplicacao-do-porto-de-santos-devem-comecar-em-2009-diz-ministro\/#breadcrumb"},"inLanguage":"pt-BR","potentialAction":[{"@type":"ReadAction","target":["https:\/\/www.institutodeengenharia.org.br\/site\/2008\/04\/23\/obras-de-duplicacao-do-porto-de-santos-devem-comecar-em-2009-diz-ministro\/"]}]},{"@type":"BreadcrumbList","@id":"https:\/\/www.institutodeengenharia.org.br\/site\/2008\/04\/23\/obras-de-duplicacao-do-porto-de-santos-devem-comecar-em-2009-diz-ministro\/#breadcrumb","itemListElement":[{"@type":"ListItem","position":1,"name":"In\u00edcio","item":"https:\/\/www.institutodeengenharia.org.br\/site\/"},{"@type":"ListItem","position":2,"name":"Obras de duplica\u00e7\u00e3o do Porto de Santos devem come\u00e7ar em 2009, diz ministro"}]},{"@type":"WebSite","@id":"https:\/\/www.institutodeengenharia.org.br\/site\/#website","url":"https:\/\/www.institutodeengenharia.org.br\/site\/","name":"Instituto de Engenharia","description":"O Instituto de Engenharia promove a Engenharia em benef\u00edcio do desenvolvimento e da qualidade de vida da sociedade.","publisher":{"@id":"https:\/\/www.institutodeengenharia.org.br\/site\/#organization"},"potentialAction":[{"@type":"SearchAction","target":{"@type":"EntryPoint","urlTemplate":"https:\/\/www.institutodeengenharia.org.br\/site\/?s={search_term_string}"},"query-input":{"@type":"PropertyValueSpecification","valueRequired":true,"valueName":"search_term_string"}}],"inLanguage":"pt-BR"},{"@type":"Organization","@id":"https:\/\/www.institutodeengenharia.org.br\/site\/#organization","name":"Instituto de Engenharia","url":"https:\/\/www.institutodeengenharia.org.br\/site\/","logo":{"@type":"ImageObject","inLanguage":"pt-BR","@id":"https:\/\/www.institutodeengenharia.org.br\/site\/#\/schema\/logo\/image\/","url":"https:\/\/www.institutodeengenharia.org.br\/site\/wp-content\/uploads\/2019\/03\/logo-novo-IE2018-1.jpg","contentUrl":"https:\/\/www.institutodeengenharia.org.br\/site\/wp-content\/uploads\/2019\/03\/logo-novo-IE2018-1.jpg","width":1486,"height":1879,"caption":"Instituto de Engenharia"},"image":{"@id":"https:\/\/www.institutodeengenharia.org.br\/site\/#\/schema\/logo\/image\/"},"sameAs":["https:\/\/www.facebook.com\/institutodeengenharia","https:\/\/x.com\/iengenharia","https:\/\/www.instagram.com\/institutodeengenharia\/","https:\/\/www.linkedin.com\/company\/instituto-de-engenharia\/","https:\/\/www.youtube.com\/channel\/UCXiCAlsSMe977vamW915HxA"]},{"@type":"Person","@id":"https:\/\/www.institutodeengenharia.org.br\/site\/#\/schema\/person\/3b1ff109facef084739fc2edcb9a127f","name":"TMax Tecnologia","image":{"@type":"ImageObject","inLanguage":"pt-BR","@id":"https:\/\/secure.gravatar.com\/avatar\/f912434ef7f389c92cb311fcdae346af848465d638912574b3c669070f797701?s=96&d=mm&r=g","url":"https:\/\/secure.gravatar.com\/avatar\/f912434ef7f389c92cb311fcdae346af848465d638912574b3c669070f797701?s=96&d=mm&r=g","contentUrl":"https:\/\/secure.gravatar.com\/avatar\/f912434ef7f389c92cb311fcdae346af848465d638912574b3c669070f797701?s=96&d=mm&r=g","caption":"TMax Tecnologia"},"url":"https:\/\/www.institutodeengenharia.org.br\/site\/author\/tmax\/"}]}},"_links":{"self":[{"href":"https:\/\/www.institutodeengenharia.org.br\/site\/wp-json\/wp\/v2\/posts\/14620","targetHints":{"allow":["GET"]}}],"collection":[{"href":"https:\/\/www.institutodeengenharia.org.br\/site\/wp-json\/wp\/v2\/posts"}],"about":[{"href":"https:\/\/www.institutodeengenharia.org.br\/site\/wp-json\/wp\/v2\/types\/post"}],"author":[{"embeddable":true,"href":"https:\/\/www.institutodeengenharia.org.br\/site\/wp-json\/wp\/v2\/users\/1"}],"replies":[{"embeddable":true,"href":"https:\/\/www.institutodeengenharia.org.br\/site\/wp-json\/wp\/v2\/comments?post=14620"}],"version-history":[{"count":0,"href":"https:\/\/www.institutodeengenharia.org.br\/site\/wp-json\/wp\/v2\/posts\/14620\/revisions"}],"wp:attachment":[{"href":"https:\/\/www.institutodeengenharia.org.br\/site\/wp-json\/wp\/v2\/media?parent=14620"}],"wp:term":[{"taxonomy":"category","embeddable":true,"href":"https:\/\/www.institutodeengenharia.org.br\/site\/wp-json\/wp\/v2\/categories?post=14620"},{"taxonomy":"post_tag","embeddable":true,"href":"https:\/\/www.institutodeengenharia.org.br\/site\/wp-json\/wp\/v2\/tags?post=14620"}],"curies":[{"name":"wp","href":"https:\/\/api.w.org\/{rel}","templated":true}]}}