{"id":14617,"date":"2008-04-23T21:48:10","date_gmt":"2008-04-23T21:48:10","guid":{"rendered":"https:\/\/www.institutodeengenharia.org.br\/?p=14617"},"modified":"2008-04-24T09:17:51","modified_gmt":"2008-04-24T09:17:51","slug":"aneel-aprova-edital-do-leilao-de-energia-que-tem-biomassa-como-fonte","status":"publish","type":"post","link":"https:\/\/www.institutodeengenharia.org.br\/site\/2008\/04\/23\/aneel-aprova-edital-do-leilao-de-energia-que-tem-biomassa-como-fonte\/","title":{"rendered":"Aneel aprova edital do leil\u00e3o de energia que tem biomassa como fonte"},"content":{"rendered":"<p>O edital de licita\u00e7\u00e3o para a contrata\u00e7\u00e3o de energia de empreendimentos que usam a biomassa como fonte foi aprovado na ter\u00e7a-feira (22) pela diretoria da Ag\u00eancia Nacional de Energia El\u00e9trica (Aneel). <\/p>\n<p>O leil\u00e3o, segundo nota divulgada pela ag\u00eancia reguladora, est\u00e1 previsto para os dias 20 e 21 de maio e negociar\u00e1 via internet contratos de compra dessa chamada energia de reserva com prazo de 15 anos e in\u00edcio de suprimento em 2009 e 2010. <\/p>\n<p>Depois de receber 82 contribui\u00e7\u00f5es durante o processo de audi\u00eancia p\u00fablica, entre os dias 5 e 20 de mar\u00e7o, a minuta do edital e as normas t\u00e9cnicas aprovadas poder\u00e3o ser consultados a partir de quarta-feira (23) no endere\u00e7o eletr\u00f4nico www.aneel.gov.br. <\/p>\n<p>Ser\u00e1 oferecida, ao pre\u00e7o-teto de R$ 56 o megawatt-hora, a energia produzida em termel\u00e9tricas movidas a baga\u00e7o de cana j\u00e1 habilitadas pela Empresa de Pesquisa Energ\u00e9tica (EPE), que tem 118 dessas centrais geradoras inscritas, acrescenta a nota. <\/p>\n<p><b>Autor: Ag\u00eancia Brasil<\/b><\/p>\n","protected":false},"excerpt":{"rendered":"<p>O edital de licita\u00e7\u00e3o para a contrata\u00e7\u00e3o de energia de empreendimentos que usam a biomassa como fonte foi aprovado na ter\u00e7a-feira (22) pela diretoria da Ag\u00eancia Nacional de Energia El\u00e9trica (Aneel). O leil\u00e3o, segundo nota divulgada pela ag\u00eancia reguladora, est\u00e1 previsto para os dias 20 e 21 de maio e negociar\u00e1 via internet contratos de [&hellip;]<\/p>\n","protected":false},"author":1,"featured_media":0,"comment_status":"open","ping_status":"open","sticky":false,"template":"","format":"standard","meta":{"footnotes":""},"categories":[24,6],"tags":[],"class_list":{"0":"post-14617","1":"post","2":"type-post","3":"status-publish","4":"format-standard","6":"category-energia","7":"category-noticias"},"yoast_head":"<!-- This site is optimized with the Yoast SEO plugin v27.2 - https:\/\/yoast.com\/product\/yoast-seo-wordpress\/ -->\n<title>Aneel aprova edital do leil\u00e3o de energia que tem biomassa como fonte - Instituto de Engenharia<\/title>\n<meta name=\"robots\" content=\"index, follow, max-snippet:-1, max-image-preview:large, max-video-preview:-1\" \/>\n<link rel=\"canonical\" href=\"https:\/\/www.institutodeengenharia.org.br\/site\/2008\/04\/23\/aneel-aprova-edital-do-leilao-de-energia-que-tem-biomassa-como-fonte\/\" \/>\n<meta property=\"og:locale\" content=\"pt_BR\" \/>\n<meta property=\"og:type\" content=\"article\" \/>\n<meta property=\"og:title\" content=\"Aneel aprova edital do leil\u00e3o de energia que tem biomassa como fonte - Instituto de Engenharia\" \/>\n<meta property=\"og:description\" content=\"O edital de licita\u00e7\u00e3o para a contrata\u00e7\u00e3o de energia de empreendimentos que usam a biomassa como fonte foi aprovado na ter\u00e7a-feira (22) pela diretoria da Ag\u00eancia Nacional de Energia El\u00e9trica (Aneel). O leil\u00e3o, segundo nota divulgada pela ag\u00eancia reguladora, est\u00e1 previsto para os dias 20 e 21 de maio e negociar\u00e1 via internet contratos de [&hellip;]\" \/>\n<meta property=\"og:url\" content=\"https:\/\/www.institutodeengenharia.org.br\/site\/2008\/04\/23\/aneel-aprova-edital-do-leilao-de-energia-que-tem-biomassa-como-fonte\/\" \/>\n<meta property=\"og:site_name\" content=\"Instituto de Engenharia\" \/>\n<meta property=\"article:publisher\" content=\"https:\/\/www.facebook.com\/institutodeengenharia\" \/>\n<meta property=\"article:published_time\" content=\"2008-04-23T21:48:10+00:00\" \/>\n<meta property=\"article:modified_time\" content=\"2008-04-24T09:17:51+00:00\" \/>\n<meta name=\"author\" content=\"TMax Tecnologia\" \/>\n<meta name=\"twitter:card\" content=\"summary_large_image\" \/>\n<meta name=\"twitter:creator\" content=\"@iengenharia\" \/>\n<meta name=\"twitter:site\" content=\"@iengenharia\" \/>\n<meta name=\"twitter:label1\" content=\"Escrito por\" \/>\n\t<meta name=\"twitter:data1\" content=\"TMax Tecnologia\" \/>\n\t<meta name=\"twitter:label2\" content=\"Est. tempo de leitura\" \/>\n\t<meta name=\"twitter:data2\" content=\"1 minuto\" \/>\n<script type=\"application\/ld+json\" class=\"yoast-schema-graph\">{\"@context\":\"https:\/\/schema.org\",\"@graph\":[{\"@type\":\"Article\",\"@id\":\"https:\/\/www.institutodeengenharia.org.br\/site\/2008\/04\/23\/aneel-aprova-edital-do-leilao-de-energia-que-tem-biomassa-como-fonte\/#article\",\"isPartOf\":{\"@id\":\"https:\/\/www.institutodeengenharia.org.br\/site\/2008\/04\/23\/aneel-aprova-edital-do-leilao-de-energia-que-tem-biomassa-como-fonte\/\"},\"author\":{\"name\":\"TMax Tecnologia\",\"@id\":\"https:\/\/www.institutodeengenharia.org.br\/site\/#\/schema\/person\/3b1ff109facef084739fc2edcb9a127f\"},\"headline\":\"Aneel aprova edital do leil\u00e3o de energia que tem biomassa como fonte\",\"datePublished\":\"2008-04-23T21:48:10+00:00\",\"dateModified\":\"2008-04-24T09:17:51+00:00\",\"mainEntityOfPage\":{\"@id\":\"https:\/\/www.institutodeengenharia.org.br\/site\/2008\/04\/23\/aneel-aprova-edital-do-leilao-de-energia-que-tem-biomassa-como-fonte\/\"},\"wordCount\":179,\"commentCount\":0,\"publisher\":{\"@id\":\"https:\/\/www.institutodeengenharia.org.br\/site\/#organization\"},\"articleSection\":[\"Energia\",\"Not\u00edcias\"],\"inLanguage\":\"pt-BR\",\"potentialAction\":[{\"@type\":\"CommentAction\",\"name\":\"Comment\",\"target\":[\"https:\/\/www.institutodeengenharia.org.br\/site\/2008\/04\/23\/aneel-aprova-edital-do-leilao-de-energia-que-tem-biomassa-como-fonte\/#respond\"]}]},{\"@type\":\"WebPage\",\"@id\":\"https:\/\/www.institutodeengenharia.org.br\/site\/2008\/04\/23\/aneel-aprova-edital-do-leilao-de-energia-que-tem-biomassa-como-fonte\/\",\"url\":\"https:\/\/www.institutodeengenharia.org.br\/site\/2008\/04\/23\/aneel-aprova-edital-do-leilao-de-energia-que-tem-biomassa-como-fonte\/\",\"name\":\"Aneel aprova edital do leil\u00e3o de energia que tem biomassa como fonte - Instituto de Engenharia\",\"isPartOf\":{\"@id\":\"https:\/\/www.institutodeengenharia.org.br\/site\/#website\"},\"datePublished\":\"2008-04-23T21:48:10+00:00\",\"dateModified\":\"2008-04-24T09:17:51+00:00\",\"breadcrumb\":{\"@id\":\"https:\/\/www.institutodeengenharia.org.br\/site\/2008\/04\/23\/aneel-aprova-edital-do-leilao-de-energia-que-tem-biomassa-como-fonte\/#breadcrumb\"},\"inLanguage\":\"pt-BR\",\"potentialAction\":[{\"@type\":\"ReadAction\",\"target\":[\"https:\/\/www.institutodeengenharia.org.br\/site\/2008\/04\/23\/aneel-aprova-edital-do-leilao-de-energia-que-tem-biomassa-como-fonte\/\"]}]},{\"@type\":\"BreadcrumbList\",\"@id\":\"https:\/\/www.institutodeengenharia.org.br\/site\/2008\/04\/23\/aneel-aprova-edital-do-leilao-de-energia-que-tem-biomassa-como-fonte\/#breadcrumb\",\"itemListElement\":[{\"@type\":\"ListItem\",\"position\":1,\"name\":\"In\u00edcio\",\"item\":\"https:\/\/www.institutodeengenharia.org.br\/site\/\"},{\"@type\":\"ListItem\",\"position\":2,\"name\":\"Aneel aprova edital do leil\u00e3o de energia que tem biomassa como fonte\"}]},{\"@type\":\"WebSite\",\"@id\":\"https:\/\/www.institutodeengenharia.org.br\/site\/#website\",\"url\":\"https:\/\/www.institutodeengenharia.org.br\/site\/\",\"name\":\"Instituto de Engenharia\",\"description\":\"O Instituto de Engenharia promove a Engenharia em benef\u00edcio do desenvolvimento e da qualidade de vida da sociedade.\",\"publisher\":{\"@id\":\"https:\/\/www.institutodeengenharia.org.br\/site\/#organization\"},\"potentialAction\":[{\"@type\":\"SearchAction\",\"target\":{\"@type\":\"EntryPoint\",\"urlTemplate\":\"https:\/\/www.institutodeengenharia.org.br\/site\/?s={search_term_string}\"},\"query-input\":{\"@type\":\"PropertyValueSpecification\",\"valueRequired\":true,\"valueName\":\"search_term_string\"}}],\"inLanguage\":\"pt-BR\"},{\"@type\":\"Organization\",\"@id\":\"https:\/\/www.institutodeengenharia.org.br\/site\/#organization\",\"name\":\"Instituto de Engenharia\",\"url\":\"https:\/\/www.institutodeengenharia.org.br\/site\/\",\"logo\":{\"@type\":\"ImageObject\",\"inLanguage\":\"pt-BR\",\"@id\":\"https:\/\/www.institutodeengenharia.org.br\/site\/#\/schema\/logo\/image\/\",\"url\":\"https:\/\/www.institutodeengenharia.org.br\/site\/wp-content\/uploads\/2019\/03\/logo-novo-IE2018-1.jpg\",\"contentUrl\":\"https:\/\/www.institutodeengenharia.org.br\/site\/wp-content\/uploads\/2019\/03\/logo-novo-IE2018-1.jpg\",\"width\":1486,\"height\":1879,\"caption\":\"Instituto de Engenharia\"},\"image\":{\"@id\":\"https:\/\/www.institutodeengenharia.org.br\/site\/#\/schema\/logo\/image\/\"},\"sameAs\":[\"https:\/\/www.facebook.com\/institutodeengenharia\",\"https:\/\/x.com\/iengenharia\",\"https:\/\/www.instagram.com\/institutodeengenharia\/\",\"https:\/\/www.linkedin.com\/company\/instituto-de-engenharia\/\",\"https:\/\/www.youtube.com\/channel\/UCXiCAlsSMe977vamW915HxA\"]},{\"@type\":\"Person\",\"@id\":\"https:\/\/www.institutodeengenharia.org.br\/site\/#\/schema\/person\/3b1ff109facef084739fc2edcb9a127f\",\"name\":\"TMax Tecnologia\",\"image\":{\"@type\":\"ImageObject\",\"inLanguage\":\"pt-BR\",\"@id\":\"https:\/\/secure.gravatar.com\/avatar\/f912434ef7f389c92cb311fcdae346af848465d638912574b3c669070f797701?s=96&d=mm&r=g\",\"url\":\"https:\/\/secure.gravatar.com\/avatar\/f912434ef7f389c92cb311fcdae346af848465d638912574b3c669070f797701?s=96&d=mm&r=g\",\"contentUrl\":\"https:\/\/secure.gravatar.com\/avatar\/f912434ef7f389c92cb311fcdae346af848465d638912574b3c669070f797701?s=96&d=mm&r=g\",\"caption\":\"TMax Tecnologia\"},\"url\":\"https:\/\/www.institutodeengenharia.org.br\/site\/author\/tmax\/\"}]}<\/script>\n<!-- \/ Yoast SEO plugin. -->","yoast_head_json":{"title":"Aneel aprova edital do leil\u00e3o de energia que tem biomassa como fonte - Instituto de Engenharia","robots":{"index":"index","follow":"follow","max-snippet":"max-snippet:-1","max-image-preview":"max-image-preview:large","max-video-preview":"max-video-preview:-1"},"canonical":"https:\/\/www.institutodeengenharia.org.br\/site\/2008\/04\/23\/aneel-aprova-edital-do-leilao-de-energia-que-tem-biomassa-como-fonte\/","og_locale":"pt_BR","og_type":"article","og_title":"Aneel aprova edital do leil\u00e3o de energia que tem biomassa como fonte - Instituto de Engenharia","og_description":"O edital de licita\u00e7\u00e3o para a contrata\u00e7\u00e3o de energia de empreendimentos que usam a biomassa como fonte foi aprovado na ter\u00e7a-feira (22) pela diretoria da Ag\u00eancia Nacional de Energia El\u00e9trica (Aneel). O leil\u00e3o, segundo nota divulgada pela ag\u00eancia reguladora, est\u00e1 previsto para os dias 20 e 21 de maio e negociar\u00e1 via internet contratos de [&hellip;]","og_url":"https:\/\/www.institutodeengenharia.org.br\/site\/2008\/04\/23\/aneel-aprova-edital-do-leilao-de-energia-que-tem-biomassa-como-fonte\/","og_site_name":"Instituto de Engenharia","article_publisher":"https:\/\/www.facebook.com\/institutodeengenharia","article_published_time":"2008-04-23T21:48:10+00:00","article_modified_time":"2008-04-24T09:17:51+00:00","author":"TMax Tecnologia","twitter_card":"summary_large_image","twitter_creator":"@iengenharia","twitter_site":"@iengenharia","twitter_misc":{"Escrito por":"TMax Tecnologia","Est. tempo de leitura":"1 minuto"},"schema":{"@context":"https:\/\/schema.org","@graph":[{"@type":"Article","@id":"https:\/\/www.institutodeengenharia.org.br\/site\/2008\/04\/23\/aneel-aprova-edital-do-leilao-de-energia-que-tem-biomassa-como-fonte\/#article","isPartOf":{"@id":"https:\/\/www.institutodeengenharia.org.br\/site\/2008\/04\/23\/aneel-aprova-edital-do-leilao-de-energia-que-tem-biomassa-como-fonte\/"},"author":{"name":"TMax Tecnologia","@id":"https:\/\/www.institutodeengenharia.org.br\/site\/#\/schema\/person\/3b1ff109facef084739fc2edcb9a127f"},"headline":"Aneel aprova edital do leil\u00e3o de energia que tem biomassa como fonte","datePublished":"2008-04-23T21:48:10+00:00","dateModified":"2008-04-24T09:17:51+00:00","mainEntityOfPage":{"@id":"https:\/\/www.institutodeengenharia.org.br\/site\/2008\/04\/23\/aneel-aprova-edital-do-leilao-de-energia-que-tem-biomassa-como-fonte\/"},"wordCount":179,"commentCount":0,"publisher":{"@id":"https:\/\/www.institutodeengenharia.org.br\/site\/#organization"},"articleSection":["Energia","Not\u00edcias"],"inLanguage":"pt-BR","potentialAction":[{"@type":"CommentAction","name":"Comment","target":["https:\/\/www.institutodeengenharia.org.br\/site\/2008\/04\/23\/aneel-aprova-edital-do-leilao-de-energia-que-tem-biomassa-como-fonte\/#respond"]}]},{"@type":"WebPage","@id":"https:\/\/www.institutodeengenharia.org.br\/site\/2008\/04\/23\/aneel-aprova-edital-do-leilao-de-energia-que-tem-biomassa-como-fonte\/","url":"https:\/\/www.institutodeengenharia.org.br\/site\/2008\/04\/23\/aneel-aprova-edital-do-leilao-de-energia-que-tem-biomassa-como-fonte\/","name":"Aneel aprova edital do leil\u00e3o de energia que tem biomassa como fonte - Instituto de Engenharia","isPartOf":{"@id":"https:\/\/www.institutodeengenharia.org.br\/site\/#website"},"datePublished":"2008-04-23T21:48:10+00:00","dateModified":"2008-04-24T09:17:51+00:00","breadcrumb":{"@id":"https:\/\/www.institutodeengenharia.org.br\/site\/2008\/04\/23\/aneel-aprova-edital-do-leilao-de-energia-que-tem-biomassa-como-fonte\/#breadcrumb"},"inLanguage":"pt-BR","potentialAction":[{"@type":"ReadAction","target":["https:\/\/www.institutodeengenharia.org.br\/site\/2008\/04\/23\/aneel-aprova-edital-do-leilao-de-energia-que-tem-biomassa-como-fonte\/"]}]},{"@type":"BreadcrumbList","@id":"https:\/\/www.institutodeengenharia.org.br\/site\/2008\/04\/23\/aneel-aprova-edital-do-leilao-de-energia-que-tem-biomassa-como-fonte\/#breadcrumb","itemListElement":[{"@type":"ListItem","position":1,"name":"In\u00edcio","item":"https:\/\/www.institutodeengenharia.org.br\/site\/"},{"@type":"ListItem","position":2,"name":"Aneel aprova edital do leil\u00e3o de energia que tem biomassa como fonte"}]},{"@type":"WebSite","@id":"https:\/\/www.institutodeengenharia.org.br\/site\/#website","url":"https:\/\/www.institutodeengenharia.org.br\/site\/","name":"Instituto de Engenharia","description":"O Instituto de Engenharia promove a Engenharia em benef\u00edcio do desenvolvimento e da qualidade de vida da sociedade.","publisher":{"@id":"https:\/\/www.institutodeengenharia.org.br\/site\/#organization"},"potentialAction":[{"@type":"SearchAction","target":{"@type":"EntryPoint","urlTemplate":"https:\/\/www.institutodeengenharia.org.br\/site\/?s={search_term_string}"},"query-input":{"@type":"PropertyValueSpecification","valueRequired":true,"valueName":"search_term_string"}}],"inLanguage":"pt-BR"},{"@type":"Organization","@id":"https:\/\/www.institutodeengenharia.org.br\/site\/#organization","name":"Instituto de Engenharia","url":"https:\/\/www.institutodeengenharia.org.br\/site\/","logo":{"@type":"ImageObject","inLanguage":"pt-BR","@id":"https:\/\/www.institutodeengenharia.org.br\/site\/#\/schema\/logo\/image\/","url":"https:\/\/www.institutodeengenharia.org.br\/site\/wp-content\/uploads\/2019\/03\/logo-novo-IE2018-1.jpg","contentUrl":"https:\/\/www.institutodeengenharia.org.br\/site\/wp-content\/uploads\/2019\/03\/logo-novo-IE2018-1.jpg","width":1486,"height":1879,"caption":"Instituto de Engenharia"},"image":{"@id":"https:\/\/www.institutodeengenharia.org.br\/site\/#\/schema\/logo\/image\/"},"sameAs":["https:\/\/www.facebook.com\/institutodeengenharia","https:\/\/x.com\/iengenharia","https:\/\/www.instagram.com\/institutodeengenharia\/","https:\/\/www.linkedin.com\/company\/instituto-de-engenharia\/","https:\/\/www.youtube.com\/channel\/UCXiCAlsSMe977vamW915HxA"]},{"@type":"Person","@id":"https:\/\/www.institutodeengenharia.org.br\/site\/#\/schema\/person\/3b1ff109facef084739fc2edcb9a127f","name":"TMax Tecnologia","image":{"@type":"ImageObject","inLanguage":"pt-BR","@id":"https:\/\/secure.gravatar.com\/avatar\/f912434ef7f389c92cb311fcdae346af848465d638912574b3c669070f797701?s=96&d=mm&r=g","url":"https:\/\/secure.gravatar.com\/avatar\/f912434ef7f389c92cb311fcdae346af848465d638912574b3c669070f797701?s=96&d=mm&r=g","contentUrl":"https:\/\/secure.gravatar.com\/avatar\/f912434ef7f389c92cb311fcdae346af848465d638912574b3c669070f797701?s=96&d=mm&r=g","caption":"TMax Tecnologia"},"url":"https:\/\/www.institutodeengenharia.org.br\/site\/author\/tmax\/"}]}},"_links":{"self":[{"href":"https:\/\/www.institutodeengenharia.org.br\/site\/wp-json\/wp\/v2\/posts\/14617","targetHints":{"allow":["GET"]}}],"collection":[{"href":"https:\/\/www.institutodeengenharia.org.br\/site\/wp-json\/wp\/v2\/posts"}],"about":[{"href":"https:\/\/www.institutodeengenharia.org.br\/site\/wp-json\/wp\/v2\/types\/post"}],"author":[{"embeddable":true,"href":"https:\/\/www.institutodeengenharia.org.br\/site\/wp-json\/wp\/v2\/users\/1"}],"replies":[{"embeddable":true,"href":"https:\/\/www.institutodeengenharia.org.br\/site\/wp-json\/wp\/v2\/comments?post=14617"}],"version-history":[{"count":0,"href":"https:\/\/www.institutodeengenharia.org.br\/site\/wp-json\/wp\/v2\/posts\/14617\/revisions"}],"wp:attachment":[{"href":"https:\/\/www.institutodeengenharia.org.br\/site\/wp-json\/wp\/v2\/media?parent=14617"}],"wp:term":[{"taxonomy":"category","embeddable":true,"href":"https:\/\/www.institutodeengenharia.org.br\/site\/wp-json\/wp\/v2\/categories?post=14617"},{"taxonomy":"post_tag","embeddable":true,"href":"https:\/\/www.institutodeengenharia.org.br\/site\/wp-json\/wp\/v2\/tags?post=14617"}],"curies":[{"name":"wp","href":"https:\/\/api.w.org\/{rel}","templated":true}]}}