{"id":14613,"date":"2008-04-09T21:48:06","date_gmt":"2008-04-09T21:48:06","guid":{"rendered":"https:\/\/www.institutodeengenharia.org.br\/?p=14613"},"modified":"2008-04-09T15:58:07","modified_gmt":"2008-04-09T15:58:07","slug":"estimulo-a-cana-no-oeste-da-bahia","status":"publish","type":"post","link":"https:\/\/www.institutodeengenharia.org.br\/site\/2008\/04\/09\/estimulo-a-cana-no-oeste-da-bahia\/","title":{"rendered":"Est\u00edmulo \u00e0 cana no oeste da Bahia"},"content":{"rendered":"<p>A Agropecu\u00e1ria Xingu, bra\u00e7o da Multigrain, deu in\u00edcio neste m\u00eas ao plantio de algumas mudas de cana-de-a\u00e7\u00facar no viveiro de sua fazenda na regi\u00e3o de Correntina, no oeste baiano. O objetivo \u00e9 ter 30 mil hectares dedicados \u00e0 cultura em um prazo de tr\u00eas anos.\u00a0<\/p>\n<p>A empresa tamb\u00e9m j\u00e1 come\u00e7ou a construir uma usina de \u00e1lcool pr\u00f3xima \u00e0 fazenda. Esse empreendimento, aliado a bons resultados de pesquisas realizadas com a cana no oeste e um recente decreto do governo do Estado &#8211; que concede incentivos fiscais \u00e0s atividades das usinas de \u00e1lcool at\u00e9 2020 &#8211; poder\u00e1 atrair outros produtores e usineiros.\u00a0<\/p>\n<p>&#8220;A cana tem futuro na regi\u00e3o. A terra \u00e9 boa, a quantidade de \u00e1gua tamb\u00e9m e a topografia do cerrado \u00e9 bastante favor\u00e1vel&#8221;, afirma Paulo Garcez, presidente da Multigrain do Brasil, uma joint venture entre a brasileira PMG Trading, a japonesa Mitsui e a cooperativa americana CHS.\u00a0<\/p>\n<p>A Secretaria Estadual da Agricultura da Bahia estima que nos pr\u00f3ximos cinco anos 20 usinas dever\u00e3o se instalar no interior do Estado, especialmente no sul e no oeste &#8211; que por ser uma \u00e1rea de cerrado hoje \u00e9 dominado por soja, algod\u00e3o e milho. A expectativa \u00e9 que o investimento total chegue a R$ 8 bilh\u00f5es e que sejam produzidos anualmente 7,2 bilh\u00f5es de litros \u00e1lcool. Hoje, h\u00e1 duas usinas no Estado que, juntas, produzem 120 milh\u00f5es de litros de \u00e1lcool por ano, bem abaixo do consumo local (800 milh\u00f5es de litros).\u00a0<\/p>\n<p>Pesquisas da Funda\u00e7\u00e3o Bahia indicam em uma fazenda experimental sustentam que o futuro da cana pode ser promissor pela qualidade que oferece. No Estado, diz a funda\u00e7\u00e3o, o teor de a\u00e7\u00facar \u00e9 mais elevado que em S\u00e3o Paulo, Minas e Goi\u00e1s. &#8220;Nossa preocupa\u00e7\u00e3o \u00e9 ter uma matriz diversificada&#8221;, diz S\u00e9rgio Pitt, vice-presidente da Associa\u00e7\u00e3o de Agricultores e Irrigantes da Bahia (Aiba). Para isso, por\u00e9m, \u00e9 preciso melhorar as condi\u00e7\u00f5es de transporte. &#8220;Pesquisa e incentivo fiscal j\u00e1 temos. Agora precisamos de infra-estrutura&#8221;.\u00a0<\/p>\n<p>A aposta dos fazendeiros \u00e9 na constru\u00e7\u00e3o de uma ferrovia que corte o Estado horizontalmente. Em outubro, o presidente Luiz In\u00e1cio Lula da Silva anunciou, com o governador Jaques Wagner (PT), que o governo federal pretende fazer a ferrovia Oeste-Leste em coopera\u00e7\u00e3o com o Estado. O investimento estimado \u00e9 de R$ 2,5 bilh\u00f5es. Por meio dessa via, ser\u00e1 poss\u00edvel escoar a produ\u00e7\u00e3o do oeste e sudoeste da Bahia at\u00e9 ao Porto de Aratu, perto de Salvador.\u00a0<\/p>\n<p>Enquanto a obra n\u00e3o sai do papel, o governo estadual concedeu um benef\u00edcio fiscal a quem quer produzir \u00e1lcool. No fim de fevereiro, um decreto determinou que, at\u00e9 2020, as unidades produtoras de \u00e1lcool poder\u00e3o lan\u00e7ar cr\u00e9dito fiscal de ICMS nas sa\u00eddas internas e interestaduais do \u00e1lcool produzido por uma usina instalada na Bahia.\u00a0<\/p>\n<p>Se a usina estiver nas regi\u00f5es do semi-\u00e1rido e do oeste e produzir \u00e1lcool et\u00edlico anidro, o cr\u00e9dito sobre o valor da sa\u00edda ser\u00e1 de 18%. Nas demais \u00e1reas, o percentual ser\u00e1 de 12%. Se a produ\u00e7\u00e3o for de \u00e1lcool et\u00edlico hidratado e na regi\u00e3o oeste e do semi-\u00e1rido, os percentuais de cr\u00e9dito s\u00e3o 14% para sa\u00eddas internas e 7% para sa\u00eddas interestaduais. Nas demais regi\u00f5es, o cr\u00e9dito \u00e9 de 11,5% nas sa\u00eddas internas e 4,5% nas interestaduais.\u00a0<\/p>\n<p>&#8220;Sem a isen\u00e7\u00e3o, fica mais barato abastecer cidades como Salvador e Barreiras com \u00e1lcool vindo do Tocantins e de Goi\u00e1s, Estados com programas pr\u00f3prios de isen\u00e7\u00e3o, do que na pr\u00f3pria Bahia&#8221;, afirma Antonio Cansan\u00e7\u00e3o, fazendeiro da regi\u00e3o.\u00a0<\/p>\n<p>&#8220;A not\u00edcia \u00e9 \u00f3tima, mas a cana demanda investimento maior na implanta\u00e7\u00e3o. Eu n\u00e3o vou dar o primeiro passo. O bom \u00e9 que nem todo mundo pensa assim&#8221;, revela Walter Horita, s\u00f3cio da Horita Empreendimentos Agr\u00edcolas. Por ora, ele prefere continuar com gr\u00e3os. <\/p>\n<p><b>Autor: Valor Econ\u00f4mico<\/b><\/p>\n","protected":false},"excerpt":{"rendered":"<p>A Agropecu\u00e1ria Xingu, bra\u00e7o da Multigrain, deu in\u00edcio neste m\u00eas ao plantio de algumas mudas de cana-de-a\u00e7\u00facar no viveiro de sua fazenda na regi\u00e3o de Correntina, no oeste baiano. O objetivo \u00e9 ter 30 mil hectares dedicados \u00e0 cultura em um prazo de tr\u00eas anos.\u00a0 A empresa tamb\u00e9m j\u00e1 come\u00e7ou a construir uma usina de [&hellip;]<\/p>\n","protected":false},"author":1,"featured_media":0,"comment_status":"open","ping_status":"open","sticky":false,"template":"","format":"standard","meta":{"footnotes":""},"categories":[32,6],"tags":[],"class_list":{"0":"post-14613","1":"post","2":"type-post","3":"status-publish","4":"format-standard","6":"category-mercado-de-trabalho","7":"category-noticias"},"yoast_head":"<!-- This site is optimized with the Yoast SEO plugin v27.2 - https:\/\/yoast.com\/product\/yoast-seo-wordpress\/ -->\n<title>Est\u00edmulo \u00e0 cana no oeste da Bahia - Instituto de Engenharia<\/title>\n<meta name=\"robots\" content=\"index, follow, max-snippet:-1, max-image-preview:large, max-video-preview:-1\" \/>\n<link rel=\"canonical\" href=\"https:\/\/www.institutodeengenharia.org.br\/site\/2008\/04\/09\/estimulo-a-cana-no-oeste-da-bahia\/\" \/>\n<meta property=\"og:locale\" content=\"pt_BR\" \/>\n<meta property=\"og:type\" content=\"article\" \/>\n<meta property=\"og:title\" content=\"Est\u00edmulo \u00e0 cana no oeste da Bahia - Instituto de Engenharia\" \/>\n<meta property=\"og:description\" content=\"A Agropecu\u00e1ria Xingu, bra\u00e7o da Multigrain, deu in\u00edcio neste m\u00eas ao plantio de algumas mudas de cana-de-a\u00e7\u00facar no viveiro de sua fazenda na regi\u00e3o de Correntina, no oeste baiano. O objetivo \u00e9 ter 30 mil hectares dedicados \u00e0 cultura em um prazo de tr\u00eas anos.\u00a0 A empresa tamb\u00e9m j\u00e1 come\u00e7ou a construir uma usina de [&hellip;]\" \/>\n<meta property=\"og:url\" content=\"https:\/\/www.institutodeengenharia.org.br\/site\/2008\/04\/09\/estimulo-a-cana-no-oeste-da-bahia\/\" \/>\n<meta property=\"og:site_name\" content=\"Instituto de Engenharia\" \/>\n<meta property=\"article:publisher\" content=\"https:\/\/www.facebook.com\/institutodeengenharia\" \/>\n<meta property=\"article:published_time\" content=\"2008-04-09T21:48:06+00:00\" \/>\n<meta name=\"author\" content=\"TMax Tecnologia\" \/>\n<meta name=\"twitter:card\" content=\"summary_large_image\" \/>\n<meta name=\"twitter:creator\" content=\"@iengenharia\" \/>\n<meta name=\"twitter:site\" content=\"@iengenharia\" \/>\n<meta name=\"twitter:label1\" content=\"Escrito por\" \/>\n\t<meta name=\"twitter:data1\" content=\"TMax Tecnologia\" \/>\n\t<meta name=\"twitter:label2\" content=\"Est. tempo de leitura\" \/>\n\t<meta name=\"twitter:data2\" content=\"3 minutos\" \/>\n<script type=\"application\/ld+json\" class=\"yoast-schema-graph\">{\"@context\":\"https:\/\/schema.org\",\"@graph\":[{\"@type\":\"Article\",\"@id\":\"https:\/\/www.institutodeengenharia.org.br\/site\/2008\/04\/09\/estimulo-a-cana-no-oeste-da-bahia\/#article\",\"isPartOf\":{\"@id\":\"https:\/\/www.institutodeengenharia.org.br\/site\/2008\/04\/09\/estimulo-a-cana-no-oeste-da-bahia\/\"},\"author\":{\"name\":\"TMax Tecnologia\",\"@id\":\"https:\/\/www.institutodeengenharia.org.br\/site\/#\/schema\/person\/3b1ff109facef084739fc2edcb9a127f\"},\"headline\":\"Est\u00edmulo \u00e0 cana no oeste da Bahia\",\"datePublished\":\"2008-04-09T21:48:06+00:00\",\"mainEntityOfPage\":{\"@id\":\"https:\/\/www.institutodeengenharia.org.br\/site\/2008\/04\/09\/estimulo-a-cana-no-oeste-da-bahia\/\"},\"wordCount\":661,\"commentCount\":0,\"publisher\":{\"@id\":\"https:\/\/www.institutodeengenharia.org.br\/site\/#organization\"},\"articleSection\":[\"Mercado de Trabalho\",\"Not\u00edcias\"],\"inLanguage\":\"pt-BR\",\"potentialAction\":[{\"@type\":\"CommentAction\",\"name\":\"Comment\",\"target\":[\"https:\/\/www.institutodeengenharia.org.br\/site\/2008\/04\/09\/estimulo-a-cana-no-oeste-da-bahia\/#respond\"]}]},{\"@type\":\"WebPage\",\"@id\":\"https:\/\/www.institutodeengenharia.org.br\/site\/2008\/04\/09\/estimulo-a-cana-no-oeste-da-bahia\/\",\"url\":\"https:\/\/www.institutodeengenharia.org.br\/site\/2008\/04\/09\/estimulo-a-cana-no-oeste-da-bahia\/\",\"name\":\"Est\u00edmulo \u00e0 cana no oeste da Bahia - Instituto de Engenharia\",\"isPartOf\":{\"@id\":\"https:\/\/www.institutodeengenharia.org.br\/site\/#website\"},\"datePublished\":\"2008-04-09T21:48:06+00:00\",\"breadcrumb\":{\"@id\":\"https:\/\/www.institutodeengenharia.org.br\/site\/2008\/04\/09\/estimulo-a-cana-no-oeste-da-bahia\/#breadcrumb\"},\"inLanguage\":\"pt-BR\",\"potentialAction\":[{\"@type\":\"ReadAction\",\"target\":[\"https:\/\/www.institutodeengenharia.org.br\/site\/2008\/04\/09\/estimulo-a-cana-no-oeste-da-bahia\/\"]}]},{\"@type\":\"BreadcrumbList\",\"@id\":\"https:\/\/www.institutodeengenharia.org.br\/site\/2008\/04\/09\/estimulo-a-cana-no-oeste-da-bahia\/#breadcrumb\",\"itemListElement\":[{\"@type\":\"ListItem\",\"position\":1,\"name\":\"In\u00edcio\",\"item\":\"https:\/\/www.institutodeengenharia.org.br\/site\/\"},{\"@type\":\"ListItem\",\"position\":2,\"name\":\"Est\u00edmulo \u00e0 cana no oeste da Bahia\"}]},{\"@type\":\"WebSite\",\"@id\":\"https:\/\/www.institutodeengenharia.org.br\/site\/#website\",\"url\":\"https:\/\/www.institutodeengenharia.org.br\/site\/\",\"name\":\"Instituto de Engenharia\",\"description\":\"O Instituto de Engenharia promove a Engenharia em benef\u00edcio do desenvolvimento e da qualidade de vida da sociedade.\",\"publisher\":{\"@id\":\"https:\/\/www.institutodeengenharia.org.br\/site\/#organization\"},\"potentialAction\":[{\"@type\":\"SearchAction\",\"target\":{\"@type\":\"EntryPoint\",\"urlTemplate\":\"https:\/\/www.institutodeengenharia.org.br\/site\/?s={search_term_string}\"},\"query-input\":{\"@type\":\"PropertyValueSpecification\",\"valueRequired\":true,\"valueName\":\"search_term_string\"}}],\"inLanguage\":\"pt-BR\"},{\"@type\":\"Organization\",\"@id\":\"https:\/\/www.institutodeengenharia.org.br\/site\/#organization\",\"name\":\"Instituto de Engenharia\",\"url\":\"https:\/\/www.institutodeengenharia.org.br\/site\/\",\"logo\":{\"@type\":\"ImageObject\",\"inLanguage\":\"pt-BR\",\"@id\":\"https:\/\/www.institutodeengenharia.org.br\/site\/#\/schema\/logo\/image\/\",\"url\":\"https:\/\/www.institutodeengenharia.org.br\/site\/wp-content\/uploads\/2019\/03\/logo-novo-IE2018-1.jpg\",\"contentUrl\":\"https:\/\/www.institutodeengenharia.org.br\/site\/wp-content\/uploads\/2019\/03\/logo-novo-IE2018-1.jpg\",\"width\":1486,\"height\":1879,\"caption\":\"Instituto de Engenharia\"},\"image\":{\"@id\":\"https:\/\/www.institutodeengenharia.org.br\/site\/#\/schema\/logo\/image\/\"},\"sameAs\":[\"https:\/\/www.facebook.com\/institutodeengenharia\",\"https:\/\/x.com\/iengenharia\",\"https:\/\/www.instagram.com\/institutodeengenharia\/\",\"https:\/\/www.linkedin.com\/company\/instituto-de-engenharia\/\",\"https:\/\/www.youtube.com\/channel\/UCXiCAlsSMe977vamW915HxA\"]},{\"@type\":\"Person\",\"@id\":\"https:\/\/www.institutodeengenharia.org.br\/site\/#\/schema\/person\/3b1ff109facef084739fc2edcb9a127f\",\"name\":\"TMax Tecnologia\",\"image\":{\"@type\":\"ImageObject\",\"inLanguage\":\"pt-BR\",\"@id\":\"https:\/\/secure.gravatar.com\/avatar\/f912434ef7f389c92cb311fcdae346af848465d638912574b3c669070f797701?s=96&d=mm&r=g\",\"url\":\"https:\/\/secure.gravatar.com\/avatar\/f912434ef7f389c92cb311fcdae346af848465d638912574b3c669070f797701?s=96&d=mm&r=g\",\"contentUrl\":\"https:\/\/secure.gravatar.com\/avatar\/f912434ef7f389c92cb311fcdae346af848465d638912574b3c669070f797701?s=96&d=mm&r=g\",\"caption\":\"TMax Tecnologia\"},\"url\":\"https:\/\/www.institutodeengenharia.org.br\/site\/author\/tmax\/\"}]}<\/script>\n<!-- \/ Yoast SEO plugin. -->","yoast_head_json":{"title":"Est\u00edmulo \u00e0 cana no oeste da Bahia - Instituto de Engenharia","robots":{"index":"index","follow":"follow","max-snippet":"max-snippet:-1","max-image-preview":"max-image-preview:large","max-video-preview":"max-video-preview:-1"},"canonical":"https:\/\/www.institutodeengenharia.org.br\/site\/2008\/04\/09\/estimulo-a-cana-no-oeste-da-bahia\/","og_locale":"pt_BR","og_type":"article","og_title":"Est\u00edmulo \u00e0 cana no oeste da Bahia - Instituto de Engenharia","og_description":"A Agropecu\u00e1ria Xingu, bra\u00e7o da Multigrain, deu in\u00edcio neste m\u00eas ao plantio de algumas mudas de cana-de-a\u00e7\u00facar no viveiro de sua fazenda na regi\u00e3o de Correntina, no oeste baiano. O objetivo \u00e9 ter 30 mil hectares dedicados \u00e0 cultura em um prazo de tr\u00eas anos.\u00a0 A empresa tamb\u00e9m j\u00e1 come\u00e7ou a construir uma usina de [&hellip;]","og_url":"https:\/\/www.institutodeengenharia.org.br\/site\/2008\/04\/09\/estimulo-a-cana-no-oeste-da-bahia\/","og_site_name":"Instituto de Engenharia","article_publisher":"https:\/\/www.facebook.com\/institutodeengenharia","article_published_time":"2008-04-09T21:48:06+00:00","author":"TMax Tecnologia","twitter_card":"summary_large_image","twitter_creator":"@iengenharia","twitter_site":"@iengenharia","twitter_misc":{"Escrito por":"TMax Tecnologia","Est. tempo de leitura":"3 minutos"},"schema":{"@context":"https:\/\/schema.org","@graph":[{"@type":"Article","@id":"https:\/\/www.institutodeengenharia.org.br\/site\/2008\/04\/09\/estimulo-a-cana-no-oeste-da-bahia\/#article","isPartOf":{"@id":"https:\/\/www.institutodeengenharia.org.br\/site\/2008\/04\/09\/estimulo-a-cana-no-oeste-da-bahia\/"},"author":{"name":"TMax Tecnologia","@id":"https:\/\/www.institutodeengenharia.org.br\/site\/#\/schema\/person\/3b1ff109facef084739fc2edcb9a127f"},"headline":"Est\u00edmulo \u00e0 cana no oeste da Bahia","datePublished":"2008-04-09T21:48:06+00:00","mainEntityOfPage":{"@id":"https:\/\/www.institutodeengenharia.org.br\/site\/2008\/04\/09\/estimulo-a-cana-no-oeste-da-bahia\/"},"wordCount":661,"commentCount":0,"publisher":{"@id":"https:\/\/www.institutodeengenharia.org.br\/site\/#organization"},"articleSection":["Mercado de Trabalho","Not\u00edcias"],"inLanguage":"pt-BR","potentialAction":[{"@type":"CommentAction","name":"Comment","target":["https:\/\/www.institutodeengenharia.org.br\/site\/2008\/04\/09\/estimulo-a-cana-no-oeste-da-bahia\/#respond"]}]},{"@type":"WebPage","@id":"https:\/\/www.institutodeengenharia.org.br\/site\/2008\/04\/09\/estimulo-a-cana-no-oeste-da-bahia\/","url":"https:\/\/www.institutodeengenharia.org.br\/site\/2008\/04\/09\/estimulo-a-cana-no-oeste-da-bahia\/","name":"Est\u00edmulo \u00e0 cana no oeste da Bahia - Instituto de Engenharia","isPartOf":{"@id":"https:\/\/www.institutodeengenharia.org.br\/site\/#website"},"datePublished":"2008-04-09T21:48:06+00:00","breadcrumb":{"@id":"https:\/\/www.institutodeengenharia.org.br\/site\/2008\/04\/09\/estimulo-a-cana-no-oeste-da-bahia\/#breadcrumb"},"inLanguage":"pt-BR","potentialAction":[{"@type":"ReadAction","target":["https:\/\/www.institutodeengenharia.org.br\/site\/2008\/04\/09\/estimulo-a-cana-no-oeste-da-bahia\/"]}]},{"@type":"BreadcrumbList","@id":"https:\/\/www.institutodeengenharia.org.br\/site\/2008\/04\/09\/estimulo-a-cana-no-oeste-da-bahia\/#breadcrumb","itemListElement":[{"@type":"ListItem","position":1,"name":"In\u00edcio","item":"https:\/\/www.institutodeengenharia.org.br\/site\/"},{"@type":"ListItem","position":2,"name":"Est\u00edmulo \u00e0 cana no oeste da Bahia"}]},{"@type":"WebSite","@id":"https:\/\/www.institutodeengenharia.org.br\/site\/#website","url":"https:\/\/www.institutodeengenharia.org.br\/site\/","name":"Instituto de Engenharia","description":"O Instituto de Engenharia promove a Engenharia em benef\u00edcio do desenvolvimento e da qualidade de vida da sociedade.","publisher":{"@id":"https:\/\/www.institutodeengenharia.org.br\/site\/#organization"},"potentialAction":[{"@type":"SearchAction","target":{"@type":"EntryPoint","urlTemplate":"https:\/\/www.institutodeengenharia.org.br\/site\/?s={search_term_string}"},"query-input":{"@type":"PropertyValueSpecification","valueRequired":true,"valueName":"search_term_string"}}],"inLanguage":"pt-BR"},{"@type":"Organization","@id":"https:\/\/www.institutodeengenharia.org.br\/site\/#organization","name":"Instituto de Engenharia","url":"https:\/\/www.institutodeengenharia.org.br\/site\/","logo":{"@type":"ImageObject","inLanguage":"pt-BR","@id":"https:\/\/www.institutodeengenharia.org.br\/site\/#\/schema\/logo\/image\/","url":"https:\/\/www.institutodeengenharia.org.br\/site\/wp-content\/uploads\/2019\/03\/logo-novo-IE2018-1.jpg","contentUrl":"https:\/\/www.institutodeengenharia.org.br\/site\/wp-content\/uploads\/2019\/03\/logo-novo-IE2018-1.jpg","width":1486,"height":1879,"caption":"Instituto de Engenharia"},"image":{"@id":"https:\/\/www.institutodeengenharia.org.br\/site\/#\/schema\/logo\/image\/"},"sameAs":["https:\/\/www.facebook.com\/institutodeengenharia","https:\/\/x.com\/iengenharia","https:\/\/www.instagram.com\/institutodeengenharia\/","https:\/\/www.linkedin.com\/company\/instituto-de-engenharia\/","https:\/\/www.youtube.com\/channel\/UCXiCAlsSMe977vamW915HxA"]},{"@type":"Person","@id":"https:\/\/www.institutodeengenharia.org.br\/site\/#\/schema\/person\/3b1ff109facef084739fc2edcb9a127f","name":"TMax Tecnologia","image":{"@type":"ImageObject","inLanguage":"pt-BR","@id":"https:\/\/secure.gravatar.com\/avatar\/f912434ef7f389c92cb311fcdae346af848465d638912574b3c669070f797701?s=96&d=mm&r=g","url":"https:\/\/secure.gravatar.com\/avatar\/f912434ef7f389c92cb311fcdae346af848465d638912574b3c669070f797701?s=96&d=mm&r=g","contentUrl":"https:\/\/secure.gravatar.com\/avatar\/f912434ef7f389c92cb311fcdae346af848465d638912574b3c669070f797701?s=96&d=mm&r=g","caption":"TMax Tecnologia"},"url":"https:\/\/www.institutodeengenharia.org.br\/site\/author\/tmax\/"}]}},"_links":{"self":[{"href":"https:\/\/www.institutodeengenharia.org.br\/site\/wp-json\/wp\/v2\/posts\/14613","targetHints":{"allow":["GET"]}}],"collection":[{"href":"https:\/\/www.institutodeengenharia.org.br\/site\/wp-json\/wp\/v2\/posts"}],"about":[{"href":"https:\/\/www.institutodeengenharia.org.br\/site\/wp-json\/wp\/v2\/types\/post"}],"author":[{"embeddable":true,"href":"https:\/\/www.institutodeengenharia.org.br\/site\/wp-json\/wp\/v2\/users\/1"}],"replies":[{"embeddable":true,"href":"https:\/\/www.institutodeengenharia.org.br\/site\/wp-json\/wp\/v2\/comments?post=14613"}],"version-history":[{"count":0,"href":"https:\/\/www.institutodeengenharia.org.br\/site\/wp-json\/wp\/v2\/posts\/14613\/revisions"}],"wp:attachment":[{"href":"https:\/\/www.institutodeengenharia.org.br\/site\/wp-json\/wp\/v2\/media?parent=14613"}],"wp:term":[{"taxonomy":"category","embeddable":true,"href":"https:\/\/www.institutodeengenharia.org.br\/site\/wp-json\/wp\/v2\/categories?post=14613"},{"taxonomy":"post_tag","embeddable":true,"href":"https:\/\/www.institutodeengenharia.org.br\/site\/wp-json\/wp\/v2\/tags?post=14613"}],"curies":[{"name":"wp","href":"https:\/\/api.w.org\/{rel}","templated":true}]}}