{"id":14608,"date":"2008-04-08T21:48:00","date_gmt":"2008-04-08T21:48:00","guid":{"rendered":"https:\/\/www.institutodeengenharia.org.br\/?p=14608"},"modified":"2008-04-08T13:52:04","modified_gmt":"2008-04-08T13:52:04","slug":"varejo-pedira-a-kassab-regra-mais-flexivel-para-caminhao","status":"publish","type":"post","link":"https:\/\/www.institutodeengenharia.org.br\/site\/2008\/04\/08\/varejo-pedira-a-kassab-regra-mais-flexivel-para-caminhao\/","title":{"rendered":"Varejo pedir\u00e1 a Kassab regra mais flex\u00edvel para caminh\u00e3o"},"content":{"rendered":"<p>Representantes do com\u00e9rcio varejista de S\u00e3o Paulo v\u00e3o propor ao prefeito Gilberto Kassab (DEM) a flexibiliza\u00e7\u00e3o das medidas de restri\u00e7\u00e3o ao tr\u00e1fego de ve\u00edculos de carga na capital paulista em encontro agendado para quarta-feira. Na pauta da reuni\u00e3o est\u00e3o um pedido de libera\u00e7\u00e3o da circula\u00e7\u00e3o dos ve\u00edculos urbanos de carga (VUCs), que tem at\u00e9 6,3 metros de comprimento, cr\u00edticas ao hor\u00e1rio de carga e descarga de mercadorias, que pode bater de frente com a Lei do Sil\u00eancio nas \u00e1reas residenciais, e a possibilidade de desabastecimento nas lojas e supermercados. <\/p>\n<p>\nA proibi\u00e7\u00e3o de circula\u00e7\u00e3o das 5 \u00e0s 21 horas em uma \u00e1rea de 100 quil\u00f4metros quadrados, pouco menor que o Centro Expandido, e o rod\u00edzio para caminh\u00f5es nas Marginais do Tiet\u00ea e do Pinheiros e na Avenida dos Bandeirantes foram anunciados pela Prefeitura na semana passada. Kassab deixou claro que, antes de assinar o decreto que oficializa as altera\u00e7\u00f5es, vai dialogar com os setores afetados. &#8220;Todos t\u00eam legitimidade nas suas manifesta\u00e7\u00f5es e ser\u00e3o ouvidos&#8221;, disse o prefeito em entrevista na sexta-feira. &#8220;As id\u00e9ias vi\u00e1veis ser\u00e3o incorporadas ao decreto.&#8221; <\/p>\n<p>\nVarejistas debateram a proposta a Kassab em um encontro hoje, na sede da Associa\u00e7\u00e3o Paulista de Supermercados (Apas), em S\u00e3o Paulo. Participaram representantes de dez associa\u00e7\u00f5es e empresas varejistas, como Apas, Associa\u00e7\u00e3o Brasileira da Ind\u00fastria de Alimentos (Abia), Instituto para o Desenvolvimento do Varejo (IDV), Associa\u00e7\u00e3o Nacional dos Comerciantes de Material de Constru\u00e7\u00e3o (Anamaco), Carrefour, P\u00e3o de A\u00e7\u00facar, Wal-Mart e C&#038;A Modas. <\/p>\n<p>\nProposta <\/p>\n<p>Faz parte da proposta dos varejistas que os ve\u00edculos urbanos de cargas sejam exclu\u00eddos das proibi\u00e7\u00f5es de circula\u00e7\u00e3o. Segundo o vice-presidente de comunica\u00e7\u00e3o da Apas, Martinho Paiva Moreira, sem os caminh\u00f5es, o abastecimento na cidade ficar\u00e1 prejudicado. &#8220;Se as transportadoras precisarem usar ve\u00edculos menores, como vans e caminhonetes, o tr\u00e2nsito ficara mais sobrecarregado ainda&#8221;, diz. &#8220;Os VUCs s\u00e3o necess\u00e1rios.&#8221; <\/p>\n<p>O trabalho de carga e descarga, pelas novas regras, precisa acontecer entre as 21h e 5 horas. Isso motivou a preocupa\u00e7\u00e3o do grupo com a desobedi\u00eancia \u00e0 Lei do Sil\u00eancio, que estipula hor\u00e1rios e limites para a emiss\u00e3o de ru\u00eddos em \u00e1reas residenciais. &#8220;Os supermercados est\u00e3o todos em zonas residenciais&#8221;, diz Moreira. &#8220;Se hoje j\u00e1 recebemos reclama\u00e7\u00f5es por fazer o abastecimento antes das 7 horas, imagine quando precisarmos faz\u00ea-lo de madrugada.&#8221; <\/p>\n<p>\nSegundo Moreira, pode acontecer um desabastecimento do com\u00e9rcio devido ao encurtamento do per\u00edodo para carga e descarga. &#8220;H\u00e1 lojas que recebem mercadoria 24 horas. Com a lei, ter\u00e3o que reduzir em um ter\u00e7o esse tempo&#8221;, afirma. Segundo ele, as associa\u00e7\u00f5es colocar\u00e3o \u00e0 disposi\u00e7\u00e3o da Prefeitura uma equipe de t\u00e9cnicos em log\u00edstica para, junto ao pessoal da secretaria de Transportes e da Companhia de Engenharia de Tr\u00e1fego (CET), formular uma nova programa\u00e7\u00e3o log\u00edstica para a cidade. <\/p>\n<p>\nDi\u00e1logo <\/p>\n<p>Amanh\u00e3, se re\u00fanem com Kassab outras 15 associa\u00e7\u00f5es dos setores do com\u00e9rcio e transportes para discutir a aplica\u00e7\u00e3o das restri\u00e7\u00f5es a rodagem de ve\u00edculos de carga na capital paulista. O encontro foi anunciado na sexta-feira pelo secret\u00e1rio Municipal de Transportes, Alexandre de Moraes, em coletiva \u00e0 imprensa. <\/p>\n<p><b>Autor: Agencia Estado &#8211; Carolina Freitas<\/b><\/p>\n","protected":false},"excerpt":{"rendered":"<p>Representantes do com\u00e9rcio varejista de S\u00e3o Paulo v\u00e3o propor ao prefeito Gilberto Kassab (DEM) a flexibiliza\u00e7\u00e3o das medidas de restri\u00e7\u00e3o ao tr\u00e1fego de ve\u00edculos de carga na capital paulista em encontro agendado para quarta-feira. Na pauta da reuni\u00e3o est\u00e3o um pedido de libera\u00e7\u00e3o da circula\u00e7\u00e3o dos ve\u00edculos urbanos de carga (VUCs), que tem at\u00e9 6,3 [&hellip;]<\/p>\n","protected":false},"author":1,"featured_media":0,"comment_status":"open","ping_status":"open","sticky":false,"template":"","format":"standard","meta":{"footnotes":""},"categories":[6,41],"tags":[],"class_list":{"0":"post-14608","1":"post","2":"type-post","3":"status-publish","4":"format-standard","6":"category-noticias","7":"category-transportes"},"yoast_head":"<!-- This site is optimized with the Yoast SEO plugin v27.2 - https:\/\/yoast.com\/product\/yoast-seo-wordpress\/ -->\n<title>Varejo pedir\u00e1 a Kassab regra mais flex\u00edvel para caminh\u00e3o - Instituto de Engenharia<\/title>\n<meta name=\"robots\" content=\"index, follow, max-snippet:-1, max-image-preview:large, max-video-preview:-1\" \/>\n<link rel=\"canonical\" href=\"https:\/\/www.institutodeengenharia.org.br\/site\/2008\/04\/08\/varejo-pedira-a-kassab-regra-mais-flexivel-para-caminhao\/\" \/>\n<meta property=\"og:locale\" content=\"pt_BR\" \/>\n<meta property=\"og:type\" content=\"article\" \/>\n<meta property=\"og:title\" content=\"Varejo pedir\u00e1 a Kassab regra mais flex\u00edvel para caminh\u00e3o - Instituto de Engenharia\" \/>\n<meta property=\"og:description\" content=\"Representantes do com\u00e9rcio varejista de S\u00e3o Paulo v\u00e3o propor ao prefeito Gilberto Kassab (DEM) a flexibiliza\u00e7\u00e3o das medidas de restri\u00e7\u00e3o ao tr\u00e1fego de ve\u00edculos de carga na capital paulista em encontro agendado para quarta-feira. Na pauta da reuni\u00e3o est\u00e3o um pedido de libera\u00e7\u00e3o da circula\u00e7\u00e3o dos ve\u00edculos urbanos de carga (VUCs), que tem at\u00e9 6,3 [&hellip;]\" \/>\n<meta property=\"og:url\" content=\"https:\/\/www.institutodeengenharia.org.br\/site\/2008\/04\/08\/varejo-pedira-a-kassab-regra-mais-flexivel-para-caminhao\/\" \/>\n<meta property=\"og:site_name\" content=\"Instituto de Engenharia\" \/>\n<meta property=\"article:publisher\" content=\"https:\/\/www.facebook.com\/institutodeengenharia\" \/>\n<meta property=\"article:published_time\" content=\"2008-04-08T21:48:00+00:00\" \/>\n<meta name=\"author\" content=\"TMax Tecnologia\" \/>\n<meta name=\"twitter:card\" content=\"summary_large_image\" \/>\n<meta name=\"twitter:creator\" content=\"@iengenharia\" \/>\n<meta name=\"twitter:site\" content=\"@iengenharia\" \/>\n<meta name=\"twitter:label1\" content=\"Escrito por\" \/>\n\t<meta name=\"twitter:data1\" content=\"TMax Tecnologia\" \/>\n\t<meta name=\"twitter:label2\" content=\"Est. tempo de leitura\" \/>\n\t<meta name=\"twitter:data2\" content=\"3 minutos\" \/>\n<script type=\"application\/ld+json\" class=\"yoast-schema-graph\">{\"@context\":\"https:\/\/schema.org\",\"@graph\":[{\"@type\":\"Article\",\"@id\":\"https:\/\/www.institutodeengenharia.org.br\/site\/2008\/04\/08\/varejo-pedira-a-kassab-regra-mais-flexivel-para-caminhao\/#article\",\"isPartOf\":{\"@id\":\"https:\/\/www.institutodeengenharia.org.br\/site\/2008\/04\/08\/varejo-pedira-a-kassab-regra-mais-flexivel-para-caminhao\/\"},\"author\":{\"name\":\"TMax Tecnologia\",\"@id\":\"https:\/\/www.institutodeengenharia.org.br\/site\/#\/schema\/person\/3b1ff109facef084739fc2edcb9a127f\"},\"headline\":\"Varejo pedir\u00e1 a Kassab regra mais flex\u00edvel para caminh\u00e3o\",\"datePublished\":\"2008-04-08T21:48:00+00:00\",\"mainEntityOfPage\":{\"@id\":\"https:\/\/www.institutodeengenharia.org.br\/site\/2008\/04\/08\/varejo-pedira-a-kassab-regra-mais-flexivel-para-caminhao\/\"},\"wordCount\":575,\"commentCount\":0,\"publisher\":{\"@id\":\"https:\/\/www.institutodeengenharia.org.br\/site\/#organization\"},\"articleSection\":[\"Not\u00edcias\",\"Transportes\"],\"inLanguage\":\"pt-BR\",\"potentialAction\":[{\"@type\":\"CommentAction\",\"name\":\"Comment\",\"target\":[\"https:\/\/www.institutodeengenharia.org.br\/site\/2008\/04\/08\/varejo-pedira-a-kassab-regra-mais-flexivel-para-caminhao\/#respond\"]}]},{\"@type\":\"WebPage\",\"@id\":\"https:\/\/www.institutodeengenharia.org.br\/site\/2008\/04\/08\/varejo-pedira-a-kassab-regra-mais-flexivel-para-caminhao\/\",\"url\":\"https:\/\/www.institutodeengenharia.org.br\/site\/2008\/04\/08\/varejo-pedira-a-kassab-regra-mais-flexivel-para-caminhao\/\",\"name\":\"Varejo pedir\u00e1 a Kassab regra mais flex\u00edvel para caminh\u00e3o - Instituto de Engenharia\",\"isPartOf\":{\"@id\":\"https:\/\/www.institutodeengenharia.org.br\/site\/#website\"},\"datePublished\":\"2008-04-08T21:48:00+00:00\",\"breadcrumb\":{\"@id\":\"https:\/\/www.institutodeengenharia.org.br\/site\/2008\/04\/08\/varejo-pedira-a-kassab-regra-mais-flexivel-para-caminhao\/#breadcrumb\"},\"inLanguage\":\"pt-BR\",\"potentialAction\":[{\"@type\":\"ReadAction\",\"target\":[\"https:\/\/www.institutodeengenharia.org.br\/site\/2008\/04\/08\/varejo-pedira-a-kassab-regra-mais-flexivel-para-caminhao\/\"]}]},{\"@type\":\"BreadcrumbList\",\"@id\":\"https:\/\/www.institutodeengenharia.org.br\/site\/2008\/04\/08\/varejo-pedira-a-kassab-regra-mais-flexivel-para-caminhao\/#breadcrumb\",\"itemListElement\":[{\"@type\":\"ListItem\",\"position\":1,\"name\":\"In\u00edcio\",\"item\":\"https:\/\/www.institutodeengenharia.org.br\/site\/\"},{\"@type\":\"ListItem\",\"position\":2,\"name\":\"Varejo pedir\u00e1 a Kassab regra mais flex\u00edvel para caminh\u00e3o\"}]},{\"@type\":\"WebSite\",\"@id\":\"https:\/\/www.institutodeengenharia.org.br\/site\/#website\",\"url\":\"https:\/\/www.institutodeengenharia.org.br\/site\/\",\"name\":\"Instituto de Engenharia\",\"description\":\"O Instituto de Engenharia promove a Engenharia em benef\u00edcio do desenvolvimento e da qualidade de vida da sociedade.\",\"publisher\":{\"@id\":\"https:\/\/www.institutodeengenharia.org.br\/site\/#organization\"},\"potentialAction\":[{\"@type\":\"SearchAction\",\"target\":{\"@type\":\"EntryPoint\",\"urlTemplate\":\"https:\/\/www.institutodeengenharia.org.br\/site\/?s={search_term_string}\"},\"query-input\":{\"@type\":\"PropertyValueSpecification\",\"valueRequired\":true,\"valueName\":\"search_term_string\"}}],\"inLanguage\":\"pt-BR\"},{\"@type\":\"Organization\",\"@id\":\"https:\/\/www.institutodeengenharia.org.br\/site\/#organization\",\"name\":\"Instituto de Engenharia\",\"url\":\"https:\/\/www.institutodeengenharia.org.br\/site\/\",\"logo\":{\"@type\":\"ImageObject\",\"inLanguage\":\"pt-BR\",\"@id\":\"https:\/\/www.institutodeengenharia.org.br\/site\/#\/schema\/logo\/image\/\",\"url\":\"https:\/\/www.institutodeengenharia.org.br\/site\/wp-content\/uploads\/2019\/03\/logo-novo-IE2018-1.jpg\",\"contentUrl\":\"https:\/\/www.institutodeengenharia.org.br\/site\/wp-content\/uploads\/2019\/03\/logo-novo-IE2018-1.jpg\",\"width\":1486,\"height\":1879,\"caption\":\"Instituto de Engenharia\"},\"image\":{\"@id\":\"https:\/\/www.institutodeengenharia.org.br\/site\/#\/schema\/logo\/image\/\"},\"sameAs\":[\"https:\/\/www.facebook.com\/institutodeengenharia\",\"https:\/\/x.com\/iengenharia\",\"https:\/\/www.instagram.com\/institutodeengenharia\/\",\"https:\/\/www.linkedin.com\/company\/instituto-de-engenharia\/\",\"https:\/\/www.youtube.com\/channel\/UCXiCAlsSMe977vamW915HxA\"]},{\"@type\":\"Person\",\"@id\":\"https:\/\/www.institutodeengenharia.org.br\/site\/#\/schema\/person\/3b1ff109facef084739fc2edcb9a127f\",\"name\":\"TMax Tecnologia\",\"image\":{\"@type\":\"ImageObject\",\"inLanguage\":\"pt-BR\",\"@id\":\"https:\/\/secure.gravatar.com\/avatar\/f912434ef7f389c92cb311fcdae346af848465d638912574b3c669070f797701?s=96&d=mm&r=g\",\"url\":\"https:\/\/secure.gravatar.com\/avatar\/f912434ef7f389c92cb311fcdae346af848465d638912574b3c669070f797701?s=96&d=mm&r=g\",\"contentUrl\":\"https:\/\/secure.gravatar.com\/avatar\/f912434ef7f389c92cb311fcdae346af848465d638912574b3c669070f797701?s=96&d=mm&r=g\",\"caption\":\"TMax Tecnologia\"},\"url\":\"https:\/\/www.institutodeengenharia.org.br\/site\/author\/tmax\/\"}]}<\/script>\n<!-- \/ Yoast SEO plugin. -->","yoast_head_json":{"title":"Varejo pedir\u00e1 a Kassab regra mais flex\u00edvel para caminh\u00e3o - Instituto de Engenharia","robots":{"index":"index","follow":"follow","max-snippet":"max-snippet:-1","max-image-preview":"max-image-preview:large","max-video-preview":"max-video-preview:-1"},"canonical":"https:\/\/www.institutodeengenharia.org.br\/site\/2008\/04\/08\/varejo-pedira-a-kassab-regra-mais-flexivel-para-caminhao\/","og_locale":"pt_BR","og_type":"article","og_title":"Varejo pedir\u00e1 a Kassab regra mais flex\u00edvel para caminh\u00e3o - Instituto de Engenharia","og_description":"Representantes do com\u00e9rcio varejista de S\u00e3o Paulo v\u00e3o propor ao prefeito Gilberto Kassab (DEM) a flexibiliza\u00e7\u00e3o das medidas de restri\u00e7\u00e3o ao tr\u00e1fego de ve\u00edculos de carga na capital paulista em encontro agendado para quarta-feira. Na pauta da reuni\u00e3o est\u00e3o um pedido de libera\u00e7\u00e3o da circula\u00e7\u00e3o dos ve\u00edculos urbanos de carga (VUCs), que tem at\u00e9 6,3 [&hellip;]","og_url":"https:\/\/www.institutodeengenharia.org.br\/site\/2008\/04\/08\/varejo-pedira-a-kassab-regra-mais-flexivel-para-caminhao\/","og_site_name":"Instituto de Engenharia","article_publisher":"https:\/\/www.facebook.com\/institutodeengenharia","article_published_time":"2008-04-08T21:48:00+00:00","author":"TMax Tecnologia","twitter_card":"summary_large_image","twitter_creator":"@iengenharia","twitter_site":"@iengenharia","twitter_misc":{"Escrito por":"TMax Tecnologia","Est. tempo de leitura":"3 minutos"},"schema":{"@context":"https:\/\/schema.org","@graph":[{"@type":"Article","@id":"https:\/\/www.institutodeengenharia.org.br\/site\/2008\/04\/08\/varejo-pedira-a-kassab-regra-mais-flexivel-para-caminhao\/#article","isPartOf":{"@id":"https:\/\/www.institutodeengenharia.org.br\/site\/2008\/04\/08\/varejo-pedira-a-kassab-regra-mais-flexivel-para-caminhao\/"},"author":{"name":"TMax Tecnologia","@id":"https:\/\/www.institutodeengenharia.org.br\/site\/#\/schema\/person\/3b1ff109facef084739fc2edcb9a127f"},"headline":"Varejo pedir\u00e1 a Kassab regra mais flex\u00edvel para caminh\u00e3o","datePublished":"2008-04-08T21:48:00+00:00","mainEntityOfPage":{"@id":"https:\/\/www.institutodeengenharia.org.br\/site\/2008\/04\/08\/varejo-pedira-a-kassab-regra-mais-flexivel-para-caminhao\/"},"wordCount":575,"commentCount":0,"publisher":{"@id":"https:\/\/www.institutodeengenharia.org.br\/site\/#organization"},"articleSection":["Not\u00edcias","Transportes"],"inLanguage":"pt-BR","potentialAction":[{"@type":"CommentAction","name":"Comment","target":["https:\/\/www.institutodeengenharia.org.br\/site\/2008\/04\/08\/varejo-pedira-a-kassab-regra-mais-flexivel-para-caminhao\/#respond"]}]},{"@type":"WebPage","@id":"https:\/\/www.institutodeengenharia.org.br\/site\/2008\/04\/08\/varejo-pedira-a-kassab-regra-mais-flexivel-para-caminhao\/","url":"https:\/\/www.institutodeengenharia.org.br\/site\/2008\/04\/08\/varejo-pedira-a-kassab-regra-mais-flexivel-para-caminhao\/","name":"Varejo pedir\u00e1 a Kassab regra mais flex\u00edvel para caminh\u00e3o - Instituto de Engenharia","isPartOf":{"@id":"https:\/\/www.institutodeengenharia.org.br\/site\/#website"},"datePublished":"2008-04-08T21:48:00+00:00","breadcrumb":{"@id":"https:\/\/www.institutodeengenharia.org.br\/site\/2008\/04\/08\/varejo-pedira-a-kassab-regra-mais-flexivel-para-caminhao\/#breadcrumb"},"inLanguage":"pt-BR","potentialAction":[{"@type":"ReadAction","target":["https:\/\/www.institutodeengenharia.org.br\/site\/2008\/04\/08\/varejo-pedira-a-kassab-regra-mais-flexivel-para-caminhao\/"]}]},{"@type":"BreadcrumbList","@id":"https:\/\/www.institutodeengenharia.org.br\/site\/2008\/04\/08\/varejo-pedira-a-kassab-regra-mais-flexivel-para-caminhao\/#breadcrumb","itemListElement":[{"@type":"ListItem","position":1,"name":"In\u00edcio","item":"https:\/\/www.institutodeengenharia.org.br\/site\/"},{"@type":"ListItem","position":2,"name":"Varejo pedir\u00e1 a Kassab regra mais flex\u00edvel para caminh\u00e3o"}]},{"@type":"WebSite","@id":"https:\/\/www.institutodeengenharia.org.br\/site\/#website","url":"https:\/\/www.institutodeengenharia.org.br\/site\/","name":"Instituto de Engenharia","description":"O Instituto de Engenharia promove a Engenharia em benef\u00edcio do desenvolvimento e da qualidade de vida da sociedade.","publisher":{"@id":"https:\/\/www.institutodeengenharia.org.br\/site\/#organization"},"potentialAction":[{"@type":"SearchAction","target":{"@type":"EntryPoint","urlTemplate":"https:\/\/www.institutodeengenharia.org.br\/site\/?s={search_term_string}"},"query-input":{"@type":"PropertyValueSpecification","valueRequired":true,"valueName":"search_term_string"}}],"inLanguage":"pt-BR"},{"@type":"Organization","@id":"https:\/\/www.institutodeengenharia.org.br\/site\/#organization","name":"Instituto de Engenharia","url":"https:\/\/www.institutodeengenharia.org.br\/site\/","logo":{"@type":"ImageObject","inLanguage":"pt-BR","@id":"https:\/\/www.institutodeengenharia.org.br\/site\/#\/schema\/logo\/image\/","url":"https:\/\/www.institutodeengenharia.org.br\/site\/wp-content\/uploads\/2019\/03\/logo-novo-IE2018-1.jpg","contentUrl":"https:\/\/www.institutodeengenharia.org.br\/site\/wp-content\/uploads\/2019\/03\/logo-novo-IE2018-1.jpg","width":1486,"height":1879,"caption":"Instituto de Engenharia"},"image":{"@id":"https:\/\/www.institutodeengenharia.org.br\/site\/#\/schema\/logo\/image\/"},"sameAs":["https:\/\/www.facebook.com\/institutodeengenharia","https:\/\/x.com\/iengenharia","https:\/\/www.instagram.com\/institutodeengenharia\/","https:\/\/www.linkedin.com\/company\/instituto-de-engenharia\/","https:\/\/www.youtube.com\/channel\/UCXiCAlsSMe977vamW915HxA"]},{"@type":"Person","@id":"https:\/\/www.institutodeengenharia.org.br\/site\/#\/schema\/person\/3b1ff109facef084739fc2edcb9a127f","name":"TMax Tecnologia","image":{"@type":"ImageObject","inLanguage":"pt-BR","@id":"https:\/\/secure.gravatar.com\/avatar\/f912434ef7f389c92cb311fcdae346af848465d638912574b3c669070f797701?s=96&d=mm&r=g","url":"https:\/\/secure.gravatar.com\/avatar\/f912434ef7f389c92cb311fcdae346af848465d638912574b3c669070f797701?s=96&d=mm&r=g","contentUrl":"https:\/\/secure.gravatar.com\/avatar\/f912434ef7f389c92cb311fcdae346af848465d638912574b3c669070f797701?s=96&d=mm&r=g","caption":"TMax Tecnologia"},"url":"https:\/\/www.institutodeengenharia.org.br\/site\/author\/tmax\/"}]}},"_links":{"self":[{"href":"https:\/\/www.institutodeengenharia.org.br\/site\/wp-json\/wp\/v2\/posts\/14608","targetHints":{"allow":["GET"]}}],"collection":[{"href":"https:\/\/www.institutodeengenharia.org.br\/site\/wp-json\/wp\/v2\/posts"}],"about":[{"href":"https:\/\/www.institutodeengenharia.org.br\/site\/wp-json\/wp\/v2\/types\/post"}],"author":[{"embeddable":true,"href":"https:\/\/www.institutodeengenharia.org.br\/site\/wp-json\/wp\/v2\/users\/1"}],"replies":[{"embeddable":true,"href":"https:\/\/www.institutodeengenharia.org.br\/site\/wp-json\/wp\/v2\/comments?post=14608"}],"version-history":[{"count":0,"href":"https:\/\/www.institutodeengenharia.org.br\/site\/wp-json\/wp\/v2\/posts\/14608\/revisions"}],"wp:attachment":[{"href":"https:\/\/www.institutodeengenharia.org.br\/site\/wp-json\/wp\/v2\/media?parent=14608"}],"wp:term":[{"taxonomy":"category","embeddable":true,"href":"https:\/\/www.institutodeengenharia.org.br\/site\/wp-json\/wp\/v2\/categories?post=14608"},{"taxonomy":"post_tag","embeddable":true,"href":"https:\/\/www.institutodeengenharia.org.br\/site\/wp-json\/wp\/v2\/tags?post=14608"}],"curies":[{"name":"wp","href":"https:\/\/api.w.org\/{rel}","templated":true}]}}