{"id":14606,"date":"2008-04-08T21:47:58","date_gmt":"2008-04-08T21:47:58","guid":{"rendered":"https:\/\/www.institutodeengenharia.org.br\/?p=14606"},"modified":"2008-04-08T13:26:38","modified_gmt":"2008-04-08T13:26:38","slug":"aquecimento-contribui-para-disseminacao-de-doencas-diz-oms","status":"publish","type":"post","link":"https:\/\/www.institutodeengenharia.org.br\/site\/2008\/04\/08\/aquecimento-contribui-para-disseminacao-de-doencas-diz-oms\/","title":{"rendered":"Aquecimento contribui para dissemina\u00e7\u00e3o de doen\u00e7as, diz OMS"},"content":{"rendered":"<p>As mudan\u00e7as clim\u00e1ticas s\u00e3o um dos motivos respons\u00e1veis pelo aumento da incid\u00eancia de doen\u00e7as como a mal\u00e1ria e a dengue, afirmou nesta segunda-feira a Organiza\u00e7\u00e3o Mundial da Sa\u00fade (OMS). <\/p>\n<p>A cada ano, ao menos 150 mil pessoas morrem v\u00edtimas de mal\u00e1ria, diarr\u00e9ia, subnutri\u00e7\u00e3o e enchentes, ocorr\u00eancias essas que podem ter rela\u00e7\u00e3o com as altera\u00e7\u00f5es no clima do planeta, afirmou Shigeru Omi, chefe do escrit\u00f3rio da OMS para o Pac\u00edfico Ocidental. <\/p>\n<p>Mais da metade dessas mortes ocorre na \u00c1frica, disse Omi a rep\u00f3rteres. <\/p>\n<p>&#8220;Os mosquitos transmissores da mal\u00e1ria s\u00e3o encontrados agora em \u00e1reas onde n\u00e3o havia mal\u00e1ria antes&#8221;, afirmou, esclarecendo que os insetos t\u00eam se espalhado dos tr\u00f3picos para regi\u00f5es de clima mais ameno. <\/p>\n<p>&#8220;No caso de dengue, h\u00e1 muitos outros fatores respons\u00e1veis pela dissemina\u00e7\u00e3o dos mosquitos. Mas tenho certeza de que as mudan\u00e7as clim\u00e1ticas desempenham um dos pap\u00e9is nesse caso. Isso podemos afirmar com seguran\u00e7a.&#8221; <\/p>\n<p>A mal\u00e1ria mata ao menos 100 mil pessoas por ano. A OMS estima ainda que h\u00e1 50 milh\u00f5es de casos de dengue no mundo todo a cada ano. Desses doentes, 500 mil precisam ser hospitalizados e cerca de 12.500 dos casos s\u00e3o fatais. <\/p>\n<p>As mudan\u00e7as clim\u00e1ticas tamb\u00e9m est\u00e3o provocando a eleva\u00e7\u00e3o do n\u00edvel dos oceanos, o desaparecimento de rios e uma instabilidade maior nos padr\u00f5es meteorol\u00f3gicos, disse Omi. As enchentes, as secas e as ondas de calor prejudicam a sa\u00fade das popula\u00e7\u00f5es humanas, acrescentou. <\/p>\n<p>Segundo Omi, a OMS reservou um fundo de 10 milh\u00f5es de d\u00f3lares para um programa voltado a informar as pessoas e os governos sobre os perigos das mudan\u00e7as clim\u00e1ticas na \u00e1rea da sa\u00fade. <\/p>\n<p>Um menor consumo de energia e avan\u00e7os tecnol\u00f3gicos com o prop\u00f3sito de diminuir as emiss\u00f5es de carbono s\u00e3o medidas cruciais a serem adotadas, afirmou. <\/p>\n<p>&#8220;No meu escrit\u00f3rio, usamos gravata apenas em ocasi\u00f5es muito formais&#8221;, disse, acrescentando que isso permitia utilizar menos os aparelhos de ar-condicionado. <\/p>\n<p>&#8220;H\u00e1 muitas coisas que os cidad\u00e3os comuns podem fazer para evitar o consumo desnecess\u00e1rio de energia.&#8221; <\/p>\n<p><b>Autor: Estadao.com.br<\/b><\/p>\n","protected":false},"excerpt":{"rendered":"<p>As mudan\u00e7as clim\u00e1ticas s\u00e3o um dos motivos respons\u00e1veis pelo aumento da incid\u00eancia de doen\u00e7as como a mal\u00e1ria e a dengue, afirmou nesta segunda-feira a Organiza\u00e7\u00e3o Mundial da Sa\u00fade (OMS). A cada ano, ao menos 150 mil pessoas morrem v\u00edtimas de mal\u00e1ria, diarr\u00e9ia, subnutri\u00e7\u00e3o e enchentes, ocorr\u00eancias essas que podem ter rela\u00e7\u00e3o com as altera\u00e7\u00f5es no [&hellip;]<\/p>\n","protected":false},"author":1,"featured_media":0,"comment_status":"open","ping_status":"open","sticky":false,"template":"","format":"standard","meta":{"footnotes":""},"categories":[31,6],"tags":[],"class_list":{"0":"post-14606","1":"post","2":"type-post","3":"status-publish","4":"format-standard","6":"category-meio-ambiente","7":"category-noticias"},"yoast_head":"<!-- This site is optimized with the Yoast SEO plugin v27.2 - https:\/\/yoast.com\/product\/yoast-seo-wordpress\/ -->\n<title>Aquecimento contribui para dissemina\u00e7\u00e3o de doen\u00e7as, diz OMS - Instituto de Engenharia<\/title>\n<meta name=\"robots\" content=\"index, follow, max-snippet:-1, max-image-preview:large, max-video-preview:-1\" \/>\n<link rel=\"canonical\" href=\"https:\/\/www.institutodeengenharia.org.br\/site\/2008\/04\/08\/aquecimento-contribui-para-disseminacao-de-doencas-diz-oms\/\" \/>\n<meta property=\"og:locale\" content=\"pt_BR\" \/>\n<meta property=\"og:type\" content=\"article\" \/>\n<meta property=\"og:title\" content=\"Aquecimento contribui para dissemina\u00e7\u00e3o de doen\u00e7as, diz OMS - Instituto de Engenharia\" \/>\n<meta property=\"og:description\" content=\"As mudan\u00e7as clim\u00e1ticas s\u00e3o um dos motivos respons\u00e1veis pelo aumento da incid\u00eancia de doen\u00e7as como a mal\u00e1ria e a dengue, afirmou nesta segunda-feira a Organiza\u00e7\u00e3o Mundial da Sa\u00fade (OMS). A cada ano, ao menos 150 mil pessoas morrem v\u00edtimas de mal\u00e1ria, diarr\u00e9ia, subnutri\u00e7\u00e3o e enchentes, ocorr\u00eancias essas que podem ter rela\u00e7\u00e3o com as altera\u00e7\u00f5es no [&hellip;]\" \/>\n<meta property=\"og:url\" content=\"https:\/\/www.institutodeengenharia.org.br\/site\/2008\/04\/08\/aquecimento-contribui-para-disseminacao-de-doencas-diz-oms\/\" \/>\n<meta property=\"og:site_name\" content=\"Instituto de Engenharia\" \/>\n<meta property=\"article:publisher\" content=\"https:\/\/www.facebook.com\/institutodeengenharia\" \/>\n<meta property=\"article:published_time\" content=\"2008-04-08T21:47:58+00:00\" \/>\n<meta name=\"author\" content=\"TMax Tecnologia\" \/>\n<meta name=\"twitter:card\" content=\"summary_large_image\" \/>\n<meta name=\"twitter:creator\" content=\"@iengenharia\" \/>\n<meta name=\"twitter:site\" content=\"@iengenharia\" \/>\n<meta name=\"twitter:label1\" content=\"Escrito por\" \/>\n\t<meta name=\"twitter:data1\" content=\"TMax Tecnologia\" \/>\n\t<meta name=\"twitter:label2\" content=\"Est. tempo de leitura\" \/>\n\t<meta name=\"twitter:data2\" content=\"2 minutos\" \/>\n<script type=\"application\/ld+json\" class=\"yoast-schema-graph\">{\"@context\":\"https:\/\/schema.org\",\"@graph\":[{\"@type\":\"Article\",\"@id\":\"https:\/\/www.institutodeengenharia.org.br\/site\/2008\/04\/08\/aquecimento-contribui-para-disseminacao-de-doencas-diz-oms\/#article\",\"isPartOf\":{\"@id\":\"https:\/\/www.institutodeengenharia.org.br\/site\/2008\/04\/08\/aquecimento-contribui-para-disseminacao-de-doencas-diz-oms\/\"},\"author\":{\"name\":\"TMax Tecnologia\",\"@id\":\"https:\/\/www.institutodeengenharia.org.br\/site\/#\/schema\/person\/3b1ff109facef084739fc2edcb9a127f\"},\"headline\":\"Aquecimento contribui para dissemina\u00e7\u00e3o de doen\u00e7as, diz OMS\",\"datePublished\":\"2008-04-08T21:47:58+00:00\",\"mainEntityOfPage\":{\"@id\":\"https:\/\/www.institutodeengenharia.org.br\/site\/2008\/04\/08\/aquecimento-contribui-para-disseminacao-de-doencas-diz-oms\/\"},\"wordCount\":390,\"commentCount\":0,\"publisher\":{\"@id\":\"https:\/\/www.institutodeengenharia.org.br\/site\/#organization\"},\"articleSection\":[\"Meio Ambiente\",\"Not\u00edcias\"],\"inLanguage\":\"pt-BR\",\"potentialAction\":[{\"@type\":\"CommentAction\",\"name\":\"Comment\",\"target\":[\"https:\/\/www.institutodeengenharia.org.br\/site\/2008\/04\/08\/aquecimento-contribui-para-disseminacao-de-doencas-diz-oms\/#respond\"]}]},{\"@type\":\"WebPage\",\"@id\":\"https:\/\/www.institutodeengenharia.org.br\/site\/2008\/04\/08\/aquecimento-contribui-para-disseminacao-de-doencas-diz-oms\/\",\"url\":\"https:\/\/www.institutodeengenharia.org.br\/site\/2008\/04\/08\/aquecimento-contribui-para-disseminacao-de-doencas-diz-oms\/\",\"name\":\"Aquecimento contribui para dissemina\u00e7\u00e3o de doen\u00e7as, diz OMS - Instituto de Engenharia\",\"isPartOf\":{\"@id\":\"https:\/\/www.institutodeengenharia.org.br\/site\/#website\"},\"datePublished\":\"2008-04-08T21:47:58+00:00\",\"breadcrumb\":{\"@id\":\"https:\/\/www.institutodeengenharia.org.br\/site\/2008\/04\/08\/aquecimento-contribui-para-disseminacao-de-doencas-diz-oms\/#breadcrumb\"},\"inLanguage\":\"pt-BR\",\"potentialAction\":[{\"@type\":\"ReadAction\",\"target\":[\"https:\/\/www.institutodeengenharia.org.br\/site\/2008\/04\/08\/aquecimento-contribui-para-disseminacao-de-doencas-diz-oms\/\"]}]},{\"@type\":\"BreadcrumbList\",\"@id\":\"https:\/\/www.institutodeengenharia.org.br\/site\/2008\/04\/08\/aquecimento-contribui-para-disseminacao-de-doencas-diz-oms\/#breadcrumb\",\"itemListElement\":[{\"@type\":\"ListItem\",\"position\":1,\"name\":\"In\u00edcio\",\"item\":\"https:\/\/www.institutodeengenharia.org.br\/site\/\"},{\"@type\":\"ListItem\",\"position\":2,\"name\":\"Aquecimento contribui para dissemina\u00e7\u00e3o de doen\u00e7as, diz OMS\"}]},{\"@type\":\"WebSite\",\"@id\":\"https:\/\/www.institutodeengenharia.org.br\/site\/#website\",\"url\":\"https:\/\/www.institutodeengenharia.org.br\/site\/\",\"name\":\"Instituto de Engenharia\",\"description\":\"O Instituto de Engenharia promove a Engenharia em benef\u00edcio do desenvolvimento e da qualidade de vida da sociedade.\",\"publisher\":{\"@id\":\"https:\/\/www.institutodeengenharia.org.br\/site\/#organization\"},\"potentialAction\":[{\"@type\":\"SearchAction\",\"target\":{\"@type\":\"EntryPoint\",\"urlTemplate\":\"https:\/\/www.institutodeengenharia.org.br\/site\/?s={search_term_string}\"},\"query-input\":{\"@type\":\"PropertyValueSpecification\",\"valueRequired\":true,\"valueName\":\"search_term_string\"}}],\"inLanguage\":\"pt-BR\"},{\"@type\":\"Organization\",\"@id\":\"https:\/\/www.institutodeengenharia.org.br\/site\/#organization\",\"name\":\"Instituto de Engenharia\",\"url\":\"https:\/\/www.institutodeengenharia.org.br\/site\/\",\"logo\":{\"@type\":\"ImageObject\",\"inLanguage\":\"pt-BR\",\"@id\":\"https:\/\/www.institutodeengenharia.org.br\/site\/#\/schema\/logo\/image\/\",\"url\":\"https:\/\/www.institutodeengenharia.org.br\/site\/wp-content\/uploads\/2019\/03\/logo-novo-IE2018-1.jpg\",\"contentUrl\":\"https:\/\/www.institutodeengenharia.org.br\/site\/wp-content\/uploads\/2019\/03\/logo-novo-IE2018-1.jpg\",\"width\":1486,\"height\":1879,\"caption\":\"Instituto de Engenharia\"},\"image\":{\"@id\":\"https:\/\/www.institutodeengenharia.org.br\/site\/#\/schema\/logo\/image\/\"},\"sameAs\":[\"https:\/\/www.facebook.com\/institutodeengenharia\",\"https:\/\/x.com\/iengenharia\",\"https:\/\/www.instagram.com\/institutodeengenharia\/\",\"https:\/\/www.linkedin.com\/company\/instituto-de-engenharia\/\",\"https:\/\/www.youtube.com\/channel\/UCXiCAlsSMe977vamW915HxA\"]},{\"@type\":\"Person\",\"@id\":\"https:\/\/www.institutodeengenharia.org.br\/site\/#\/schema\/person\/3b1ff109facef084739fc2edcb9a127f\",\"name\":\"TMax Tecnologia\",\"image\":{\"@type\":\"ImageObject\",\"inLanguage\":\"pt-BR\",\"@id\":\"https:\/\/secure.gravatar.com\/avatar\/f912434ef7f389c92cb311fcdae346af848465d638912574b3c669070f797701?s=96&d=mm&r=g\",\"url\":\"https:\/\/secure.gravatar.com\/avatar\/f912434ef7f389c92cb311fcdae346af848465d638912574b3c669070f797701?s=96&d=mm&r=g\",\"contentUrl\":\"https:\/\/secure.gravatar.com\/avatar\/f912434ef7f389c92cb311fcdae346af848465d638912574b3c669070f797701?s=96&d=mm&r=g\",\"caption\":\"TMax Tecnologia\"},\"url\":\"https:\/\/www.institutodeengenharia.org.br\/site\/author\/tmax\/\"}]}<\/script>\n<!-- \/ Yoast SEO plugin. -->","yoast_head_json":{"title":"Aquecimento contribui para dissemina\u00e7\u00e3o de doen\u00e7as, diz OMS - Instituto de Engenharia","robots":{"index":"index","follow":"follow","max-snippet":"max-snippet:-1","max-image-preview":"max-image-preview:large","max-video-preview":"max-video-preview:-1"},"canonical":"https:\/\/www.institutodeengenharia.org.br\/site\/2008\/04\/08\/aquecimento-contribui-para-disseminacao-de-doencas-diz-oms\/","og_locale":"pt_BR","og_type":"article","og_title":"Aquecimento contribui para dissemina\u00e7\u00e3o de doen\u00e7as, diz OMS - Instituto de Engenharia","og_description":"As mudan\u00e7as clim\u00e1ticas s\u00e3o um dos motivos respons\u00e1veis pelo aumento da incid\u00eancia de doen\u00e7as como a mal\u00e1ria e a dengue, afirmou nesta segunda-feira a Organiza\u00e7\u00e3o Mundial da Sa\u00fade (OMS). A cada ano, ao menos 150 mil pessoas morrem v\u00edtimas de mal\u00e1ria, diarr\u00e9ia, subnutri\u00e7\u00e3o e enchentes, ocorr\u00eancias essas que podem ter rela\u00e7\u00e3o com as altera\u00e7\u00f5es no [&hellip;]","og_url":"https:\/\/www.institutodeengenharia.org.br\/site\/2008\/04\/08\/aquecimento-contribui-para-disseminacao-de-doencas-diz-oms\/","og_site_name":"Instituto de Engenharia","article_publisher":"https:\/\/www.facebook.com\/institutodeengenharia","article_published_time":"2008-04-08T21:47:58+00:00","author":"TMax Tecnologia","twitter_card":"summary_large_image","twitter_creator":"@iengenharia","twitter_site":"@iengenharia","twitter_misc":{"Escrito por":"TMax Tecnologia","Est. tempo de leitura":"2 minutos"},"schema":{"@context":"https:\/\/schema.org","@graph":[{"@type":"Article","@id":"https:\/\/www.institutodeengenharia.org.br\/site\/2008\/04\/08\/aquecimento-contribui-para-disseminacao-de-doencas-diz-oms\/#article","isPartOf":{"@id":"https:\/\/www.institutodeengenharia.org.br\/site\/2008\/04\/08\/aquecimento-contribui-para-disseminacao-de-doencas-diz-oms\/"},"author":{"name":"TMax Tecnologia","@id":"https:\/\/www.institutodeengenharia.org.br\/site\/#\/schema\/person\/3b1ff109facef084739fc2edcb9a127f"},"headline":"Aquecimento contribui para dissemina\u00e7\u00e3o de doen\u00e7as, diz OMS","datePublished":"2008-04-08T21:47:58+00:00","mainEntityOfPage":{"@id":"https:\/\/www.institutodeengenharia.org.br\/site\/2008\/04\/08\/aquecimento-contribui-para-disseminacao-de-doencas-diz-oms\/"},"wordCount":390,"commentCount":0,"publisher":{"@id":"https:\/\/www.institutodeengenharia.org.br\/site\/#organization"},"articleSection":["Meio Ambiente","Not\u00edcias"],"inLanguage":"pt-BR","potentialAction":[{"@type":"CommentAction","name":"Comment","target":["https:\/\/www.institutodeengenharia.org.br\/site\/2008\/04\/08\/aquecimento-contribui-para-disseminacao-de-doencas-diz-oms\/#respond"]}]},{"@type":"WebPage","@id":"https:\/\/www.institutodeengenharia.org.br\/site\/2008\/04\/08\/aquecimento-contribui-para-disseminacao-de-doencas-diz-oms\/","url":"https:\/\/www.institutodeengenharia.org.br\/site\/2008\/04\/08\/aquecimento-contribui-para-disseminacao-de-doencas-diz-oms\/","name":"Aquecimento contribui para dissemina\u00e7\u00e3o de doen\u00e7as, diz OMS - Instituto de Engenharia","isPartOf":{"@id":"https:\/\/www.institutodeengenharia.org.br\/site\/#website"},"datePublished":"2008-04-08T21:47:58+00:00","breadcrumb":{"@id":"https:\/\/www.institutodeengenharia.org.br\/site\/2008\/04\/08\/aquecimento-contribui-para-disseminacao-de-doencas-diz-oms\/#breadcrumb"},"inLanguage":"pt-BR","potentialAction":[{"@type":"ReadAction","target":["https:\/\/www.institutodeengenharia.org.br\/site\/2008\/04\/08\/aquecimento-contribui-para-disseminacao-de-doencas-diz-oms\/"]}]},{"@type":"BreadcrumbList","@id":"https:\/\/www.institutodeengenharia.org.br\/site\/2008\/04\/08\/aquecimento-contribui-para-disseminacao-de-doencas-diz-oms\/#breadcrumb","itemListElement":[{"@type":"ListItem","position":1,"name":"In\u00edcio","item":"https:\/\/www.institutodeengenharia.org.br\/site\/"},{"@type":"ListItem","position":2,"name":"Aquecimento contribui para dissemina\u00e7\u00e3o de doen\u00e7as, diz OMS"}]},{"@type":"WebSite","@id":"https:\/\/www.institutodeengenharia.org.br\/site\/#website","url":"https:\/\/www.institutodeengenharia.org.br\/site\/","name":"Instituto de Engenharia","description":"O Instituto de Engenharia promove a Engenharia em benef\u00edcio do desenvolvimento e da qualidade de vida da sociedade.","publisher":{"@id":"https:\/\/www.institutodeengenharia.org.br\/site\/#organization"},"potentialAction":[{"@type":"SearchAction","target":{"@type":"EntryPoint","urlTemplate":"https:\/\/www.institutodeengenharia.org.br\/site\/?s={search_term_string}"},"query-input":{"@type":"PropertyValueSpecification","valueRequired":true,"valueName":"search_term_string"}}],"inLanguage":"pt-BR"},{"@type":"Organization","@id":"https:\/\/www.institutodeengenharia.org.br\/site\/#organization","name":"Instituto de Engenharia","url":"https:\/\/www.institutodeengenharia.org.br\/site\/","logo":{"@type":"ImageObject","inLanguage":"pt-BR","@id":"https:\/\/www.institutodeengenharia.org.br\/site\/#\/schema\/logo\/image\/","url":"https:\/\/www.institutodeengenharia.org.br\/site\/wp-content\/uploads\/2019\/03\/logo-novo-IE2018-1.jpg","contentUrl":"https:\/\/www.institutodeengenharia.org.br\/site\/wp-content\/uploads\/2019\/03\/logo-novo-IE2018-1.jpg","width":1486,"height":1879,"caption":"Instituto de Engenharia"},"image":{"@id":"https:\/\/www.institutodeengenharia.org.br\/site\/#\/schema\/logo\/image\/"},"sameAs":["https:\/\/www.facebook.com\/institutodeengenharia","https:\/\/x.com\/iengenharia","https:\/\/www.instagram.com\/institutodeengenharia\/","https:\/\/www.linkedin.com\/company\/instituto-de-engenharia\/","https:\/\/www.youtube.com\/channel\/UCXiCAlsSMe977vamW915HxA"]},{"@type":"Person","@id":"https:\/\/www.institutodeengenharia.org.br\/site\/#\/schema\/person\/3b1ff109facef084739fc2edcb9a127f","name":"TMax Tecnologia","image":{"@type":"ImageObject","inLanguage":"pt-BR","@id":"https:\/\/secure.gravatar.com\/avatar\/f912434ef7f389c92cb311fcdae346af848465d638912574b3c669070f797701?s=96&d=mm&r=g","url":"https:\/\/secure.gravatar.com\/avatar\/f912434ef7f389c92cb311fcdae346af848465d638912574b3c669070f797701?s=96&d=mm&r=g","contentUrl":"https:\/\/secure.gravatar.com\/avatar\/f912434ef7f389c92cb311fcdae346af848465d638912574b3c669070f797701?s=96&d=mm&r=g","caption":"TMax Tecnologia"},"url":"https:\/\/www.institutodeengenharia.org.br\/site\/author\/tmax\/"}]}},"_links":{"self":[{"href":"https:\/\/www.institutodeengenharia.org.br\/site\/wp-json\/wp\/v2\/posts\/14606","targetHints":{"allow":["GET"]}}],"collection":[{"href":"https:\/\/www.institutodeengenharia.org.br\/site\/wp-json\/wp\/v2\/posts"}],"about":[{"href":"https:\/\/www.institutodeengenharia.org.br\/site\/wp-json\/wp\/v2\/types\/post"}],"author":[{"embeddable":true,"href":"https:\/\/www.institutodeengenharia.org.br\/site\/wp-json\/wp\/v2\/users\/1"}],"replies":[{"embeddable":true,"href":"https:\/\/www.institutodeengenharia.org.br\/site\/wp-json\/wp\/v2\/comments?post=14606"}],"version-history":[{"count":0,"href":"https:\/\/www.institutodeengenharia.org.br\/site\/wp-json\/wp\/v2\/posts\/14606\/revisions"}],"wp:attachment":[{"href":"https:\/\/www.institutodeengenharia.org.br\/site\/wp-json\/wp\/v2\/media?parent=14606"}],"wp:term":[{"taxonomy":"category","embeddable":true,"href":"https:\/\/www.institutodeengenharia.org.br\/site\/wp-json\/wp\/v2\/categories?post=14606"},{"taxonomy":"post_tag","embeddable":true,"href":"https:\/\/www.institutodeengenharia.org.br\/site\/wp-json\/wp\/v2\/tags?post=14606"}],"curies":[{"name":"wp","href":"https:\/\/api.w.org\/{rel}","templated":true}]}}