{"id":14602,"date":"2008-04-08T21:47:54","date_gmt":"2008-04-08T21:47:54","guid":{"rendered":"https:\/\/www.institutodeengenharia.org.br\/?p=14602"},"modified":"2008-04-08T13:22:13","modified_gmt":"2008-04-08T13:22:13","slug":"greve-de-fiscais-afeta-producao-em-industrias","status":"publish","type":"post","link":"https:\/\/www.institutodeengenharia.org.br\/site\/2008\/04\/08\/greve-de-fiscais-afeta-producao-em-industrias\/","title":{"rendered":"Greve de fiscais afeta produ\u00e7\u00e3o em ind\u00fastrias"},"content":{"rendered":"<p>A greve dos auditores fiscais da Receita Federal j\u00e1 afeta a produ\u00e7\u00e3o nas ind\u00fastrias de eletroeletr\u00f4nicos e de ve\u00edculos de S\u00e3o Paulo, uma vez que as empresas sofrem com a falta de mat\u00e9rias-primas em algumas linhas de montagem, afirmou o diretor de Com\u00e9rcio Exterior da Ciesp\/Fiesp, Ricardo Martins. A situa\u00e7\u00e3o pode se agravar, pois o movimento grevista dos funcion\u00e1rios da Receita Federal, iniciado no dia 18 de mar\u00e7o, n\u00e3o tem perspectiva de ser encerrado nesta semana, segundo o secret\u00e1rio-geral do sindicato da categoria (Unafisco), Rog\u00e9rio Calil.\u00a0<\/p>\n<p>&#8220;Hoje, os setores que mais sofrem s\u00e3o a ind\u00fastria automobil\u00edstica e de eletroeletr\u00f4nicos. T\u00eam componentes importados da linha de produ\u00e7\u00e3o (parados nos portos). Dessa forma, algumas j\u00e1 come\u00e7aram a parar. Por mais que uma empresa esteja precavida, n\u00e3o tem estoques para suprir essas necessidades&#8221;, disse o diretor da Ciesp\/Fiesp. Segundo Martins, a greve dos fiscais ocorre em um momento em que a ind\u00fastria de eletroeletr\u00f4nicos, por exemplo, vinha contratando mais para fazer frente \u00e0 demanda adicional gerada pela proximidade do Dia das M\u00e3es, em maio.\u00a0<\/p>\n<p>A situa\u00e7\u00e3o n\u00e3o prejudica muito o embarque de produtos aliment\u00edcios, como gr\u00e3os e carnes, porque tais mercadorias est\u00e3o sendo priorizadas pelo efetivo de 30% dos fiscais que mant\u00eam as atividades. No entanto, no porto de Paranagu\u00e1 (PR), um outro protesto, o dos trabalhadores portu\u00e1rios e estivadores aut\u00f4nomos, diminui o ritmo de descarregamento de gr\u00e3os no porto. Os manifestantes apenas realizam a descarga de seis caminh\u00f5es por hora com gr\u00e3os, quando normalmente mais de 200 seriam atendidos.\u00a0<\/p>\n<p>Os navios em Paranagu\u00e1, um dos mais importantes para a exporta\u00e7\u00e3o de produtos agr\u00edcolas, ainda continuam sendo carregados, mas se a opera\u00e7\u00e3o-padr\u00e3o continuar por muito tempo os estoques do porto podem ficar em n\u00edveis que inviabilizariam a exporta\u00e7\u00e3o. <br \/>\nInd\u00fastria usa liminares &#8211; O problema n\u00e3o \u00e9 mais grave no Porto de Santos (SP) porque as ind\u00fastrias t\u00eam se apoiado em decis\u00f5es judiciais para liberar as mercadorias cujo tr\u00e2mite est\u00e1 sendo atrasado pela greve dos fiscais da Receita Federal.\u00a0<\/p>\n<p>Das cerca de 2 mil ind\u00fastrias associadas \u00e0 Fiesp, ao menos 750 j\u00e1 utilizaram a liminar que obriga os fiscais a liberar as cargas. &#8220;Esse n\u00famero \u00e9 muito expressivo. Isso demonstra o n\u00famero de empresas prejudicadas pela greve&#8221;, acrescentou Martins. <br \/>\nEm outros portos do pa\u00eds, o mesmo subterf\u00fagio vem sendo utilizado. O representante da ind\u00fastria paulista, a mais representativa do Pa\u00eds, afirmou que at\u00e9 sexta-feira o setor calculava em US$ 350 milh\u00f5es o valor das mercadorias paradas em portos e aeroportos de S\u00e3o Paulo. <\/p>\n<p><b>Autor: Gazeta Mercantil<\/b><\/p>\n","protected":false},"excerpt":{"rendered":"<p>A greve dos auditores fiscais da Receita Federal j\u00e1 afeta a produ\u00e7\u00e3o nas ind\u00fastrias de eletroeletr\u00f4nicos e de ve\u00edculos de S\u00e3o Paulo, uma vez que as empresas sofrem com a falta de mat\u00e9rias-primas em algumas linhas de montagem, afirmou o diretor de Com\u00e9rcio Exterior da Ciesp\/Fiesp, Ricardo Martins. A situa\u00e7\u00e3o pode se agravar, pois o [&hellip;]<\/p>\n","protected":false},"author":1,"featured_media":0,"comment_status":"open","ping_status":"open","sticky":false,"template":"","format":"standard","meta":{"footnotes":""},"categories":[25,6],"tags":[],"class_list":{"0":"post-14602","1":"post","2":"type-post","3":"status-publish","4":"format-standard","6":"category-industria","7":"category-noticias"},"yoast_head":"<!-- This site is optimized with the Yoast SEO plugin v27.2 - https:\/\/yoast.com\/product\/yoast-seo-wordpress\/ -->\n<title>Greve de fiscais afeta produ\u00e7\u00e3o em ind\u00fastrias - Instituto de Engenharia<\/title>\n<meta name=\"robots\" content=\"index, follow, max-snippet:-1, max-image-preview:large, max-video-preview:-1\" \/>\n<link rel=\"canonical\" href=\"https:\/\/www.institutodeengenharia.org.br\/site\/2008\/04\/08\/greve-de-fiscais-afeta-producao-em-industrias\/\" \/>\n<meta property=\"og:locale\" content=\"pt_BR\" \/>\n<meta property=\"og:type\" content=\"article\" \/>\n<meta property=\"og:title\" content=\"Greve de fiscais afeta produ\u00e7\u00e3o em ind\u00fastrias - Instituto de Engenharia\" \/>\n<meta property=\"og:description\" content=\"A greve dos auditores fiscais da Receita Federal j\u00e1 afeta a produ\u00e7\u00e3o nas ind\u00fastrias de eletroeletr\u00f4nicos e de ve\u00edculos de S\u00e3o Paulo, uma vez que as empresas sofrem com a falta de mat\u00e9rias-primas em algumas linhas de montagem, afirmou o diretor de Com\u00e9rcio Exterior da Ciesp\/Fiesp, Ricardo Martins. A situa\u00e7\u00e3o pode se agravar, pois o [&hellip;]\" \/>\n<meta property=\"og:url\" content=\"https:\/\/www.institutodeengenharia.org.br\/site\/2008\/04\/08\/greve-de-fiscais-afeta-producao-em-industrias\/\" \/>\n<meta property=\"og:site_name\" content=\"Instituto de Engenharia\" \/>\n<meta property=\"article:publisher\" content=\"https:\/\/www.facebook.com\/institutodeengenharia\" \/>\n<meta property=\"article:published_time\" content=\"2008-04-08T21:47:54+00:00\" \/>\n<meta name=\"author\" content=\"TMax Tecnologia\" \/>\n<meta name=\"twitter:card\" content=\"summary_large_image\" \/>\n<meta name=\"twitter:creator\" content=\"@iengenharia\" \/>\n<meta name=\"twitter:site\" content=\"@iengenharia\" \/>\n<meta name=\"twitter:label1\" content=\"Escrito por\" \/>\n\t<meta name=\"twitter:data1\" content=\"TMax Tecnologia\" \/>\n\t<meta name=\"twitter:label2\" content=\"Est. tempo de leitura\" \/>\n\t<meta name=\"twitter:data2\" content=\"2 minutos\" \/>\n<script type=\"application\/ld+json\" class=\"yoast-schema-graph\">{\"@context\":\"https:\/\/schema.org\",\"@graph\":[{\"@type\":\"Article\",\"@id\":\"https:\/\/www.institutodeengenharia.org.br\/site\/2008\/04\/08\/greve-de-fiscais-afeta-producao-em-industrias\/#article\",\"isPartOf\":{\"@id\":\"https:\/\/www.institutodeengenharia.org.br\/site\/2008\/04\/08\/greve-de-fiscais-afeta-producao-em-industrias\/\"},\"author\":{\"name\":\"TMax Tecnologia\",\"@id\":\"https:\/\/www.institutodeengenharia.org.br\/site\/#\/schema\/person\/3b1ff109facef084739fc2edcb9a127f\"},\"headline\":\"Greve de fiscais afeta produ\u00e7\u00e3o em ind\u00fastrias\",\"datePublished\":\"2008-04-08T21:47:54+00:00\",\"mainEntityOfPage\":{\"@id\":\"https:\/\/www.institutodeengenharia.org.br\/site\/2008\/04\/08\/greve-de-fiscais-afeta-producao-em-industrias\/\"},\"wordCount\":469,\"commentCount\":0,\"publisher\":{\"@id\":\"https:\/\/www.institutodeengenharia.org.br\/site\/#organization\"},\"articleSection\":[\"Ind\u00fastria\",\"Not\u00edcias\"],\"inLanguage\":\"pt-BR\",\"potentialAction\":[{\"@type\":\"CommentAction\",\"name\":\"Comment\",\"target\":[\"https:\/\/www.institutodeengenharia.org.br\/site\/2008\/04\/08\/greve-de-fiscais-afeta-producao-em-industrias\/#respond\"]}]},{\"@type\":\"WebPage\",\"@id\":\"https:\/\/www.institutodeengenharia.org.br\/site\/2008\/04\/08\/greve-de-fiscais-afeta-producao-em-industrias\/\",\"url\":\"https:\/\/www.institutodeengenharia.org.br\/site\/2008\/04\/08\/greve-de-fiscais-afeta-producao-em-industrias\/\",\"name\":\"Greve de fiscais afeta produ\u00e7\u00e3o em ind\u00fastrias - Instituto de Engenharia\",\"isPartOf\":{\"@id\":\"https:\/\/www.institutodeengenharia.org.br\/site\/#website\"},\"datePublished\":\"2008-04-08T21:47:54+00:00\",\"breadcrumb\":{\"@id\":\"https:\/\/www.institutodeengenharia.org.br\/site\/2008\/04\/08\/greve-de-fiscais-afeta-producao-em-industrias\/#breadcrumb\"},\"inLanguage\":\"pt-BR\",\"potentialAction\":[{\"@type\":\"ReadAction\",\"target\":[\"https:\/\/www.institutodeengenharia.org.br\/site\/2008\/04\/08\/greve-de-fiscais-afeta-producao-em-industrias\/\"]}]},{\"@type\":\"BreadcrumbList\",\"@id\":\"https:\/\/www.institutodeengenharia.org.br\/site\/2008\/04\/08\/greve-de-fiscais-afeta-producao-em-industrias\/#breadcrumb\",\"itemListElement\":[{\"@type\":\"ListItem\",\"position\":1,\"name\":\"In\u00edcio\",\"item\":\"https:\/\/www.institutodeengenharia.org.br\/site\/\"},{\"@type\":\"ListItem\",\"position\":2,\"name\":\"Greve de fiscais afeta produ\u00e7\u00e3o em ind\u00fastrias\"}]},{\"@type\":\"WebSite\",\"@id\":\"https:\/\/www.institutodeengenharia.org.br\/site\/#website\",\"url\":\"https:\/\/www.institutodeengenharia.org.br\/site\/\",\"name\":\"Instituto de Engenharia\",\"description\":\"O Instituto de Engenharia promove a Engenharia em benef\u00edcio do desenvolvimento e da qualidade de vida da sociedade.\",\"publisher\":{\"@id\":\"https:\/\/www.institutodeengenharia.org.br\/site\/#organization\"},\"potentialAction\":[{\"@type\":\"SearchAction\",\"target\":{\"@type\":\"EntryPoint\",\"urlTemplate\":\"https:\/\/www.institutodeengenharia.org.br\/site\/?s={search_term_string}\"},\"query-input\":{\"@type\":\"PropertyValueSpecification\",\"valueRequired\":true,\"valueName\":\"search_term_string\"}}],\"inLanguage\":\"pt-BR\"},{\"@type\":\"Organization\",\"@id\":\"https:\/\/www.institutodeengenharia.org.br\/site\/#organization\",\"name\":\"Instituto de Engenharia\",\"url\":\"https:\/\/www.institutodeengenharia.org.br\/site\/\",\"logo\":{\"@type\":\"ImageObject\",\"inLanguage\":\"pt-BR\",\"@id\":\"https:\/\/www.institutodeengenharia.org.br\/site\/#\/schema\/logo\/image\/\",\"url\":\"https:\/\/www.institutodeengenharia.org.br\/site\/wp-content\/uploads\/2019\/03\/logo-novo-IE2018-1.jpg\",\"contentUrl\":\"https:\/\/www.institutodeengenharia.org.br\/site\/wp-content\/uploads\/2019\/03\/logo-novo-IE2018-1.jpg\",\"width\":1486,\"height\":1879,\"caption\":\"Instituto de Engenharia\"},\"image\":{\"@id\":\"https:\/\/www.institutodeengenharia.org.br\/site\/#\/schema\/logo\/image\/\"},\"sameAs\":[\"https:\/\/www.facebook.com\/institutodeengenharia\",\"https:\/\/x.com\/iengenharia\",\"https:\/\/www.instagram.com\/institutodeengenharia\/\",\"https:\/\/www.linkedin.com\/company\/instituto-de-engenharia\/\",\"https:\/\/www.youtube.com\/channel\/UCXiCAlsSMe977vamW915HxA\"]},{\"@type\":\"Person\",\"@id\":\"https:\/\/www.institutodeengenharia.org.br\/site\/#\/schema\/person\/3b1ff109facef084739fc2edcb9a127f\",\"name\":\"TMax Tecnologia\",\"image\":{\"@type\":\"ImageObject\",\"inLanguage\":\"pt-BR\",\"@id\":\"https:\/\/secure.gravatar.com\/avatar\/f912434ef7f389c92cb311fcdae346af848465d638912574b3c669070f797701?s=96&d=mm&r=g\",\"url\":\"https:\/\/secure.gravatar.com\/avatar\/f912434ef7f389c92cb311fcdae346af848465d638912574b3c669070f797701?s=96&d=mm&r=g\",\"contentUrl\":\"https:\/\/secure.gravatar.com\/avatar\/f912434ef7f389c92cb311fcdae346af848465d638912574b3c669070f797701?s=96&d=mm&r=g\",\"caption\":\"TMax Tecnologia\"},\"url\":\"https:\/\/www.institutodeengenharia.org.br\/site\/author\/tmax\/\"}]}<\/script>\n<!-- \/ Yoast SEO plugin. -->","yoast_head_json":{"title":"Greve de fiscais afeta produ\u00e7\u00e3o em ind\u00fastrias - Instituto de Engenharia","robots":{"index":"index","follow":"follow","max-snippet":"max-snippet:-1","max-image-preview":"max-image-preview:large","max-video-preview":"max-video-preview:-1"},"canonical":"https:\/\/www.institutodeengenharia.org.br\/site\/2008\/04\/08\/greve-de-fiscais-afeta-producao-em-industrias\/","og_locale":"pt_BR","og_type":"article","og_title":"Greve de fiscais afeta produ\u00e7\u00e3o em ind\u00fastrias - Instituto de Engenharia","og_description":"A greve dos auditores fiscais da Receita Federal j\u00e1 afeta a produ\u00e7\u00e3o nas ind\u00fastrias de eletroeletr\u00f4nicos e de ve\u00edculos de S\u00e3o Paulo, uma vez que as empresas sofrem com a falta de mat\u00e9rias-primas em algumas linhas de montagem, afirmou o diretor de Com\u00e9rcio Exterior da Ciesp\/Fiesp, Ricardo Martins. A situa\u00e7\u00e3o pode se agravar, pois o [&hellip;]","og_url":"https:\/\/www.institutodeengenharia.org.br\/site\/2008\/04\/08\/greve-de-fiscais-afeta-producao-em-industrias\/","og_site_name":"Instituto de Engenharia","article_publisher":"https:\/\/www.facebook.com\/institutodeengenharia","article_published_time":"2008-04-08T21:47:54+00:00","author":"TMax Tecnologia","twitter_card":"summary_large_image","twitter_creator":"@iengenharia","twitter_site":"@iengenharia","twitter_misc":{"Escrito por":"TMax Tecnologia","Est. tempo de leitura":"2 minutos"},"schema":{"@context":"https:\/\/schema.org","@graph":[{"@type":"Article","@id":"https:\/\/www.institutodeengenharia.org.br\/site\/2008\/04\/08\/greve-de-fiscais-afeta-producao-em-industrias\/#article","isPartOf":{"@id":"https:\/\/www.institutodeengenharia.org.br\/site\/2008\/04\/08\/greve-de-fiscais-afeta-producao-em-industrias\/"},"author":{"name":"TMax Tecnologia","@id":"https:\/\/www.institutodeengenharia.org.br\/site\/#\/schema\/person\/3b1ff109facef084739fc2edcb9a127f"},"headline":"Greve de fiscais afeta produ\u00e7\u00e3o em ind\u00fastrias","datePublished":"2008-04-08T21:47:54+00:00","mainEntityOfPage":{"@id":"https:\/\/www.institutodeengenharia.org.br\/site\/2008\/04\/08\/greve-de-fiscais-afeta-producao-em-industrias\/"},"wordCount":469,"commentCount":0,"publisher":{"@id":"https:\/\/www.institutodeengenharia.org.br\/site\/#organization"},"articleSection":["Ind\u00fastria","Not\u00edcias"],"inLanguage":"pt-BR","potentialAction":[{"@type":"CommentAction","name":"Comment","target":["https:\/\/www.institutodeengenharia.org.br\/site\/2008\/04\/08\/greve-de-fiscais-afeta-producao-em-industrias\/#respond"]}]},{"@type":"WebPage","@id":"https:\/\/www.institutodeengenharia.org.br\/site\/2008\/04\/08\/greve-de-fiscais-afeta-producao-em-industrias\/","url":"https:\/\/www.institutodeengenharia.org.br\/site\/2008\/04\/08\/greve-de-fiscais-afeta-producao-em-industrias\/","name":"Greve de fiscais afeta produ\u00e7\u00e3o em ind\u00fastrias - Instituto de Engenharia","isPartOf":{"@id":"https:\/\/www.institutodeengenharia.org.br\/site\/#website"},"datePublished":"2008-04-08T21:47:54+00:00","breadcrumb":{"@id":"https:\/\/www.institutodeengenharia.org.br\/site\/2008\/04\/08\/greve-de-fiscais-afeta-producao-em-industrias\/#breadcrumb"},"inLanguage":"pt-BR","potentialAction":[{"@type":"ReadAction","target":["https:\/\/www.institutodeengenharia.org.br\/site\/2008\/04\/08\/greve-de-fiscais-afeta-producao-em-industrias\/"]}]},{"@type":"BreadcrumbList","@id":"https:\/\/www.institutodeengenharia.org.br\/site\/2008\/04\/08\/greve-de-fiscais-afeta-producao-em-industrias\/#breadcrumb","itemListElement":[{"@type":"ListItem","position":1,"name":"In\u00edcio","item":"https:\/\/www.institutodeengenharia.org.br\/site\/"},{"@type":"ListItem","position":2,"name":"Greve de fiscais afeta produ\u00e7\u00e3o em ind\u00fastrias"}]},{"@type":"WebSite","@id":"https:\/\/www.institutodeengenharia.org.br\/site\/#website","url":"https:\/\/www.institutodeengenharia.org.br\/site\/","name":"Instituto de Engenharia","description":"O Instituto de Engenharia promove a Engenharia em benef\u00edcio do desenvolvimento e da qualidade de vida da sociedade.","publisher":{"@id":"https:\/\/www.institutodeengenharia.org.br\/site\/#organization"},"potentialAction":[{"@type":"SearchAction","target":{"@type":"EntryPoint","urlTemplate":"https:\/\/www.institutodeengenharia.org.br\/site\/?s={search_term_string}"},"query-input":{"@type":"PropertyValueSpecification","valueRequired":true,"valueName":"search_term_string"}}],"inLanguage":"pt-BR"},{"@type":"Organization","@id":"https:\/\/www.institutodeengenharia.org.br\/site\/#organization","name":"Instituto de Engenharia","url":"https:\/\/www.institutodeengenharia.org.br\/site\/","logo":{"@type":"ImageObject","inLanguage":"pt-BR","@id":"https:\/\/www.institutodeengenharia.org.br\/site\/#\/schema\/logo\/image\/","url":"https:\/\/www.institutodeengenharia.org.br\/site\/wp-content\/uploads\/2019\/03\/logo-novo-IE2018-1.jpg","contentUrl":"https:\/\/www.institutodeengenharia.org.br\/site\/wp-content\/uploads\/2019\/03\/logo-novo-IE2018-1.jpg","width":1486,"height":1879,"caption":"Instituto de Engenharia"},"image":{"@id":"https:\/\/www.institutodeengenharia.org.br\/site\/#\/schema\/logo\/image\/"},"sameAs":["https:\/\/www.facebook.com\/institutodeengenharia","https:\/\/x.com\/iengenharia","https:\/\/www.instagram.com\/institutodeengenharia\/","https:\/\/www.linkedin.com\/company\/instituto-de-engenharia\/","https:\/\/www.youtube.com\/channel\/UCXiCAlsSMe977vamW915HxA"]},{"@type":"Person","@id":"https:\/\/www.institutodeengenharia.org.br\/site\/#\/schema\/person\/3b1ff109facef084739fc2edcb9a127f","name":"TMax Tecnologia","image":{"@type":"ImageObject","inLanguage":"pt-BR","@id":"https:\/\/secure.gravatar.com\/avatar\/f912434ef7f389c92cb311fcdae346af848465d638912574b3c669070f797701?s=96&d=mm&r=g","url":"https:\/\/secure.gravatar.com\/avatar\/f912434ef7f389c92cb311fcdae346af848465d638912574b3c669070f797701?s=96&d=mm&r=g","contentUrl":"https:\/\/secure.gravatar.com\/avatar\/f912434ef7f389c92cb311fcdae346af848465d638912574b3c669070f797701?s=96&d=mm&r=g","caption":"TMax Tecnologia"},"url":"https:\/\/www.institutodeengenharia.org.br\/site\/author\/tmax\/"}]}},"_links":{"self":[{"href":"https:\/\/www.institutodeengenharia.org.br\/site\/wp-json\/wp\/v2\/posts\/14602","targetHints":{"allow":["GET"]}}],"collection":[{"href":"https:\/\/www.institutodeengenharia.org.br\/site\/wp-json\/wp\/v2\/posts"}],"about":[{"href":"https:\/\/www.institutodeengenharia.org.br\/site\/wp-json\/wp\/v2\/types\/post"}],"author":[{"embeddable":true,"href":"https:\/\/www.institutodeengenharia.org.br\/site\/wp-json\/wp\/v2\/users\/1"}],"replies":[{"embeddable":true,"href":"https:\/\/www.institutodeengenharia.org.br\/site\/wp-json\/wp\/v2\/comments?post=14602"}],"version-history":[{"count":0,"href":"https:\/\/www.institutodeengenharia.org.br\/site\/wp-json\/wp\/v2\/posts\/14602\/revisions"}],"wp:attachment":[{"href":"https:\/\/www.institutodeengenharia.org.br\/site\/wp-json\/wp\/v2\/media?parent=14602"}],"wp:term":[{"taxonomy":"category","embeddable":true,"href":"https:\/\/www.institutodeengenharia.org.br\/site\/wp-json\/wp\/v2\/categories?post=14602"},{"taxonomy":"post_tag","embeddable":true,"href":"https:\/\/www.institutodeengenharia.org.br\/site\/wp-json\/wp\/v2\/tags?post=14602"}],"curies":[{"name":"wp","href":"https:\/\/api.w.org\/{rel}","templated":true}]}}