{"id":14599,"date":"2008-04-07T21:47:51","date_gmt":"2008-04-07T21:47:51","guid":{"rendered":"https:\/\/www.institutodeengenharia.org.br\/?p=14599"},"modified":"2008-04-07T16:27:09","modified_gmt":"2008-04-07T16:27:09","slug":"conferencia-apresenta-mosaico-da-construcao-no-mundo","status":"publish","type":"post","link":"https:\/\/www.institutodeengenharia.org.br\/site\/2008\/04\/07\/conferencia-apresenta-mosaico-da-construcao-no-mundo\/","title":{"rendered":"Confer\u00eancia apresenta mosaico da constru\u00e7\u00e3o no mundo"},"content":{"rendered":"<p>Um panorama do que vem sendo feito no setor da constru\u00e7\u00e3o na Am\u00e9rica do Norte, \u00c1frica, \u00c1sia e Europa foi apresentado na confer\u00eancia internacional Macrotend\u00eancias da Constru\u00e7\u00e3o 2008. O evento ocorreu em S\u00e3o Paulo e foi organizado pela Escola Polit\u00e9cnica da USP e pelo CIB (Conselho Internacional de Pesquisa e Desenvolvimento na Constru\u00e7\u00e3o). <\/p>\n<p>Boa parte do encontro foi dedicada \u00e0 discuss\u00e3o do papel do setor na redu\u00e7\u00e3o do consumo de energia e emiss\u00e3o de gases estufa. Christian Kornevall, do World Business Council for Sustainable Development, lembrou que, no mundo, a opera\u00e7\u00e3o e manuten\u00e7\u00e3o das constru\u00e7\u00f5es s\u00e3o respons\u00e1veis por 37% do total de energia consumida, al\u00e9m de cerca de 40% da emiss\u00e3o total de CO2. Para ele, o Brasil deve despertar para o problema e administrar o crescimento de sua demanda energ\u00e9tica. &#8220;Os edif\u00edcios podem e devem ter consumo zero de energia&#8221;, afirma. Niclas Svenningsen, membro da Iniciativa de Constru\u00e7\u00e3o Sustent\u00e1vel do Programa das Na\u00e7\u00f5es Unidas para o Meio Ambiente, fez coro: &#8220;o problema n\u00e3o \u00e9 a falta de tecnologia, mas que o setor da constru\u00e7\u00e3o n\u00e3o tem usado a tecnologia para esse fim&#8221;. <\/p>\n<p>Professor da Universidade Arist\u00f3teles, na Gr\u00e9cia, Kyriakos Papaioannou mostrou o impacto dos Jogos Ol\u00edmpicos de Atenas, em 2004, sobre o setor da constru\u00e7\u00e3o. Entre 1997 e 2003, conta, o PIB da Constru\u00e7\u00e3o dobrou, atingindo $ 13,6 bilh\u00f5es. Nos dois anos seguintes, 2004 e 2005, com o fim das obras para a Competi\u00e7\u00e3o, os construtores gregos &#8220;passaram dificuldades&#8221;, nas palavras de Papaioannou, mas logo retomaram o crescimento com investimentos p\u00fablicos em obras de infra-estrutura, como os \u00bf$ 2 bilh\u00f5es destinados a melhorias do sistema ferrovi\u00e1rio grego. <\/p>\n<p>Em uma palestra que considerou um pouco &#8220;negativista&#8221;, Rodney Milford apresentou um panorama do setor da Constru\u00e7\u00e3o Civil na \u00c1frica do Sul. Na apresenta\u00e7\u00e3o, o engenheiro destacou a retomada, depois de uma d\u00e9cada e meia de recess\u00e3o, do crescimento do setor a partir de 1994, quando Nelson Mandela assumiu a presid\u00eancia nas primeiras elei\u00e7\u00f5es democr\u00e1ticas da hist\u00f3ria do pa\u00eds. Os gr\u00e1ficos mostram taxas de crescimento mais ou menos constantes, que t\u00eam se sustentado at\u00e9 hoje. \u00c0s v\u00e9speras da Copa do Mundo de 2010, lembra Milford, o governo sul-africano prepara um pacote de maci\u00e7os investimentos em infra-estrutura. Entretanto, o crescimento do setor da constru\u00e7\u00e3o tem sido acompanhado por uma alta de pre\u00e7os de materiais sobretudo do cimento, blocos de concreto e tubos de cobre desde 2002. Segundo o engenheiro, esse aumento de pre\u00e7os, maior do que a taxa de infla\u00e7\u00e3o registrada no per\u00edodo, pressionou o custo da constru\u00e7\u00e3o. Dentre as causas apontadas por Milford est\u00e3o o aumento dos custos de energia e o crescimento das margens de lucro dos fornecedores. <\/p>\n<p>Yoshiro Yashiro, engenheiro da Shimizu, 5\u00aa maior construtora do Jap\u00e3o, destacou a preocupa\u00e7\u00e3o do segmento de seu pa\u00eds em investir em P&#038;D (Pesquisa e Desenvolvimento). A Shimizu possui um instituto tecnol\u00f3gico pr\u00f3prio, em que desenvolve suas pr\u00f3prias solu\u00e7\u00f5es construtivas. A divis\u00e3o conta com 220 engenheiros e j\u00e1 publicou 1862 patentes. <\/p>\n<p><b>Autor: Revista T\u00e9chne &#8211; Renato Faria<\/b><\/p>\n","protected":false},"excerpt":{"rendered":"<p>Um panorama do que vem sendo feito no setor da constru\u00e7\u00e3o na Am\u00e9rica do Norte, \u00c1frica, \u00c1sia e Europa foi apresentado na confer\u00eancia internacional Macrotend\u00eancias da Constru\u00e7\u00e3o 2008. O evento ocorreu em S\u00e3o Paulo e foi organizado pela Escola Polit\u00e9cnica da USP e pelo CIB (Conselho Internacional de Pesquisa e Desenvolvimento na Constru\u00e7\u00e3o). Boa parte [&hellip;]<\/p>\n","protected":false},"author":1,"featured_media":0,"comment_status":"open","ping_status":"open","sticky":false,"template":"","format":"standard","meta":{"footnotes":""},"categories":[6,42],"tags":[],"class_list":{"0":"post-14599","1":"post","2":"type-post","3":"status-publish","4":"format-standard","6":"category-noticias","7":"category-urbanismo"},"yoast_head":"<!-- This site is optimized with the Yoast SEO plugin v27.2 - https:\/\/yoast.com\/product\/yoast-seo-wordpress\/ -->\n<title>Confer\u00eancia apresenta mosaico da constru\u00e7\u00e3o no mundo - Instituto de Engenharia<\/title>\n<meta name=\"robots\" content=\"index, follow, max-snippet:-1, max-image-preview:large, max-video-preview:-1\" \/>\n<link rel=\"canonical\" href=\"https:\/\/www.institutodeengenharia.org.br\/site\/2008\/04\/07\/conferencia-apresenta-mosaico-da-construcao-no-mundo\/\" \/>\n<meta property=\"og:locale\" content=\"pt_BR\" \/>\n<meta property=\"og:type\" content=\"article\" \/>\n<meta property=\"og:title\" content=\"Confer\u00eancia apresenta mosaico da constru\u00e7\u00e3o no mundo - Instituto de Engenharia\" \/>\n<meta property=\"og:description\" content=\"Um panorama do que vem sendo feito no setor da constru\u00e7\u00e3o na Am\u00e9rica do Norte, \u00c1frica, \u00c1sia e Europa foi apresentado na confer\u00eancia internacional Macrotend\u00eancias da Constru\u00e7\u00e3o 2008. O evento ocorreu em S\u00e3o Paulo e foi organizado pela Escola Polit\u00e9cnica da USP e pelo CIB (Conselho Internacional de Pesquisa e Desenvolvimento na Constru\u00e7\u00e3o). Boa parte [&hellip;]\" \/>\n<meta property=\"og:url\" content=\"https:\/\/www.institutodeengenharia.org.br\/site\/2008\/04\/07\/conferencia-apresenta-mosaico-da-construcao-no-mundo\/\" \/>\n<meta property=\"og:site_name\" content=\"Instituto de Engenharia\" \/>\n<meta property=\"article:publisher\" content=\"https:\/\/www.facebook.com\/institutodeengenharia\" \/>\n<meta property=\"article:published_time\" content=\"2008-04-07T21:47:51+00:00\" \/>\n<meta name=\"author\" content=\"TMax Tecnologia\" \/>\n<meta name=\"twitter:card\" content=\"summary_large_image\" \/>\n<meta name=\"twitter:creator\" content=\"@iengenharia\" \/>\n<meta name=\"twitter:site\" content=\"@iengenharia\" \/>\n<meta name=\"twitter:label1\" content=\"Escrito por\" \/>\n\t<meta name=\"twitter:data1\" content=\"TMax Tecnologia\" \/>\n\t<meta name=\"twitter:label2\" content=\"Est. tempo de leitura\" \/>\n\t<meta name=\"twitter:data2\" content=\"3 minutos\" \/>\n<script type=\"application\/ld+json\" class=\"yoast-schema-graph\">{\"@context\":\"https:\/\/schema.org\",\"@graph\":[{\"@type\":\"Article\",\"@id\":\"https:\/\/www.institutodeengenharia.org.br\/site\/2008\/04\/07\/conferencia-apresenta-mosaico-da-construcao-no-mundo\/#article\",\"isPartOf\":{\"@id\":\"https:\/\/www.institutodeengenharia.org.br\/site\/2008\/04\/07\/conferencia-apresenta-mosaico-da-construcao-no-mundo\/\"},\"author\":{\"name\":\"TMax Tecnologia\",\"@id\":\"https:\/\/www.institutodeengenharia.org.br\/site\/#\/schema\/person\/3b1ff109facef084739fc2edcb9a127f\"},\"headline\":\"Confer\u00eancia apresenta mosaico da constru\u00e7\u00e3o no mundo\",\"datePublished\":\"2008-04-07T21:47:51+00:00\",\"mainEntityOfPage\":{\"@id\":\"https:\/\/www.institutodeengenharia.org.br\/site\/2008\/04\/07\/conferencia-apresenta-mosaico-da-construcao-no-mundo\/\"},\"wordCount\":548,\"commentCount\":0,\"publisher\":{\"@id\":\"https:\/\/www.institutodeengenharia.org.br\/site\/#organization\"},\"articleSection\":[\"Not\u00edcias\",\"Urbanismo\"],\"inLanguage\":\"pt-BR\",\"potentialAction\":[{\"@type\":\"CommentAction\",\"name\":\"Comment\",\"target\":[\"https:\/\/www.institutodeengenharia.org.br\/site\/2008\/04\/07\/conferencia-apresenta-mosaico-da-construcao-no-mundo\/#respond\"]}]},{\"@type\":\"WebPage\",\"@id\":\"https:\/\/www.institutodeengenharia.org.br\/site\/2008\/04\/07\/conferencia-apresenta-mosaico-da-construcao-no-mundo\/\",\"url\":\"https:\/\/www.institutodeengenharia.org.br\/site\/2008\/04\/07\/conferencia-apresenta-mosaico-da-construcao-no-mundo\/\",\"name\":\"Confer\u00eancia apresenta mosaico da constru\u00e7\u00e3o no mundo - Instituto de Engenharia\",\"isPartOf\":{\"@id\":\"https:\/\/www.institutodeengenharia.org.br\/site\/#website\"},\"datePublished\":\"2008-04-07T21:47:51+00:00\",\"breadcrumb\":{\"@id\":\"https:\/\/www.institutodeengenharia.org.br\/site\/2008\/04\/07\/conferencia-apresenta-mosaico-da-construcao-no-mundo\/#breadcrumb\"},\"inLanguage\":\"pt-BR\",\"potentialAction\":[{\"@type\":\"ReadAction\",\"target\":[\"https:\/\/www.institutodeengenharia.org.br\/site\/2008\/04\/07\/conferencia-apresenta-mosaico-da-construcao-no-mundo\/\"]}]},{\"@type\":\"BreadcrumbList\",\"@id\":\"https:\/\/www.institutodeengenharia.org.br\/site\/2008\/04\/07\/conferencia-apresenta-mosaico-da-construcao-no-mundo\/#breadcrumb\",\"itemListElement\":[{\"@type\":\"ListItem\",\"position\":1,\"name\":\"In\u00edcio\",\"item\":\"https:\/\/www.institutodeengenharia.org.br\/site\/\"},{\"@type\":\"ListItem\",\"position\":2,\"name\":\"Confer\u00eancia apresenta mosaico da constru\u00e7\u00e3o no mundo\"}]},{\"@type\":\"WebSite\",\"@id\":\"https:\/\/www.institutodeengenharia.org.br\/site\/#website\",\"url\":\"https:\/\/www.institutodeengenharia.org.br\/site\/\",\"name\":\"Instituto de Engenharia\",\"description\":\"O Instituto de Engenharia promove a Engenharia em benef\u00edcio do desenvolvimento e da qualidade de vida da sociedade.\",\"publisher\":{\"@id\":\"https:\/\/www.institutodeengenharia.org.br\/site\/#organization\"},\"potentialAction\":[{\"@type\":\"SearchAction\",\"target\":{\"@type\":\"EntryPoint\",\"urlTemplate\":\"https:\/\/www.institutodeengenharia.org.br\/site\/?s={search_term_string}\"},\"query-input\":{\"@type\":\"PropertyValueSpecification\",\"valueRequired\":true,\"valueName\":\"search_term_string\"}}],\"inLanguage\":\"pt-BR\"},{\"@type\":\"Organization\",\"@id\":\"https:\/\/www.institutodeengenharia.org.br\/site\/#organization\",\"name\":\"Instituto de Engenharia\",\"url\":\"https:\/\/www.institutodeengenharia.org.br\/site\/\",\"logo\":{\"@type\":\"ImageObject\",\"inLanguage\":\"pt-BR\",\"@id\":\"https:\/\/www.institutodeengenharia.org.br\/site\/#\/schema\/logo\/image\/\",\"url\":\"https:\/\/www.institutodeengenharia.org.br\/site\/wp-content\/uploads\/2019\/03\/logo-novo-IE2018-1.jpg\",\"contentUrl\":\"https:\/\/www.institutodeengenharia.org.br\/site\/wp-content\/uploads\/2019\/03\/logo-novo-IE2018-1.jpg\",\"width\":1486,\"height\":1879,\"caption\":\"Instituto de Engenharia\"},\"image\":{\"@id\":\"https:\/\/www.institutodeengenharia.org.br\/site\/#\/schema\/logo\/image\/\"},\"sameAs\":[\"https:\/\/www.facebook.com\/institutodeengenharia\",\"https:\/\/x.com\/iengenharia\",\"https:\/\/www.instagram.com\/institutodeengenharia\/\",\"https:\/\/www.linkedin.com\/company\/instituto-de-engenharia\/\",\"https:\/\/www.youtube.com\/channel\/UCXiCAlsSMe977vamW915HxA\"]},{\"@type\":\"Person\",\"@id\":\"https:\/\/www.institutodeengenharia.org.br\/site\/#\/schema\/person\/3b1ff109facef084739fc2edcb9a127f\",\"name\":\"TMax Tecnologia\",\"image\":{\"@type\":\"ImageObject\",\"inLanguage\":\"pt-BR\",\"@id\":\"https:\/\/secure.gravatar.com\/avatar\/f912434ef7f389c92cb311fcdae346af848465d638912574b3c669070f797701?s=96&d=mm&r=g\",\"url\":\"https:\/\/secure.gravatar.com\/avatar\/f912434ef7f389c92cb311fcdae346af848465d638912574b3c669070f797701?s=96&d=mm&r=g\",\"contentUrl\":\"https:\/\/secure.gravatar.com\/avatar\/f912434ef7f389c92cb311fcdae346af848465d638912574b3c669070f797701?s=96&d=mm&r=g\",\"caption\":\"TMax Tecnologia\"},\"url\":\"https:\/\/www.institutodeengenharia.org.br\/site\/author\/tmax\/\"}]}<\/script>\n<!-- \/ Yoast SEO plugin. -->","yoast_head_json":{"title":"Confer\u00eancia apresenta mosaico da constru\u00e7\u00e3o no mundo - Instituto de Engenharia","robots":{"index":"index","follow":"follow","max-snippet":"max-snippet:-1","max-image-preview":"max-image-preview:large","max-video-preview":"max-video-preview:-1"},"canonical":"https:\/\/www.institutodeengenharia.org.br\/site\/2008\/04\/07\/conferencia-apresenta-mosaico-da-construcao-no-mundo\/","og_locale":"pt_BR","og_type":"article","og_title":"Confer\u00eancia apresenta mosaico da constru\u00e7\u00e3o no mundo - Instituto de Engenharia","og_description":"Um panorama do que vem sendo feito no setor da constru\u00e7\u00e3o na Am\u00e9rica do Norte, \u00c1frica, \u00c1sia e Europa foi apresentado na confer\u00eancia internacional Macrotend\u00eancias da Constru\u00e7\u00e3o 2008. O evento ocorreu em S\u00e3o Paulo e foi organizado pela Escola Polit\u00e9cnica da USP e pelo CIB (Conselho Internacional de Pesquisa e Desenvolvimento na Constru\u00e7\u00e3o). Boa parte [&hellip;]","og_url":"https:\/\/www.institutodeengenharia.org.br\/site\/2008\/04\/07\/conferencia-apresenta-mosaico-da-construcao-no-mundo\/","og_site_name":"Instituto de Engenharia","article_publisher":"https:\/\/www.facebook.com\/institutodeengenharia","article_published_time":"2008-04-07T21:47:51+00:00","author":"TMax Tecnologia","twitter_card":"summary_large_image","twitter_creator":"@iengenharia","twitter_site":"@iengenharia","twitter_misc":{"Escrito por":"TMax Tecnologia","Est. tempo de leitura":"3 minutos"},"schema":{"@context":"https:\/\/schema.org","@graph":[{"@type":"Article","@id":"https:\/\/www.institutodeengenharia.org.br\/site\/2008\/04\/07\/conferencia-apresenta-mosaico-da-construcao-no-mundo\/#article","isPartOf":{"@id":"https:\/\/www.institutodeengenharia.org.br\/site\/2008\/04\/07\/conferencia-apresenta-mosaico-da-construcao-no-mundo\/"},"author":{"name":"TMax Tecnologia","@id":"https:\/\/www.institutodeengenharia.org.br\/site\/#\/schema\/person\/3b1ff109facef084739fc2edcb9a127f"},"headline":"Confer\u00eancia apresenta mosaico da constru\u00e7\u00e3o no mundo","datePublished":"2008-04-07T21:47:51+00:00","mainEntityOfPage":{"@id":"https:\/\/www.institutodeengenharia.org.br\/site\/2008\/04\/07\/conferencia-apresenta-mosaico-da-construcao-no-mundo\/"},"wordCount":548,"commentCount":0,"publisher":{"@id":"https:\/\/www.institutodeengenharia.org.br\/site\/#organization"},"articleSection":["Not\u00edcias","Urbanismo"],"inLanguage":"pt-BR","potentialAction":[{"@type":"CommentAction","name":"Comment","target":["https:\/\/www.institutodeengenharia.org.br\/site\/2008\/04\/07\/conferencia-apresenta-mosaico-da-construcao-no-mundo\/#respond"]}]},{"@type":"WebPage","@id":"https:\/\/www.institutodeengenharia.org.br\/site\/2008\/04\/07\/conferencia-apresenta-mosaico-da-construcao-no-mundo\/","url":"https:\/\/www.institutodeengenharia.org.br\/site\/2008\/04\/07\/conferencia-apresenta-mosaico-da-construcao-no-mundo\/","name":"Confer\u00eancia apresenta mosaico da constru\u00e7\u00e3o no mundo - Instituto de Engenharia","isPartOf":{"@id":"https:\/\/www.institutodeengenharia.org.br\/site\/#website"},"datePublished":"2008-04-07T21:47:51+00:00","breadcrumb":{"@id":"https:\/\/www.institutodeengenharia.org.br\/site\/2008\/04\/07\/conferencia-apresenta-mosaico-da-construcao-no-mundo\/#breadcrumb"},"inLanguage":"pt-BR","potentialAction":[{"@type":"ReadAction","target":["https:\/\/www.institutodeengenharia.org.br\/site\/2008\/04\/07\/conferencia-apresenta-mosaico-da-construcao-no-mundo\/"]}]},{"@type":"BreadcrumbList","@id":"https:\/\/www.institutodeengenharia.org.br\/site\/2008\/04\/07\/conferencia-apresenta-mosaico-da-construcao-no-mundo\/#breadcrumb","itemListElement":[{"@type":"ListItem","position":1,"name":"In\u00edcio","item":"https:\/\/www.institutodeengenharia.org.br\/site\/"},{"@type":"ListItem","position":2,"name":"Confer\u00eancia apresenta mosaico da constru\u00e7\u00e3o no mundo"}]},{"@type":"WebSite","@id":"https:\/\/www.institutodeengenharia.org.br\/site\/#website","url":"https:\/\/www.institutodeengenharia.org.br\/site\/","name":"Instituto de Engenharia","description":"O Instituto de Engenharia promove a Engenharia em benef\u00edcio do desenvolvimento e da qualidade de vida da sociedade.","publisher":{"@id":"https:\/\/www.institutodeengenharia.org.br\/site\/#organization"},"potentialAction":[{"@type":"SearchAction","target":{"@type":"EntryPoint","urlTemplate":"https:\/\/www.institutodeengenharia.org.br\/site\/?s={search_term_string}"},"query-input":{"@type":"PropertyValueSpecification","valueRequired":true,"valueName":"search_term_string"}}],"inLanguage":"pt-BR"},{"@type":"Organization","@id":"https:\/\/www.institutodeengenharia.org.br\/site\/#organization","name":"Instituto de Engenharia","url":"https:\/\/www.institutodeengenharia.org.br\/site\/","logo":{"@type":"ImageObject","inLanguage":"pt-BR","@id":"https:\/\/www.institutodeengenharia.org.br\/site\/#\/schema\/logo\/image\/","url":"https:\/\/www.institutodeengenharia.org.br\/site\/wp-content\/uploads\/2019\/03\/logo-novo-IE2018-1.jpg","contentUrl":"https:\/\/www.institutodeengenharia.org.br\/site\/wp-content\/uploads\/2019\/03\/logo-novo-IE2018-1.jpg","width":1486,"height":1879,"caption":"Instituto de Engenharia"},"image":{"@id":"https:\/\/www.institutodeengenharia.org.br\/site\/#\/schema\/logo\/image\/"},"sameAs":["https:\/\/www.facebook.com\/institutodeengenharia","https:\/\/x.com\/iengenharia","https:\/\/www.instagram.com\/institutodeengenharia\/","https:\/\/www.linkedin.com\/company\/instituto-de-engenharia\/","https:\/\/www.youtube.com\/channel\/UCXiCAlsSMe977vamW915HxA"]},{"@type":"Person","@id":"https:\/\/www.institutodeengenharia.org.br\/site\/#\/schema\/person\/3b1ff109facef084739fc2edcb9a127f","name":"TMax Tecnologia","image":{"@type":"ImageObject","inLanguage":"pt-BR","@id":"https:\/\/secure.gravatar.com\/avatar\/f912434ef7f389c92cb311fcdae346af848465d638912574b3c669070f797701?s=96&d=mm&r=g","url":"https:\/\/secure.gravatar.com\/avatar\/f912434ef7f389c92cb311fcdae346af848465d638912574b3c669070f797701?s=96&d=mm&r=g","contentUrl":"https:\/\/secure.gravatar.com\/avatar\/f912434ef7f389c92cb311fcdae346af848465d638912574b3c669070f797701?s=96&d=mm&r=g","caption":"TMax Tecnologia"},"url":"https:\/\/www.institutodeengenharia.org.br\/site\/author\/tmax\/"}]}},"_links":{"self":[{"href":"https:\/\/www.institutodeengenharia.org.br\/site\/wp-json\/wp\/v2\/posts\/14599","targetHints":{"allow":["GET"]}}],"collection":[{"href":"https:\/\/www.institutodeengenharia.org.br\/site\/wp-json\/wp\/v2\/posts"}],"about":[{"href":"https:\/\/www.institutodeengenharia.org.br\/site\/wp-json\/wp\/v2\/types\/post"}],"author":[{"embeddable":true,"href":"https:\/\/www.institutodeengenharia.org.br\/site\/wp-json\/wp\/v2\/users\/1"}],"replies":[{"embeddable":true,"href":"https:\/\/www.institutodeengenharia.org.br\/site\/wp-json\/wp\/v2\/comments?post=14599"}],"version-history":[{"count":0,"href":"https:\/\/www.institutodeengenharia.org.br\/site\/wp-json\/wp\/v2\/posts\/14599\/revisions"}],"wp:attachment":[{"href":"https:\/\/www.institutodeengenharia.org.br\/site\/wp-json\/wp\/v2\/media?parent=14599"}],"wp:term":[{"taxonomy":"category","embeddable":true,"href":"https:\/\/www.institutodeengenharia.org.br\/site\/wp-json\/wp\/v2\/categories?post=14599"},{"taxonomy":"post_tag","embeddable":true,"href":"https:\/\/www.institutodeengenharia.org.br\/site\/wp-json\/wp\/v2\/tags?post=14599"}],"curies":[{"name":"wp","href":"https:\/\/api.w.org\/{rel}","templated":true}]}}