{"id":14585,"date":"2008-04-03T21:47:37","date_gmt":"2008-04-03T21:47:37","guid":{"rendered":"https:\/\/www.institutodeengenharia.org.br\/?p=14585"},"modified":"2008-04-03T17:06:18","modified_gmt":"2008-04-03T17:06:18","slug":"crescimento-no-setor-de-construcao-civil","status":"publish","type":"post","link":"https:\/\/www.institutodeengenharia.org.br\/site\/2008\/04\/03\/crescimento-no-setor-de-construcao-civil\/","title":{"rendered":"Crescimento no setor de Constru\u00e7\u00e3o Civil"},"content":{"rendered":"<p>O setor de constru\u00e7\u00e3o civil est\u00e1 em crescimento, de acordo com dados apresentados pelos organizadores da 16\u00aa Feicon Batimat (Feira Internacional da Ind\u00fastria da Constru\u00e7\u00e3o) e 11\u00aa Expolux (Feira Internacional da Ind\u00fastria da Ilumina\u00e7\u00e3o), que acontece entre os dias 8 e 12 de abril, no Anhembi. <\/p>\n<p>Na coletiva de imprensa, realizada ontem (02\/04), estiveram presentes as seguintes entidades apoiadoras: Anamaco (Associa\u00e7\u00e3o Nacional dos Comerciantes de Material de Constru\u00e7\u00e3o), Abrafati (Associa\u00e7\u00e3o Brasileira dos Fabricantes de Tintas), Siamfesp (Sindicato da Ind\u00fastria de Artefatos de Metais N\u00e3o Ferrosos do Estado de S\u00e3o Paulo), Sincomavi (Sindicato do Com\u00e9rcio Varejista de Maquinismos, Ferragens, Tintas, Lou\u00e7as e Vidros de S\u00e3o Paulo), Abramat (Associa\u00e7\u00e3o Brasiliera da Ind\u00fastria de Materiais de Constru\u00e7\u00e3o), Afea\u00e7o (Associa\u00e7\u00e3o Nacional de Fabricantes de Esquadrias de A\u00e7o), Abilux (Associa\u00e7\u00e3o Brasileira da Ind\u00fastria de Ilumina\u00e7\u00e3o), Sindilux (Sindicato da Ind\u00fastria de L\u00e2mpada e Aparelhos El\u00e9tricos e Ilumina\u00e7\u00e3o do Estado de S\u00e3o Paulo) e Anicer (Associa\u00e7\u00e3o Nacional da Ind\u00fastria Cer\u00e2mica). <\/p>\n<p>Segundo D\u00edlson Ferreira, presidente da Abrafati, isto aconteceu por causa dos juros em queda e prazos mais longos; grande aumento na disponibilidade de recursos; incentivo do governo \u00e0 constru\u00e7\u00e3o civil, al\u00e9m da propaganda e promo\u00e7\u00e3o. Apenas no segmento de tintas, o crescimento foi de 8%. \u201cAcompanhamos o aumento da constru\u00e7\u00e3o civil, que nos primeiros meses do ano foi de 15%\u201d, comentou. <\/p>\n<p>Outro ponto apresentado pela Anamaco foi a mudan\u00e7a de categoria s\u00f3cio-econ\u00f4mica, alcan\u00e7ada por 20 milh\u00f5es de brasileiros que, em fun\u00e7\u00e3o da renda, migraram para a classe C. \u201cIsto fez com que o gasto familiar com habita\u00e7\u00e3o, em todas as classes, subisse 13,4% no bolso do consumidor. Neste contexto, os gastos com material de constru\u00e7\u00e3o cresceram 19%, em compara\u00e7\u00e3o a 2006\u201d, completou o presidente da entidade, Cl\u00e1udio Elias Conz. <\/p>\n<p>Um dado relevante, apresentado por Conz, foi a falta de log\u00edstica, com o boom da constru\u00e7\u00e3o civil. \u201cO aumento das vendas n\u00e3o corresponde ao aumento de frotas de caminh\u00f5es para transporte e a escolha dos fretes para caminhoneiro ser\u00e1 natural\u201d. <\/p>\n<p>A Feicon &#8211; Num espa\u00e7o de 80 mil m\u00b2, estar\u00e3o 600 expositores, com a presen\u00e7a de mais de 30 pa\u00edses. A expectativa de visitantes \u00e9 de 170 mil pessoas, das quais 80% \u00e9 formada por engenheiros, arquitetos e construtores e 20% por quem est\u00e1 construindo ou reformando. <br \/>\nJair Saponari, diretor da Feicon Batimat e Expolux, disse que esta feira gera 20% do faturamento anual das empresas participantes. O valor de neg\u00f3cios esperados para esta feira \u00e9 de R$ 350 a 400 milh\u00f5es. <\/p>\n<p>Os interessados, em participar da feira, devem inscrever-se pelo site: www.feicon.com.br. <\/p>\n<p><b>Autor: Viviane Nunes<\/b><\/p>\n","protected":false},"excerpt":{"rendered":"<p>O setor de constru\u00e7\u00e3o civil est\u00e1 em crescimento, de acordo com dados apresentados pelos organizadores da 16\u00aa Feicon Batimat (Feira Internacional da Ind\u00fastria da Constru\u00e7\u00e3o) e 11\u00aa Expolux (Feira Internacional da Ind\u00fastria da Ilumina\u00e7\u00e3o), que acontece entre os dias 8 e 12 de abril, no Anhembi. Na coletiva de imprensa, realizada ontem (02\/04), estiveram presentes [&hellip;]<\/p>\n","protected":false},"author":1,"featured_media":0,"comment_status":"open","ping_status":"open","sticky":false,"template":"","format":"standard","meta":{"footnotes":""},"categories":[6,42],"tags":[],"class_list":{"0":"post-14585","1":"post","2":"type-post","3":"status-publish","4":"format-standard","6":"category-noticias","7":"category-urbanismo"},"yoast_head":"<!-- This site is optimized with the Yoast SEO plugin v27.2 - https:\/\/yoast.com\/product\/yoast-seo-wordpress\/ -->\n<title>Crescimento no setor de Constru\u00e7\u00e3o Civil - Instituto de Engenharia<\/title>\n<meta name=\"robots\" content=\"index, follow, max-snippet:-1, max-image-preview:large, max-video-preview:-1\" \/>\n<link rel=\"canonical\" href=\"https:\/\/www.institutodeengenharia.org.br\/site\/2008\/04\/03\/crescimento-no-setor-de-construcao-civil\/\" \/>\n<meta property=\"og:locale\" content=\"pt_BR\" \/>\n<meta property=\"og:type\" content=\"article\" \/>\n<meta property=\"og:title\" content=\"Crescimento no setor de Constru\u00e7\u00e3o Civil - Instituto de Engenharia\" \/>\n<meta property=\"og:description\" content=\"O setor de constru\u00e7\u00e3o civil est\u00e1 em crescimento, de acordo com dados apresentados pelos organizadores da 16\u00aa Feicon Batimat (Feira Internacional da Ind\u00fastria da Constru\u00e7\u00e3o) e 11\u00aa Expolux (Feira Internacional da Ind\u00fastria da Ilumina\u00e7\u00e3o), que acontece entre os dias 8 e 12 de abril, no Anhembi. Na coletiva de imprensa, realizada ontem (02\/04), estiveram presentes [&hellip;]\" \/>\n<meta property=\"og:url\" content=\"https:\/\/www.institutodeengenharia.org.br\/site\/2008\/04\/03\/crescimento-no-setor-de-construcao-civil\/\" \/>\n<meta property=\"og:site_name\" content=\"Instituto de Engenharia\" \/>\n<meta property=\"article:publisher\" content=\"https:\/\/www.facebook.com\/institutodeengenharia\" \/>\n<meta property=\"article:published_time\" content=\"2008-04-03T21:47:37+00:00\" \/>\n<meta name=\"author\" content=\"TMax Tecnologia\" \/>\n<meta name=\"twitter:card\" content=\"summary_large_image\" \/>\n<meta name=\"twitter:creator\" content=\"@iengenharia\" \/>\n<meta name=\"twitter:site\" content=\"@iengenharia\" \/>\n<meta name=\"twitter:label1\" content=\"Escrito por\" \/>\n\t<meta name=\"twitter:data1\" content=\"TMax Tecnologia\" \/>\n\t<meta name=\"twitter:label2\" content=\"Est. tempo de leitura\" \/>\n\t<meta name=\"twitter:data2\" content=\"2 minutos\" \/>\n<script type=\"application\/ld+json\" class=\"yoast-schema-graph\">{\"@context\":\"https:\/\/schema.org\",\"@graph\":[{\"@type\":\"Article\",\"@id\":\"https:\/\/www.institutodeengenharia.org.br\/site\/2008\/04\/03\/crescimento-no-setor-de-construcao-civil\/#article\",\"isPartOf\":{\"@id\":\"https:\/\/www.institutodeengenharia.org.br\/site\/2008\/04\/03\/crescimento-no-setor-de-construcao-civil\/\"},\"author\":{\"name\":\"TMax Tecnologia\",\"@id\":\"https:\/\/www.institutodeengenharia.org.br\/site\/#\/schema\/person\/3b1ff109facef084739fc2edcb9a127f\"},\"headline\":\"Crescimento no setor de Constru\u00e7\u00e3o Civil\",\"datePublished\":\"2008-04-03T21:47:37+00:00\",\"mainEntityOfPage\":{\"@id\":\"https:\/\/www.institutodeengenharia.org.br\/site\/2008\/04\/03\/crescimento-no-setor-de-construcao-civil\/\"},\"wordCount\":460,\"commentCount\":0,\"publisher\":{\"@id\":\"https:\/\/www.institutodeengenharia.org.br\/site\/#organization\"},\"articleSection\":[\"Not\u00edcias\",\"Urbanismo\"],\"inLanguage\":\"pt-BR\",\"potentialAction\":[{\"@type\":\"CommentAction\",\"name\":\"Comment\",\"target\":[\"https:\/\/www.institutodeengenharia.org.br\/site\/2008\/04\/03\/crescimento-no-setor-de-construcao-civil\/#respond\"]}]},{\"@type\":\"WebPage\",\"@id\":\"https:\/\/www.institutodeengenharia.org.br\/site\/2008\/04\/03\/crescimento-no-setor-de-construcao-civil\/\",\"url\":\"https:\/\/www.institutodeengenharia.org.br\/site\/2008\/04\/03\/crescimento-no-setor-de-construcao-civil\/\",\"name\":\"Crescimento no setor de Constru\u00e7\u00e3o Civil - Instituto de Engenharia\",\"isPartOf\":{\"@id\":\"https:\/\/www.institutodeengenharia.org.br\/site\/#website\"},\"datePublished\":\"2008-04-03T21:47:37+00:00\",\"breadcrumb\":{\"@id\":\"https:\/\/www.institutodeengenharia.org.br\/site\/2008\/04\/03\/crescimento-no-setor-de-construcao-civil\/#breadcrumb\"},\"inLanguage\":\"pt-BR\",\"potentialAction\":[{\"@type\":\"ReadAction\",\"target\":[\"https:\/\/www.institutodeengenharia.org.br\/site\/2008\/04\/03\/crescimento-no-setor-de-construcao-civil\/\"]}]},{\"@type\":\"BreadcrumbList\",\"@id\":\"https:\/\/www.institutodeengenharia.org.br\/site\/2008\/04\/03\/crescimento-no-setor-de-construcao-civil\/#breadcrumb\",\"itemListElement\":[{\"@type\":\"ListItem\",\"position\":1,\"name\":\"In\u00edcio\",\"item\":\"https:\/\/www.institutodeengenharia.org.br\/site\/\"},{\"@type\":\"ListItem\",\"position\":2,\"name\":\"Crescimento no setor de Constru\u00e7\u00e3o Civil\"}]},{\"@type\":\"WebSite\",\"@id\":\"https:\/\/www.institutodeengenharia.org.br\/site\/#website\",\"url\":\"https:\/\/www.institutodeengenharia.org.br\/site\/\",\"name\":\"Instituto de Engenharia\",\"description\":\"O Instituto de Engenharia promove a Engenharia em benef\u00edcio do desenvolvimento e da qualidade de vida da sociedade.\",\"publisher\":{\"@id\":\"https:\/\/www.institutodeengenharia.org.br\/site\/#organization\"},\"potentialAction\":[{\"@type\":\"SearchAction\",\"target\":{\"@type\":\"EntryPoint\",\"urlTemplate\":\"https:\/\/www.institutodeengenharia.org.br\/site\/?s={search_term_string}\"},\"query-input\":{\"@type\":\"PropertyValueSpecification\",\"valueRequired\":true,\"valueName\":\"search_term_string\"}}],\"inLanguage\":\"pt-BR\"},{\"@type\":\"Organization\",\"@id\":\"https:\/\/www.institutodeengenharia.org.br\/site\/#organization\",\"name\":\"Instituto de Engenharia\",\"url\":\"https:\/\/www.institutodeengenharia.org.br\/site\/\",\"logo\":{\"@type\":\"ImageObject\",\"inLanguage\":\"pt-BR\",\"@id\":\"https:\/\/www.institutodeengenharia.org.br\/site\/#\/schema\/logo\/image\/\",\"url\":\"https:\/\/www.institutodeengenharia.org.br\/site\/wp-content\/uploads\/2019\/03\/logo-novo-IE2018-1.jpg\",\"contentUrl\":\"https:\/\/www.institutodeengenharia.org.br\/site\/wp-content\/uploads\/2019\/03\/logo-novo-IE2018-1.jpg\",\"width\":1486,\"height\":1879,\"caption\":\"Instituto de Engenharia\"},\"image\":{\"@id\":\"https:\/\/www.institutodeengenharia.org.br\/site\/#\/schema\/logo\/image\/\"},\"sameAs\":[\"https:\/\/www.facebook.com\/institutodeengenharia\",\"https:\/\/x.com\/iengenharia\",\"https:\/\/www.instagram.com\/institutodeengenharia\/\",\"https:\/\/www.linkedin.com\/company\/instituto-de-engenharia\/\",\"https:\/\/www.youtube.com\/channel\/UCXiCAlsSMe977vamW915HxA\"]},{\"@type\":\"Person\",\"@id\":\"https:\/\/www.institutodeengenharia.org.br\/site\/#\/schema\/person\/3b1ff109facef084739fc2edcb9a127f\",\"name\":\"TMax Tecnologia\",\"image\":{\"@type\":\"ImageObject\",\"inLanguage\":\"pt-BR\",\"@id\":\"https:\/\/secure.gravatar.com\/avatar\/f912434ef7f389c92cb311fcdae346af848465d638912574b3c669070f797701?s=96&d=mm&r=g\",\"url\":\"https:\/\/secure.gravatar.com\/avatar\/f912434ef7f389c92cb311fcdae346af848465d638912574b3c669070f797701?s=96&d=mm&r=g\",\"contentUrl\":\"https:\/\/secure.gravatar.com\/avatar\/f912434ef7f389c92cb311fcdae346af848465d638912574b3c669070f797701?s=96&d=mm&r=g\",\"caption\":\"TMax Tecnologia\"},\"url\":\"https:\/\/www.institutodeengenharia.org.br\/site\/author\/tmax\/\"}]}<\/script>\n<!-- \/ Yoast SEO plugin. -->","yoast_head_json":{"title":"Crescimento no setor de Constru\u00e7\u00e3o Civil - Instituto de Engenharia","robots":{"index":"index","follow":"follow","max-snippet":"max-snippet:-1","max-image-preview":"max-image-preview:large","max-video-preview":"max-video-preview:-1"},"canonical":"https:\/\/www.institutodeengenharia.org.br\/site\/2008\/04\/03\/crescimento-no-setor-de-construcao-civil\/","og_locale":"pt_BR","og_type":"article","og_title":"Crescimento no setor de Constru\u00e7\u00e3o Civil - Instituto de Engenharia","og_description":"O setor de constru\u00e7\u00e3o civil est\u00e1 em crescimento, de acordo com dados apresentados pelos organizadores da 16\u00aa Feicon Batimat (Feira Internacional da Ind\u00fastria da Constru\u00e7\u00e3o) e 11\u00aa Expolux (Feira Internacional da Ind\u00fastria da Ilumina\u00e7\u00e3o), que acontece entre os dias 8 e 12 de abril, no Anhembi. Na coletiva de imprensa, realizada ontem (02\/04), estiveram presentes [&hellip;]","og_url":"https:\/\/www.institutodeengenharia.org.br\/site\/2008\/04\/03\/crescimento-no-setor-de-construcao-civil\/","og_site_name":"Instituto de Engenharia","article_publisher":"https:\/\/www.facebook.com\/institutodeengenharia","article_published_time":"2008-04-03T21:47:37+00:00","author":"TMax Tecnologia","twitter_card":"summary_large_image","twitter_creator":"@iengenharia","twitter_site":"@iengenharia","twitter_misc":{"Escrito por":"TMax Tecnologia","Est. tempo de leitura":"2 minutos"},"schema":{"@context":"https:\/\/schema.org","@graph":[{"@type":"Article","@id":"https:\/\/www.institutodeengenharia.org.br\/site\/2008\/04\/03\/crescimento-no-setor-de-construcao-civil\/#article","isPartOf":{"@id":"https:\/\/www.institutodeengenharia.org.br\/site\/2008\/04\/03\/crescimento-no-setor-de-construcao-civil\/"},"author":{"name":"TMax Tecnologia","@id":"https:\/\/www.institutodeengenharia.org.br\/site\/#\/schema\/person\/3b1ff109facef084739fc2edcb9a127f"},"headline":"Crescimento no setor de Constru\u00e7\u00e3o Civil","datePublished":"2008-04-03T21:47:37+00:00","mainEntityOfPage":{"@id":"https:\/\/www.institutodeengenharia.org.br\/site\/2008\/04\/03\/crescimento-no-setor-de-construcao-civil\/"},"wordCount":460,"commentCount":0,"publisher":{"@id":"https:\/\/www.institutodeengenharia.org.br\/site\/#organization"},"articleSection":["Not\u00edcias","Urbanismo"],"inLanguage":"pt-BR","potentialAction":[{"@type":"CommentAction","name":"Comment","target":["https:\/\/www.institutodeengenharia.org.br\/site\/2008\/04\/03\/crescimento-no-setor-de-construcao-civil\/#respond"]}]},{"@type":"WebPage","@id":"https:\/\/www.institutodeengenharia.org.br\/site\/2008\/04\/03\/crescimento-no-setor-de-construcao-civil\/","url":"https:\/\/www.institutodeengenharia.org.br\/site\/2008\/04\/03\/crescimento-no-setor-de-construcao-civil\/","name":"Crescimento no setor de Constru\u00e7\u00e3o Civil - Instituto de Engenharia","isPartOf":{"@id":"https:\/\/www.institutodeengenharia.org.br\/site\/#website"},"datePublished":"2008-04-03T21:47:37+00:00","breadcrumb":{"@id":"https:\/\/www.institutodeengenharia.org.br\/site\/2008\/04\/03\/crescimento-no-setor-de-construcao-civil\/#breadcrumb"},"inLanguage":"pt-BR","potentialAction":[{"@type":"ReadAction","target":["https:\/\/www.institutodeengenharia.org.br\/site\/2008\/04\/03\/crescimento-no-setor-de-construcao-civil\/"]}]},{"@type":"BreadcrumbList","@id":"https:\/\/www.institutodeengenharia.org.br\/site\/2008\/04\/03\/crescimento-no-setor-de-construcao-civil\/#breadcrumb","itemListElement":[{"@type":"ListItem","position":1,"name":"In\u00edcio","item":"https:\/\/www.institutodeengenharia.org.br\/site\/"},{"@type":"ListItem","position":2,"name":"Crescimento no setor de Constru\u00e7\u00e3o Civil"}]},{"@type":"WebSite","@id":"https:\/\/www.institutodeengenharia.org.br\/site\/#website","url":"https:\/\/www.institutodeengenharia.org.br\/site\/","name":"Instituto de Engenharia","description":"O Instituto de Engenharia promove a Engenharia em benef\u00edcio do desenvolvimento e da qualidade de vida da sociedade.","publisher":{"@id":"https:\/\/www.institutodeengenharia.org.br\/site\/#organization"},"potentialAction":[{"@type":"SearchAction","target":{"@type":"EntryPoint","urlTemplate":"https:\/\/www.institutodeengenharia.org.br\/site\/?s={search_term_string}"},"query-input":{"@type":"PropertyValueSpecification","valueRequired":true,"valueName":"search_term_string"}}],"inLanguage":"pt-BR"},{"@type":"Organization","@id":"https:\/\/www.institutodeengenharia.org.br\/site\/#organization","name":"Instituto de Engenharia","url":"https:\/\/www.institutodeengenharia.org.br\/site\/","logo":{"@type":"ImageObject","inLanguage":"pt-BR","@id":"https:\/\/www.institutodeengenharia.org.br\/site\/#\/schema\/logo\/image\/","url":"https:\/\/www.institutodeengenharia.org.br\/site\/wp-content\/uploads\/2019\/03\/logo-novo-IE2018-1.jpg","contentUrl":"https:\/\/www.institutodeengenharia.org.br\/site\/wp-content\/uploads\/2019\/03\/logo-novo-IE2018-1.jpg","width":1486,"height":1879,"caption":"Instituto de Engenharia"},"image":{"@id":"https:\/\/www.institutodeengenharia.org.br\/site\/#\/schema\/logo\/image\/"},"sameAs":["https:\/\/www.facebook.com\/institutodeengenharia","https:\/\/x.com\/iengenharia","https:\/\/www.instagram.com\/institutodeengenharia\/","https:\/\/www.linkedin.com\/company\/instituto-de-engenharia\/","https:\/\/www.youtube.com\/channel\/UCXiCAlsSMe977vamW915HxA"]},{"@type":"Person","@id":"https:\/\/www.institutodeengenharia.org.br\/site\/#\/schema\/person\/3b1ff109facef084739fc2edcb9a127f","name":"TMax Tecnologia","image":{"@type":"ImageObject","inLanguage":"pt-BR","@id":"https:\/\/secure.gravatar.com\/avatar\/f912434ef7f389c92cb311fcdae346af848465d638912574b3c669070f797701?s=96&d=mm&r=g","url":"https:\/\/secure.gravatar.com\/avatar\/f912434ef7f389c92cb311fcdae346af848465d638912574b3c669070f797701?s=96&d=mm&r=g","contentUrl":"https:\/\/secure.gravatar.com\/avatar\/f912434ef7f389c92cb311fcdae346af848465d638912574b3c669070f797701?s=96&d=mm&r=g","caption":"TMax Tecnologia"},"url":"https:\/\/www.institutodeengenharia.org.br\/site\/author\/tmax\/"}]}},"_links":{"self":[{"href":"https:\/\/www.institutodeengenharia.org.br\/site\/wp-json\/wp\/v2\/posts\/14585","targetHints":{"allow":["GET"]}}],"collection":[{"href":"https:\/\/www.institutodeengenharia.org.br\/site\/wp-json\/wp\/v2\/posts"}],"about":[{"href":"https:\/\/www.institutodeengenharia.org.br\/site\/wp-json\/wp\/v2\/types\/post"}],"author":[{"embeddable":true,"href":"https:\/\/www.institutodeengenharia.org.br\/site\/wp-json\/wp\/v2\/users\/1"}],"replies":[{"embeddable":true,"href":"https:\/\/www.institutodeengenharia.org.br\/site\/wp-json\/wp\/v2\/comments?post=14585"}],"version-history":[{"count":0,"href":"https:\/\/www.institutodeengenharia.org.br\/site\/wp-json\/wp\/v2\/posts\/14585\/revisions"}],"wp:attachment":[{"href":"https:\/\/www.institutodeengenharia.org.br\/site\/wp-json\/wp\/v2\/media?parent=14585"}],"wp:term":[{"taxonomy":"category","embeddable":true,"href":"https:\/\/www.institutodeengenharia.org.br\/site\/wp-json\/wp\/v2\/categories?post=14585"},{"taxonomy":"post_tag","embeddable":true,"href":"https:\/\/www.institutodeengenharia.org.br\/site\/wp-json\/wp\/v2\/tags?post=14585"}],"curies":[{"name":"wp","href":"https:\/\/api.w.org\/{rel}","templated":true}]}}