{"id":14582,"date":"2007-04-10T21:47:34","date_gmt":"2007-04-10T21:47:34","guid":{"rendered":"https:\/\/www.institutodeengenharia.org.br\/?p=14582"},"modified":"2008-04-04T17:12:40","modified_gmt":"2008-04-04T17:12:40","slug":"discurso-de-posse-pronunciado-pelo-presidente-edemar-de-souza-amorim-no-instituto-de-engenharia","status":"publish","type":"post","link":"https:\/\/www.institutodeengenharia.org.br\/site\/2007\/04\/10\/discurso-de-posse-pronunciado-pelo-presidente-edemar-de-souza-amorim-no-instituto-de-engenharia\/","title":{"rendered":"Discurso de posse pronunciado pelo Presidente Edemar de Souza Amorim no Instituto de Engenharia"},"content":{"rendered":"<p>Senhoras e Senhores,\u00a0<\/p>\n<p>Enquanto pensava no que dizer nesta oportunidade, iniciei uma lista das pessoas a quem gostaria de agradecer pelo apoio nestes mais de 40 anos de caminhada. <br \/>\nTarefa esta que logo se mostrou imposs\u00edvel, primeiro pelo efeito destes mesmos 40 anos em minha mem\u00f3ria e segundo, por ter logo de in\u00edcio, estabelecido um limite de apenas 10 minutos de fala.\u00a0<\/p>\n<p>Optei ent\u00e3o por concentrar meus agradecimentos a duas pessoas, representando todos os outros que, como elas, t\u00eam seu lugar assegurado na minha lista pessoal de gratid\u00e3o.\u00a0<\/p>\n<p>Ao eng. Augusto Carlos de Vasconcelos, meu professor e primeiro empregador, o primeiro de uma lista de engenheiros que acreditaram no meu trabalho e abriram as portas de suas empresas para que eu pudesse seguir meu caminho at\u00e9 aqui.\u00a0<\/p>\n<p>Agrade\u00e7o tamb\u00e9m, de forma especial, minha mulher Denise por estar ao meu lado ao longo destes anos todos, sempre presente e pronta para qualquer desafio que surgisse, com a mesma confian\u00e7a e disposi\u00e7\u00e3o do dia em que decidiu seguir a vida comigo. <br \/>\nAli\u00e1s, o Dr. Vasconcelos foi nosso padrinho de casamento. <br \/>\nA todos os outros, meu muito obrigado.\u00a0<\/p>\n<p>Na verdade, a id\u00e9ia da minha candidatura \u00e0 presid\u00eancia do Instituto de Engenharia nasceu h\u00e1 pouco mais de um ano. Ao analisar os resultados obtidos durante a gest\u00e3o do eng Lafraia, e avaliando o que ainda havia por fazer, vi que o Instituto de Engenharia precisava de algu\u00e9m que garantisse a continuidade das importantes mudan\u00e7as que vinham sendo feitas.\u00a0<\/p>\n<p>Ao fato de ter participado ativamente dessas reformas e \u00e0 minha educa\u00e7\u00e3o presbiteriana, que jamais me deixaria fugir do dever com a comunidade, somou-se ainda, o grande desafio de por em pratica algumas id\u00e9ias nada despretensiosas numa \u00e9poca de transi\u00e7\u00e3o para a engenharia.\u00a0E n\u00e3o ser\u00e1 uma tarefa f\u00e1cil, pois o mundo mudou, e mudou muito.\u00a0<\/p>\n<p>A miss\u00e3o que os conselheiros, a diretoria, o Camil, o Dario, o Oz\u00edres, o Paulo, o Perm\u00ednio, e eu temos pela frente, ser\u00e1 t\u00e3o dif\u00edcil, que este discurso de posse deveria se autodestruir cinco segundos ap\u00f3s sua leitura.\u00a0<\/p>\n<p>Senhoras e senhores, trago boas e perturbadoras novas: os cientistas da idade m\u00e9dia tinham raz\u00e3o, o mundo \u00e9 plano. As fronteiras f\u00edsicas est\u00e3o se erodindo em velocidade exponencialmente superior aos muros f\u00edsicos levantados nas mais diversas \u00e1reas de risco e conflito, levando consigo todos os paradigmas que conhec\u00edamos e conviv\u00edamos.\u00a0<\/p>\n<p>Quando a maioria daqueles que hoje tomam posse recebeu seu diploma e iniciou sua carreira profissional, era preciso agendar uma chamada telef\u00f4nica interurbana com muita anteced\u00eancia.\u00a0Caso a fam\u00edlia n\u00e3o fosse abonada o bastante para que a casa tivesse acesso a uma linha telef\u00f4nica, a alternativa era o correio.\u00a0<\/p>\n<p>Hoje, de um computador conectado \u00e0 internet, fala-se com o mundo inteiro, instantaneamente, por no m\u00e1ximo 5 centavos o minuto. A maioria dos participantes ativos dos eventos do Instituto de Engenharia n\u00e3o se d\u00e1 ao trabalho de vir a este audit\u00f3rio. Conectam-se ao website do Instituto de Engenharia confortavelmente de suas casas, de seus escrit\u00f3rios ou de uma cafeteria comum num pa\u00eds qualquer, e participam ativamente, fazendo perguntas e sendo respondidos pelo palestrante.\u00a0<\/p>\n<p>Hoje, em qualquer TV \u00e0 Cabo, a engenharia virou entretenimento. Pontes, viadutos, mega edif\u00edcios ou grandes desastres concorrem com com\u00e9dias, filmes e shows em p\u00e9 de igualdade. Os reality shows sa\u00edram do confinamento do Big Brother na rede Globo e passaram a construir carros, contratar executivos, reformar casas, apartamentos e at\u00e9 pessoas.\u00a0<\/p>\n<p>Na corrida por not\u00edcias, as grandes redes perdem para uma legi\u00e3o de indiv\u00edduos munidos de celulares e conex\u00f5es de banda larga. Seus blogs, flogs, podcasts, You Tubes e Wiki\u2019s s\u00e3o mais \u00e1geis, mais abrangentes, mais profundos, mais precisos e, principalmente, totalmente incontrol\u00e1veis. Garantem assim, cobertura jornal\u00edstica local de qualidade e profundidade, imposs\u00edveis num hor\u00e1rio nobre ou numa publica\u00e7\u00e3o de alcance nacional.\u00a0<\/p>\n<p>A informa\u00e7\u00e3o que conhec\u00edamos n\u00e3o \u00e9 mais a mesma, perdeu o direito autoral, o controle e a forma. Por\u00e9m ganhou velocidade, abrang\u00eancia e vida.\u00a0<br \/>\nA informa\u00e7\u00e3o retida viu seu valor virar p\u00f3 e o conhecimento, hoje, precisa ser compartilhado para continuar valendo alguma coisa. A m\u00fasica compartilhada na rede, que faz a gravadora perder dinheiro, lota os shows do artista, vendendo mais ingressos e mais produtos de licenciamento. A Internet agora ganhou vida, uma segunda vida, onde se navega literalmente, onde os websites viraram im\u00f3veis e sua p\u00e1gina tem formato de um pr\u00e9dio. <br \/>\nLoucura? Fic\u00e7\u00e3o? Brincadeira? <br \/>\nPara a grande maioria aqui hoje, talvez.\u00a0<\/p>\n<p>Mas o SECOND-LIFE, ambiente virtual com 5 milh\u00f5es de participantes, movimentando algumas centenas de milh\u00f5es de d\u00f3lares por m\u00eas, j\u00e1 atrai grandes corpora\u00e7\u00f5es como Nokia, General Motors, Petrobras e muitas outras est\u00e3o a caminho.\u00a0<\/p>\n<p>O mundo real tamb\u00e9m n\u00e3o \u00e9 f\u00e1cil.\u00a0No Brasil completamos 22 anos sem grandes obras. O pa\u00eds entra em 2007 com a mesma infra-estrutura de 1985 e parece querer seguir com ela, desafiando a l\u00f3gica e buscando o crescimento a qualquer custo, sem sequer preparar-se para ele. O atual governo anuncia seu grande plano de investimentos, onde o maior problema n\u00e3o \u00e9 a disponibilidade financeira. Pois a dura verdade \u00e9 n\u00e3o haver profissionais capacitados para gerenciar os projetos pretendidos.\u00a0<\/p>\n<p>Chegamos \u00e0 absurda situa\u00e7\u00e3o onde um engenheiro tem mais perspectivas de trabalho nas mesas de opera\u00e7\u00f5es de um grande banco, do que nos canteiros de obras, escrit\u00f3rios de projetos ou f\u00e1bricas espalhados pelo pa\u00eds. Esperemos que, num futuro pr\u00f3ximo, a carteira do CREA n\u00e3o precise ser validada no Banco Central ou na BM&#038;F.\u00a0<\/p>\n<p>Resumindo, temos a grata tarefa de reerguer a engenharia brasileira, trabalhando em conjunto com Associa\u00e7\u00f5es, Clubes de Engenharia, Federa\u00e7\u00f5es, Grupos, Institutos, Sindicatos entre outros num esfor\u00e7o nunca antes necess\u00e1rio no Brasil.\u00a0<\/p>\n<p>Esta gest\u00e3o ter\u00e1 de trabalhar na capitaliza\u00e7\u00e3o da popularidade do Discovery Channel, transformando os jovens telespectadores impressionados, em matr\u00edculas nos cursos de engenharia das Universidades Brasileiras.\u00a0<\/p>\n<p>Teremos de lutar contra a mediocridade da maioria dos cursos de engenharia, contra a banaliza\u00e7\u00e3o da contrata\u00e7\u00e3o de servi\u00e7os e projetos, para o estabelecimento de crit\u00e9rios de qualidade e intensifica\u00e7\u00e3o da fiscaliza\u00e7\u00e3o.\u00a0<\/p>\n<p>Teremos de trabalhar para nos adaptar a um mundo formado por redes, onde n\u00e3o h\u00e1 a distin\u00e7\u00e3o entre consumidor e produtor, pois a empresa que vende seus produtos pela internet, tamb\u00e9m por meio dela compra seus insumos e suprimentos. Onde o profissional que oferece um curso \u00e0 dist\u00e2ncia, participa de um treinamento de sua empresa.\u00a0<\/p>\n<p>Enfim, \u00e9 chegada a hora de repensar o papel de institui\u00e7\u00f5es como a nossa, passando de representante de categoria \u00e0 articuladora de debates, de dep\u00f3sito de informa\u00e7\u00f5es \u00e0 construtora de conhecimento, de entidade isolada \u00e0 lider do movimento de cria\u00e7\u00e3o de um pa\u00eds melhor.\u00a0<\/p>\n<p>Portanto, senhores, com a s\u00f3lida funda\u00e7\u00e3o deixada pelo eng. Lafraia, \u00e9 hora de por a m\u00e3o na massa, \u00e9 hora de construir um novo Instituto de Engenharia. <br \/>\nUma nova institui\u00e7\u00e3o, moderna, atualizada, abrangente, inclusiva e atuante.\u00a0<\/p>\n<p>Obrigado <\/p>\n<p><b>Autor: Edemar de Souza Amorim<\/b><\/p>\n","protected":false},"excerpt":{"rendered":"<p>Senhoras e Senhores,\u00a0 Enquanto pensava no que dizer nesta oportunidade, iniciei uma lista das pessoas a quem gostaria de agradecer pelo apoio nestes mais de 40 anos de caminhada. Tarefa esta que logo se mostrou imposs\u00edvel, primeiro pelo efeito destes mesmos 40 anos em minha mem\u00f3ria e segundo, por ter logo de in\u00edcio, estabelecido um [&hellip;]<\/p>\n","protected":false},"author":1,"featured_media":0,"comment_status":"open","ping_status":"open","sticky":false,"template":"","format":"standard","meta":{"footnotes":""},"categories":[114],"tags":[],"class_list":{"0":"post-14582","1":"post","2":"type-post","3":"status-publish","4":"format-standard","6":"category-artigos"},"yoast_head":"<!-- This site is optimized with the Yoast SEO plugin v27.2 - https:\/\/yoast.com\/product\/yoast-seo-wordpress\/ -->\n<title>Discurso de posse pronunciado pelo Presidente Edemar de Souza Amorim no Instituto de Engenharia - Instituto de Engenharia<\/title>\n<meta name=\"robots\" content=\"index, follow, max-snippet:-1, max-image-preview:large, max-video-preview:-1\" \/>\n<link rel=\"canonical\" href=\"https:\/\/www.institutodeengenharia.org.br\/site\/2007\/04\/10\/discurso-de-posse-pronunciado-pelo-presidente-edemar-de-souza-amorim-no-instituto-de-engenharia\/\" \/>\n<meta property=\"og:locale\" content=\"pt_BR\" \/>\n<meta property=\"og:type\" content=\"article\" \/>\n<meta property=\"og:title\" content=\"Discurso de posse pronunciado pelo Presidente Edemar de Souza Amorim no Instituto de Engenharia - Instituto de Engenharia\" \/>\n<meta property=\"og:description\" content=\"Senhoras e Senhores,\u00a0 Enquanto pensava no que dizer nesta oportunidade, iniciei uma lista das pessoas a quem gostaria de agradecer pelo apoio nestes mais de 40 anos de caminhada. Tarefa esta que logo se mostrou imposs\u00edvel, primeiro pelo efeito destes mesmos 40 anos em minha mem\u00f3ria e segundo, por ter logo de in\u00edcio, estabelecido um [&hellip;]\" \/>\n<meta property=\"og:url\" content=\"https:\/\/www.institutodeengenharia.org.br\/site\/2007\/04\/10\/discurso-de-posse-pronunciado-pelo-presidente-edemar-de-souza-amorim-no-instituto-de-engenharia\/\" \/>\n<meta property=\"og:site_name\" content=\"Instituto de Engenharia\" \/>\n<meta property=\"article:publisher\" content=\"https:\/\/www.facebook.com\/institutodeengenharia\" \/>\n<meta property=\"article:published_time\" content=\"2007-04-10T21:47:34+00:00\" \/>\n<meta property=\"article:modified_time\" content=\"2008-04-04T17:12:40+00:00\" \/>\n<meta name=\"author\" content=\"TMax Tecnologia\" \/>\n<meta name=\"twitter:card\" content=\"summary_large_image\" \/>\n<meta name=\"twitter:creator\" content=\"@iengenharia\" \/>\n<meta name=\"twitter:site\" content=\"@iengenharia\" \/>\n<meta name=\"twitter:label1\" content=\"Escrito por\" \/>\n\t<meta name=\"twitter:data1\" content=\"TMax Tecnologia\" \/>\n\t<meta name=\"twitter:label2\" content=\"Est. tempo de leitura\" \/>\n\t<meta name=\"twitter:data2\" content=\"6 minutos\" \/>\n<script type=\"application\/ld+json\" class=\"yoast-schema-graph\">{\"@context\":\"https:\/\/schema.org\",\"@graph\":[{\"@type\":\"Article\",\"@id\":\"https:\/\/www.institutodeengenharia.org.br\/site\/2007\/04\/10\/discurso-de-posse-pronunciado-pelo-presidente-edemar-de-souza-amorim-no-instituto-de-engenharia\/#article\",\"isPartOf\":{\"@id\":\"https:\/\/www.institutodeengenharia.org.br\/site\/2007\/04\/10\/discurso-de-posse-pronunciado-pelo-presidente-edemar-de-souza-amorim-no-instituto-de-engenharia\/\"},\"author\":{\"name\":\"TMax Tecnologia\",\"@id\":\"https:\/\/www.institutodeengenharia.org.br\/site\/#\/schema\/person\/3b1ff109facef084739fc2edcb9a127f\"},\"headline\":\"Discurso de posse pronunciado pelo Presidente Edemar de Souza Amorim no Instituto de Engenharia\",\"datePublished\":\"2007-04-10T21:47:34+00:00\",\"dateModified\":\"2008-04-04T17:12:40+00:00\",\"mainEntityOfPage\":{\"@id\":\"https:\/\/www.institutodeengenharia.org.br\/site\/2007\/04\/10\/discurso-de-posse-pronunciado-pelo-presidente-edemar-de-souza-amorim-no-instituto-de-engenharia\/\"},\"wordCount\":1227,\"commentCount\":0,\"publisher\":{\"@id\":\"https:\/\/www.institutodeengenharia.org.br\/site\/#organization\"},\"articleSection\":[\"Artigos\"],\"inLanguage\":\"pt-BR\",\"potentialAction\":[{\"@type\":\"CommentAction\",\"name\":\"Comment\",\"target\":[\"https:\/\/www.institutodeengenharia.org.br\/site\/2007\/04\/10\/discurso-de-posse-pronunciado-pelo-presidente-edemar-de-souza-amorim-no-instituto-de-engenharia\/#respond\"]}]},{\"@type\":\"WebPage\",\"@id\":\"https:\/\/www.institutodeengenharia.org.br\/site\/2007\/04\/10\/discurso-de-posse-pronunciado-pelo-presidente-edemar-de-souza-amorim-no-instituto-de-engenharia\/\",\"url\":\"https:\/\/www.institutodeengenharia.org.br\/site\/2007\/04\/10\/discurso-de-posse-pronunciado-pelo-presidente-edemar-de-souza-amorim-no-instituto-de-engenharia\/\",\"name\":\"Discurso de posse pronunciado pelo Presidente Edemar de Souza Amorim no Instituto de Engenharia - Instituto de Engenharia\",\"isPartOf\":{\"@id\":\"https:\/\/www.institutodeengenharia.org.br\/site\/#website\"},\"datePublished\":\"2007-04-10T21:47:34+00:00\",\"dateModified\":\"2008-04-04T17:12:40+00:00\",\"breadcrumb\":{\"@id\":\"https:\/\/www.institutodeengenharia.org.br\/site\/2007\/04\/10\/discurso-de-posse-pronunciado-pelo-presidente-edemar-de-souza-amorim-no-instituto-de-engenharia\/#breadcrumb\"},\"inLanguage\":\"pt-BR\",\"potentialAction\":[{\"@type\":\"ReadAction\",\"target\":[\"https:\/\/www.institutodeengenharia.org.br\/site\/2007\/04\/10\/discurso-de-posse-pronunciado-pelo-presidente-edemar-de-souza-amorim-no-instituto-de-engenharia\/\"]}]},{\"@type\":\"BreadcrumbList\",\"@id\":\"https:\/\/www.institutodeengenharia.org.br\/site\/2007\/04\/10\/discurso-de-posse-pronunciado-pelo-presidente-edemar-de-souza-amorim-no-instituto-de-engenharia\/#breadcrumb\",\"itemListElement\":[{\"@type\":\"ListItem\",\"position\":1,\"name\":\"In\u00edcio\",\"item\":\"https:\/\/www.institutodeengenharia.org.br\/site\/\"},{\"@type\":\"ListItem\",\"position\":2,\"name\":\"Discurso de posse pronunciado pelo Presidente Edemar de Souza Amorim no Instituto de Engenharia\"}]},{\"@type\":\"WebSite\",\"@id\":\"https:\/\/www.institutodeengenharia.org.br\/site\/#website\",\"url\":\"https:\/\/www.institutodeengenharia.org.br\/site\/\",\"name\":\"Instituto de Engenharia\",\"description\":\"O Instituto de Engenharia promove a Engenharia em benef\u00edcio do desenvolvimento e da qualidade de vida da sociedade.\",\"publisher\":{\"@id\":\"https:\/\/www.institutodeengenharia.org.br\/site\/#organization\"},\"potentialAction\":[{\"@type\":\"SearchAction\",\"target\":{\"@type\":\"EntryPoint\",\"urlTemplate\":\"https:\/\/www.institutodeengenharia.org.br\/site\/?s={search_term_string}\"},\"query-input\":{\"@type\":\"PropertyValueSpecification\",\"valueRequired\":true,\"valueName\":\"search_term_string\"}}],\"inLanguage\":\"pt-BR\"},{\"@type\":\"Organization\",\"@id\":\"https:\/\/www.institutodeengenharia.org.br\/site\/#organization\",\"name\":\"Instituto de Engenharia\",\"url\":\"https:\/\/www.institutodeengenharia.org.br\/site\/\",\"logo\":{\"@type\":\"ImageObject\",\"inLanguage\":\"pt-BR\",\"@id\":\"https:\/\/www.institutodeengenharia.org.br\/site\/#\/schema\/logo\/image\/\",\"url\":\"https:\/\/www.institutodeengenharia.org.br\/site\/wp-content\/uploads\/2019\/03\/logo-novo-IE2018-1.jpg\",\"contentUrl\":\"https:\/\/www.institutodeengenharia.org.br\/site\/wp-content\/uploads\/2019\/03\/logo-novo-IE2018-1.jpg\",\"width\":1486,\"height\":1879,\"caption\":\"Instituto de Engenharia\"},\"image\":{\"@id\":\"https:\/\/www.institutodeengenharia.org.br\/site\/#\/schema\/logo\/image\/\"},\"sameAs\":[\"https:\/\/www.facebook.com\/institutodeengenharia\",\"https:\/\/x.com\/iengenharia\",\"https:\/\/www.instagram.com\/institutodeengenharia\/\",\"https:\/\/www.linkedin.com\/company\/instituto-de-engenharia\/\",\"https:\/\/www.youtube.com\/channel\/UCXiCAlsSMe977vamW915HxA\"]},{\"@type\":\"Person\",\"@id\":\"https:\/\/www.institutodeengenharia.org.br\/site\/#\/schema\/person\/3b1ff109facef084739fc2edcb9a127f\",\"name\":\"TMax Tecnologia\",\"image\":{\"@type\":\"ImageObject\",\"inLanguage\":\"pt-BR\",\"@id\":\"https:\/\/secure.gravatar.com\/avatar\/f912434ef7f389c92cb311fcdae346af848465d638912574b3c669070f797701?s=96&d=mm&r=g\",\"url\":\"https:\/\/secure.gravatar.com\/avatar\/f912434ef7f389c92cb311fcdae346af848465d638912574b3c669070f797701?s=96&d=mm&r=g\",\"contentUrl\":\"https:\/\/secure.gravatar.com\/avatar\/f912434ef7f389c92cb311fcdae346af848465d638912574b3c669070f797701?s=96&d=mm&r=g\",\"caption\":\"TMax Tecnologia\"},\"url\":\"https:\/\/www.institutodeengenharia.org.br\/site\/author\/tmax\/\"}]}<\/script>\n<!-- \/ Yoast SEO plugin. -->","yoast_head_json":{"title":"Discurso de posse pronunciado pelo Presidente Edemar de Souza Amorim no Instituto de Engenharia - Instituto de Engenharia","robots":{"index":"index","follow":"follow","max-snippet":"max-snippet:-1","max-image-preview":"max-image-preview:large","max-video-preview":"max-video-preview:-1"},"canonical":"https:\/\/www.institutodeengenharia.org.br\/site\/2007\/04\/10\/discurso-de-posse-pronunciado-pelo-presidente-edemar-de-souza-amorim-no-instituto-de-engenharia\/","og_locale":"pt_BR","og_type":"article","og_title":"Discurso de posse pronunciado pelo Presidente Edemar de Souza Amorim no Instituto de Engenharia - Instituto de Engenharia","og_description":"Senhoras e Senhores,\u00a0 Enquanto pensava no que dizer nesta oportunidade, iniciei uma lista das pessoas a quem gostaria de agradecer pelo apoio nestes mais de 40 anos de caminhada. Tarefa esta que logo se mostrou imposs\u00edvel, primeiro pelo efeito destes mesmos 40 anos em minha mem\u00f3ria e segundo, por ter logo de in\u00edcio, estabelecido um [&hellip;]","og_url":"https:\/\/www.institutodeengenharia.org.br\/site\/2007\/04\/10\/discurso-de-posse-pronunciado-pelo-presidente-edemar-de-souza-amorim-no-instituto-de-engenharia\/","og_site_name":"Instituto de Engenharia","article_publisher":"https:\/\/www.facebook.com\/institutodeengenharia","article_published_time":"2007-04-10T21:47:34+00:00","article_modified_time":"2008-04-04T17:12:40+00:00","author":"TMax Tecnologia","twitter_card":"summary_large_image","twitter_creator":"@iengenharia","twitter_site":"@iengenharia","twitter_misc":{"Escrito por":"TMax Tecnologia","Est. tempo de leitura":"6 minutos"},"schema":{"@context":"https:\/\/schema.org","@graph":[{"@type":"Article","@id":"https:\/\/www.institutodeengenharia.org.br\/site\/2007\/04\/10\/discurso-de-posse-pronunciado-pelo-presidente-edemar-de-souza-amorim-no-instituto-de-engenharia\/#article","isPartOf":{"@id":"https:\/\/www.institutodeengenharia.org.br\/site\/2007\/04\/10\/discurso-de-posse-pronunciado-pelo-presidente-edemar-de-souza-amorim-no-instituto-de-engenharia\/"},"author":{"name":"TMax Tecnologia","@id":"https:\/\/www.institutodeengenharia.org.br\/site\/#\/schema\/person\/3b1ff109facef084739fc2edcb9a127f"},"headline":"Discurso de posse pronunciado pelo Presidente Edemar de Souza Amorim no Instituto de Engenharia","datePublished":"2007-04-10T21:47:34+00:00","dateModified":"2008-04-04T17:12:40+00:00","mainEntityOfPage":{"@id":"https:\/\/www.institutodeengenharia.org.br\/site\/2007\/04\/10\/discurso-de-posse-pronunciado-pelo-presidente-edemar-de-souza-amorim-no-instituto-de-engenharia\/"},"wordCount":1227,"commentCount":0,"publisher":{"@id":"https:\/\/www.institutodeengenharia.org.br\/site\/#organization"},"articleSection":["Artigos"],"inLanguage":"pt-BR","potentialAction":[{"@type":"CommentAction","name":"Comment","target":["https:\/\/www.institutodeengenharia.org.br\/site\/2007\/04\/10\/discurso-de-posse-pronunciado-pelo-presidente-edemar-de-souza-amorim-no-instituto-de-engenharia\/#respond"]}]},{"@type":"WebPage","@id":"https:\/\/www.institutodeengenharia.org.br\/site\/2007\/04\/10\/discurso-de-posse-pronunciado-pelo-presidente-edemar-de-souza-amorim-no-instituto-de-engenharia\/","url":"https:\/\/www.institutodeengenharia.org.br\/site\/2007\/04\/10\/discurso-de-posse-pronunciado-pelo-presidente-edemar-de-souza-amorim-no-instituto-de-engenharia\/","name":"Discurso de posse pronunciado pelo Presidente Edemar de Souza Amorim no Instituto de Engenharia - Instituto de Engenharia","isPartOf":{"@id":"https:\/\/www.institutodeengenharia.org.br\/site\/#website"},"datePublished":"2007-04-10T21:47:34+00:00","dateModified":"2008-04-04T17:12:40+00:00","breadcrumb":{"@id":"https:\/\/www.institutodeengenharia.org.br\/site\/2007\/04\/10\/discurso-de-posse-pronunciado-pelo-presidente-edemar-de-souza-amorim-no-instituto-de-engenharia\/#breadcrumb"},"inLanguage":"pt-BR","potentialAction":[{"@type":"ReadAction","target":["https:\/\/www.institutodeengenharia.org.br\/site\/2007\/04\/10\/discurso-de-posse-pronunciado-pelo-presidente-edemar-de-souza-amorim-no-instituto-de-engenharia\/"]}]},{"@type":"BreadcrumbList","@id":"https:\/\/www.institutodeengenharia.org.br\/site\/2007\/04\/10\/discurso-de-posse-pronunciado-pelo-presidente-edemar-de-souza-amorim-no-instituto-de-engenharia\/#breadcrumb","itemListElement":[{"@type":"ListItem","position":1,"name":"In\u00edcio","item":"https:\/\/www.institutodeengenharia.org.br\/site\/"},{"@type":"ListItem","position":2,"name":"Discurso de posse pronunciado pelo Presidente Edemar de Souza Amorim no Instituto de Engenharia"}]},{"@type":"WebSite","@id":"https:\/\/www.institutodeengenharia.org.br\/site\/#website","url":"https:\/\/www.institutodeengenharia.org.br\/site\/","name":"Instituto de Engenharia","description":"O Instituto de Engenharia promove a Engenharia em benef\u00edcio do desenvolvimento e da qualidade de vida da sociedade.","publisher":{"@id":"https:\/\/www.institutodeengenharia.org.br\/site\/#organization"},"potentialAction":[{"@type":"SearchAction","target":{"@type":"EntryPoint","urlTemplate":"https:\/\/www.institutodeengenharia.org.br\/site\/?s={search_term_string}"},"query-input":{"@type":"PropertyValueSpecification","valueRequired":true,"valueName":"search_term_string"}}],"inLanguage":"pt-BR"},{"@type":"Organization","@id":"https:\/\/www.institutodeengenharia.org.br\/site\/#organization","name":"Instituto de Engenharia","url":"https:\/\/www.institutodeengenharia.org.br\/site\/","logo":{"@type":"ImageObject","inLanguage":"pt-BR","@id":"https:\/\/www.institutodeengenharia.org.br\/site\/#\/schema\/logo\/image\/","url":"https:\/\/www.institutodeengenharia.org.br\/site\/wp-content\/uploads\/2019\/03\/logo-novo-IE2018-1.jpg","contentUrl":"https:\/\/www.institutodeengenharia.org.br\/site\/wp-content\/uploads\/2019\/03\/logo-novo-IE2018-1.jpg","width":1486,"height":1879,"caption":"Instituto de Engenharia"},"image":{"@id":"https:\/\/www.institutodeengenharia.org.br\/site\/#\/schema\/logo\/image\/"},"sameAs":["https:\/\/www.facebook.com\/institutodeengenharia","https:\/\/x.com\/iengenharia","https:\/\/www.instagram.com\/institutodeengenharia\/","https:\/\/www.linkedin.com\/company\/instituto-de-engenharia\/","https:\/\/www.youtube.com\/channel\/UCXiCAlsSMe977vamW915HxA"]},{"@type":"Person","@id":"https:\/\/www.institutodeengenharia.org.br\/site\/#\/schema\/person\/3b1ff109facef084739fc2edcb9a127f","name":"TMax Tecnologia","image":{"@type":"ImageObject","inLanguage":"pt-BR","@id":"https:\/\/secure.gravatar.com\/avatar\/f912434ef7f389c92cb311fcdae346af848465d638912574b3c669070f797701?s=96&d=mm&r=g","url":"https:\/\/secure.gravatar.com\/avatar\/f912434ef7f389c92cb311fcdae346af848465d638912574b3c669070f797701?s=96&d=mm&r=g","contentUrl":"https:\/\/secure.gravatar.com\/avatar\/f912434ef7f389c92cb311fcdae346af848465d638912574b3c669070f797701?s=96&d=mm&r=g","caption":"TMax Tecnologia"},"url":"https:\/\/www.institutodeengenharia.org.br\/site\/author\/tmax\/"}]}},"_links":{"self":[{"href":"https:\/\/www.institutodeengenharia.org.br\/site\/wp-json\/wp\/v2\/posts\/14582","targetHints":{"allow":["GET"]}}],"collection":[{"href":"https:\/\/www.institutodeengenharia.org.br\/site\/wp-json\/wp\/v2\/posts"}],"about":[{"href":"https:\/\/www.institutodeengenharia.org.br\/site\/wp-json\/wp\/v2\/types\/post"}],"author":[{"embeddable":true,"href":"https:\/\/www.institutodeengenharia.org.br\/site\/wp-json\/wp\/v2\/users\/1"}],"replies":[{"embeddable":true,"href":"https:\/\/www.institutodeengenharia.org.br\/site\/wp-json\/wp\/v2\/comments?post=14582"}],"version-history":[{"count":0,"href":"https:\/\/www.institutodeengenharia.org.br\/site\/wp-json\/wp\/v2\/posts\/14582\/revisions"}],"wp:attachment":[{"href":"https:\/\/www.institutodeengenharia.org.br\/site\/wp-json\/wp\/v2\/media?parent=14582"}],"wp:term":[{"taxonomy":"category","embeddable":true,"href":"https:\/\/www.institutodeengenharia.org.br\/site\/wp-json\/wp\/v2\/categories?post=14582"},{"taxonomy":"post_tag","embeddable":true,"href":"https:\/\/www.institutodeengenharia.org.br\/site\/wp-json\/wp\/v2\/tags?post=14582"}],"curies":[{"name":"wp","href":"https:\/\/api.w.org\/{rel}","templated":true}]}}