{"id":14577,"date":"2008-04-02T21:47:29","date_gmt":"2008-04-02T21:47:29","guid":{"rendered":"https:\/\/www.institutodeengenharia.org.br\/?p=14577"},"modified":"2008-04-02T13:43:11","modified_gmt":"2008-04-02T13:43:11","slug":"procurador-contesta-no-stf-artigo-da-lei-de-saneamento","status":"publish","type":"post","link":"https:\/\/www.institutodeengenharia.org.br\/site\/2008\/04\/02\/procurador-contesta-no-stf-artigo-da-lei-de-saneamento\/","title":{"rendered":"Procurador contesta no STF artigo da Lei de Saneamento"},"content":{"rendered":"<p>\nO procurador-geral da Rep\u00fablica, Ant\u00f4nio Fernando Souza, ajuizou, no Supremo Tribunal Federal (STF), uma a\u00e7\u00e3o direta de inconstitucionalidade (ADI 4088), com pedido de liminar contra um artigo da Lei de Saneamento, aprovada em 2007, que permite a prorroga\u00e7\u00e3o da presta\u00e7\u00e3o de servi\u00e7os sem licita\u00e7\u00e3o. <\/p>\n<p>A lei determina que, vencido o prazo para a presta\u00e7\u00e3o de servi\u00e7o de saneamento, para que n\u00e3o houvesse interrup\u00e7\u00e3o, o poder p\u00fablico poderia renovar a outorga, sem necessidade de licita\u00e7\u00e3o. Essa nova concess\u00e3o, inclusive para concess\u00f5es em car\u00e1ter prec\u00e1rio, valeria at\u00e9 o fim de 2010. A legisla\u00e7\u00e3o anterior, alterada por esse novo texto, previa que as concess\u00f5es de servi\u00e7o p\u00fablico, feitas antes de 1995, terminariam no prazo estabelecido em contrato. As contrata\u00e7\u00f5es prec\u00e1rias ou irregulares valeriam por apenas dois anos e essa transi\u00e7\u00e3o evitaria que os servi\u00e7os fossem suspensos. <\/p>\n<p>A nova lei, por\u00e9m, permitiu que essas contrata\u00e7\u00f5es prec\u00e1rias fossem prorrogadas sem licita\u00e7\u00e3o, o que, de acordo com o procurador, fere o princ\u00edpio constitucional da efici\u00eancia e o artigo 175 da Constitui\u00e7\u00e3o, que obriga a realiza\u00e7\u00e3o de licita\u00e7\u00e3o para a concess\u00e3o de servi\u00e7os p\u00fablicos. <\/p>\n<p>&#8220;A concretiza\u00e7\u00e3o de valores constitucionais se poria em xeque, caso os riscos de transi\u00e7\u00e3o se mantivessem reiteradamente invocados como motivo para a Administra\u00e7\u00e3o P\u00fablica manter em vigor tratados, acordos ou contratos que, todavia, n\u00e3o atendam ao artigo 175 da Lei Fundamental&#8221;, disse o procurador, no texto da a\u00e7\u00e3o. De acordo com ele, a lei permite que empresas que exploram o ramo h\u00e1 muito tempo se perpetuem no setor. &#8220;Nichos solidificados de explora\u00e7\u00e3o privada, que historicamente se valeram da presta\u00e7\u00e3o de servi\u00e7os p\u00fablicos, ganham instrumental jur\u00eddico para se perpetuar, pondo-se \u00e0 margem do modelo constitucional&#8221;, afirmou. <\/p>\n<p><b>Autor: Estad\u00e3o On-Line<\/b><\/p>\n","protected":false},"excerpt":{"rendered":"<p>O procurador-geral da Rep\u00fablica, Ant\u00f4nio Fernando Souza, ajuizou, no Supremo Tribunal Federal (STF), uma a\u00e7\u00e3o direta de inconstitucionalidade (ADI 4088), com pedido de liminar contra um artigo da Lei de Saneamento, aprovada em 2007, que permite a prorroga\u00e7\u00e3o da presta\u00e7\u00e3o de servi\u00e7os sem licita\u00e7\u00e3o. A lei determina que, vencido o prazo para a presta\u00e7\u00e3o de [&hellip;]<\/p>\n","protected":false},"author":1,"featured_media":0,"comment_status":"open","ping_status":"open","sticky":false,"template":"","format":"standard","meta":{"footnotes":""},"categories":[31,6],"tags":[],"class_list":{"0":"post-14577","1":"post","2":"type-post","3":"status-publish","4":"format-standard","6":"category-meio-ambiente","7":"category-noticias"},"yoast_head":"<!-- This site is optimized with the Yoast SEO plugin v27.2 - https:\/\/yoast.com\/product\/yoast-seo-wordpress\/ -->\n<title>Procurador contesta no STF artigo da Lei de Saneamento - Instituto de Engenharia<\/title>\n<meta name=\"robots\" content=\"index, follow, max-snippet:-1, max-image-preview:large, max-video-preview:-1\" \/>\n<link rel=\"canonical\" href=\"https:\/\/www.institutodeengenharia.org.br\/site\/2008\/04\/02\/procurador-contesta-no-stf-artigo-da-lei-de-saneamento\/\" \/>\n<meta property=\"og:locale\" content=\"pt_BR\" \/>\n<meta property=\"og:type\" content=\"article\" \/>\n<meta property=\"og:title\" content=\"Procurador contesta no STF artigo da Lei de Saneamento - Instituto de Engenharia\" \/>\n<meta property=\"og:description\" content=\"O procurador-geral da Rep\u00fablica, Ant\u00f4nio Fernando Souza, ajuizou, no Supremo Tribunal Federal (STF), uma a\u00e7\u00e3o direta de inconstitucionalidade (ADI 4088), com pedido de liminar contra um artigo da Lei de Saneamento, aprovada em 2007, que permite a prorroga\u00e7\u00e3o da presta\u00e7\u00e3o de servi\u00e7os sem licita\u00e7\u00e3o. A lei determina que, vencido o prazo para a presta\u00e7\u00e3o de [&hellip;]\" \/>\n<meta property=\"og:url\" content=\"https:\/\/www.institutodeengenharia.org.br\/site\/2008\/04\/02\/procurador-contesta-no-stf-artigo-da-lei-de-saneamento\/\" \/>\n<meta property=\"og:site_name\" content=\"Instituto de Engenharia\" \/>\n<meta property=\"article:publisher\" content=\"https:\/\/www.facebook.com\/institutodeengenharia\" \/>\n<meta property=\"article:published_time\" content=\"2008-04-02T21:47:29+00:00\" \/>\n<meta name=\"author\" content=\"TMax Tecnologia\" \/>\n<meta name=\"twitter:card\" content=\"summary_large_image\" \/>\n<meta name=\"twitter:creator\" content=\"@iengenharia\" \/>\n<meta name=\"twitter:site\" content=\"@iengenharia\" \/>\n<meta name=\"twitter:label1\" content=\"Escrito por\" \/>\n\t<meta name=\"twitter:data1\" content=\"TMax Tecnologia\" \/>\n\t<meta name=\"twitter:label2\" content=\"Est. tempo de leitura\" \/>\n\t<meta name=\"twitter:data2\" content=\"2 minutos\" \/>\n<script type=\"application\/ld+json\" class=\"yoast-schema-graph\">{\"@context\":\"https:\/\/schema.org\",\"@graph\":[{\"@type\":\"Article\",\"@id\":\"https:\/\/www.institutodeengenharia.org.br\/site\/2008\/04\/02\/procurador-contesta-no-stf-artigo-da-lei-de-saneamento\/#article\",\"isPartOf\":{\"@id\":\"https:\/\/www.institutodeengenharia.org.br\/site\/2008\/04\/02\/procurador-contesta-no-stf-artigo-da-lei-de-saneamento\/\"},\"author\":{\"name\":\"TMax Tecnologia\",\"@id\":\"https:\/\/www.institutodeengenharia.org.br\/site\/#\/schema\/person\/3b1ff109facef084739fc2edcb9a127f\"},\"headline\":\"Procurador contesta no STF artigo da Lei de Saneamento\",\"datePublished\":\"2008-04-02T21:47:29+00:00\",\"mainEntityOfPage\":{\"@id\":\"https:\/\/www.institutodeengenharia.org.br\/site\/2008\/04\/02\/procurador-contesta-no-stf-artigo-da-lei-de-saneamento\/\"},\"wordCount\":326,\"commentCount\":0,\"publisher\":{\"@id\":\"https:\/\/www.institutodeengenharia.org.br\/site\/#organization\"},\"articleSection\":[\"Meio Ambiente\",\"Not\u00edcias\"],\"inLanguage\":\"pt-BR\",\"potentialAction\":[{\"@type\":\"CommentAction\",\"name\":\"Comment\",\"target\":[\"https:\/\/www.institutodeengenharia.org.br\/site\/2008\/04\/02\/procurador-contesta-no-stf-artigo-da-lei-de-saneamento\/#respond\"]}]},{\"@type\":\"WebPage\",\"@id\":\"https:\/\/www.institutodeengenharia.org.br\/site\/2008\/04\/02\/procurador-contesta-no-stf-artigo-da-lei-de-saneamento\/\",\"url\":\"https:\/\/www.institutodeengenharia.org.br\/site\/2008\/04\/02\/procurador-contesta-no-stf-artigo-da-lei-de-saneamento\/\",\"name\":\"Procurador contesta no STF artigo da Lei de Saneamento - Instituto de Engenharia\",\"isPartOf\":{\"@id\":\"https:\/\/www.institutodeengenharia.org.br\/site\/#website\"},\"datePublished\":\"2008-04-02T21:47:29+00:00\",\"breadcrumb\":{\"@id\":\"https:\/\/www.institutodeengenharia.org.br\/site\/2008\/04\/02\/procurador-contesta-no-stf-artigo-da-lei-de-saneamento\/#breadcrumb\"},\"inLanguage\":\"pt-BR\",\"potentialAction\":[{\"@type\":\"ReadAction\",\"target\":[\"https:\/\/www.institutodeengenharia.org.br\/site\/2008\/04\/02\/procurador-contesta-no-stf-artigo-da-lei-de-saneamento\/\"]}]},{\"@type\":\"BreadcrumbList\",\"@id\":\"https:\/\/www.institutodeengenharia.org.br\/site\/2008\/04\/02\/procurador-contesta-no-stf-artigo-da-lei-de-saneamento\/#breadcrumb\",\"itemListElement\":[{\"@type\":\"ListItem\",\"position\":1,\"name\":\"In\u00edcio\",\"item\":\"https:\/\/www.institutodeengenharia.org.br\/site\/\"},{\"@type\":\"ListItem\",\"position\":2,\"name\":\"Procurador contesta no STF artigo da Lei de Saneamento\"}]},{\"@type\":\"WebSite\",\"@id\":\"https:\/\/www.institutodeengenharia.org.br\/site\/#website\",\"url\":\"https:\/\/www.institutodeengenharia.org.br\/site\/\",\"name\":\"Instituto de Engenharia\",\"description\":\"O Instituto de Engenharia promove a Engenharia em benef\u00edcio do desenvolvimento e da qualidade de vida da sociedade.\",\"publisher\":{\"@id\":\"https:\/\/www.institutodeengenharia.org.br\/site\/#organization\"},\"potentialAction\":[{\"@type\":\"SearchAction\",\"target\":{\"@type\":\"EntryPoint\",\"urlTemplate\":\"https:\/\/www.institutodeengenharia.org.br\/site\/?s={search_term_string}\"},\"query-input\":{\"@type\":\"PropertyValueSpecification\",\"valueRequired\":true,\"valueName\":\"search_term_string\"}}],\"inLanguage\":\"pt-BR\"},{\"@type\":\"Organization\",\"@id\":\"https:\/\/www.institutodeengenharia.org.br\/site\/#organization\",\"name\":\"Instituto de Engenharia\",\"url\":\"https:\/\/www.institutodeengenharia.org.br\/site\/\",\"logo\":{\"@type\":\"ImageObject\",\"inLanguage\":\"pt-BR\",\"@id\":\"https:\/\/www.institutodeengenharia.org.br\/site\/#\/schema\/logo\/image\/\",\"url\":\"https:\/\/www.institutodeengenharia.org.br\/site\/wp-content\/uploads\/2019\/03\/logo-novo-IE2018-1.jpg\",\"contentUrl\":\"https:\/\/www.institutodeengenharia.org.br\/site\/wp-content\/uploads\/2019\/03\/logo-novo-IE2018-1.jpg\",\"width\":1486,\"height\":1879,\"caption\":\"Instituto de Engenharia\"},\"image\":{\"@id\":\"https:\/\/www.institutodeengenharia.org.br\/site\/#\/schema\/logo\/image\/\"},\"sameAs\":[\"https:\/\/www.facebook.com\/institutodeengenharia\",\"https:\/\/x.com\/iengenharia\",\"https:\/\/www.instagram.com\/institutodeengenharia\/\",\"https:\/\/www.linkedin.com\/company\/instituto-de-engenharia\/\",\"https:\/\/www.youtube.com\/channel\/UCXiCAlsSMe977vamW915HxA\"]},{\"@type\":\"Person\",\"@id\":\"https:\/\/www.institutodeengenharia.org.br\/site\/#\/schema\/person\/3b1ff109facef084739fc2edcb9a127f\",\"name\":\"TMax Tecnologia\",\"image\":{\"@type\":\"ImageObject\",\"inLanguage\":\"pt-BR\",\"@id\":\"https:\/\/secure.gravatar.com\/avatar\/f912434ef7f389c92cb311fcdae346af848465d638912574b3c669070f797701?s=96&d=mm&r=g\",\"url\":\"https:\/\/secure.gravatar.com\/avatar\/f912434ef7f389c92cb311fcdae346af848465d638912574b3c669070f797701?s=96&d=mm&r=g\",\"contentUrl\":\"https:\/\/secure.gravatar.com\/avatar\/f912434ef7f389c92cb311fcdae346af848465d638912574b3c669070f797701?s=96&d=mm&r=g\",\"caption\":\"TMax Tecnologia\"},\"url\":\"https:\/\/www.institutodeengenharia.org.br\/site\/author\/tmax\/\"}]}<\/script>\n<!-- \/ Yoast SEO plugin. -->","yoast_head_json":{"title":"Procurador contesta no STF artigo da Lei de Saneamento - Instituto de Engenharia","robots":{"index":"index","follow":"follow","max-snippet":"max-snippet:-1","max-image-preview":"max-image-preview:large","max-video-preview":"max-video-preview:-1"},"canonical":"https:\/\/www.institutodeengenharia.org.br\/site\/2008\/04\/02\/procurador-contesta-no-stf-artigo-da-lei-de-saneamento\/","og_locale":"pt_BR","og_type":"article","og_title":"Procurador contesta no STF artigo da Lei de Saneamento - Instituto de Engenharia","og_description":"O procurador-geral da Rep\u00fablica, Ant\u00f4nio Fernando Souza, ajuizou, no Supremo Tribunal Federal (STF), uma a\u00e7\u00e3o direta de inconstitucionalidade (ADI 4088), com pedido de liminar contra um artigo da Lei de Saneamento, aprovada em 2007, que permite a prorroga\u00e7\u00e3o da presta\u00e7\u00e3o de servi\u00e7os sem licita\u00e7\u00e3o. A lei determina que, vencido o prazo para a presta\u00e7\u00e3o de [&hellip;]","og_url":"https:\/\/www.institutodeengenharia.org.br\/site\/2008\/04\/02\/procurador-contesta-no-stf-artigo-da-lei-de-saneamento\/","og_site_name":"Instituto de Engenharia","article_publisher":"https:\/\/www.facebook.com\/institutodeengenharia","article_published_time":"2008-04-02T21:47:29+00:00","author":"TMax Tecnologia","twitter_card":"summary_large_image","twitter_creator":"@iengenharia","twitter_site":"@iengenharia","twitter_misc":{"Escrito por":"TMax Tecnologia","Est. tempo de leitura":"2 minutos"},"schema":{"@context":"https:\/\/schema.org","@graph":[{"@type":"Article","@id":"https:\/\/www.institutodeengenharia.org.br\/site\/2008\/04\/02\/procurador-contesta-no-stf-artigo-da-lei-de-saneamento\/#article","isPartOf":{"@id":"https:\/\/www.institutodeengenharia.org.br\/site\/2008\/04\/02\/procurador-contesta-no-stf-artigo-da-lei-de-saneamento\/"},"author":{"name":"TMax Tecnologia","@id":"https:\/\/www.institutodeengenharia.org.br\/site\/#\/schema\/person\/3b1ff109facef084739fc2edcb9a127f"},"headline":"Procurador contesta no STF artigo da Lei de Saneamento","datePublished":"2008-04-02T21:47:29+00:00","mainEntityOfPage":{"@id":"https:\/\/www.institutodeengenharia.org.br\/site\/2008\/04\/02\/procurador-contesta-no-stf-artigo-da-lei-de-saneamento\/"},"wordCount":326,"commentCount":0,"publisher":{"@id":"https:\/\/www.institutodeengenharia.org.br\/site\/#organization"},"articleSection":["Meio Ambiente","Not\u00edcias"],"inLanguage":"pt-BR","potentialAction":[{"@type":"CommentAction","name":"Comment","target":["https:\/\/www.institutodeengenharia.org.br\/site\/2008\/04\/02\/procurador-contesta-no-stf-artigo-da-lei-de-saneamento\/#respond"]}]},{"@type":"WebPage","@id":"https:\/\/www.institutodeengenharia.org.br\/site\/2008\/04\/02\/procurador-contesta-no-stf-artigo-da-lei-de-saneamento\/","url":"https:\/\/www.institutodeengenharia.org.br\/site\/2008\/04\/02\/procurador-contesta-no-stf-artigo-da-lei-de-saneamento\/","name":"Procurador contesta no STF artigo da Lei de Saneamento - Instituto de Engenharia","isPartOf":{"@id":"https:\/\/www.institutodeengenharia.org.br\/site\/#website"},"datePublished":"2008-04-02T21:47:29+00:00","breadcrumb":{"@id":"https:\/\/www.institutodeengenharia.org.br\/site\/2008\/04\/02\/procurador-contesta-no-stf-artigo-da-lei-de-saneamento\/#breadcrumb"},"inLanguage":"pt-BR","potentialAction":[{"@type":"ReadAction","target":["https:\/\/www.institutodeengenharia.org.br\/site\/2008\/04\/02\/procurador-contesta-no-stf-artigo-da-lei-de-saneamento\/"]}]},{"@type":"BreadcrumbList","@id":"https:\/\/www.institutodeengenharia.org.br\/site\/2008\/04\/02\/procurador-contesta-no-stf-artigo-da-lei-de-saneamento\/#breadcrumb","itemListElement":[{"@type":"ListItem","position":1,"name":"In\u00edcio","item":"https:\/\/www.institutodeengenharia.org.br\/site\/"},{"@type":"ListItem","position":2,"name":"Procurador contesta no STF artigo da Lei de Saneamento"}]},{"@type":"WebSite","@id":"https:\/\/www.institutodeengenharia.org.br\/site\/#website","url":"https:\/\/www.institutodeengenharia.org.br\/site\/","name":"Instituto de Engenharia","description":"O Instituto de Engenharia promove a Engenharia em benef\u00edcio do desenvolvimento e da qualidade de vida da sociedade.","publisher":{"@id":"https:\/\/www.institutodeengenharia.org.br\/site\/#organization"},"potentialAction":[{"@type":"SearchAction","target":{"@type":"EntryPoint","urlTemplate":"https:\/\/www.institutodeengenharia.org.br\/site\/?s={search_term_string}"},"query-input":{"@type":"PropertyValueSpecification","valueRequired":true,"valueName":"search_term_string"}}],"inLanguage":"pt-BR"},{"@type":"Organization","@id":"https:\/\/www.institutodeengenharia.org.br\/site\/#organization","name":"Instituto de Engenharia","url":"https:\/\/www.institutodeengenharia.org.br\/site\/","logo":{"@type":"ImageObject","inLanguage":"pt-BR","@id":"https:\/\/www.institutodeengenharia.org.br\/site\/#\/schema\/logo\/image\/","url":"https:\/\/www.institutodeengenharia.org.br\/site\/wp-content\/uploads\/2019\/03\/logo-novo-IE2018-1.jpg","contentUrl":"https:\/\/www.institutodeengenharia.org.br\/site\/wp-content\/uploads\/2019\/03\/logo-novo-IE2018-1.jpg","width":1486,"height":1879,"caption":"Instituto de Engenharia"},"image":{"@id":"https:\/\/www.institutodeengenharia.org.br\/site\/#\/schema\/logo\/image\/"},"sameAs":["https:\/\/www.facebook.com\/institutodeengenharia","https:\/\/x.com\/iengenharia","https:\/\/www.instagram.com\/institutodeengenharia\/","https:\/\/www.linkedin.com\/company\/instituto-de-engenharia\/","https:\/\/www.youtube.com\/channel\/UCXiCAlsSMe977vamW915HxA"]},{"@type":"Person","@id":"https:\/\/www.institutodeengenharia.org.br\/site\/#\/schema\/person\/3b1ff109facef084739fc2edcb9a127f","name":"TMax Tecnologia","image":{"@type":"ImageObject","inLanguage":"pt-BR","@id":"https:\/\/secure.gravatar.com\/avatar\/f912434ef7f389c92cb311fcdae346af848465d638912574b3c669070f797701?s=96&d=mm&r=g","url":"https:\/\/secure.gravatar.com\/avatar\/f912434ef7f389c92cb311fcdae346af848465d638912574b3c669070f797701?s=96&d=mm&r=g","contentUrl":"https:\/\/secure.gravatar.com\/avatar\/f912434ef7f389c92cb311fcdae346af848465d638912574b3c669070f797701?s=96&d=mm&r=g","caption":"TMax Tecnologia"},"url":"https:\/\/www.institutodeengenharia.org.br\/site\/author\/tmax\/"}]}},"_links":{"self":[{"href":"https:\/\/www.institutodeengenharia.org.br\/site\/wp-json\/wp\/v2\/posts\/14577","targetHints":{"allow":["GET"]}}],"collection":[{"href":"https:\/\/www.institutodeengenharia.org.br\/site\/wp-json\/wp\/v2\/posts"}],"about":[{"href":"https:\/\/www.institutodeengenharia.org.br\/site\/wp-json\/wp\/v2\/types\/post"}],"author":[{"embeddable":true,"href":"https:\/\/www.institutodeengenharia.org.br\/site\/wp-json\/wp\/v2\/users\/1"}],"replies":[{"embeddable":true,"href":"https:\/\/www.institutodeengenharia.org.br\/site\/wp-json\/wp\/v2\/comments?post=14577"}],"version-history":[{"count":0,"href":"https:\/\/www.institutodeengenharia.org.br\/site\/wp-json\/wp\/v2\/posts\/14577\/revisions"}],"wp:attachment":[{"href":"https:\/\/www.institutodeengenharia.org.br\/site\/wp-json\/wp\/v2\/media?parent=14577"}],"wp:term":[{"taxonomy":"category","embeddable":true,"href":"https:\/\/www.institutodeengenharia.org.br\/site\/wp-json\/wp\/v2\/categories?post=14577"},{"taxonomy":"post_tag","embeddable":true,"href":"https:\/\/www.institutodeengenharia.org.br\/site\/wp-json\/wp\/v2\/tags?post=14577"}],"curies":[{"name":"wp","href":"https:\/\/api.w.org\/{rel}","templated":true}]}}