{"id":14568,"date":"2008-03-31T21:47:21","date_gmt":"2008-03-31T21:47:21","guid":{"rendered":"https:\/\/www.institutodeengenharia.org.br\/?p=14568"},"modified":"2008-03-31T14:30:20","modified_gmt":"2008-03-31T14:30:20","slug":"sabesp-e-emtu-fecham-acordo-de-fornecimento-de-agua","status":"publish","type":"post","link":"https:\/\/www.institutodeengenharia.org.br\/site\/2008\/03\/31\/sabesp-e-emtu-fecham-acordo-de-fornecimento-de-agua\/","title":{"rendered":"Sabesp e EMTU fecham acordo de fornecimento de \u00e1gua"},"content":{"rendered":"<p>A Sabesp e Empresa Metropolitana de Transportes Urbanos &#8211; EMTU assinaram um contrato de demanda firme de \u00e1gua &#8211; em verdade um pacote de a\u00e7\u00f5es em que ambos os lados firmam uma s\u00e9rie de compromissos com resultados positivos para todos os envolvidos, inclusive para o interesse p\u00fablico. No documento assinado em 26 de mar\u00e7o, a EMTU se compromete a adquirir mensalmente o total de 3.006 m\u00b3 de \u00e1gua, tendo como contrapartida uma redu\u00e7\u00e3o tarif\u00e1ria. Esse \u00e9 o 18\u00ba contrato de demanda firme, uma modalidade jur\u00eddica vencedora, criada pela Sabesp para fidelizar clientes de grande porte.\u00a0<\/p>\n<p>Para o meio ambiente, a medida representa um avan\u00e7o, pois inclui uma redu\u00e7\u00e3o no consumo de \u00e1gua e, portanto, implica numa preserva\u00e7\u00e3o dos recursos h\u00eddricos. Para a empresa participante tamb\u00e9m \u00e9 positivo, uma vez ela passa a ter \u00e1gua da melhor qualidade por um custo mais baixo. E a Sabesp estreita ainda mais o relacionamento comercial, uma vez que tem a garantia de que o cliente n\u00e3o mais vai recorrer a fontes alternativas de fornecimento, como caminh\u00f5es-pipa.\u00a0<\/p>\n<p>Este \u00e9 o primeiro contrato assinado com uma empresa de economia mista e outros mais dever\u00e3o se somar nos pr\u00f3ximos meses. No total, levando-se em conta todos os contratos, a Sabesp fornece, hoje, 415 milh\u00f5es de litros de \u00e1gua por m\u00eas, o que garante um faturamento de R$ 4,6 milh\u00f5es mensais. \u201cN\u00e3o poder\u00edamos estar mais satisfeitos, sem d\u00favida o contrato de demanda firme representa avan\u00e7os em v\u00e1rios aspectos. Do ponto de vista ambiental, \u00e9 a vit\u00f3ria dos que lutam pela preserva\u00e7\u00e3o dos recursos hoje escassos. Pelo lado comercial temos um cliente fidelizado, recebendo o melhor atendimento e nos remunerando com uma receita garantida, sem contar quer o cliente tem ainda a vantagem de estar dentro de uma estrutura tarif\u00e1ria diferenciada, com custos mais baixos\u201d, afirmou Gesner Oliveira, presidente da Sabesp, ao receber os dirigentes da EMTU.\u00a0<\/p>\n<p>J\u00e1 o presidente da EMTU, Jos\u00e9 Ign\u00e1cio Sequeira, refor\u00e7ou a import\u00e2ncia da \u00e1gua para as pessoas: \u201cPassamos a vida inteira ouvindo falar que a \u00e1gua \u00e9 um precioso l\u00edquido, mas nem sempre damos a esse produto t\u00e3o nobre o devido valor. Com a demanda firme, contribuiremos com a preserva\u00e7\u00e3o de um recurso sem o qual n\u00e3o vivemos. Temos orgulho de ser a primeira empresa de economia mista a participar do programa e temos certeza que outros seguir\u00e3o nosso exemplo.&#8221;\u00a0<\/p>\n<p>\u201cTeremos a redu\u00e7\u00e3o tarif\u00e1ria pelo contrato de demanda firme e queremos tamb\u00e9m alcan\u00e7ar outra redu\u00e7\u00e3o depois de encarar o desafio de participar do Programa de Uso Racional da \u00c1gua &#8211; PURA\u201d, disse Jos\u00e9 Eduardo Cupertino, diretor da EMTU, para quem a economia de \u00e1gua tem um importante peso. <br \/>\nMeta: 39 contratos ser\u00e3o assinados at\u00e9 dezembro de 2008\u00a0<\/p>\n<p>Na verdade, a Sabesp est\u00e1 em plena expans\u00e3o dos contratos de demanda firme. Outras empresas de grande porte, sediadas em munic\u00edpios operados pela empresa, est\u00e3o em fase adiantada de negocia\u00e7\u00e3o para tamb\u00e9m aderirem ao contrato. A meta \u00e9 chegar ao final do ano com um total de 39 contratos de clientes corporativos. O primeiro de todos foi firmado em 2002 com a Companhia Brasileira de Distribui\u00e7\u00e3o, o grupo P\u00e3o de A\u00e7\u00facar, que prossegue at\u00e9 hoje como um cliente diferenciado da Sabesp.\u00a0<\/p>\n<p>A pol\u00edtica de contatos de demanda firme para fideliza\u00e7\u00e3o existe desde 2002, por\u00e9m, no lan\u00e7amento do programa de solu\u00e7\u00f5es ambientais, passou-se a admitir contratos tamb\u00e9m com gasto mensal de 3 mil metros c\u00fabicos. Antes, s\u00f3 eram admitidas empresas com volume de gasto igual ou superior a 5 mil m\u00b3\/m\u00eas. <\/p>\n<p><b>Autor: Assessoria de imprensa Sabesp<\/b><\/p>\n","protected":false},"excerpt":{"rendered":"<p>A Sabesp e Empresa Metropolitana de Transportes Urbanos &#8211; EMTU assinaram um contrato de demanda firme de \u00e1gua &#8211; em verdade um pacote de a\u00e7\u00f5es em que ambos os lados firmam uma s\u00e9rie de compromissos com resultados positivos para todos os envolvidos, inclusive para o interesse p\u00fablico. No documento assinado em 26 de mar\u00e7o, a [&hellip;]<\/p>\n","protected":false},"author":1,"featured_media":0,"comment_status":"open","ping_status":"open","sticky":false,"template":"","format":"standard","meta":{"footnotes":""},"categories":[6,38],"tags":[],"class_list":{"0":"post-14568","1":"post","2":"type-post","3":"status-publish","4":"format-standard","6":"category-noticias","7":"category-recursos-hidricos"},"yoast_head":"<!-- This site is optimized with the Yoast SEO plugin v27.2 - https:\/\/yoast.com\/product\/yoast-seo-wordpress\/ -->\n<title>Sabesp e EMTU fecham acordo de fornecimento de \u00e1gua - Instituto de Engenharia<\/title>\n<meta name=\"robots\" content=\"index, follow, max-snippet:-1, max-image-preview:large, max-video-preview:-1\" \/>\n<link rel=\"canonical\" href=\"https:\/\/www.institutodeengenharia.org.br\/site\/2008\/03\/31\/sabesp-e-emtu-fecham-acordo-de-fornecimento-de-agua\/\" \/>\n<meta property=\"og:locale\" content=\"pt_BR\" \/>\n<meta property=\"og:type\" content=\"article\" \/>\n<meta property=\"og:title\" content=\"Sabesp e EMTU fecham acordo de fornecimento de \u00e1gua - Instituto de Engenharia\" \/>\n<meta property=\"og:description\" content=\"A Sabesp e Empresa Metropolitana de Transportes Urbanos &#8211; EMTU assinaram um contrato de demanda firme de \u00e1gua &#8211; em verdade um pacote de a\u00e7\u00f5es em que ambos os lados firmam uma s\u00e9rie de compromissos com resultados positivos para todos os envolvidos, inclusive para o interesse p\u00fablico. No documento assinado em 26 de mar\u00e7o, a [&hellip;]\" \/>\n<meta property=\"og:url\" content=\"https:\/\/www.institutodeengenharia.org.br\/site\/2008\/03\/31\/sabesp-e-emtu-fecham-acordo-de-fornecimento-de-agua\/\" \/>\n<meta property=\"og:site_name\" content=\"Instituto de Engenharia\" \/>\n<meta property=\"article:publisher\" content=\"https:\/\/www.facebook.com\/institutodeengenharia\" \/>\n<meta property=\"article:published_time\" content=\"2008-03-31T21:47:21+00:00\" \/>\n<meta name=\"author\" content=\"TMax Tecnologia\" \/>\n<meta name=\"twitter:card\" content=\"summary_large_image\" \/>\n<meta name=\"twitter:creator\" content=\"@iengenharia\" \/>\n<meta name=\"twitter:site\" content=\"@iengenharia\" \/>\n<meta name=\"twitter:label1\" content=\"Escrito por\" \/>\n\t<meta name=\"twitter:data1\" content=\"TMax Tecnologia\" \/>\n\t<meta name=\"twitter:label2\" content=\"Est. tempo de leitura\" \/>\n\t<meta name=\"twitter:data2\" content=\"3 minutos\" \/>\n<script type=\"application\/ld+json\" class=\"yoast-schema-graph\">{\"@context\":\"https:\/\/schema.org\",\"@graph\":[{\"@type\":\"Article\",\"@id\":\"https:\/\/www.institutodeengenharia.org.br\/site\/2008\/03\/31\/sabesp-e-emtu-fecham-acordo-de-fornecimento-de-agua\/#article\",\"isPartOf\":{\"@id\":\"https:\/\/www.institutodeengenharia.org.br\/site\/2008\/03\/31\/sabesp-e-emtu-fecham-acordo-de-fornecimento-de-agua\/\"},\"author\":{\"name\":\"TMax Tecnologia\",\"@id\":\"https:\/\/www.institutodeengenharia.org.br\/site\/#\/schema\/person\/3b1ff109facef084739fc2edcb9a127f\"},\"headline\":\"Sabesp e EMTU fecham acordo de fornecimento de \u00e1gua\",\"datePublished\":\"2008-03-31T21:47:21+00:00\",\"mainEntityOfPage\":{\"@id\":\"https:\/\/www.institutodeengenharia.org.br\/site\/2008\/03\/31\/sabesp-e-emtu-fecham-acordo-de-fornecimento-de-agua\/\"},\"wordCount\":628,\"commentCount\":0,\"publisher\":{\"@id\":\"https:\/\/www.institutodeengenharia.org.br\/site\/#organization\"},\"articleSection\":[\"Not\u00edcias\",\"Recursos H\u00eddricos\"],\"inLanguage\":\"pt-BR\",\"potentialAction\":[{\"@type\":\"CommentAction\",\"name\":\"Comment\",\"target\":[\"https:\/\/www.institutodeengenharia.org.br\/site\/2008\/03\/31\/sabesp-e-emtu-fecham-acordo-de-fornecimento-de-agua\/#respond\"]}]},{\"@type\":\"WebPage\",\"@id\":\"https:\/\/www.institutodeengenharia.org.br\/site\/2008\/03\/31\/sabesp-e-emtu-fecham-acordo-de-fornecimento-de-agua\/\",\"url\":\"https:\/\/www.institutodeengenharia.org.br\/site\/2008\/03\/31\/sabesp-e-emtu-fecham-acordo-de-fornecimento-de-agua\/\",\"name\":\"Sabesp e EMTU fecham acordo de fornecimento de \u00e1gua - Instituto de Engenharia\",\"isPartOf\":{\"@id\":\"https:\/\/www.institutodeengenharia.org.br\/site\/#website\"},\"datePublished\":\"2008-03-31T21:47:21+00:00\",\"breadcrumb\":{\"@id\":\"https:\/\/www.institutodeengenharia.org.br\/site\/2008\/03\/31\/sabesp-e-emtu-fecham-acordo-de-fornecimento-de-agua\/#breadcrumb\"},\"inLanguage\":\"pt-BR\",\"potentialAction\":[{\"@type\":\"ReadAction\",\"target\":[\"https:\/\/www.institutodeengenharia.org.br\/site\/2008\/03\/31\/sabesp-e-emtu-fecham-acordo-de-fornecimento-de-agua\/\"]}]},{\"@type\":\"BreadcrumbList\",\"@id\":\"https:\/\/www.institutodeengenharia.org.br\/site\/2008\/03\/31\/sabesp-e-emtu-fecham-acordo-de-fornecimento-de-agua\/#breadcrumb\",\"itemListElement\":[{\"@type\":\"ListItem\",\"position\":1,\"name\":\"In\u00edcio\",\"item\":\"https:\/\/www.institutodeengenharia.org.br\/site\/\"},{\"@type\":\"ListItem\",\"position\":2,\"name\":\"Sabesp e EMTU fecham acordo de fornecimento de \u00e1gua\"}]},{\"@type\":\"WebSite\",\"@id\":\"https:\/\/www.institutodeengenharia.org.br\/site\/#website\",\"url\":\"https:\/\/www.institutodeengenharia.org.br\/site\/\",\"name\":\"Instituto de Engenharia\",\"description\":\"O Instituto de Engenharia promove a Engenharia em benef\u00edcio do desenvolvimento e da qualidade de vida da sociedade.\",\"publisher\":{\"@id\":\"https:\/\/www.institutodeengenharia.org.br\/site\/#organization\"},\"potentialAction\":[{\"@type\":\"SearchAction\",\"target\":{\"@type\":\"EntryPoint\",\"urlTemplate\":\"https:\/\/www.institutodeengenharia.org.br\/site\/?s={search_term_string}\"},\"query-input\":{\"@type\":\"PropertyValueSpecification\",\"valueRequired\":true,\"valueName\":\"search_term_string\"}}],\"inLanguage\":\"pt-BR\"},{\"@type\":\"Organization\",\"@id\":\"https:\/\/www.institutodeengenharia.org.br\/site\/#organization\",\"name\":\"Instituto de Engenharia\",\"url\":\"https:\/\/www.institutodeengenharia.org.br\/site\/\",\"logo\":{\"@type\":\"ImageObject\",\"inLanguage\":\"pt-BR\",\"@id\":\"https:\/\/www.institutodeengenharia.org.br\/site\/#\/schema\/logo\/image\/\",\"url\":\"https:\/\/www.institutodeengenharia.org.br\/site\/wp-content\/uploads\/2019\/03\/logo-novo-IE2018-1.jpg\",\"contentUrl\":\"https:\/\/www.institutodeengenharia.org.br\/site\/wp-content\/uploads\/2019\/03\/logo-novo-IE2018-1.jpg\",\"width\":1486,\"height\":1879,\"caption\":\"Instituto de Engenharia\"},\"image\":{\"@id\":\"https:\/\/www.institutodeengenharia.org.br\/site\/#\/schema\/logo\/image\/\"},\"sameAs\":[\"https:\/\/www.facebook.com\/institutodeengenharia\",\"https:\/\/x.com\/iengenharia\",\"https:\/\/www.instagram.com\/institutodeengenharia\/\",\"https:\/\/www.linkedin.com\/company\/instituto-de-engenharia\/\",\"https:\/\/www.youtube.com\/channel\/UCXiCAlsSMe977vamW915HxA\"]},{\"@type\":\"Person\",\"@id\":\"https:\/\/www.institutodeengenharia.org.br\/site\/#\/schema\/person\/3b1ff109facef084739fc2edcb9a127f\",\"name\":\"TMax Tecnologia\",\"image\":{\"@type\":\"ImageObject\",\"inLanguage\":\"pt-BR\",\"@id\":\"https:\/\/secure.gravatar.com\/avatar\/f912434ef7f389c92cb311fcdae346af848465d638912574b3c669070f797701?s=96&d=mm&r=g\",\"url\":\"https:\/\/secure.gravatar.com\/avatar\/f912434ef7f389c92cb311fcdae346af848465d638912574b3c669070f797701?s=96&d=mm&r=g\",\"contentUrl\":\"https:\/\/secure.gravatar.com\/avatar\/f912434ef7f389c92cb311fcdae346af848465d638912574b3c669070f797701?s=96&d=mm&r=g\",\"caption\":\"TMax Tecnologia\"},\"url\":\"https:\/\/www.institutodeengenharia.org.br\/site\/author\/tmax\/\"}]}<\/script>\n<!-- \/ Yoast SEO plugin. -->","yoast_head_json":{"title":"Sabesp e EMTU fecham acordo de fornecimento de \u00e1gua - Instituto de Engenharia","robots":{"index":"index","follow":"follow","max-snippet":"max-snippet:-1","max-image-preview":"max-image-preview:large","max-video-preview":"max-video-preview:-1"},"canonical":"https:\/\/www.institutodeengenharia.org.br\/site\/2008\/03\/31\/sabesp-e-emtu-fecham-acordo-de-fornecimento-de-agua\/","og_locale":"pt_BR","og_type":"article","og_title":"Sabesp e EMTU fecham acordo de fornecimento de \u00e1gua - Instituto de Engenharia","og_description":"A Sabesp e Empresa Metropolitana de Transportes Urbanos &#8211; EMTU assinaram um contrato de demanda firme de \u00e1gua &#8211; em verdade um pacote de a\u00e7\u00f5es em que ambos os lados firmam uma s\u00e9rie de compromissos com resultados positivos para todos os envolvidos, inclusive para o interesse p\u00fablico. No documento assinado em 26 de mar\u00e7o, a [&hellip;]","og_url":"https:\/\/www.institutodeengenharia.org.br\/site\/2008\/03\/31\/sabesp-e-emtu-fecham-acordo-de-fornecimento-de-agua\/","og_site_name":"Instituto de Engenharia","article_publisher":"https:\/\/www.facebook.com\/institutodeengenharia","article_published_time":"2008-03-31T21:47:21+00:00","author":"TMax Tecnologia","twitter_card":"summary_large_image","twitter_creator":"@iengenharia","twitter_site":"@iengenharia","twitter_misc":{"Escrito por":"TMax Tecnologia","Est. tempo de leitura":"3 minutos"},"schema":{"@context":"https:\/\/schema.org","@graph":[{"@type":"Article","@id":"https:\/\/www.institutodeengenharia.org.br\/site\/2008\/03\/31\/sabesp-e-emtu-fecham-acordo-de-fornecimento-de-agua\/#article","isPartOf":{"@id":"https:\/\/www.institutodeengenharia.org.br\/site\/2008\/03\/31\/sabesp-e-emtu-fecham-acordo-de-fornecimento-de-agua\/"},"author":{"name":"TMax Tecnologia","@id":"https:\/\/www.institutodeengenharia.org.br\/site\/#\/schema\/person\/3b1ff109facef084739fc2edcb9a127f"},"headline":"Sabesp e EMTU fecham acordo de fornecimento de \u00e1gua","datePublished":"2008-03-31T21:47:21+00:00","mainEntityOfPage":{"@id":"https:\/\/www.institutodeengenharia.org.br\/site\/2008\/03\/31\/sabesp-e-emtu-fecham-acordo-de-fornecimento-de-agua\/"},"wordCount":628,"commentCount":0,"publisher":{"@id":"https:\/\/www.institutodeengenharia.org.br\/site\/#organization"},"articleSection":["Not\u00edcias","Recursos H\u00eddricos"],"inLanguage":"pt-BR","potentialAction":[{"@type":"CommentAction","name":"Comment","target":["https:\/\/www.institutodeengenharia.org.br\/site\/2008\/03\/31\/sabesp-e-emtu-fecham-acordo-de-fornecimento-de-agua\/#respond"]}]},{"@type":"WebPage","@id":"https:\/\/www.institutodeengenharia.org.br\/site\/2008\/03\/31\/sabesp-e-emtu-fecham-acordo-de-fornecimento-de-agua\/","url":"https:\/\/www.institutodeengenharia.org.br\/site\/2008\/03\/31\/sabesp-e-emtu-fecham-acordo-de-fornecimento-de-agua\/","name":"Sabesp e EMTU fecham acordo de fornecimento de \u00e1gua - Instituto de Engenharia","isPartOf":{"@id":"https:\/\/www.institutodeengenharia.org.br\/site\/#website"},"datePublished":"2008-03-31T21:47:21+00:00","breadcrumb":{"@id":"https:\/\/www.institutodeengenharia.org.br\/site\/2008\/03\/31\/sabesp-e-emtu-fecham-acordo-de-fornecimento-de-agua\/#breadcrumb"},"inLanguage":"pt-BR","potentialAction":[{"@type":"ReadAction","target":["https:\/\/www.institutodeengenharia.org.br\/site\/2008\/03\/31\/sabesp-e-emtu-fecham-acordo-de-fornecimento-de-agua\/"]}]},{"@type":"BreadcrumbList","@id":"https:\/\/www.institutodeengenharia.org.br\/site\/2008\/03\/31\/sabesp-e-emtu-fecham-acordo-de-fornecimento-de-agua\/#breadcrumb","itemListElement":[{"@type":"ListItem","position":1,"name":"In\u00edcio","item":"https:\/\/www.institutodeengenharia.org.br\/site\/"},{"@type":"ListItem","position":2,"name":"Sabesp e EMTU fecham acordo de fornecimento de \u00e1gua"}]},{"@type":"WebSite","@id":"https:\/\/www.institutodeengenharia.org.br\/site\/#website","url":"https:\/\/www.institutodeengenharia.org.br\/site\/","name":"Instituto de Engenharia","description":"O Instituto de Engenharia promove a Engenharia em benef\u00edcio do desenvolvimento e da qualidade de vida da sociedade.","publisher":{"@id":"https:\/\/www.institutodeengenharia.org.br\/site\/#organization"},"potentialAction":[{"@type":"SearchAction","target":{"@type":"EntryPoint","urlTemplate":"https:\/\/www.institutodeengenharia.org.br\/site\/?s={search_term_string}"},"query-input":{"@type":"PropertyValueSpecification","valueRequired":true,"valueName":"search_term_string"}}],"inLanguage":"pt-BR"},{"@type":"Organization","@id":"https:\/\/www.institutodeengenharia.org.br\/site\/#organization","name":"Instituto de Engenharia","url":"https:\/\/www.institutodeengenharia.org.br\/site\/","logo":{"@type":"ImageObject","inLanguage":"pt-BR","@id":"https:\/\/www.institutodeengenharia.org.br\/site\/#\/schema\/logo\/image\/","url":"https:\/\/www.institutodeengenharia.org.br\/site\/wp-content\/uploads\/2019\/03\/logo-novo-IE2018-1.jpg","contentUrl":"https:\/\/www.institutodeengenharia.org.br\/site\/wp-content\/uploads\/2019\/03\/logo-novo-IE2018-1.jpg","width":1486,"height":1879,"caption":"Instituto de Engenharia"},"image":{"@id":"https:\/\/www.institutodeengenharia.org.br\/site\/#\/schema\/logo\/image\/"},"sameAs":["https:\/\/www.facebook.com\/institutodeengenharia","https:\/\/x.com\/iengenharia","https:\/\/www.instagram.com\/institutodeengenharia\/","https:\/\/www.linkedin.com\/company\/instituto-de-engenharia\/","https:\/\/www.youtube.com\/channel\/UCXiCAlsSMe977vamW915HxA"]},{"@type":"Person","@id":"https:\/\/www.institutodeengenharia.org.br\/site\/#\/schema\/person\/3b1ff109facef084739fc2edcb9a127f","name":"TMax Tecnologia","image":{"@type":"ImageObject","inLanguage":"pt-BR","@id":"https:\/\/secure.gravatar.com\/avatar\/f912434ef7f389c92cb311fcdae346af848465d638912574b3c669070f797701?s=96&d=mm&r=g","url":"https:\/\/secure.gravatar.com\/avatar\/f912434ef7f389c92cb311fcdae346af848465d638912574b3c669070f797701?s=96&d=mm&r=g","contentUrl":"https:\/\/secure.gravatar.com\/avatar\/f912434ef7f389c92cb311fcdae346af848465d638912574b3c669070f797701?s=96&d=mm&r=g","caption":"TMax Tecnologia"},"url":"https:\/\/www.institutodeengenharia.org.br\/site\/author\/tmax\/"}]}},"_links":{"self":[{"href":"https:\/\/www.institutodeengenharia.org.br\/site\/wp-json\/wp\/v2\/posts\/14568","targetHints":{"allow":["GET"]}}],"collection":[{"href":"https:\/\/www.institutodeengenharia.org.br\/site\/wp-json\/wp\/v2\/posts"}],"about":[{"href":"https:\/\/www.institutodeengenharia.org.br\/site\/wp-json\/wp\/v2\/types\/post"}],"author":[{"embeddable":true,"href":"https:\/\/www.institutodeengenharia.org.br\/site\/wp-json\/wp\/v2\/users\/1"}],"replies":[{"embeddable":true,"href":"https:\/\/www.institutodeengenharia.org.br\/site\/wp-json\/wp\/v2\/comments?post=14568"}],"version-history":[{"count":0,"href":"https:\/\/www.institutodeengenharia.org.br\/site\/wp-json\/wp\/v2\/posts\/14568\/revisions"}],"wp:attachment":[{"href":"https:\/\/www.institutodeengenharia.org.br\/site\/wp-json\/wp\/v2\/media?parent=14568"}],"wp:term":[{"taxonomy":"category","embeddable":true,"href":"https:\/\/www.institutodeengenharia.org.br\/site\/wp-json\/wp\/v2\/categories?post=14568"},{"taxonomy":"post_tag","embeddable":true,"href":"https:\/\/www.institutodeengenharia.org.br\/site\/wp-json\/wp\/v2\/tags?post=14568"}],"curies":[{"name":"wp","href":"https:\/\/api.w.org\/{rel}","templated":true}]}}