{"id":14567,"date":"2008-03-31T21:47:20","date_gmt":"2008-03-31T21:47:20","guid":{"rendered":"https:\/\/www.institutodeengenharia.org.br\/?p=14567"},"modified":"2008-03-31T14:26:09","modified_gmt":"2008-03-31T14:26:09","slug":"mostra-em-sp-apresenta-monumentos-em-espacos-publicos","status":"publish","type":"post","link":"https:\/\/www.institutodeengenharia.org.br\/site\/2008\/03\/31\/mostra-em-sp-apresenta-monumentos-em-espacos-publicos\/","title":{"rendered":"Mostra em SP apresenta monumentos em espa\u00e7os p\u00fablicos"},"content":{"rendered":"<p>\nO Grupo Gerdau, a Secretaria de Estado da Cultura e a Associa\u00e7\u00e3o dos Ex-alunos do Liceu de Artes e Of\u00edcios de S\u00e3o Paulo lan\u00e7am na pr\u00f3xima segunda-feira, 31 de mar\u00e7o, a exposi\u00e7\u00e3o Monumentos de S\u00e3o Paulo. A mostra, que estar\u00e1 aberta ao p\u00fablico de 1\u00ba a 11 de abril, \u00e9 realizada no Espa\u00e7o C\u00e2ndido Portinari da Assembl\u00e9ia Legislativa (Av. Pedro \u00c1lvares Cabral, 201, Ibirapuera). A entrada \u00e9 gratuita. <\/p>\n<p>Al\u00e9m disso, o evento marca o lan\u00e7amento do cat\u00e1logo eletr\u00f4nico Monumentos de S\u00e3o Paulo, que pode ser acessado pelo site www.monumentos.art.br. O levantamento \u00e9 o mais completo realizado at\u00e9 hoje sobre obras localizadas em espa\u00e7os p\u00fablicos da cidade, apresentando 261 monumentos. O site oferece ficha t\u00e9cnica, localiza\u00e7\u00e3o e divide as obras por artista, proporcionando uma vis\u00e3o completa do trabalho do artista na cidade de S\u00e3o Paulo. <\/p>\n<p>O foco da exposi\u00e7\u00e3o na Assembl\u00e9ia s\u00e3o as obras de escultores ex-alunos ou mestres do Liceu, institui\u00e7\u00e3o que em 2008 completa 134 anos, atualmente espalhadas pela cidade de S\u00e3o Paulo. Ser\u00e3o apresentados pain\u00e9is com recortes de monumentos de Victor Brecheret (Monumento \u00e0s Bandeiras, Ibirapuera, e a est\u00e1tua de Duque de Caxias, Pra\u00e7a Princesa Isabel), Galileo Emendabili (Monumento a Ramos de Azevedo, Cidade Universit\u00e1ria), Luiz Brizzolara (M\u00fasica, Pra\u00e7a Ramos de Azevedo), Amadeo Zani (Gl\u00f3ria Imortal aos Fundadores da Cidade de S\u00e3o Paulo, P\u00e1tio do Col\u00e9gio) e Ettore Ximenes (Monumento da Independ\u00eancia, Parque da Independ\u00eancia). <\/p>\n<p>Haver\u00e1 tamb\u00e9m quadros explicativos que detalham a hist\u00f3ria de a contribui\u00e7\u00e3o do Liceu para os monumentos paulistanos. As fotos da mostra s\u00e3o de autoria de C\u00edcero Silva, e a curadoria da exposi\u00e7\u00e3o fica a cargo de Paulo C\u00e9sar Silveira. \u201cO projeto Monumentos de S\u00e3o Paulo t\u00eam como base o trip\u00e9 Cultura X Educa\u00e7\u00e3o X Tecnologia, permitindo que o cidad\u00e3o conhe\u00e7a o acervo de sua cidade e possa localiz\u00e1-lo de forma f\u00e1cil e r\u00e1pida\u201d, diz o curador. \u201cO objetivo inicial do trabalho, realizado pela Associa\u00e7\u00e3o dos Ex-alunos do Liceu, era o de catalogar as obras realizadas por representantes da escola. O envolvimento do Grupo Gerdau, por meio do Instituto Gerdau, e da Secretaria de Estado da Cultura possibilitou a amplia\u00e7\u00e3o do projeto, agregando as demais obras de arte instaladas em logradouros e construindo um panorama do grande acervo p\u00fablico das obras de arte da cidade de S\u00e3o Paulo. <\/p>\n<p><b>Autor: Assessoria de imprensa Gerdau<\/b><\/p>\n","protected":false},"excerpt":{"rendered":"<p>O Grupo Gerdau, a Secretaria de Estado da Cultura e a Associa\u00e7\u00e3o dos Ex-alunos do Liceu de Artes e Of\u00edcios de S\u00e3o Paulo lan\u00e7am na pr\u00f3xima segunda-feira, 31 de mar\u00e7o, a exposi\u00e7\u00e3o Monumentos de S\u00e3o Paulo. A mostra, que estar\u00e1 aberta ao p\u00fablico de 1\u00ba a 11 de abril, \u00e9 realizada no Espa\u00e7o C\u00e2ndido Portinari [&hellip;]<\/p>\n","protected":false},"author":1,"featured_media":0,"comment_status":"open","ping_status":"open","sticky":false,"template":"","format":"standard","meta":{"footnotes":""},"categories":[6,42],"tags":[],"class_list":{"0":"post-14567","1":"post","2":"type-post","3":"status-publish","4":"format-standard","6":"category-noticias","7":"category-urbanismo"},"yoast_head":"<!-- This site is optimized with the Yoast SEO plugin v27.2 - https:\/\/yoast.com\/product\/yoast-seo-wordpress\/ -->\n<title>Mostra em SP apresenta monumentos em espa\u00e7os p\u00fablicos - Instituto de Engenharia<\/title>\n<meta name=\"robots\" content=\"index, follow, max-snippet:-1, max-image-preview:large, max-video-preview:-1\" \/>\n<link rel=\"canonical\" href=\"https:\/\/www.institutodeengenharia.org.br\/site\/2008\/03\/31\/mostra-em-sp-apresenta-monumentos-em-espacos-publicos\/\" \/>\n<meta property=\"og:locale\" content=\"pt_BR\" \/>\n<meta property=\"og:type\" content=\"article\" \/>\n<meta property=\"og:title\" content=\"Mostra em SP apresenta monumentos em espa\u00e7os p\u00fablicos - Instituto de Engenharia\" \/>\n<meta property=\"og:description\" content=\"O Grupo Gerdau, a Secretaria de Estado da Cultura e a Associa\u00e7\u00e3o dos Ex-alunos do Liceu de Artes e Of\u00edcios de S\u00e3o Paulo lan\u00e7am na pr\u00f3xima segunda-feira, 31 de mar\u00e7o, a exposi\u00e7\u00e3o Monumentos de S\u00e3o Paulo. A mostra, que estar\u00e1 aberta ao p\u00fablico de 1\u00ba a 11 de abril, \u00e9 realizada no Espa\u00e7o C\u00e2ndido Portinari [&hellip;]\" \/>\n<meta property=\"og:url\" content=\"https:\/\/www.institutodeengenharia.org.br\/site\/2008\/03\/31\/mostra-em-sp-apresenta-monumentos-em-espacos-publicos\/\" \/>\n<meta property=\"og:site_name\" content=\"Instituto de Engenharia\" \/>\n<meta property=\"article:publisher\" content=\"https:\/\/www.facebook.com\/institutodeengenharia\" \/>\n<meta property=\"article:published_time\" content=\"2008-03-31T21:47:20+00:00\" \/>\n<meta name=\"author\" content=\"TMax Tecnologia\" \/>\n<meta name=\"twitter:card\" content=\"summary_large_image\" \/>\n<meta name=\"twitter:creator\" content=\"@iengenharia\" \/>\n<meta name=\"twitter:site\" content=\"@iengenharia\" \/>\n<meta name=\"twitter:label1\" content=\"Escrito por\" \/>\n\t<meta name=\"twitter:data1\" content=\"TMax Tecnologia\" \/>\n\t<meta name=\"twitter:label2\" content=\"Est. tempo de leitura\" \/>\n\t<meta name=\"twitter:data2\" content=\"2 minutos\" \/>\n<script type=\"application\/ld+json\" class=\"yoast-schema-graph\">{\"@context\":\"https:\/\/schema.org\",\"@graph\":[{\"@type\":\"Article\",\"@id\":\"https:\/\/www.institutodeengenharia.org.br\/site\/2008\/03\/31\/mostra-em-sp-apresenta-monumentos-em-espacos-publicos\/#article\",\"isPartOf\":{\"@id\":\"https:\/\/www.institutodeengenharia.org.br\/site\/2008\/03\/31\/mostra-em-sp-apresenta-monumentos-em-espacos-publicos\/\"},\"author\":{\"name\":\"TMax Tecnologia\",\"@id\":\"https:\/\/www.institutodeengenharia.org.br\/site\/#\/schema\/person\/3b1ff109facef084739fc2edcb9a127f\"},\"headline\":\"Mostra em SP apresenta monumentos em espa\u00e7os p\u00fablicos\",\"datePublished\":\"2008-03-31T21:47:20+00:00\",\"mainEntityOfPage\":{\"@id\":\"https:\/\/www.institutodeengenharia.org.br\/site\/2008\/03\/31\/mostra-em-sp-apresenta-monumentos-em-espacos-publicos\/\"},\"wordCount\":442,\"commentCount\":0,\"publisher\":{\"@id\":\"https:\/\/www.institutodeengenharia.org.br\/site\/#organization\"},\"articleSection\":[\"Not\u00edcias\",\"Urbanismo\"],\"inLanguage\":\"pt-BR\",\"potentialAction\":[{\"@type\":\"CommentAction\",\"name\":\"Comment\",\"target\":[\"https:\/\/www.institutodeengenharia.org.br\/site\/2008\/03\/31\/mostra-em-sp-apresenta-monumentos-em-espacos-publicos\/#respond\"]}]},{\"@type\":\"WebPage\",\"@id\":\"https:\/\/www.institutodeengenharia.org.br\/site\/2008\/03\/31\/mostra-em-sp-apresenta-monumentos-em-espacos-publicos\/\",\"url\":\"https:\/\/www.institutodeengenharia.org.br\/site\/2008\/03\/31\/mostra-em-sp-apresenta-monumentos-em-espacos-publicos\/\",\"name\":\"Mostra em SP apresenta monumentos em espa\u00e7os p\u00fablicos - Instituto de Engenharia\",\"isPartOf\":{\"@id\":\"https:\/\/www.institutodeengenharia.org.br\/site\/#website\"},\"datePublished\":\"2008-03-31T21:47:20+00:00\",\"breadcrumb\":{\"@id\":\"https:\/\/www.institutodeengenharia.org.br\/site\/2008\/03\/31\/mostra-em-sp-apresenta-monumentos-em-espacos-publicos\/#breadcrumb\"},\"inLanguage\":\"pt-BR\",\"potentialAction\":[{\"@type\":\"ReadAction\",\"target\":[\"https:\/\/www.institutodeengenharia.org.br\/site\/2008\/03\/31\/mostra-em-sp-apresenta-monumentos-em-espacos-publicos\/\"]}]},{\"@type\":\"BreadcrumbList\",\"@id\":\"https:\/\/www.institutodeengenharia.org.br\/site\/2008\/03\/31\/mostra-em-sp-apresenta-monumentos-em-espacos-publicos\/#breadcrumb\",\"itemListElement\":[{\"@type\":\"ListItem\",\"position\":1,\"name\":\"In\u00edcio\",\"item\":\"https:\/\/www.institutodeengenharia.org.br\/site\/\"},{\"@type\":\"ListItem\",\"position\":2,\"name\":\"Mostra em SP apresenta monumentos em espa\u00e7os p\u00fablicos\"}]},{\"@type\":\"WebSite\",\"@id\":\"https:\/\/www.institutodeengenharia.org.br\/site\/#website\",\"url\":\"https:\/\/www.institutodeengenharia.org.br\/site\/\",\"name\":\"Instituto de Engenharia\",\"description\":\"O Instituto de Engenharia promove a Engenharia em benef\u00edcio do desenvolvimento e da qualidade de vida da sociedade.\",\"publisher\":{\"@id\":\"https:\/\/www.institutodeengenharia.org.br\/site\/#organization\"},\"potentialAction\":[{\"@type\":\"SearchAction\",\"target\":{\"@type\":\"EntryPoint\",\"urlTemplate\":\"https:\/\/www.institutodeengenharia.org.br\/site\/?s={search_term_string}\"},\"query-input\":{\"@type\":\"PropertyValueSpecification\",\"valueRequired\":true,\"valueName\":\"search_term_string\"}}],\"inLanguage\":\"pt-BR\"},{\"@type\":\"Organization\",\"@id\":\"https:\/\/www.institutodeengenharia.org.br\/site\/#organization\",\"name\":\"Instituto de Engenharia\",\"url\":\"https:\/\/www.institutodeengenharia.org.br\/site\/\",\"logo\":{\"@type\":\"ImageObject\",\"inLanguage\":\"pt-BR\",\"@id\":\"https:\/\/www.institutodeengenharia.org.br\/site\/#\/schema\/logo\/image\/\",\"url\":\"https:\/\/www.institutodeengenharia.org.br\/site\/wp-content\/uploads\/2019\/03\/logo-novo-IE2018-1.jpg\",\"contentUrl\":\"https:\/\/www.institutodeengenharia.org.br\/site\/wp-content\/uploads\/2019\/03\/logo-novo-IE2018-1.jpg\",\"width\":1486,\"height\":1879,\"caption\":\"Instituto de Engenharia\"},\"image\":{\"@id\":\"https:\/\/www.institutodeengenharia.org.br\/site\/#\/schema\/logo\/image\/\"},\"sameAs\":[\"https:\/\/www.facebook.com\/institutodeengenharia\",\"https:\/\/x.com\/iengenharia\",\"https:\/\/www.instagram.com\/institutodeengenharia\/\",\"https:\/\/www.linkedin.com\/company\/instituto-de-engenharia\/\",\"https:\/\/www.youtube.com\/channel\/UCXiCAlsSMe977vamW915HxA\"]},{\"@type\":\"Person\",\"@id\":\"https:\/\/www.institutodeengenharia.org.br\/site\/#\/schema\/person\/3b1ff109facef084739fc2edcb9a127f\",\"name\":\"TMax Tecnologia\",\"image\":{\"@type\":\"ImageObject\",\"inLanguage\":\"pt-BR\",\"@id\":\"https:\/\/secure.gravatar.com\/avatar\/f912434ef7f389c92cb311fcdae346af848465d638912574b3c669070f797701?s=96&d=mm&r=g\",\"url\":\"https:\/\/secure.gravatar.com\/avatar\/f912434ef7f389c92cb311fcdae346af848465d638912574b3c669070f797701?s=96&d=mm&r=g\",\"contentUrl\":\"https:\/\/secure.gravatar.com\/avatar\/f912434ef7f389c92cb311fcdae346af848465d638912574b3c669070f797701?s=96&d=mm&r=g\",\"caption\":\"TMax Tecnologia\"},\"url\":\"https:\/\/www.institutodeengenharia.org.br\/site\/author\/tmax\/\"}]}<\/script>\n<!-- \/ Yoast SEO plugin. -->","yoast_head_json":{"title":"Mostra em SP apresenta monumentos em espa\u00e7os p\u00fablicos - Instituto de Engenharia","robots":{"index":"index","follow":"follow","max-snippet":"max-snippet:-1","max-image-preview":"max-image-preview:large","max-video-preview":"max-video-preview:-1"},"canonical":"https:\/\/www.institutodeengenharia.org.br\/site\/2008\/03\/31\/mostra-em-sp-apresenta-monumentos-em-espacos-publicos\/","og_locale":"pt_BR","og_type":"article","og_title":"Mostra em SP apresenta monumentos em espa\u00e7os p\u00fablicos - Instituto de Engenharia","og_description":"O Grupo Gerdau, a Secretaria de Estado da Cultura e a Associa\u00e7\u00e3o dos Ex-alunos do Liceu de Artes e Of\u00edcios de S\u00e3o Paulo lan\u00e7am na pr\u00f3xima segunda-feira, 31 de mar\u00e7o, a exposi\u00e7\u00e3o Monumentos de S\u00e3o Paulo. A mostra, que estar\u00e1 aberta ao p\u00fablico de 1\u00ba a 11 de abril, \u00e9 realizada no Espa\u00e7o C\u00e2ndido Portinari [&hellip;]","og_url":"https:\/\/www.institutodeengenharia.org.br\/site\/2008\/03\/31\/mostra-em-sp-apresenta-monumentos-em-espacos-publicos\/","og_site_name":"Instituto de Engenharia","article_publisher":"https:\/\/www.facebook.com\/institutodeengenharia","article_published_time":"2008-03-31T21:47:20+00:00","author":"TMax Tecnologia","twitter_card":"summary_large_image","twitter_creator":"@iengenharia","twitter_site":"@iengenharia","twitter_misc":{"Escrito por":"TMax Tecnologia","Est. tempo de leitura":"2 minutos"},"schema":{"@context":"https:\/\/schema.org","@graph":[{"@type":"Article","@id":"https:\/\/www.institutodeengenharia.org.br\/site\/2008\/03\/31\/mostra-em-sp-apresenta-monumentos-em-espacos-publicos\/#article","isPartOf":{"@id":"https:\/\/www.institutodeengenharia.org.br\/site\/2008\/03\/31\/mostra-em-sp-apresenta-monumentos-em-espacos-publicos\/"},"author":{"name":"TMax Tecnologia","@id":"https:\/\/www.institutodeengenharia.org.br\/site\/#\/schema\/person\/3b1ff109facef084739fc2edcb9a127f"},"headline":"Mostra em SP apresenta monumentos em espa\u00e7os p\u00fablicos","datePublished":"2008-03-31T21:47:20+00:00","mainEntityOfPage":{"@id":"https:\/\/www.institutodeengenharia.org.br\/site\/2008\/03\/31\/mostra-em-sp-apresenta-monumentos-em-espacos-publicos\/"},"wordCount":442,"commentCount":0,"publisher":{"@id":"https:\/\/www.institutodeengenharia.org.br\/site\/#organization"},"articleSection":["Not\u00edcias","Urbanismo"],"inLanguage":"pt-BR","potentialAction":[{"@type":"CommentAction","name":"Comment","target":["https:\/\/www.institutodeengenharia.org.br\/site\/2008\/03\/31\/mostra-em-sp-apresenta-monumentos-em-espacos-publicos\/#respond"]}]},{"@type":"WebPage","@id":"https:\/\/www.institutodeengenharia.org.br\/site\/2008\/03\/31\/mostra-em-sp-apresenta-monumentos-em-espacos-publicos\/","url":"https:\/\/www.institutodeengenharia.org.br\/site\/2008\/03\/31\/mostra-em-sp-apresenta-monumentos-em-espacos-publicos\/","name":"Mostra em SP apresenta monumentos em espa\u00e7os p\u00fablicos - Instituto de Engenharia","isPartOf":{"@id":"https:\/\/www.institutodeengenharia.org.br\/site\/#website"},"datePublished":"2008-03-31T21:47:20+00:00","breadcrumb":{"@id":"https:\/\/www.institutodeengenharia.org.br\/site\/2008\/03\/31\/mostra-em-sp-apresenta-monumentos-em-espacos-publicos\/#breadcrumb"},"inLanguage":"pt-BR","potentialAction":[{"@type":"ReadAction","target":["https:\/\/www.institutodeengenharia.org.br\/site\/2008\/03\/31\/mostra-em-sp-apresenta-monumentos-em-espacos-publicos\/"]}]},{"@type":"BreadcrumbList","@id":"https:\/\/www.institutodeengenharia.org.br\/site\/2008\/03\/31\/mostra-em-sp-apresenta-monumentos-em-espacos-publicos\/#breadcrumb","itemListElement":[{"@type":"ListItem","position":1,"name":"In\u00edcio","item":"https:\/\/www.institutodeengenharia.org.br\/site\/"},{"@type":"ListItem","position":2,"name":"Mostra em SP apresenta monumentos em espa\u00e7os p\u00fablicos"}]},{"@type":"WebSite","@id":"https:\/\/www.institutodeengenharia.org.br\/site\/#website","url":"https:\/\/www.institutodeengenharia.org.br\/site\/","name":"Instituto de Engenharia","description":"O Instituto de Engenharia promove a Engenharia em benef\u00edcio do desenvolvimento e da qualidade de vida da sociedade.","publisher":{"@id":"https:\/\/www.institutodeengenharia.org.br\/site\/#organization"},"potentialAction":[{"@type":"SearchAction","target":{"@type":"EntryPoint","urlTemplate":"https:\/\/www.institutodeengenharia.org.br\/site\/?s={search_term_string}"},"query-input":{"@type":"PropertyValueSpecification","valueRequired":true,"valueName":"search_term_string"}}],"inLanguage":"pt-BR"},{"@type":"Organization","@id":"https:\/\/www.institutodeengenharia.org.br\/site\/#organization","name":"Instituto de Engenharia","url":"https:\/\/www.institutodeengenharia.org.br\/site\/","logo":{"@type":"ImageObject","inLanguage":"pt-BR","@id":"https:\/\/www.institutodeengenharia.org.br\/site\/#\/schema\/logo\/image\/","url":"https:\/\/www.institutodeengenharia.org.br\/site\/wp-content\/uploads\/2019\/03\/logo-novo-IE2018-1.jpg","contentUrl":"https:\/\/www.institutodeengenharia.org.br\/site\/wp-content\/uploads\/2019\/03\/logo-novo-IE2018-1.jpg","width":1486,"height":1879,"caption":"Instituto de Engenharia"},"image":{"@id":"https:\/\/www.institutodeengenharia.org.br\/site\/#\/schema\/logo\/image\/"},"sameAs":["https:\/\/www.facebook.com\/institutodeengenharia","https:\/\/x.com\/iengenharia","https:\/\/www.instagram.com\/institutodeengenharia\/","https:\/\/www.linkedin.com\/company\/instituto-de-engenharia\/","https:\/\/www.youtube.com\/channel\/UCXiCAlsSMe977vamW915HxA"]},{"@type":"Person","@id":"https:\/\/www.institutodeengenharia.org.br\/site\/#\/schema\/person\/3b1ff109facef084739fc2edcb9a127f","name":"TMax Tecnologia","image":{"@type":"ImageObject","inLanguage":"pt-BR","@id":"https:\/\/secure.gravatar.com\/avatar\/f912434ef7f389c92cb311fcdae346af848465d638912574b3c669070f797701?s=96&d=mm&r=g","url":"https:\/\/secure.gravatar.com\/avatar\/f912434ef7f389c92cb311fcdae346af848465d638912574b3c669070f797701?s=96&d=mm&r=g","contentUrl":"https:\/\/secure.gravatar.com\/avatar\/f912434ef7f389c92cb311fcdae346af848465d638912574b3c669070f797701?s=96&d=mm&r=g","caption":"TMax Tecnologia"},"url":"https:\/\/www.institutodeengenharia.org.br\/site\/author\/tmax\/"}]}},"_links":{"self":[{"href":"https:\/\/www.institutodeengenharia.org.br\/site\/wp-json\/wp\/v2\/posts\/14567","targetHints":{"allow":["GET"]}}],"collection":[{"href":"https:\/\/www.institutodeengenharia.org.br\/site\/wp-json\/wp\/v2\/posts"}],"about":[{"href":"https:\/\/www.institutodeengenharia.org.br\/site\/wp-json\/wp\/v2\/types\/post"}],"author":[{"embeddable":true,"href":"https:\/\/www.institutodeengenharia.org.br\/site\/wp-json\/wp\/v2\/users\/1"}],"replies":[{"embeddable":true,"href":"https:\/\/www.institutodeengenharia.org.br\/site\/wp-json\/wp\/v2\/comments?post=14567"}],"version-history":[{"count":0,"href":"https:\/\/www.institutodeengenharia.org.br\/site\/wp-json\/wp\/v2\/posts\/14567\/revisions"}],"wp:attachment":[{"href":"https:\/\/www.institutodeengenharia.org.br\/site\/wp-json\/wp\/v2\/media?parent=14567"}],"wp:term":[{"taxonomy":"category","embeddable":true,"href":"https:\/\/www.institutodeengenharia.org.br\/site\/wp-json\/wp\/v2\/categories?post=14567"},{"taxonomy":"post_tag","embeddable":true,"href":"https:\/\/www.institutodeengenharia.org.br\/site\/wp-json\/wp\/v2\/tags?post=14567"}],"curies":[{"name":"wp","href":"https:\/\/api.w.org\/{rel}","templated":true}]}}