{"id":14566,"date":"2008-03-28T21:47:19","date_gmt":"2008-03-28T21:47:19","guid":{"rendered":"https:\/\/www.institutodeengenharia.org.br\/?p=14566"},"modified":"2008-03-28T15:49:02","modified_gmt":"2008-03-28T15:49:02","slug":"metro-75-milhoes-para-nova-linha-frequesia-do-osao-joaquim","status":"publish","type":"post","link":"https:\/\/www.institutodeengenharia.org.br\/site\/2008\/03\/28\/metro-75-milhoes-para-nova-linha-frequesia-do-osao-joaquim\/","title":{"rendered":"Metr\u00f4: 75 milh\u00f5es para nova linha Frequesia do \u00d3\/S\u00e3o Joaquim"},"content":{"rendered":"<p>O prefeito Gilberto Kassab anunciou que a Prefeitura aplicar\u00e1 R$ 75 milh\u00f5es no projeto executivo da nova linha de Metr\u00f4, a n\u00famero 6, que ligar\u00e1 a Freguesia do \u00d3 (Zona Norte), at\u00e9 a esta\u00e7\u00e3o S\u00e3o Joaquim, na regi\u00e3o central.\u00a0<\/p>\n<p>O aporte foi definido ap\u00f3s reuni\u00e3o entre o prefeito e secret\u00e1rios com o governador Jos\u00e9 Serra. Na oportunidade, Kassab defendeu a expans\u00e3o das linhas do Metr\u00f4 dos atuais 61,3 quil\u00f4metros para 300 quil\u00f4metros.\u00a0<\/p>\n<p>Entre a abertura da licita\u00e7\u00e3o, a entrega do projeto, a defini\u00e7\u00e3o das \u00e1reas a serem desapropriadas e o in\u00edcio das obras, ser\u00e1 necess\u00e1rio mais de um ano. A previs\u00e3o \u00e9 que os trabalhos de constru\u00e7\u00e3o comecem em 2010, com expectativa de conclus\u00e3o para 2012. Para a constru\u00e7\u00e3o, s\u00e3o esperados custos de 2,2 bilh\u00f5es de reais.<\/p>\n<p>\u00a0A nova linha do Metr\u00f4 possuir\u00e1 10 esta\u00e7\u00f5es: Freguesia do \u00d3; \u00c1gua Branca (onde se integra com a CPTM), Turiassu, PUC, Pacaembu, Ang\u00e9lica, H i g i e n \u00f3 p o l i s \/\u00a0<br \/>\nM a c k e n z i e (integra\u00e7\u00e3o com a futura Linha 4 do metr\u00f4), Bixiga, 13 de Maio, e S\u00e3o Joaquim (integra\u00e7\u00e3o com a Linha 1 &#8211; azul). Com 9,5 Km de extens\u00e3o, a linha 6 atender\u00e1 a Freguesia do \u00d3, Bairro do Lim\u00e3o, Lapa, Perdizes, Sumar\u00e9, Pacaembu e Bela Vista. A demanda prevista \u00e9 de cerca de 500 mil passageiros por dia.\u00a0<\/p>\n<p>Este \u00e9 o segundo aporte de recursos da Prefeitura, que voltou a investir verbas municipais no Metr\u00f4, depois de 28 anos. No \u00faltimo dia 13, o prefeito de S\u00e3o Paulo anunciou a aplica\u00e7\u00e3o de R$ 200 milh\u00f5es para ampliar a Linha 5 &#8211; Lil\u00e1s, que serve a regi\u00e3o de Santo Amaro (Zona Sul). O dinheiro da Prefeitura ser\u00e1 aplicado na constru\u00e7\u00e3o das esta\u00e7\u00f5es Campo Belo e Adolfo Pinheiro. <\/p>\n<p><b>Autor: Jornal Sinimail<\/b><\/p>\n","protected":false},"excerpt":{"rendered":"<p>O prefeito Gilberto Kassab anunciou que a Prefeitura aplicar\u00e1 R$ 75 milh\u00f5es no projeto executivo da nova linha de Metr\u00f4, a n\u00famero 6, que ligar\u00e1 a Freguesia do \u00d3 (Zona Norte), at\u00e9 a esta\u00e7\u00e3o S\u00e3o Joaquim, na regi\u00e3o central.\u00a0 O aporte foi definido ap\u00f3s reuni\u00e3o entre o prefeito e secret\u00e1rios com o governador Jos\u00e9 Serra. [&hellip;]<\/p>\n","protected":false},"author":1,"featured_media":0,"comment_status":"open","ping_status":"open","sticky":false,"template":"","format":"standard","meta":{"footnotes":""},"categories":[6,41],"tags":[],"class_list":{"0":"post-14566","1":"post","2":"type-post","3":"status-publish","4":"format-standard","6":"category-noticias","7":"category-transportes"},"yoast_head":"<!-- This site is optimized with the Yoast SEO plugin v27.2 - https:\/\/yoast.com\/product\/yoast-seo-wordpress\/ -->\n<title>Metr\u00f4: 75 milh\u00f5es para nova linha Frequesia do \u00d3\/S\u00e3o Joaquim - Instituto de Engenharia<\/title>\n<meta name=\"robots\" content=\"index, follow, max-snippet:-1, max-image-preview:large, max-video-preview:-1\" \/>\n<link rel=\"canonical\" href=\"https:\/\/www.institutodeengenharia.org.br\/site\/2008\/03\/28\/metro-75-milhoes-para-nova-linha-frequesia-do-osao-joaquim\/\" \/>\n<meta property=\"og:locale\" content=\"pt_BR\" \/>\n<meta property=\"og:type\" content=\"article\" \/>\n<meta property=\"og:title\" content=\"Metr\u00f4: 75 milh\u00f5es para nova linha Frequesia do \u00d3\/S\u00e3o Joaquim - Instituto de Engenharia\" \/>\n<meta property=\"og:description\" content=\"O prefeito Gilberto Kassab anunciou que a Prefeitura aplicar\u00e1 R$ 75 milh\u00f5es no projeto executivo da nova linha de Metr\u00f4, a n\u00famero 6, que ligar\u00e1 a Freguesia do \u00d3 (Zona Norte), at\u00e9 a esta\u00e7\u00e3o S\u00e3o Joaquim, na regi\u00e3o central.\u00a0 O aporte foi definido ap\u00f3s reuni\u00e3o entre o prefeito e secret\u00e1rios com o governador Jos\u00e9 Serra. [&hellip;]\" \/>\n<meta property=\"og:url\" content=\"https:\/\/www.institutodeengenharia.org.br\/site\/2008\/03\/28\/metro-75-milhoes-para-nova-linha-frequesia-do-osao-joaquim\/\" \/>\n<meta property=\"og:site_name\" content=\"Instituto de Engenharia\" \/>\n<meta property=\"article:publisher\" content=\"https:\/\/www.facebook.com\/institutodeengenharia\" \/>\n<meta property=\"article:published_time\" content=\"2008-03-28T21:47:19+00:00\" \/>\n<meta name=\"author\" content=\"TMax Tecnologia\" \/>\n<meta name=\"twitter:card\" content=\"summary_large_image\" \/>\n<meta name=\"twitter:creator\" content=\"@iengenharia\" \/>\n<meta name=\"twitter:site\" content=\"@iengenharia\" \/>\n<meta name=\"twitter:label1\" content=\"Escrito por\" \/>\n\t<meta name=\"twitter:data1\" content=\"TMax Tecnologia\" \/>\n\t<meta name=\"twitter:label2\" content=\"Est. tempo de leitura\" \/>\n\t<meta name=\"twitter:data2\" content=\"2 minutos\" \/>\n<script type=\"application\/ld+json\" class=\"yoast-schema-graph\">{\"@context\":\"https:\/\/schema.org\",\"@graph\":[{\"@type\":\"Article\",\"@id\":\"https:\/\/www.institutodeengenharia.org.br\/site\/2008\/03\/28\/metro-75-milhoes-para-nova-linha-frequesia-do-osao-joaquim\/#article\",\"isPartOf\":{\"@id\":\"https:\/\/www.institutodeengenharia.org.br\/site\/2008\/03\/28\/metro-75-milhoes-para-nova-linha-frequesia-do-osao-joaquim\/\"},\"author\":{\"name\":\"TMax Tecnologia\",\"@id\":\"https:\/\/www.institutodeengenharia.org.br\/site\/#\/schema\/person\/3b1ff109facef084739fc2edcb9a127f\"},\"headline\":\"Metr\u00f4: 75 milh\u00f5es para nova linha Frequesia do \u00d3\/S\u00e3o Joaquim\",\"datePublished\":\"2008-03-28T21:47:19+00:00\",\"mainEntityOfPage\":{\"@id\":\"https:\/\/www.institutodeengenharia.org.br\/site\/2008\/03\/28\/metro-75-milhoes-para-nova-linha-frequesia-do-osao-joaquim\/\"},\"wordCount\":320,\"commentCount\":0,\"publisher\":{\"@id\":\"https:\/\/www.institutodeengenharia.org.br\/site\/#organization\"},\"articleSection\":[\"Not\u00edcias\",\"Transportes\"],\"inLanguage\":\"pt-BR\",\"potentialAction\":[{\"@type\":\"CommentAction\",\"name\":\"Comment\",\"target\":[\"https:\/\/www.institutodeengenharia.org.br\/site\/2008\/03\/28\/metro-75-milhoes-para-nova-linha-frequesia-do-osao-joaquim\/#respond\"]}]},{\"@type\":\"WebPage\",\"@id\":\"https:\/\/www.institutodeengenharia.org.br\/site\/2008\/03\/28\/metro-75-milhoes-para-nova-linha-frequesia-do-osao-joaquim\/\",\"url\":\"https:\/\/www.institutodeengenharia.org.br\/site\/2008\/03\/28\/metro-75-milhoes-para-nova-linha-frequesia-do-osao-joaquim\/\",\"name\":\"Metr\u00f4: 75 milh\u00f5es para nova linha Frequesia do \u00d3\/S\u00e3o Joaquim - Instituto de Engenharia\",\"isPartOf\":{\"@id\":\"https:\/\/www.institutodeengenharia.org.br\/site\/#website\"},\"datePublished\":\"2008-03-28T21:47:19+00:00\",\"breadcrumb\":{\"@id\":\"https:\/\/www.institutodeengenharia.org.br\/site\/2008\/03\/28\/metro-75-milhoes-para-nova-linha-frequesia-do-osao-joaquim\/#breadcrumb\"},\"inLanguage\":\"pt-BR\",\"potentialAction\":[{\"@type\":\"ReadAction\",\"target\":[\"https:\/\/www.institutodeengenharia.org.br\/site\/2008\/03\/28\/metro-75-milhoes-para-nova-linha-frequesia-do-osao-joaquim\/\"]}]},{\"@type\":\"BreadcrumbList\",\"@id\":\"https:\/\/www.institutodeengenharia.org.br\/site\/2008\/03\/28\/metro-75-milhoes-para-nova-linha-frequesia-do-osao-joaquim\/#breadcrumb\",\"itemListElement\":[{\"@type\":\"ListItem\",\"position\":1,\"name\":\"In\u00edcio\",\"item\":\"https:\/\/www.institutodeengenharia.org.br\/site\/\"},{\"@type\":\"ListItem\",\"position\":2,\"name\":\"Metr\u00f4: 75 milh\u00f5es para nova linha Frequesia do \u00d3\/S\u00e3o Joaquim\"}]},{\"@type\":\"WebSite\",\"@id\":\"https:\/\/www.institutodeengenharia.org.br\/site\/#website\",\"url\":\"https:\/\/www.institutodeengenharia.org.br\/site\/\",\"name\":\"Instituto de Engenharia\",\"description\":\"O Instituto de Engenharia promove a Engenharia em benef\u00edcio do desenvolvimento e da qualidade de vida da sociedade.\",\"publisher\":{\"@id\":\"https:\/\/www.institutodeengenharia.org.br\/site\/#organization\"},\"potentialAction\":[{\"@type\":\"SearchAction\",\"target\":{\"@type\":\"EntryPoint\",\"urlTemplate\":\"https:\/\/www.institutodeengenharia.org.br\/site\/?s={search_term_string}\"},\"query-input\":{\"@type\":\"PropertyValueSpecification\",\"valueRequired\":true,\"valueName\":\"search_term_string\"}}],\"inLanguage\":\"pt-BR\"},{\"@type\":\"Organization\",\"@id\":\"https:\/\/www.institutodeengenharia.org.br\/site\/#organization\",\"name\":\"Instituto de Engenharia\",\"url\":\"https:\/\/www.institutodeengenharia.org.br\/site\/\",\"logo\":{\"@type\":\"ImageObject\",\"inLanguage\":\"pt-BR\",\"@id\":\"https:\/\/www.institutodeengenharia.org.br\/site\/#\/schema\/logo\/image\/\",\"url\":\"https:\/\/www.institutodeengenharia.org.br\/site\/wp-content\/uploads\/2019\/03\/logo-novo-IE2018-1.jpg\",\"contentUrl\":\"https:\/\/www.institutodeengenharia.org.br\/site\/wp-content\/uploads\/2019\/03\/logo-novo-IE2018-1.jpg\",\"width\":1486,\"height\":1879,\"caption\":\"Instituto de Engenharia\"},\"image\":{\"@id\":\"https:\/\/www.institutodeengenharia.org.br\/site\/#\/schema\/logo\/image\/\"},\"sameAs\":[\"https:\/\/www.facebook.com\/institutodeengenharia\",\"https:\/\/x.com\/iengenharia\",\"https:\/\/www.instagram.com\/institutodeengenharia\/\",\"https:\/\/www.linkedin.com\/company\/instituto-de-engenharia\/\",\"https:\/\/www.youtube.com\/channel\/UCXiCAlsSMe977vamW915HxA\"]},{\"@type\":\"Person\",\"@id\":\"https:\/\/www.institutodeengenharia.org.br\/site\/#\/schema\/person\/3b1ff109facef084739fc2edcb9a127f\",\"name\":\"TMax Tecnologia\",\"image\":{\"@type\":\"ImageObject\",\"inLanguage\":\"pt-BR\",\"@id\":\"https:\/\/secure.gravatar.com\/avatar\/f912434ef7f389c92cb311fcdae346af848465d638912574b3c669070f797701?s=96&d=mm&r=g\",\"url\":\"https:\/\/secure.gravatar.com\/avatar\/f912434ef7f389c92cb311fcdae346af848465d638912574b3c669070f797701?s=96&d=mm&r=g\",\"contentUrl\":\"https:\/\/secure.gravatar.com\/avatar\/f912434ef7f389c92cb311fcdae346af848465d638912574b3c669070f797701?s=96&d=mm&r=g\",\"caption\":\"TMax Tecnologia\"},\"url\":\"https:\/\/www.institutodeengenharia.org.br\/site\/author\/tmax\/\"}]}<\/script>\n<!-- \/ Yoast SEO plugin. -->","yoast_head_json":{"title":"Metr\u00f4: 75 milh\u00f5es para nova linha Frequesia do \u00d3\/S\u00e3o Joaquim - Instituto de Engenharia","robots":{"index":"index","follow":"follow","max-snippet":"max-snippet:-1","max-image-preview":"max-image-preview:large","max-video-preview":"max-video-preview:-1"},"canonical":"https:\/\/www.institutodeengenharia.org.br\/site\/2008\/03\/28\/metro-75-milhoes-para-nova-linha-frequesia-do-osao-joaquim\/","og_locale":"pt_BR","og_type":"article","og_title":"Metr\u00f4: 75 milh\u00f5es para nova linha Frequesia do \u00d3\/S\u00e3o Joaquim - Instituto de Engenharia","og_description":"O prefeito Gilberto Kassab anunciou que a Prefeitura aplicar\u00e1 R$ 75 milh\u00f5es no projeto executivo da nova linha de Metr\u00f4, a n\u00famero 6, que ligar\u00e1 a Freguesia do \u00d3 (Zona Norte), at\u00e9 a esta\u00e7\u00e3o S\u00e3o Joaquim, na regi\u00e3o central.\u00a0 O aporte foi definido ap\u00f3s reuni\u00e3o entre o prefeito e secret\u00e1rios com o governador Jos\u00e9 Serra. [&hellip;]","og_url":"https:\/\/www.institutodeengenharia.org.br\/site\/2008\/03\/28\/metro-75-milhoes-para-nova-linha-frequesia-do-osao-joaquim\/","og_site_name":"Instituto de Engenharia","article_publisher":"https:\/\/www.facebook.com\/institutodeengenharia","article_published_time":"2008-03-28T21:47:19+00:00","author":"TMax Tecnologia","twitter_card":"summary_large_image","twitter_creator":"@iengenharia","twitter_site":"@iengenharia","twitter_misc":{"Escrito por":"TMax Tecnologia","Est. tempo de leitura":"2 minutos"},"schema":{"@context":"https:\/\/schema.org","@graph":[{"@type":"Article","@id":"https:\/\/www.institutodeengenharia.org.br\/site\/2008\/03\/28\/metro-75-milhoes-para-nova-linha-frequesia-do-osao-joaquim\/#article","isPartOf":{"@id":"https:\/\/www.institutodeengenharia.org.br\/site\/2008\/03\/28\/metro-75-milhoes-para-nova-linha-frequesia-do-osao-joaquim\/"},"author":{"name":"TMax Tecnologia","@id":"https:\/\/www.institutodeengenharia.org.br\/site\/#\/schema\/person\/3b1ff109facef084739fc2edcb9a127f"},"headline":"Metr\u00f4: 75 milh\u00f5es para nova linha Frequesia do \u00d3\/S\u00e3o Joaquim","datePublished":"2008-03-28T21:47:19+00:00","mainEntityOfPage":{"@id":"https:\/\/www.institutodeengenharia.org.br\/site\/2008\/03\/28\/metro-75-milhoes-para-nova-linha-frequesia-do-osao-joaquim\/"},"wordCount":320,"commentCount":0,"publisher":{"@id":"https:\/\/www.institutodeengenharia.org.br\/site\/#organization"},"articleSection":["Not\u00edcias","Transportes"],"inLanguage":"pt-BR","potentialAction":[{"@type":"CommentAction","name":"Comment","target":["https:\/\/www.institutodeengenharia.org.br\/site\/2008\/03\/28\/metro-75-milhoes-para-nova-linha-frequesia-do-osao-joaquim\/#respond"]}]},{"@type":"WebPage","@id":"https:\/\/www.institutodeengenharia.org.br\/site\/2008\/03\/28\/metro-75-milhoes-para-nova-linha-frequesia-do-osao-joaquim\/","url":"https:\/\/www.institutodeengenharia.org.br\/site\/2008\/03\/28\/metro-75-milhoes-para-nova-linha-frequesia-do-osao-joaquim\/","name":"Metr\u00f4: 75 milh\u00f5es para nova linha Frequesia do \u00d3\/S\u00e3o Joaquim - Instituto de Engenharia","isPartOf":{"@id":"https:\/\/www.institutodeengenharia.org.br\/site\/#website"},"datePublished":"2008-03-28T21:47:19+00:00","breadcrumb":{"@id":"https:\/\/www.institutodeengenharia.org.br\/site\/2008\/03\/28\/metro-75-milhoes-para-nova-linha-frequesia-do-osao-joaquim\/#breadcrumb"},"inLanguage":"pt-BR","potentialAction":[{"@type":"ReadAction","target":["https:\/\/www.institutodeengenharia.org.br\/site\/2008\/03\/28\/metro-75-milhoes-para-nova-linha-frequesia-do-osao-joaquim\/"]}]},{"@type":"BreadcrumbList","@id":"https:\/\/www.institutodeengenharia.org.br\/site\/2008\/03\/28\/metro-75-milhoes-para-nova-linha-frequesia-do-osao-joaquim\/#breadcrumb","itemListElement":[{"@type":"ListItem","position":1,"name":"In\u00edcio","item":"https:\/\/www.institutodeengenharia.org.br\/site\/"},{"@type":"ListItem","position":2,"name":"Metr\u00f4: 75 milh\u00f5es para nova linha Frequesia do \u00d3\/S\u00e3o Joaquim"}]},{"@type":"WebSite","@id":"https:\/\/www.institutodeengenharia.org.br\/site\/#website","url":"https:\/\/www.institutodeengenharia.org.br\/site\/","name":"Instituto de Engenharia","description":"O Instituto de Engenharia promove a Engenharia em benef\u00edcio do desenvolvimento e da qualidade de vida da sociedade.","publisher":{"@id":"https:\/\/www.institutodeengenharia.org.br\/site\/#organization"},"potentialAction":[{"@type":"SearchAction","target":{"@type":"EntryPoint","urlTemplate":"https:\/\/www.institutodeengenharia.org.br\/site\/?s={search_term_string}"},"query-input":{"@type":"PropertyValueSpecification","valueRequired":true,"valueName":"search_term_string"}}],"inLanguage":"pt-BR"},{"@type":"Organization","@id":"https:\/\/www.institutodeengenharia.org.br\/site\/#organization","name":"Instituto de Engenharia","url":"https:\/\/www.institutodeengenharia.org.br\/site\/","logo":{"@type":"ImageObject","inLanguage":"pt-BR","@id":"https:\/\/www.institutodeengenharia.org.br\/site\/#\/schema\/logo\/image\/","url":"https:\/\/www.institutodeengenharia.org.br\/site\/wp-content\/uploads\/2019\/03\/logo-novo-IE2018-1.jpg","contentUrl":"https:\/\/www.institutodeengenharia.org.br\/site\/wp-content\/uploads\/2019\/03\/logo-novo-IE2018-1.jpg","width":1486,"height":1879,"caption":"Instituto de Engenharia"},"image":{"@id":"https:\/\/www.institutodeengenharia.org.br\/site\/#\/schema\/logo\/image\/"},"sameAs":["https:\/\/www.facebook.com\/institutodeengenharia","https:\/\/x.com\/iengenharia","https:\/\/www.instagram.com\/institutodeengenharia\/","https:\/\/www.linkedin.com\/company\/instituto-de-engenharia\/","https:\/\/www.youtube.com\/channel\/UCXiCAlsSMe977vamW915HxA"]},{"@type":"Person","@id":"https:\/\/www.institutodeengenharia.org.br\/site\/#\/schema\/person\/3b1ff109facef084739fc2edcb9a127f","name":"TMax Tecnologia","image":{"@type":"ImageObject","inLanguage":"pt-BR","@id":"https:\/\/secure.gravatar.com\/avatar\/f912434ef7f389c92cb311fcdae346af848465d638912574b3c669070f797701?s=96&d=mm&r=g","url":"https:\/\/secure.gravatar.com\/avatar\/f912434ef7f389c92cb311fcdae346af848465d638912574b3c669070f797701?s=96&d=mm&r=g","contentUrl":"https:\/\/secure.gravatar.com\/avatar\/f912434ef7f389c92cb311fcdae346af848465d638912574b3c669070f797701?s=96&d=mm&r=g","caption":"TMax Tecnologia"},"url":"https:\/\/www.institutodeengenharia.org.br\/site\/author\/tmax\/"}]}},"_links":{"self":[{"href":"https:\/\/www.institutodeengenharia.org.br\/site\/wp-json\/wp\/v2\/posts\/14566","targetHints":{"allow":["GET"]}}],"collection":[{"href":"https:\/\/www.institutodeengenharia.org.br\/site\/wp-json\/wp\/v2\/posts"}],"about":[{"href":"https:\/\/www.institutodeengenharia.org.br\/site\/wp-json\/wp\/v2\/types\/post"}],"author":[{"embeddable":true,"href":"https:\/\/www.institutodeengenharia.org.br\/site\/wp-json\/wp\/v2\/users\/1"}],"replies":[{"embeddable":true,"href":"https:\/\/www.institutodeengenharia.org.br\/site\/wp-json\/wp\/v2\/comments?post=14566"}],"version-history":[{"count":0,"href":"https:\/\/www.institutodeengenharia.org.br\/site\/wp-json\/wp\/v2\/posts\/14566\/revisions"}],"wp:attachment":[{"href":"https:\/\/www.institutodeengenharia.org.br\/site\/wp-json\/wp\/v2\/media?parent=14566"}],"wp:term":[{"taxonomy":"category","embeddable":true,"href":"https:\/\/www.institutodeengenharia.org.br\/site\/wp-json\/wp\/v2\/categories?post=14566"},{"taxonomy":"post_tag","embeddable":true,"href":"https:\/\/www.institutodeengenharia.org.br\/site\/wp-json\/wp\/v2\/tags?post=14566"}],"curies":[{"name":"wp","href":"https:\/\/api.w.org\/{rel}","templated":true}]}}