{"id":14550,"date":"2008-03-25T21:47:05","date_gmt":"2008-03-25T21:47:05","guid":{"rendered":"https:\/\/www.institutodeengenharia.org.br\/?p=14550"},"modified":"2008-03-25T17:31:02","modified_gmt":"2008-03-25T17:31:02","slug":"presidente-da-vale-recebe-premiacao-de-personalidade-de-vendas-2007","status":"publish","type":"post","link":"https:\/\/www.institutodeengenharia.org.br\/site\/2008\/03\/25\/presidente-da-vale-recebe-premiacao-de-personalidade-de-vendas-2007\/","title":{"rendered":"Presidente da Vale recebe premia\u00e7\u00e3o de personalidade de Vendas 2007"},"content":{"rendered":"<p>O presidente da Vale, Roger Agnelli foi o 46\u00ba vencedor do pr\u00eamio &#8220;Personalidade de Vendas&#8221; de 2007, concedido pela ADVB-SP (Associa\u00e7\u00e3o dos Dirigentes de Vendas e Marketing do Brasil). Ele foi homenageado em almo\u00e7o, hoje, dia 25 de mar\u00e7o, no Clube Monte L\u00edbano, em S\u00e3o Paulo (SP). <\/p>\n<p>O vice-presidente do Instituto de Engenharia, Camil Eid, esteve presente, representando a entidade. <\/p>\n<p>Principal executivo da Vale, Roger Agnelli coordenou, em 2006, a opera\u00e7\u00e3o, bem-sucedida, que culminou com a compra da empresa canadense Inco, maior mineradora de n\u00edquel do mundo, no valor de US$ 18,7 bilh\u00f5es. <\/p>\n<p>Essa foi a maior aquisi\u00e7\u00e3o j\u00e1 realizada por empresas brasileiras. Antes da compra da Inco, a Vale j\u00e1 era a quarta maior mineradora do planeta, sendo hoje a segunda maior, atr\u00e1s apenas da australiana BHP Billinton. <\/p>\n<p>A mais lucrativa &#8211; A Companhia Vale do Rio Doce foi criada pelo governo federal em 1\u00ba de junho de 1942 e privatizada em 7 de maio de 1997. Desde a privatiza\u00e7\u00e3o, incorporou nada menos do que 19 concorrentes, um investimento de quase R$ 50 bilh\u00f5es, em valores atualizados. <\/p>\n<p>Ap\u00f3s a compra da mineradora canadense, o valor da Vale do Rio Doce foi estimado por analistas internacionais em US$ 180 bilh\u00f5es, incluindo-a, com isso, no seleto grupo de 20 empresas de maior valor no mundo, \u00e0 frente de \u00edcones globais como a Apple e a Coca-Cola. <\/p>\n<p>A Vale \u00e9 considerada hoje a empresa aberta mais lucrativa do Pa\u00eds. Ela faturou R$ 35 bilh\u00f5es durante o primeiro semestre de 2007, registrando lucro de\u00a0<br \/>\nR$ 11 bilh\u00f5es no per\u00edodo. Suas a\u00e7\u00f5es s\u00e3o negociadas nas Bolsas de Valores de S\u00e3o Paulo e de Nova York. <\/p>\n<p>Faz parte das atividades rotineiras da multinacional brasileira manter negocia\u00e7\u00f5es para comprar v\u00e1rias outras empresas mineradoras internacionais, dentre elas a anglo-su\u00ed\u00e7a Xstrata; e detectar locais, no Brasil e no exterior, onde ela possa investir na instala\u00e7\u00e3o de novas usinas sider\u00fargicas. <\/p>\n<p><b>Autor: Instituto de Engenharia<\/b><\/p>\n","protected":false},"excerpt":{"rendered":"<p>O presidente da Vale, Roger Agnelli foi o 46\u00ba vencedor do pr\u00eamio &#8220;Personalidade de Vendas&#8221; de 2007, concedido pela ADVB-SP (Associa\u00e7\u00e3o dos Dirigentes de Vendas e Marketing do Brasil). Ele foi homenageado em almo\u00e7o, hoje, dia 25 de mar\u00e7o, no Clube Monte L\u00edbano, em S\u00e3o Paulo (SP). O vice-presidente do Instituto de Engenharia, Camil Eid, [&hellip;]<\/p>\n","protected":false},"author":1,"featured_media":0,"comment_status":"open","ping_status":"open","sticky":false,"template":"","format":"standard","meta":{"footnotes":""},"categories":[33,6],"tags":[],"class_list":{"0":"post-14550","1":"post","2":"type-post","3":"status-publish","4":"format-standard","6":"category-minas-e-metalurgia","7":"category-noticias"},"yoast_head":"<!-- This site is optimized with the Yoast SEO plugin v27.2 - https:\/\/yoast.com\/product\/yoast-seo-wordpress\/ -->\n<title>Presidente da Vale recebe premia\u00e7\u00e3o de personalidade de Vendas 2007 - Instituto de Engenharia<\/title>\n<meta name=\"robots\" content=\"index, follow, max-snippet:-1, max-image-preview:large, max-video-preview:-1\" \/>\n<link rel=\"canonical\" href=\"https:\/\/www.institutodeengenharia.org.br\/site\/2008\/03\/25\/presidente-da-vale-recebe-premiacao-de-personalidade-de-vendas-2007\/\" \/>\n<meta property=\"og:locale\" content=\"pt_BR\" \/>\n<meta property=\"og:type\" content=\"article\" \/>\n<meta property=\"og:title\" content=\"Presidente da Vale recebe premia\u00e7\u00e3o de personalidade de Vendas 2007 - Instituto de Engenharia\" \/>\n<meta property=\"og:description\" content=\"O presidente da Vale, Roger Agnelli foi o 46\u00ba vencedor do pr\u00eamio &#8220;Personalidade de Vendas&#8221; de 2007, concedido pela ADVB-SP (Associa\u00e7\u00e3o dos Dirigentes de Vendas e Marketing do Brasil). Ele foi homenageado em almo\u00e7o, hoje, dia 25 de mar\u00e7o, no Clube Monte L\u00edbano, em S\u00e3o Paulo (SP). O vice-presidente do Instituto de Engenharia, Camil Eid, [&hellip;]\" \/>\n<meta property=\"og:url\" content=\"https:\/\/www.institutodeengenharia.org.br\/site\/2008\/03\/25\/presidente-da-vale-recebe-premiacao-de-personalidade-de-vendas-2007\/\" \/>\n<meta property=\"og:site_name\" content=\"Instituto de Engenharia\" \/>\n<meta property=\"article:publisher\" content=\"https:\/\/www.facebook.com\/institutodeengenharia\" \/>\n<meta property=\"article:published_time\" content=\"2008-03-25T21:47:05+00:00\" \/>\n<meta name=\"author\" content=\"TMax Tecnologia\" \/>\n<meta name=\"twitter:card\" content=\"summary_large_image\" \/>\n<meta name=\"twitter:creator\" content=\"@iengenharia\" \/>\n<meta name=\"twitter:site\" content=\"@iengenharia\" \/>\n<meta name=\"twitter:label1\" content=\"Escrito por\" \/>\n\t<meta name=\"twitter:data1\" content=\"TMax Tecnologia\" \/>\n\t<meta name=\"twitter:label2\" content=\"Est. tempo de leitura\" \/>\n\t<meta name=\"twitter:data2\" content=\"2 minutos\" \/>\n<script type=\"application\/ld+json\" class=\"yoast-schema-graph\">{\"@context\":\"https:\/\/schema.org\",\"@graph\":[{\"@type\":\"Article\",\"@id\":\"https:\/\/www.institutodeengenharia.org.br\/site\/2008\/03\/25\/presidente-da-vale-recebe-premiacao-de-personalidade-de-vendas-2007\/#article\",\"isPartOf\":{\"@id\":\"https:\/\/www.institutodeengenharia.org.br\/site\/2008\/03\/25\/presidente-da-vale-recebe-premiacao-de-personalidade-de-vendas-2007\/\"},\"author\":{\"name\":\"TMax Tecnologia\",\"@id\":\"https:\/\/www.institutodeengenharia.org.br\/site\/#\/schema\/person\/3b1ff109facef084739fc2edcb9a127f\"},\"headline\":\"Presidente da Vale recebe premia\u00e7\u00e3o de personalidade de Vendas 2007\",\"datePublished\":\"2008-03-25T21:47:05+00:00\",\"mainEntityOfPage\":{\"@id\":\"https:\/\/www.institutodeengenharia.org.br\/site\/2008\/03\/25\/presidente-da-vale-recebe-premiacao-de-personalidade-de-vendas-2007\/\"},\"wordCount\":334,\"commentCount\":0,\"publisher\":{\"@id\":\"https:\/\/www.institutodeengenharia.org.br\/site\/#organization\"},\"articleSection\":[\"Minas e Metalurgia\",\"Not\u00edcias\"],\"inLanguage\":\"pt-BR\",\"potentialAction\":[{\"@type\":\"CommentAction\",\"name\":\"Comment\",\"target\":[\"https:\/\/www.institutodeengenharia.org.br\/site\/2008\/03\/25\/presidente-da-vale-recebe-premiacao-de-personalidade-de-vendas-2007\/#respond\"]}]},{\"@type\":\"WebPage\",\"@id\":\"https:\/\/www.institutodeengenharia.org.br\/site\/2008\/03\/25\/presidente-da-vale-recebe-premiacao-de-personalidade-de-vendas-2007\/\",\"url\":\"https:\/\/www.institutodeengenharia.org.br\/site\/2008\/03\/25\/presidente-da-vale-recebe-premiacao-de-personalidade-de-vendas-2007\/\",\"name\":\"Presidente da Vale recebe premia\u00e7\u00e3o de personalidade de Vendas 2007 - Instituto de Engenharia\",\"isPartOf\":{\"@id\":\"https:\/\/www.institutodeengenharia.org.br\/site\/#website\"},\"datePublished\":\"2008-03-25T21:47:05+00:00\",\"breadcrumb\":{\"@id\":\"https:\/\/www.institutodeengenharia.org.br\/site\/2008\/03\/25\/presidente-da-vale-recebe-premiacao-de-personalidade-de-vendas-2007\/#breadcrumb\"},\"inLanguage\":\"pt-BR\",\"potentialAction\":[{\"@type\":\"ReadAction\",\"target\":[\"https:\/\/www.institutodeengenharia.org.br\/site\/2008\/03\/25\/presidente-da-vale-recebe-premiacao-de-personalidade-de-vendas-2007\/\"]}]},{\"@type\":\"BreadcrumbList\",\"@id\":\"https:\/\/www.institutodeengenharia.org.br\/site\/2008\/03\/25\/presidente-da-vale-recebe-premiacao-de-personalidade-de-vendas-2007\/#breadcrumb\",\"itemListElement\":[{\"@type\":\"ListItem\",\"position\":1,\"name\":\"In\u00edcio\",\"item\":\"https:\/\/www.institutodeengenharia.org.br\/site\/\"},{\"@type\":\"ListItem\",\"position\":2,\"name\":\"Presidente da Vale recebe premia\u00e7\u00e3o de personalidade de Vendas 2007\"}]},{\"@type\":\"WebSite\",\"@id\":\"https:\/\/www.institutodeengenharia.org.br\/site\/#website\",\"url\":\"https:\/\/www.institutodeengenharia.org.br\/site\/\",\"name\":\"Instituto de Engenharia\",\"description\":\"O Instituto de Engenharia promove a Engenharia em benef\u00edcio do desenvolvimento e da qualidade de vida da sociedade.\",\"publisher\":{\"@id\":\"https:\/\/www.institutodeengenharia.org.br\/site\/#organization\"},\"potentialAction\":[{\"@type\":\"SearchAction\",\"target\":{\"@type\":\"EntryPoint\",\"urlTemplate\":\"https:\/\/www.institutodeengenharia.org.br\/site\/?s={search_term_string}\"},\"query-input\":{\"@type\":\"PropertyValueSpecification\",\"valueRequired\":true,\"valueName\":\"search_term_string\"}}],\"inLanguage\":\"pt-BR\"},{\"@type\":\"Organization\",\"@id\":\"https:\/\/www.institutodeengenharia.org.br\/site\/#organization\",\"name\":\"Instituto de Engenharia\",\"url\":\"https:\/\/www.institutodeengenharia.org.br\/site\/\",\"logo\":{\"@type\":\"ImageObject\",\"inLanguage\":\"pt-BR\",\"@id\":\"https:\/\/www.institutodeengenharia.org.br\/site\/#\/schema\/logo\/image\/\",\"url\":\"https:\/\/www.institutodeengenharia.org.br\/site\/wp-content\/uploads\/2019\/03\/logo-novo-IE2018-1.jpg\",\"contentUrl\":\"https:\/\/www.institutodeengenharia.org.br\/site\/wp-content\/uploads\/2019\/03\/logo-novo-IE2018-1.jpg\",\"width\":1486,\"height\":1879,\"caption\":\"Instituto de Engenharia\"},\"image\":{\"@id\":\"https:\/\/www.institutodeengenharia.org.br\/site\/#\/schema\/logo\/image\/\"},\"sameAs\":[\"https:\/\/www.facebook.com\/institutodeengenharia\",\"https:\/\/x.com\/iengenharia\",\"https:\/\/www.instagram.com\/institutodeengenharia\/\",\"https:\/\/www.linkedin.com\/company\/instituto-de-engenharia\/\",\"https:\/\/www.youtube.com\/channel\/UCXiCAlsSMe977vamW915HxA\"]},{\"@type\":\"Person\",\"@id\":\"https:\/\/www.institutodeengenharia.org.br\/site\/#\/schema\/person\/3b1ff109facef084739fc2edcb9a127f\",\"name\":\"TMax Tecnologia\",\"image\":{\"@type\":\"ImageObject\",\"inLanguage\":\"pt-BR\",\"@id\":\"https:\/\/secure.gravatar.com\/avatar\/f912434ef7f389c92cb311fcdae346af848465d638912574b3c669070f797701?s=96&d=mm&r=g\",\"url\":\"https:\/\/secure.gravatar.com\/avatar\/f912434ef7f389c92cb311fcdae346af848465d638912574b3c669070f797701?s=96&d=mm&r=g\",\"contentUrl\":\"https:\/\/secure.gravatar.com\/avatar\/f912434ef7f389c92cb311fcdae346af848465d638912574b3c669070f797701?s=96&d=mm&r=g\",\"caption\":\"TMax Tecnologia\"},\"url\":\"https:\/\/www.institutodeengenharia.org.br\/site\/author\/tmax\/\"}]}<\/script>\n<!-- \/ Yoast SEO plugin. -->","yoast_head_json":{"title":"Presidente da Vale recebe premia\u00e7\u00e3o de personalidade de Vendas 2007 - Instituto de Engenharia","robots":{"index":"index","follow":"follow","max-snippet":"max-snippet:-1","max-image-preview":"max-image-preview:large","max-video-preview":"max-video-preview:-1"},"canonical":"https:\/\/www.institutodeengenharia.org.br\/site\/2008\/03\/25\/presidente-da-vale-recebe-premiacao-de-personalidade-de-vendas-2007\/","og_locale":"pt_BR","og_type":"article","og_title":"Presidente da Vale recebe premia\u00e7\u00e3o de personalidade de Vendas 2007 - Instituto de Engenharia","og_description":"O presidente da Vale, Roger Agnelli foi o 46\u00ba vencedor do pr\u00eamio &#8220;Personalidade de Vendas&#8221; de 2007, concedido pela ADVB-SP (Associa\u00e7\u00e3o dos Dirigentes de Vendas e Marketing do Brasil). Ele foi homenageado em almo\u00e7o, hoje, dia 25 de mar\u00e7o, no Clube Monte L\u00edbano, em S\u00e3o Paulo (SP). O vice-presidente do Instituto de Engenharia, Camil Eid, [&hellip;]","og_url":"https:\/\/www.institutodeengenharia.org.br\/site\/2008\/03\/25\/presidente-da-vale-recebe-premiacao-de-personalidade-de-vendas-2007\/","og_site_name":"Instituto de Engenharia","article_publisher":"https:\/\/www.facebook.com\/institutodeengenharia","article_published_time":"2008-03-25T21:47:05+00:00","author":"TMax Tecnologia","twitter_card":"summary_large_image","twitter_creator":"@iengenharia","twitter_site":"@iengenharia","twitter_misc":{"Escrito por":"TMax Tecnologia","Est. tempo de leitura":"2 minutos"},"schema":{"@context":"https:\/\/schema.org","@graph":[{"@type":"Article","@id":"https:\/\/www.institutodeengenharia.org.br\/site\/2008\/03\/25\/presidente-da-vale-recebe-premiacao-de-personalidade-de-vendas-2007\/#article","isPartOf":{"@id":"https:\/\/www.institutodeengenharia.org.br\/site\/2008\/03\/25\/presidente-da-vale-recebe-premiacao-de-personalidade-de-vendas-2007\/"},"author":{"name":"TMax Tecnologia","@id":"https:\/\/www.institutodeengenharia.org.br\/site\/#\/schema\/person\/3b1ff109facef084739fc2edcb9a127f"},"headline":"Presidente da Vale recebe premia\u00e7\u00e3o de personalidade de Vendas 2007","datePublished":"2008-03-25T21:47:05+00:00","mainEntityOfPage":{"@id":"https:\/\/www.institutodeengenharia.org.br\/site\/2008\/03\/25\/presidente-da-vale-recebe-premiacao-de-personalidade-de-vendas-2007\/"},"wordCount":334,"commentCount":0,"publisher":{"@id":"https:\/\/www.institutodeengenharia.org.br\/site\/#organization"},"articleSection":["Minas e Metalurgia","Not\u00edcias"],"inLanguage":"pt-BR","potentialAction":[{"@type":"CommentAction","name":"Comment","target":["https:\/\/www.institutodeengenharia.org.br\/site\/2008\/03\/25\/presidente-da-vale-recebe-premiacao-de-personalidade-de-vendas-2007\/#respond"]}]},{"@type":"WebPage","@id":"https:\/\/www.institutodeengenharia.org.br\/site\/2008\/03\/25\/presidente-da-vale-recebe-premiacao-de-personalidade-de-vendas-2007\/","url":"https:\/\/www.institutodeengenharia.org.br\/site\/2008\/03\/25\/presidente-da-vale-recebe-premiacao-de-personalidade-de-vendas-2007\/","name":"Presidente da Vale recebe premia\u00e7\u00e3o de personalidade de Vendas 2007 - Instituto de Engenharia","isPartOf":{"@id":"https:\/\/www.institutodeengenharia.org.br\/site\/#website"},"datePublished":"2008-03-25T21:47:05+00:00","breadcrumb":{"@id":"https:\/\/www.institutodeengenharia.org.br\/site\/2008\/03\/25\/presidente-da-vale-recebe-premiacao-de-personalidade-de-vendas-2007\/#breadcrumb"},"inLanguage":"pt-BR","potentialAction":[{"@type":"ReadAction","target":["https:\/\/www.institutodeengenharia.org.br\/site\/2008\/03\/25\/presidente-da-vale-recebe-premiacao-de-personalidade-de-vendas-2007\/"]}]},{"@type":"BreadcrumbList","@id":"https:\/\/www.institutodeengenharia.org.br\/site\/2008\/03\/25\/presidente-da-vale-recebe-premiacao-de-personalidade-de-vendas-2007\/#breadcrumb","itemListElement":[{"@type":"ListItem","position":1,"name":"In\u00edcio","item":"https:\/\/www.institutodeengenharia.org.br\/site\/"},{"@type":"ListItem","position":2,"name":"Presidente da Vale recebe premia\u00e7\u00e3o de personalidade de Vendas 2007"}]},{"@type":"WebSite","@id":"https:\/\/www.institutodeengenharia.org.br\/site\/#website","url":"https:\/\/www.institutodeengenharia.org.br\/site\/","name":"Instituto de Engenharia","description":"O Instituto de Engenharia promove a Engenharia em benef\u00edcio do desenvolvimento e da qualidade de vida da sociedade.","publisher":{"@id":"https:\/\/www.institutodeengenharia.org.br\/site\/#organization"},"potentialAction":[{"@type":"SearchAction","target":{"@type":"EntryPoint","urlTemplate":"https:\/\/www.institutodeengenharia.org.br\/site\/?s={search_term_string}"},"query-input":{"@type":"PropertyValueSpecification","valueRequired":true,"valueName":"search_term_string"}}],"inLanguage":"pt-BR"},{"@type":"Organization","@id":"https:\/\/www.institutodeengenharia.org.br\/site\/#organization","name":"Instituto de Engenharia","url":"https:\/\/www.institutodeengenharia.org.br\/site\/","logo":{"@type":"ImageObject","inLanguage":"pt-BR","@id":"https:\/\/www.institutodeengenharia.org.br\/site\/#\/schema\/logo\/image\/","url":"https:\/\/www.institutodeengenharia.org.br\/site\/wp-content\/uploads\/2019\/03\/logo-novo-IE2018-1.jpg","contentUrl":"https:\/\/www.institutodeengenharia.org.br\/site\/wp-content\/uploads\/2019\/03\/logo-novo-IE2018-1.jpg","width":1486,"height":1879,"caption":"Instituto de Engenharia"},"image":{"@id":"https:\/\/www.institutodeengenharia.org.br\/site\/#\/schema\/logo\/image\/"},"sameAs":["https:\/\/www.facebook.com\/institutodeengenharia","https:\/\/x.com\/iengenharia","https:\/\/www.instagram.com\/institutodeengenharia\/","https:\/\/www.linkedin.com\/company\/instituto-de-engenharia\/","https:\/\/www.youtube.com\/channel\/UCXiCAlsSMe977vamW915HxA"]},{"@type":"Person","@id":"https:\/\/www.institutodeengenharia.org.br\/site\/#\/schema\/person\/3b1ff109facef084739fc2edcb9a127f","name":"TMax Tecnologia","image":{"@type":"ImageObject","inLanguage":"pt-BR","@id":"https:\/\/secure.gravatar.com\/avatar\/f912434ef7f389c92cb311fcdae346af848465d638912574b3c669070f797701?s=96&d=mm&r=g","url":"https:\/\/secure.gravatar.com\/avatar\/f912434ef7f389c92cb311fcdae346af848465d638912574b3c669070f797701?s=96&d=mm&r=g","contentUrl":"https:\/\/secure.gravatar.com\/avatar\/f912434ef7f389c92cb311fcdae346af848465d638912574b3c669070f797701?s=96&d=mm&r=g","caption":"TMax Tecnologia"},"url":"https:\/\/www.institutodeengenharia.org.br\/site\/author\/tmax\/"}]}},"_links":{"self":[{"href":"https:\/\/www.institutodeengenharia.org.br\/site\/wp-json\/wp\/v2\/posts\/14550","targetHints":{"allow":["GET"]}}],"collection":[{"href":"https:\/\/www.institutodeengenharia.org.br\/site\/wp-json\/wp\/v2\/posts"}],"about":[{"href":"https:\/\/www.institutodeengenharia.org.br\/site\/wp-json\/wp\/v2\/types\/post"}],"author":[{"embeddable":true,"href":"https:\/\/www.institutodeengenharia.org.br\/site\/wp-json\/wp\/v2\/users\/1"}],"replies":[{"embeddable":true,"href":"https:\/\/www.institutodeengenharia.org.br\/site\/wp-json\/wp\/v2\/comments?post=14550"}],"version-history":[{"count":0,"href":"https:\/\/www.institutodeengenharia.org.br\/site\/wp-json\/wp\/v2\/posts\/14550\/revisions"}],"wp:attachment":[{"href":"https:\/\/www.institutodeengenharia.org.br\/site\/wp-json\/wp\/v2\/media?parent=14550"}],"wp:term":[{"taxonomy":"category","embeddable":true,"href":"https:\/\/www.institutodeengenharia.org.br\/site\/wp-json\/wp\/v2\/categories?post=14550"},{"taxonomy":"post_tag","embeddable":true,"href":"https:\/\/www.institutodeengenharia.org.br\/site\/wp-json\/wp\/v2\/tags?post=14550"}],"curies":[{"name":"wp","href":"https:\/\/api.w.org\/{rel}","templated":true}]}}