{"id":14546,"date":"2008-02-11T21:47:01","date_gmt":"2008-02-11T21:47:01","guid":{"rendered":"https:\/\/www.institutodeengenharia.org.br\/?p=14546"},"modified":"2008-03-25T14:24:10","modified_gmt":"2008-03-25T14:24:10","slug":"a-guerra-dos-vencidos","status":"publish","type":"post","link":"https:\/\/www.institutodeengenharia.org.br\/site\/2008\/02\/11\/a-guerra-dos-vencidos\/","title":{"rendered":"A guerra dos vencidos"},"content":{"rendered":"<p>Por 90 meses, na mais longa guerra disputada pelos EUA em sua hist\u00f3ria, 58 mil soldados perderam suas vidas. Ainda hoje, mais de trinta anos depois de encerrados os combates, o pa\u00eds ainda sente os efeitos do conflito que mudou a sociedade americana.\u00a0<\/p>\n<p>Nosso pa\u00eds perde, numa efici\u00eancia aterradora, uma guerra do Vietn\u00e3 a cada doze meses, matando indistintamente seus cidad\u00e3os enquanto dirigem-se para o trabalho, f\u00e9rias, escolas ou num passeio de final de semana. O tr\u00e2nsito brasileiro, que somente em acidentes, custa 26 bilh\u00f5es de reais anuais \u00e9 o mais perfeito exemplo dos efeitos da irresponsabilidade e descaso da sociedade brasileira e a incompet\u00eancia de suas autoridades ao tratar de forma pessoal um problema t\u00e9cnico.\u00a0<\/p>\n<p>O problema, iniciado ao entregar-se a gest\u00e3o do tr\u00e2nsito das cidades \u00e0s autoridades policiais, \u00e9 agravado pela incapacidade de nossos legisladores e gestores p\u00fablicos de distinguirem sua responsabilidade perante o cidad\u00e3o e seu comportamento como motoristas. Produzindo uma legisla\u00e7\u00e3o de padr\u00e3o europeu, por\u00e9m criando sistemas e barreira para sua aplica\u00e7\u00e3o digna de caricaturas hollywoodianas de autoridades africanas.\u00a0<\/p>\n<p>A cren\u00e7a brasileira na exist\u00eancia de uma ind\u00fastria de multas, voltada unicamente para esfolar o cidad\u00e3o e engordar os cofres p\u00fablicos \u00e9 tamb\u00e9m uma das principais barreiras culturais. T\u00e3o forte que pol\u00edticos e autoridades parecem disputar uma competi\u00e7\u00e3o de remendos legislativos e administrativos para suavizar o rigor da lei e impedir a aplica\u00e7\u00e3o das penalidades, num exemplo escancarado de desrespeito \u00e0 l\u00f3gica, ao bom senso e \u00e0 intelig\u00eancia.\u00a0<\/p>\n<p>O cidad\u00e3o, assumindo a infantil posi\u00e7\u00e3o de negar o \u00f3bvio, acreditando em sua excel\u00eancia auto-creditada atr\u00e1s de um volante, comporta-se como se as leis fossem criadas apenas para atrapalh\u00e1-lo em seus afazeres di\u00e1rios, que as multas s\u00e3o impostos disfar\u00e7ados e que seu dever \u00e9 evit\u00e1-las a qualquer custo sem cumprir a lei. <br \/>\nSoma-se a isto uma estrutura corrupta e ineficiente, derivada da entrega \u00e0s autoridades policiais o que deveria ser da al\u00e7ada administrativa (concess\u00e3o de licen\u00e7as de condu\u00e7\u00e3o de ve\u00edculos e registros de propriedade) e t\u00e9cnica (engenharia de tr\u00e1fego e fiscaliza\u00e7\u00e3o veicular), e chegamos ao massacre di\u00e1rio que se tornou o exerc\u00edcio do direito de ir e vir do cidad\u00e3o.\u00a0<\/p>\n<p>\u00c9 hora de tratarmos o tr\u00e2nsito de forma s\u00e9ria e t\u00e9cnica, analisarem as s\u00e9ries hist\u00f3ricas de acidentes e identificar as estradas, os ve\u00edculos, os motoristas, as viagens, as condi\u00e7\u00f5es meteorol\u00f3gicas, enfim todas as vari\u00e1veis envolvidas desde um simples deslocamento para a padaria at\u00e9 uma viagem interestadual que terminaram de forma tr\u00e1gica. Encontrar os pontos comuns e, de forma s\u00e9ria, desenvolver, comunicar, incentivar, fiscalizar legisla\u00e7\u00e3o adequada e rigorosa, punindo exemplarmente os motoristas infratores.\u00a0<\/p>\n<p>\u00c9 tamb\u00e9m preciso tratar as causas f\u00edsicas dos acidentes: sinaliza\u00e7\u00e3o inadequada, m\u00e1 conserva\u00e7\u00e3o das pistas, manuten\u00e7\u00e3o deficiente dos autom\u00f3veis. O estado de Minas Gerais, campe\u00e3o em n\u00famero de acidentes, \u00e9 s\u00edmbolo do nefasto efeito de estradas mal constru\u00eddas, mal sinalizadas e mal conservadas. Viajar por Minas Gerais, coberto pela maior malha de rodovias federais, \u00e9 muito mais arriscado do que nas movimentad\u00edssimas estradas paulistas, privatizadas e mantidas sob um padr\u00e3o internacional. <br \/>\nEnfim \u00e9 hora de iniciarmos a verdadeira engenharia de transportes no Brasil. Substituir os delegados por engenheiros seria um bom come\u00e7o. <\/p>\n<p><b>Autor: Edemar de Souza Amorim<\/b><\/p>\n","protected":false},"excerpt":{"rendered":"<p>Por 90 meses, na mais longa guerra disputada pelos EUA em sua hist\u00f3ria, 58 mil soldados perderam suas vidas. Ainda hoje, mais de trinta anos depois de encerrados os combates, o pa\u00eds ainda sente os efeitos do conflito que mudou a sociedade americana.\u00a0 Nosso pa\u00eds perde, numa efici\u00eancia aterradora, uma guerra do Vietn\u00e3 a cada [&hellip;]<\/p>\n","protected":false},"author":1,"featured_media":0,"comment_status":"open","ping_status":"open","sticky":false,"template":"","format":"standard","meta":{"footnotes":""},"categories":[114],"tags":[],"class_list":{"0":"post-14546","1":"post","2":"type-post","3":"status-publish","4":"format-standard","6":"category-artigos"},"yoast_head":"<!-- This site is optimized with the Yoast SEO plugin v27.2 - https:\/\/yoast.com\/product\/yoast-seo-wordpress\/ -->\n<title>A guerra dos vencidos - Instituto de Engenharia<\/title>\n<meta name=\"robots\" content=\"index, follow, max-snippet:-1, max-image-preview:large, max-video-preview:-1\" \/>\n<link rel=\"canonical\" href=\"https:\/\/www.institutodeengenharia.org.br\/site\/2008\/02\/11\/a-guerra-dos-vencidos\/\" \/>\n<meta property=\"og:locale\" content=\"pt_BR\" \/>\n<meta property=\"og:type\" content=\"article\" \/>\n<meta property=\"og:title\" content=\"A guerra dos vencidos - Instituto de Engenharia\" \/>\n<meta property=\"og:description\" content=\"Por 90 meses, na mais longa guerra disputada pelos EUA em sua hist\u00f3ria, 58 mil soldados perderam suas vidas. Ainda hoje, mais de trinta anos depois de encerrados os combates, o pa\u00eds ainda sente os efeitos do conflito que mudou a sociedade americana.\u00a0 Nosso pa\u00eds perde, numa efici\u00eancia aterradora, uma guerra do Vietn\u00e3 a cada [&hellip;]\" \/>\n<meta property=\"og:url\" content=\"https:\/\/www.institutodeengenharia.org.br\/site\/2008\/02\/11\/a-guerra-dos-vencidos\/\" \/>\n<meta property=\"og:site_name\" content=\"Instituto de Engenharia\" \/>\n<meta property=\"article:publisher\" content=\"https:\/\/www.facebook.com\/institutodeengenharia\" \/>\n<meta property=\"article:published_time\" content=\"2008-02-11T21:47:01+00:00\" \/>\n<meta property=\"article:modified_time\" content=\"2008-03-25T14:24:10+00:00\" \/>\n<meta name=\"author\" content=\"TMax Tecnologia\" \/>\n<meta name=\"twitter:card\" content=\"summary_large_image\" \/>\n<meta name=\"twitter:creator\" content=\"@iengenharia\" \/>\n<meta name=\"twitter:site\" content=\"@iengenharia\" \/>\n<meta name=\"twitter:label1\" content=\"Escrito por\" \/>\n\t<meta name=\"twitter:data1\" content=\"TMax Tecnologia\" \/>\n\t<meta name=\"twitter:label2\" content=\"Est. tempo de leitura\" \/>\n\t<meta name=\"twitter:data2\" content=\"3 minutos\" \/>\n<script type=\"application\/ld+json\" class=\"yoast-schema-graph\">{\"@context\":\"https:\/\/schema.org\",\"@graph\":[{\"@type\":\"Article\",\"@id\":\"https:\/\/www.institutodeengenharia.org.br\/site\/2008\/02\/11\/a-guerra-dos-vencidos\/#article\",\"isPartOf\":{\"@id\":\"https:\/\/www.institutodeengenharia.org.br\/site\/2008\/02\/11\/a-guerra-dos-vencidos\/\"},\"author\":{\"name\":\"TMax Tecnologia\",\"@id\":\"https:\/\/www.institutodeengenharia.org.br\/site\/#\/schema\/person\/3b1ff109facef084739fc2edcb9a127f\"},\"headline\":\"A guerra dos vencidos\",\"datePublished\":\"2008-02-11T21:47:01+00:00\",\"dateModified\":\"2008-03-25T14:24:10+00:00\",\"mainEntityOfPage\":{\"@id\":\"https:\/\/www.institutodeengenharia.org.br\/site\/2008\/02\/11\/a-guerra-dos-vencidos\/\"},\"wordCount\":585,\"commentCount\":0,\"publisher\":{\"@id\":\"https:\/\/www.institutodeengenharia.org.br\/site\/#organization\"},\"articleSection\":[\"Artigos\"],\"inLanguage\":\"pt-BR\",\"potentialAction\":[{\"@type\":\"CommentAction\",\"name\":\"Comment\",\"target\":[\"https:\/\/www.institutodeengenharia.org.br\/site\/2008\/02\/11\/a-guerra-dos-vencidos\/#respond\"]}]},{\"@type\":\"WebPage\",\"@id\":\"https:\/\/www.institutodeengenharia.org.br\/site\/2008\/02\/11\/a-guerra-dos-vencidos\/\",\"url\":\"https:\/\/www.institutodeengenharia.org.br\/site\/2008\/02\/11\/a-guerra-dos-vencidos\/\",\"name\":\"A guerra dos vencidos - Instituto de Engenharia\",\"isPartOf\":{\"@id\":\"https:\/\/www.institutodeengenharia.org.br\/site\/#website\"},\"datePublished\":\"2008-02-11T21:47:01+00:00\",\"dateModified\":\"2008-03-25T14:24:10+00:00\",\"breadcrumb\":{\"@id\":\"https:\/\/www.institutodeengenharia.org.br\/site\/2008\/02\/11\/a-guerra-dos-vencidos\/#breadcrumb\"},\"inLanguage\":\"pt-BR\",\"potentialAction\":[{\"@type\":\"ReadAction\",\"target\":[\"https:\/\/www.institutodeengenharia.org.br\/site\/2008\/02\/11\/a-guerra-dos-vencidos\/\"]}]},{\"@type\":\"BreadcrumbList\",\"@id\":\"https:\/\/www.institutodeengenharia.org.br\/site\/2008\/02\/11\/a-guerra-dos-vencidos\/#breadcrumb\",\"itemListElement\":[{\"@type\":\"ListItem\",\"position\":1,\"name\":\"In\u00edcio\",\"item\":\"https:\/\/www.institutodeengenharia.org.br\/site\/\"},{\"@type\":\"ListItem\",\"position\":2,\"name\":\"A guerra dos vencidos\"}]},{\"@type\":\"WebSite\",\"@id\":\"https:\/\/www.institutodeengenharia.org.br\/site\/#website\",\"url\":\"https:\/\/www.institutodeengenharia.org.br\/site\/\",\"name\":\"Instituto de Engenharia\",\"description\":\"O Instituto de Engenharia promove a Engenharia em benef\u00edcio do desenvolvimento e da qualidade de vida da sociedade.\",\"publisher\":{\"@id\":\"https:\/\/www.institutodeengenharia.org.br\/site\/#organization\"},\"potentialAction\":[{\"@type\":\"SearchAction\",\"target\":{\"@type\":\"EntryPoint\",\"urlTemplate\":\"https:\/\/www.institutodeengenharia.org.br\/site\/?s={search_term_string}\"},\"query-input\":{\"@type\":\"PropertyValueSpecification\",\"valueRequired\":true,\"valueName\":\"search_term_string\"}}],\"inLanguage\":\"pt-BR\"},{\"@type\":\"Organization\",\"@id\":\"https:\/\/www.institutodeengenharia.org.br\/site\/#organization\",\"name\":\"Instituto de Engenharia\",\"url\":\"https:\/\/www.institutodeengenharia.org.br\/site\/\",\"logo\":{\"@type\":\"ImageObject\",\"inLanguage\":\"pt-BR\",\"@id\":\"https:\/\/www.institutodeengenharia.org.br\/site\/#\/schema\/logo\/image\/\",\"url\":\"https:\/\/www.institutodeengenharia.org.br\/site\/wp-content\/uploads\/2019\/03\/logo-novo-IE2018-1.jpg\",\"contentUrl\":\"https:\/\/www.institutodeengenharia.org.br\/site\/wp-content\/uploads\/2019\/03\/logo-novo-IE2018-1.jpg\",\"width\":1486,\"height\":1879,\"caption\":\"Instituto de Engenharia\"},\"image\":{\"@id\":\"https:\/\/www.institutodeengenharia.org.br\/site\/#\/schema\/logo\/image\/\"},\"sameAs\":[\"https:\/\/www.facebook.com\/institutodeengenharia\",\"https:\/\/x.com\/iengenharia\",\"https:\/\/www.instagram.com\/institutodeengenharia\/\",\"https:\/\/www.linkedin.com\/company\/instituto-de-engenharia\/\",\"https:\/\/www.youtube.com\/channel\/UCXiCAlsSMe977vamW915HxA\"]},{\"@type\":\"Person\",\"@id\":\"https:\/\/www.institutodeengenharia.org.br\/site\/#\/schema\/person\/3b1ff109facef084739fc2edcb9a127f\",\"name\":\"TMax Tecnologia\",\"image\":{\"@type\":\"ImageObject\",\"inLanguage\":\"pt-BR\",\"@id\":\"https:\/\/secure.gravatar.com\/avatar\/f912434ef7f389c92cb311fcdae346af848465d638912574b3c669070f797701?s=96&d=mm&r=g\",\"url\":\"https:\/\/secure.gravatar.com\/avatar\/f912434ef7f389c92cb311fcdae346af848465d638912574b3c669070f797701?s=96&d=mm&r=g\",\"contentUrl\":\"https:\/\/secure.gravatar.com\/avatar\/f912434ef7f389c92cb311fcdae346af848465d638912574b3c669070f797701?s=96&d=mm&r=g\",\"caption\":\"TMax Tecnologia\"},\"url\":\"https:\/\/www.institutodeengenharia.org.br\/site\/author\/tmax\/\"}]}<\/script>\n<!-- \/ Yoast SEO plugin. -->","yoast_head_json":{"title":"A guerra dos vencidos - Instituto de Engenharia","robots":{"index":"index","follow":"follow","max-snippet":"max-snippet:-1","max-image-preview":"max-image-preview:large","max-video-preview":"max-video-preview:-1"},"canonical":"https:\/\/www.institutodeengenharia.org.br\/site\/2008\/02\/11\/a-guerra-dos-vencidos\/","og_locale":"pt_BR","og_type":"article","og_title":"A guerra dos vencidos - Instituto de Engenharia","og_description":"Por 90 meses, na mais longa guerra disputada pelos EUA em sua hist\u00f3ria, 58 mil soldados perderam suas vidas. Ainda hoje, mais de trinta anos depois de encerrados os combates, o pa\u00eds ainda sente os efeitos do conflito que mudou a sociedade americana.\u00a0 Nosso pa\u00eds perde, numa efici\u00eancia aterradora, uma guerra do Vietn\u00e3 a cada [&hellip;]","og_url":"https:\/\/www.institutodeengenharia.org.br\/site\/2008\/02\/11\/a-guerra-dos-vencidos\/","og_site_name":"Instituto de Engenharia","article_publisher":"https:\/\/www.facebook.com\/institutodeengenharia","article_published_time":"2008-02-11T21:47:01+00:00","article_modified_time":"2008-03-25T14:24:10+00:00","author":"TMax Tecnologia","twitter_card":"summary_large_image","twitter_creator":"@iengenharia","twitter_site":"@iengenharia","twitter_misc":{"Escrito por":"TMax Tecnologia","Est. tempo de leitura":"3 minutos"},"schema":{"@context":"https:\/\/schema.org","@graph":[{"@type":"Article","@id":"https:\/\/www.institutodeengenharia.org.br\/site\/2008\/02\/11\/a-guerra-dos-vencidos\/#article","isPartOf":{"@id":"https:\/\/www.institutodeengenharia.org.br\/site\/2008\/02\/11\/a-guerra-dos-vencidos\/"},"author":{"name":"TMax Tecnologia","@id":"https:\/\/www.institutodeengenharia.org.br\/site\/#\/schema\/person\/3b1ff109facef084739fc2edcb9a127f"},"headline":"A guerra dos vencidos","datePublished":"2008-02-11T21:47:01+00:00","dateModified":"2008-03-25T14:24:10+00:00","mainEntityOfPage":{"@id":"https:\/\/www.institutodeengenharia.org.br\/site\/2008\/02\/11\/a-guerra-dos-vencidos\/"},"wordCount":585,"commentCount":0,"publisher":{"@id":"https:\/\/www.institutodeengenharia.org.br\/site\/#organization"},"articleSection":["Artigos"],"inLanguage":"pt-BR","potentialAction":[{"@type":"CommentAction","name":"Comment","target":["https:\/\/www.institutodeengenharia.org.br\/site\/2008\/02\/11\/a-guerra-dos-vencidos\/#respond"]}]},{"@type":"WebPage","@id":"https:\/\/www.institutodeengenharia.org.br\/site\/2008\/02\/11\/a-guerra-dos-vencidos\/","url":"https:\/\/www.institutodeengenharia.org.br\/site\/2008\/02\/11\/a-guerra-dos-vencidos\/","name":"A guerra dos vencidos - Instituto de Engenharia","isPartOf":{"@id":"https:\/\/www.institutodeengenharia.org.br\/site\/#website"},"datePublished":"2008-02-11T21:47:01+00:00","dateModified":"2008-03-25T14:24:10+00:00","breadcrumb":{"@id":"https:\/\/www.institutodeengenharia.org.br\/site\/2008\/02\/11\/a-guerra-dos-vencidos\/#breadcrumb"},"inLanguage":"pt-BR","potentialAction":[{"@type":"ReadAction","target":["https:\/\/www.institutodeengenharia.org.br\/site\/2008\/02\/11\/a-guerra-dos-vencidos\/"]}]},{"@type":"BreadcrumbList","@id":"https:\/\/www.institutodeengenharia.org.br\/site\/2008\/02\/11\/a-guerra-dos-vencidos\/#breadcrumb","itemListElement":[{"@type":"ListItem","position":1,"name":"In\u00edcio","item":"https:\/\/www.institutodeengenharia.org.br\/site\/"},{"@type":"ListItem","position":2,"name":"A guerra dos vencidos"}]},{"@type":"WebSite","@id":"https:\/\/www.institutodeengenharia.org.br\/site\/#website","url":"https:\/\/www.institutodeengenharia.org.br\/site\/","name":"Instituto de Engenharia","description":"O Instituto de Engenharia promove a Engenharia em benef\u00edcio do desenvolvimento e da qualidade de vida da sociedade.","publisher":{"@id":"https:\/\/www.institutodeengenharia.org.br\/site\/#organization"},"potentialAction":[{"@type":"SearchAction","target":{"@type":"EntryPoint","urlTemplate":"https:\/\/www.institutodeengenharia.org.br\/site\/?s={search_term_string}"},"query-input":{"@type":"PropertyValueSpecification","valueRequired":true,"valueName":"search_term_string"}}],"inLanguage":"pt-BR"},{"@type":"Organization","@id":"https:\/\/www.institutodeengenharia.org.br\/site\/#organization","name":"Instituto de Engenharia","url":"https:\/\/www.institutodeengenharia.org.br\/site\/","logo":{"@type":"ImageObject","inLanguage":"pt-BR","@id":"https:\/\/www.institutodeengenharia.org.br\/site\/#\/schema\/logo\/image\/","url":"https:\/\/www.institutodeengenharia.org.br\/site\/wp-content\/uploads\/2019\/03\/logo-novo-IE2018-1.jpg","contentUrl":"https:\/\/www.institutodeengenharia.org.br\/site\/wp-content\/uploads\/2019\/03\/logo-novo-IE2018-1.jpg","width":1486,"height":1879,"caption":"Instituto de Engenharia"},"image":{"@id":"https:\/\/www.institutodeengenharia.org.br\/site\/#\/schema\/logo\/image\/"},"sameAs":["https:\/\/www.facebook.com\/institutodeengenharia","https:\/\/x.com\/iengenharia","https:\/\/www.instagram.com\/institutodeengenharia\/","https:\/\/www.linkedin.com\/company\/instituto-de-engenharia\/","https:\/\/www.youtube.com\/channel\/UCXiCAlsSMe977vamW915HxA"]},{"@type":"Person","@id":"https:\/\/www.institutodeengenharia.org.br\/site\/#\/schema\/person\/3b1ff109facef084739fc2edcb9a127f","name":"TMax Tecnologia","image":{"@type":"ImageObject","inLanguage":"pt-BR","@id":"https:\/\/secure.gravatar.com\/avatar\/f912434ef7f389c92cb311fcdae346af848465d638912574b3c669070f797701?s=96&d=mm&r=g","url":"https:\/\/secure.gravatar.com\/avatar\/f912434ef7f389c92cb311fcdae346af848465d638912574b3c669070f797701?s=96&d=mm&r=g","contentUrl":"https:\/\/secure.gravatar.com\/avatar\/f912434ef7f389c92cb311fcdae346af848465d638912574b3c669070f797701?s=96&d=mm&r=g","caption":"TMax Tecnologia"},"url":"https:\/\/www.institutodeengenharia.org.br\/site\/author\/tmax\/"}]}},"_links":{"self":[{"href":"https:\/\/www.institutodeengenharia.org.br\/site\/wp-json\/wp\/v2\/posts\/14546","targetHints":{"allow":["GET"]}}],"collection":[{"href":"https:\/\/www.institutodeengenharia.org.br\/site\/wp-json\/wp\/v2\/posts"}],"about":[{"href":"https:\/\/www.institutodeengenharia.org.br\/site\/wp-json\/wp\/v2\/types\/post"}],"author":[{"embeddable":true,"href":"https:\/\/www.institutodeengenharia.org.br\/site\/wp-json\/wp\/v2\/users\/1"}],"replies":[{"embeddable":true,"href":"https:\/\/www.institutodeengenharia.org.br\/site\/wp-json\/wp\/v2\/comments?post=14546"}],"version-history":[{"count":0,"href":"https:\/\/www.institutodeengenharia.org.br\/site\/wp-json\/wp\/v2\/posts\/14546\/revisions"}],"wp:attachment":[{"href":"https:\/\/www.institutodeengenharia.org.br\/site\/wp-json\/wp\/v2\/media?parent=14546"}],"wp:term":[{"taxonomy":"category","embeddable":true,"href":"https:\/\/www.institutodeengenharia.org.br\/site\/wp-json\/wp\/v2\/categories?post=14546"},{"taxonomy":"post_tag","embeddable":true,"href":"https:\/\/www.institutodeengenharia.org.br\/site\/wp-json\/wp\/v2\/tags?post=14546"}],"curies":[{"name":"wp","href":"https:\/\/api.w.org\/{rel}","templated":true}]}}