{"id":14545,"date":"2008-01-15T21:47:00","date_gmt":"2008-01-15T21:47:00","guid":{"rendered":"https:\/\/www.institutodeengenharia.org.br\/?p=14545"},"modified":"2008-03-25T14:00:16","modified_gmt":"2008-03-25T14:00:16","slug":"sobre-interesses-particulares-e-publicos","status":"publish","type":"post","link":"https:\/\/www.institutodeengenharia.org.br\/site\/2008\/01\/15\/sobre-interesses-particulares-e-publicos\/","title":{"rendered":"Sobre interesses particulares e p\u00fablicos"},"content":{"rendered":"<p>Como sempre \u00e9 feito no Congresso Nacional, ao apagar das luzes, enquanto esfriam-se os debates \u00e0 espera das festas de fim de ano, projetos de extrema relev\u00e2ncia, por\u00e9m com fins pouco elogi\u00e1veis, s\u00e3o apresentados na esperan\u00e7a de passarem despercebidos pela imprensa e tramitarem longe dos interesses dos cidad\u00e3os.\u00a0<\/p>\n<p>Pois nem bem terminado o ano em que as mais representativas associa\u00e7\u00f5es de engenheiros defendiam a uni\u00e3o da classe em defesa da engenharia nacional, encerrando assim um ciclo de fragmenta\u00e7\u00e3o que prejudica o pa\u00eds e a popula\u00e7\u00e3o, um senador, leg\u00edtimo representante da pol\u00edtica coronelista, retr\u00f3grada e totalit\u00e1ria, prop\u00f5e a separa\u00e7\u00e3o dos engenheiros, num passo para criar o primeiro \u201cApartheid\u201d profissional da hist\u00f3ria.\u00a0<\/p>\n<p>O Senador Cesar Borges quer criar uma excresc\u00eancia denominada OBENC (Ordem Brasileira de Engenheiros Civis) para regulamentar a engenharia civil uma vez que o modelo de regulamenta\u00e7\u00e3o de 1933 mostra-se atrasado para as necessidades de hoje.\u00a0<\/p>\n<p>N\u00e3o \u00e9 segredo que o modelo \u00e9 inadequado, tamb\u00e9m n\u00e3o \u00e9 segredo que todos os associados do sistema CONFEA-CREA est\u00e3o insatisfeitos. O primeiro passo para isso seria dado com a cria\u00e7\u00e3o do conselho dos arquitetos e urbanistas, o segundo deveria ser o desmembramento dos agr\u00f4nomos e todas as outras categorias, deixando assim o conselho s\u00f3 para a engenharia.\u00a0<\/p>\n<p>Mas n\u00e3o, frutos do autoritarismo do Brasil n\u00e3o caem longe da \u00e1rvore. O projeto que inicia o tr\u00e2mite no senado j\u00e1 nasce cheio de v\u00edcios, com o prop\u00f3sito \u00fanico de fornecer ao Senador seu curralzinho eleitoral para garantir-lhe em caso de futuros infort\u00fanios eleitorais.\u00a0<br \/>\nPois n\u00e3o prev\u00ea elei\u00e7\u00e3o direta democr\u00e1tica para seus gestores, instituindo assim um sistema de elei\u00e7\u00f5es indiretas digna dos grandes clubes de futebol, cujos dirigentes perpetuam-se no poder e nas manchetes policiais.\u00a0<\/p>\n<p>Alegando demandas em encontros inexpressivos ocorridos h\u00e1 mais de seis anos, o senador completa as justificativas do projeto apontando que todas as profiss\u00f5es na \u00e1rea de humanas t\u00eam seus conselhos exclusivos e a profiss\u00e3o regulamentada por lei.\u00a0<\/p>\n<p>Os problemas que a engenharia brasileira enfrenta n\u00e3o s\u00e3o segredo; nem \u00e9 segredo que o CREA hoje re\u00fane uma gama muito diversa de profissionais, n\u00e3o podendo assim representar ou regulamentar com efici\u00eancia e satisfatoriamente todas elas. Como tamb\u00e9m n\u00e3o \u00e9 segredo que a solu\u00e7\u00e3o passa pela unifica\u00e7\u00e3o da engenharia e o desmembramento do CREA em conselhos espec\u00edficos para os t\u00e9cnicos, ge\u00f3grafos, meteorologistas e assim por diante.\u00a0<\/p>\n<p>Mas \u00e9 muito estranho que um parlamentar que se diz defensor da engenharia, proponha seu desmembramento, criando um intrincado sistema eleitoral onde os votos n\u00e3o t\u00eam o mesmo valor, e a representatividade se d\u00e1 pelo n\u00famero de entidades e n\u00e3o de associados.\u00a0<\/p>\n<p>Enfim, O Instituto de Engenharia vem a p\u00fablico manifestar sua posi\u00e7\u00e3o contr\u00e1ria ao projeto de cria\u00e7\u00e3o da OBENC e tudo que ela representa: atraso, custos, inefici\u00eancia e autoritarismo. Adjetivos que n\u00e3o constam da qualifica\u00e7\u00e3o de um engenheiro de verdade. <\/p>\n<p><b>Autor: Edemar de Souza Amorim<\/b><\/p>\n","protected":false},"excerpt":{"rendered":"<p>Como sempre \u00e9 feito no Congresso Nacional, ao apagar das luzes, enquanto esfriam-se os debates \u00e0 espera das festas de fim de ano, projetos de extrema relev\u00e2ncia, por\u00e9m com fins pouco elogi\u00e1veis, s\u00e3o apresentados na esperan\u00e7a de passarem despercebidos pela imprensa e tramitarem longe dos interesses dos cidad\u00e3os.\u00a0 Pois nem bem terminado o ano em [&hellip;]<\/p>\n","protected":false},"author":1,"featured_media":0,"comment_status":"open","ping_status":"open","sticky":false,"template":"","format":"standard","meta":{"footnotes":""},"categories":[114],"tags":[],"class_list":{"0":"post-14545","1":"post","2":"type-post","3":"status-publish","4":"format-standard","6":"category-artigos"},"yoast_head":"<!-- This site is optimized with the Yoast SEO plugin v27.2 - https:\/\/yoast.com\/product\/yoast-seo-wordpress\/ -->\n<title>Sobre interesses particulares e p\u00fablicos - Instituto de Engenharia<\/title>\n<meta name=\"robots\" content=\"index, follow, max-snippet:-1, max-image-preview:large, max-video-preview:-1\" \/>\n<link rel=\"canonical\" href=\"https:\/\/www.institutodeengenharia.org.br\/site\/2008\/01\/15\/sobre-interesses-particulares-e-publicos\/\" \/>\n<meta property=\"og:locale\" content=\"pt_BR\" \/>\n<meta property=\"og:type\" content=\"article\" \/>\n<meta property=\"og:title\" content=\"Sobre interesses particulares e p\u00fablicos - Instituto de Engenharia\" \/>\n<meta property=\"og:description\" content=\"Como sempre \u00e9 feito no Congresso Nacional, ao apagar das luzes, enquanto esfriam-se os debates \u00e0 espera das festas de fim de ano, projetos de extrema relev\u00e2ncia, por\u00e9m com fins pouco elogi\u00e1veis, s\u00e3o apresentados na esperan\u00e7a de passarem despercebidos pela imprensa e tramitarem longe dos interesses dos cidad\u00e3os.\u00a0 Pois nem bem terminado o ano em [&hellip;]\" \/>\n<meta property=\"og:url\" content=\"https:\/\/www.institutodeengenharia.org.br\/site\/2008\/01\/15\/sobre-interesses-particulares-e-publicos\/\" \/>\n<meta property=\"og:site_name\" content=\"Instituto de Engenharia\" \/>\n<meta property=\"article:publisher\" content=\"https:\/\/www.facebook.com\/institutodeengenharia\" \/>\n<meta property=\"article:published_time\" content=\"2008-01-15T21:47:00+00:00\" \/>\n<meta property=\"article:modified_time\" content=\"2008-03-25T14:00:16+00:00\" \/>\n<meta name=\"author\" content=\"TMax Tecnologia\" \/>\n<meta name=\"twitter:card\" content=\"summary_large_image\" \/>\n<meta name=\"twitter:creator\" content=\"@iengenharia\" \/>\n<meta name=\"twitter:site\" content=\"@iengenharia\" \/>\n<meta name=\"twitter:label1\" content=\"Escrito por\" \/>\n\t<meta name=\"twitter:data1\" content=\"TMax Tecnologia\" \/>\n\t<meta name=\"twitter:label2\" content=\"Est. tempo de leitura\" \/>\n\t<meta name=\"twitter:data2\" content=\"3 minutos\" \/>\n<script type=\"application\/ld+json\" class=\"yoast-schema-graph\">{\"@context\":\"https:\/\/schema.org\",\"@graph\":[{\"@type\":\"Article\",\"@id\":\"https:\/\/www.institutodeengenharia.org.br\/site\/2008\/01\/15\/sobre-interesses-particulares-e-publicos\/#article\",\"isPartOf\":{\"@id\":\"https:\/\/www.institutodeengenharia.org.br\/site\/2008\/01\/15\/sobre-interesses-particulares-e-publicos\/\"},\"author\":{\"name\":\"TMax Tecnologia\",\"@id\":\"https:\/\/www.institutodeengenharia.org.br\/site\/#\/schema\/person\/3b1ff109facef084739fc2edcb9a127f\"},\"headline\":\"Sobre interesses particulares e p\u00fablicos\",\"datePublished\":\"2008-01-15T21:47:00+00:00\",\"dateModified\":\"2008-03-25T14:00:16+00:00\",\"mainEntityOfPage\":{\"@id\":\"https:\/\/www.institutodeengenharia.org.br\/site\/2008\/01\/15\/sobre-interesses-particulares-e-publicos\/\"},\"wordCount\":527,\"commentCount\":0,\"publisher\":{\"@id\":\"https:\/\/www.institutodeengenharia.org.br\/site\/#organization\"},\"articleSection\":[\"Artigos\"],\"inLanguage\":\"pt-BR\",\"potentialAction\":[{\"@type\":\"CommentAction\",\"name\":\"Comment\",\"target\":[\"https:\/\/www.institutodeengenharia.org.br\/site\/2008\/01\/15\/sobre-interesses-particulares-e-publicos\/#respond\"]}]},{\"@type\":\"WebPage\",\"@id\":\"https:\/\/www.institutodeengenharia.org.br\/site\/2008\/01\/15\/sobre-interesses-particulares-e-publicos\/\",\"url\":\"https:\/\/www.institutodeengenharia.org.br\/site\/2008\/01\/15\/sobre-interesses-particulares-e-publicos\/\",\"name\":\"Sobre interesses particulares e p\u00fablicos - Instituto de Engenharia\",\"isPartOf\":{\"@id\":\"https:\/\/www.institutodeengenharia.org.br\/site\/#website\"},\"datePublished\":\"2008-01-15T21:47:00+00:00\",\"dateModified\":\"2008-03-25T14:00:16+00:00\",\"breadcrumb\":{\"@id\":\"https:\/\/www.institutodeengenharia.org.br\/site\/2008\/01\/15\/sobre-interesses-particulares-e-publicos\/#breadcrumb\"},\"inLanguage\":\"pt-BR\",\"potentialAction\":[{\"@type\":\"ReadAction\",\"target\":[\"https:\/\/www.institutodeengenharia.org.br\/site\/2008\/01\/15\/sobre-interesses-particulares-e-publicos\/\"]}]},{\"@type\":\"BreadcrumbList\",\"@id\":\"https:\/\/www.institutodeengenharia.org.br\/site\/2008\/01\/15\/sobre-interesses-particulares-e-publicos\/#breadcrumb\",\"itemListElement\":[{\"@type\":\"ListItem\",\"position\":1,\"name\":\"In\u00edcio\",\"item\":\"https:\/\/www.institutodeengenharia.org.br\/site\/\"},{\"@type\":\"ListItem\",\"position\":2,\"name\":\"Sobre interesses particulares e p\u00fablicos\"}]},{\"@type\":\"WebSite\",\"@id\":\"https:\/\/www.institutodeengenharia.org.br\/site\/#website\",\"url\":\"https:\/\/www.institutodeengenharia.org.br\/site\/\",\"name\":\"Instituto de Engenharia\",\"description\":\"O Instituto de Engenharia promove a Engenharia em benef\u00edcio do desenvolvimento e da qualidade de vida da sociedade.\",\"publisher\":{\"@id\":\"https:\/\/www.institutodeengenharia.org.br\/site\/#organization\"},\"potentialAction\":[{\"@type\":\"SearchAction\",\"target\":{\"@type\":\"EntryPoint\",\"urlTemplate\":\"https:\/\/www.institutodeengenharia.org.br\/site\/?s={search_term_string}\"},\"query-input\":{\"@type\":\"PropertyValueSpecification\",\"valueRequired\":true,\"valueName\":\"search_term_string\"}}],\"inLanguage\":\"pt-BR\"},{\"@type\":\"Organization\",\"@id\":\"https:\/\/www.institutodeengenharia.org.br\/site\/#organization\",\"name\":\"Instituto de Engenharia\",\"url\":\"https:\/\/www.institutodeengenharia.org.br\/site\/\",\"logo\":{\"@type\":\"ImageObject\",\"inLanguage\":\"pt-BR\",\"@id\":\"https:\/\/www.institutodeengenharia.org.br\/site\/#\/schema\/logo\/image\/\",\"url\":\"https:\/\/www.institutodeengenharia.org.br\/site\/wp-content\/uploads\/2019\/03\/logo-novo-IE2018-1.jpg\",\"contentUrl\":\"https:\/\/www.institutodeengenharia.org.br\/site\/wp-content\/uploads\/2019\/03\/logo-novo-IE2018-1.jpg\",\"width\":1486,\"height\":1879,\"caption\":\"Instituto de Engenharia\"},\"image\":{\"@id\":\"https:\/\/www.institutodeengenharia.org.br\/site\/#\/schema\/logo\/image\/\"},\"sameAs\":[\"https:\/\/www.facebook.com\/institutodeengenharia\",\"https:\/\/x.com\/iengenharia\",\"https:\/\/www.instagram.com\/institutodeengenharia\/\",\"https:\/\/www.linkedin.com\/company\/instituto-de-engenharia\/\",\"https:\/\/www.youtube.com\/channel\/UCXiCAlsSMe977vamW915HxA\"]},{\"@type\":\"Person\",\"@id\":\"https:\/\/www.institutodeengenharia.org.br\/site\/#\/schema\/person\/3b1ff109facef084739fc2edcb9a127f\",\"name\":\"TMax Tecnologia\",\"image\":{\"@type\":\"ImageObject\",\"inLanguage\":\"pt-BR\",\"@id\":\"https:\/\/secure.gravatar.com\/avatar\/f912434ef7f389c92cb311fcdae346af848465d638912574b3c669070f797701?s=96&d=mm&r=g\",\"url\":\"https:\/\/secure.gravatar.com\/avatar\/f912434ef7f389c92cb311fcdae346af848465d638912574b3c669070f797701?s=96&d=mm&r=g\",\"contentUrl\":\"https:\/\/secure.gravatar.com\/avatar\/f912434ef7f389c92cb311fcdae346af848465d638912574b3c669070f797701?s=96&d=mm&r=g\",\"caption\":\"TMax Tecnologia\"},\"url\":\"https:\/\/www.institutodeengenharia.org.br\/site\/author\/tmax\/\"}]}<\/script>\n<!-- \/ Yoast SEO plugin. -->","yoast_head_json":{"title":"Sobre interesses particulares e p\u00fablicos - Instituto de Engenharia","robots":{"index":"index","follow":"follow","max-snippet":"max-snippet:-1","max-image-preview":"max-image-preview:large","max-video-preview":"max-video-preview:-1"},"canonical":"https:\/\/www.institutodeengenharia.org.br\/site\/2008\/01\/15\/sobre-interesses-particulares-e-publicos\/","og_locale":"pt_BR","og_type":"article","og_title":"Sobre interesses particulares e p\u00fablicos - Instituto de Engenharia","og_description":"Como sempre \u00e9 feito no Congresso Nacional, ao apagar das luzes, enquanto esfriam-se os debates \u00e0 espera das festas de fim de ano, projetos de extrema relev\u00e2ncia, por\u00e9m com fins pouco elogi\u00e1veis, s\u00e3o apresentados na esperan\u00e7a de passarem despercebidos pela imprensa e tramitarem longe dos interesses dos cidad\u00e3os.\u00a0 Pois nem bem terminado o ano em [&hellip;]","og_url":"https:\/\/www.institutodeengenharia.org.br\/site\/2008\/01\/15\/sobre-interesses-particulares-e-publicos\/","og_site_name":"Instituto de Engenharia","article_publisher":"https:\/\/www.facebook.com\/institutodeengenharia","article_published_time":"2008-01-15T21:47:00+00:00","article_modified_time":"2008-03-25T14:00:16+00:00","author":"TMax Tecnologia","twitter_card":"summary_large_image","twitter_creator":"@iengenharia","twitter_site":"@iengenharia","twitter_misc":{"Escrito por":"TMax Tecnologia","Est. tempo de leitura":"3 minutos"},"schema":{"@context":"https:\/\/schema.org","@graph":[{"@type":"Article","@id":"https:\/\/www.institutodeengenharia.org.br\/site\/2008\/01\/15\/sobre-interesses-particulares-e-publicos\/#article","isPartOf":{"@id":"https:\/\/www.institutodeengenharia.org.br\/site\/2008\/01\/15\/sobre-interesses-particulares-e-publicos\/"},"author":{"name":"TMax Tecnologia","@id":"https:\/\/www.institutodeengenharia.org.br\/site\/#\/schema\/person\/3b1ff109facef084739fc2edcb9a127f"},"headline":"Sobre interesses particulares e p\u00fablicos","datePublished":"2008-01-15T21:47:00+00:00","dateModified":"2008-03-25T14:00:16+00:00","mainEntityOfPage":{"@id":"https:\/\/www.institutodeengenharia.org.br\/site\/2008\/01\/15\/sobre-interesses-particulares-e-publicos\/"},"wordCount":527,"commentCount":0,"publisher":{"@id":"https:\/\/www.institutodeengenharia.org.br\/site\/#organization"},"articleSection":["Artigos"],"inLanguage":"pt-BR","potentialAction":[{"@type":"CommentAction","name":"Comment","target":["https:\/\/www.institutodeengenharia.org.br\/site\/2008\/01\/15\/sobre-interesses-particulares-e-publicos\/#respond"]}]},{"@type":"WebPage","@id":"https:\/\/www.institutodeengenharia.org.br\/site\/2008\/01\/15\/sobre-interesses-particulares-e-publicos\/","url":"https:\/\/www.institutodeengenharia.org.br\/site\/2008\/01\/15\/sobre-interesses-particulares-e-publicos\/","name":"Sobre interesses particulares e p\u00fablicos - Instituto de Engenharia","isPartOf":{"@id":"https:\/\/www.institutodeengenharia.org.br\/site\/#website"},"datePublished":"2008-01-15T21:47:00+00:00","dateModified":"2008-03-25T14:00:16+00:00","breadcrumb":{"@id":"https:\/\/www.institutodeengenharia.org.br\/site\/2008\/01\/15\/sobre-interesses-particulares-e-publicos\/#breadcrumb"},"inLanguage":"pt-BR","potentialAction":[{"@type":"ReadAction","target":["https:\/\/www.institutodeengenharia.org.br\/site\/2008\/01\/15\/sobre-interesses-particulares-e-publicos\/"]}]},{"@type":"BreadcrumbList","@id":"https:\/\/www.institutodeengenharia.org.br\/site\/2008\/01\/15\/sobre-interesses-particulares-e-publicos\/#breadcrumb","itemListElement":[{"@type":"ListItem","position":1,"name":"In\u00edcio","item":"https:\/\/www.institutodeengenharia.org.br\/site\/"},{"@type":"ListItem","position":2,"name":"Sobre interesses particulares e p\u00fablicos"}]},{"@type":"WebSite","@id":"https:\/\/www.institutodeengenharia.org.br\/site\/#website","url":"https:\/\/www.institutodeengenharia.org.br\/site\/","name":"Instituto de Engenharia","description":"O Instituto de Engenharia promove a Engenharia em benef\u00edcio do desenvolvimento e da qualidade de vida da sociedade.","publisher":{"@id":"https:\/\/www.institutodeengenharia.org.br\/site\/#organization"},"potentialAction":[{"@type":"SearchAction","target":{"@type":"EntryPoint","urlTemplate":"https:\/\/www.institutodeengenharia.org.br\/site\/?s={search_term_string}"},"query-input":{"@type":"PropertyValueSpecification","valueRequired":true,"valueName":"search_term_string"}}],"inLanguage":"pt-BR"},{"@type":"Organization","@id":"https:\/\/www.institutodeengenharia.org.br\/site\/#organization","name":"Instituto de Engenharia","url":"https:\/\/www.institutodeengenharia.org.br\/site\/","logo":{"@type":"ImageObject","inLanguage":"pt-BR","@id":"https:\/\/www.institutodeengenharia.org.br\/site\/#\/schema\/logo\/image\/","url":"https:\/\/www.institutodeengenharia.org.br\/site\/wp-content\/uploads\/2019\/03\/logo-novo-IE2018-1.jpg","contentUrl":"https:\/\/www.institutodeengenharia.org.br\/site\/wp-content\/uploads\/2019\/03\/logo-novo-IE2018-1.jpg","width":1486,"height":1879,"caption":"Instituto de Engenharia"},"image":{"@id":"https:\/\/www.institutodeengenharia.org.br\/site\/#\/schema\/logo\/image\/"},"sameAs":["https:\/\/www.facebook.com\/institutodeengenharia","https:\/\/x.com\/iengenharia","https:\/\/www.instagram.com\/institutodeengenharia\/","https:\/\/www.linkedin.com\/company\/instituto-de-engenharia\/","https:\/\/www.youtube.com\/channel\/UCXiCAlsSMe977vamW915HxA"]},{"@type":"Person","@id":"https:\/\/www.institutodeengenharia.org.br\/site\/#\/schema\/person\/3b1ff109facef084739fc2edcb9a127f","name":"TMax Tecnologia","image":{"@type":"ImageObject","inLanguage":"pt-BR","@id":"https:\/\/secure.gravatar.com\/avatar\/f912434ef7f389c92cb311fcdae346af848465d638912574b3c669070f797701?s=96&d=mm&r=g","url":"https:\/\/secure.gravatar.com\/avatar\/f912434ef7f389c92cb311fcdae346af848465d638912574b3c669070f797701?s=96&d=mm&r=g","contentUrl":"https:\/\/secure.gravatar.com\/avatar\/f912434ef7f389c92cb311fcdae346af848465d638912574b3c669070f797701?s=96&d=mm&r=g","caption":"TMax Tecnologia"},"url":"https:\/\/www.institutodeengenharia.org.br\/site\/author\/tmax\/"}]}},"_links":{"self":[{"href":"https:\/\/www.institutodeengenharia.org.br\/site\/wp-json\/wp\/v2\/posts\/14545","targetHints":{"allow":["GET"]}}],"collection":[{"href":"https:\/\/www.institutodeengenharia.org.br\/site\/wp-json\/wp\/v2\/posts"}],"about":[{"href":"https:\/\/www.institutodeengenharia.org.br\/site\/wp-json\/wp\/v2\/types\/post"}],"author":[{"embeddable":true,"href":"https:\/\/www.institutodeengenharia.org.br\/site\/wp-json\/wp\/v2\/users\/1"}],"replies":[{"embeddable":true,"href":"https:\/\/www.institutodeengenharia.org.br\/site\/wp-json\/wp\/v2\/comments?post=14545"}],"version-history":[{"count":0,"href":"https:\/\/www.institutodeengenharia.org.br\/site\/wp-json\/wp\/v2\/posts\/14545\/revisions"}],"wp:attachment":[{"href":"https:\/\/www.institutodeengenharia.org.br\/site\/wp-json\/wp\/v2\/media?parent=14545"}],"wp:term":[{"taxonomy":"category","embeddable":true,"href":"https:\/\/www.institutodeengenharia.org.br\/site\/wp-json\/wp\/v2\/categories?post=14545"},{"taxonomy":"post_tag","embeddable":true,"href":"https:\/\/www.institutodeengenharia.org.br\/site\/wp-json\/wp\/v2\/tags?post=14545"}],"curies":[{"name":"wp","href":"https:\/\/api.w.org\/{rel}","templated":true}]}}