{"id":14534,"date":"2008-03-05T21:46:51","date_gmt":"2008-03-05T21:46:51","guid":{"rendered":"https:\/\/www.institutodeengenharia.org.br\/?p=14534"},"modified":"2008-03-05T19:07:38","modified_gmt":"2008-03-05T19:07:38","slug":"eleicoes-2008-para-o-conselho-deliberativo","status":"publish","type":"post","link":"https:\/\/www.institutodeengenharia.org.br\/site\/2008\/03\/05\/eleicoes-2008-para-o-conselho-deliberativo\/","title":{"rendered":"Elei\u00e7\u00f5es 2008 para o Conselho Deliberativo"},"content":{"rendered":"<p>As elei\u00e7\u00f5es para renova\u00e7\u00e3o de 50% do Conselho Deliberativo do Instituto de Engenharia ser\u00e3o realizadas no dia 26 de mar\u00e7o, das 09h00 \u00e0s 20h00. <\/p>\n<p>A vota\u00e7\u00e3o tamb\u00e9m poder\u00e1 ser feita, pela internet, a partir do dia 24 de mar\u00e7o, ap\u00f3s \u00e0s 08h00. <\/p>\n<p>A senha e as instru\u00e7\u00f5es para vota\u00e7\u00e3o ser\u00e3o postadas, pelos correios, no dia\u00a020 de mar\u00e7o. <\/p>\n<p>Os associados que n\u00e3o receberem ou perderem sua senha devem entrar em contato com a secretaria do Instituto de Engenharia, pelo telefone 3466-9230.\u00a0<\/p>\n<p>Para ver a rela\u00e7\u00e3o dos candidatos, com fotos, <a href=\"http:\/\/www.ie.org.br\/site\/ieadm\/arquivos\/arqnot188.pdf\">clique aqui<\/a>.<\/p>\n<p>S\u00e3o candidatos pela <strong>Chapa Inova\u00e7\u00e3o: <\/strong><\/p>\n<p><strong>Antonio Carlos Almeida Prado Terreri<\/strong> <br \/>\nS\u00f3cio do Instituto de Engenharia, atuante nas divis\u00f5es t\u00e9cnicas, j\u00e1 exerceu cargos de coordenador e vice-coordenador em Manuten\u00e7\u00e3o e Geologia (minerais) na Divis\u00e3o T\u00e9cnica de Engenharia Mec\u00e2nica e participante de palestras t\u00e9cnicas e reuni\u00f5es. Formado em Engenharia Mec\u00e2nica pela Faap, com p\u00f3s-gradua\u00e7\u00e3o em Administra\u00e7\u00e3o da Produ\u00e7\u00e3o (Ceag-FGV), p\u00f3s-gradua\u00e7\u00e3o em Administra\u00e7\u00e3o de empresas (Faap) e em Engenharia de Materiais pela Universidade Mackenzie. Atuou na Melhoramentos, Grupo P\u00e3o de A\u00e7\u00facar e Villares. \u00c9 consultor nacional e internacional para novos empreendimentos, biodiesel e mercados de metais. <\/p>\n<p><strong>Antonio Galv\u00e3o Alvares de Abreu<\/strong> <br \/>\nEngenheiro Civil pelo Mackenzie \u00e9 assessor t\u00e9cnico do Gabinete do Secret\u00e1rio dos transportes do Estado de S\u00e3o Paulo, coordenador do Plano Estadual de Seguran\u00e7a Rodovi\u00e1rio e da Comiss\u00e3o de Estudos e Preven\u00e7\u00e3o de Acidentes no Transporte Terrestre de Produtos Perigosos. \u00c9 coordenador no Brasil, do Conv\u00eanio sobre Seguran\u00e7a Rodovi\u00e1ria entre a Secretaria dos Transportes e o Minist\u00e9rio dos Transportes na Fran\u00e7a al\u00e9m de representante do Governo do Estado no Conselho de Autoridade Portu\u00e1ria do Porto de Santos; \u00e9 tamb\u00e9m membro do CONDESB (Conselho de Desenvolvimento da Regi\u00e3o Metropolitana da Baixada Santista). Foi Diretor de Engenharia da DERSA, Coordenador de Projetos Civis da Cosipa e chefe do Departamento de projetos de Redes e Instala\u00e7\u00f5es do Metr\u00f4. No Instituto de Engenharia \u00e9 Membro do Conselho Deliberativo. <\/p>\n<p><strong>Francisco A. N. Christovam<\/strong> <br \/>\nEngenheiro Civil pela Universidade Mackenzie, mestre em Engenharia de Transportes pela Villanova University e especialista em Administra\u00e7\u00e3o Industrial pelo Instituto Mau\u00e1 de Tecnologia. <br \/>\nAtualmente \u00e9 assessor especial da Secretaria de Finan\u00e7as do Munic\u00edpio de S\u00e3o Paulo. No Instituto de Engenharia, \u00e9 diretor de Rela\u00e7\u00f5es Externas, membro do Conselho Editorial e do Conselho Deliberativo. \u00c9, tamb\u00e9m, s\u00f3cio-diretor da FChristovam Engenheiros Associados Ltda. <br \/>\nFoi diretor de Assuntos Corporativos da EMTU-SP, diretor Presidente da CMTC\/SPTrans, secret\u00e1rio-adjunto da Secretaria de Estado da Habita\u00e7\u00e3o, secret\u00e1rio-adjunto da Secretaria de Estado dos Neg\u00f3cios dos Transportes e diretor de Opera\u00e7\u00f5es da CMTC. <\/p>\n<p><strong>Ivan Metran Whately<\/strong> <br \/>\nEngenheiro civil e arquiteto \u00e9 atualmente Gerente de Projetos e Obras da EMTU (Empresa Metropolitana de Transportes Urbanos) .Foi diretor de Projetos e Desenvolvimento T\u00e9cnico da CPOS (Companhia Paulista de Obras e Servi\u00e7os) bem como diretor presidente da mesma empresa. Ocupou outros cargos de coordena\u00e7\u00e3o t\u00e9cnica, tais como: superintendente do Departamento de \u00c1guas e Energia el\u00e9trica \u2013 DAEE, presidente da Comiss\u00e3o ProCentro e diretor do Departamento de Transportes p\u00fablicos da Prefeitura do Munic\u00edpio de S\u00e3o Paulo.Desempenhou as fun\u00e7\u00f5es de consultor da Organiza\u00e7\u00e3o dos Estados Americanos \u2013 OEA; Diretor da Divis\u00e3o de Projetos de Engenharia do Fundusp; dirigente da Assessoria T\u00e9cnica da Secretaria dos Neg\u00f3cios Metropolitanos \u2013 SNM; assessor t\u00e9cnico da Secretaria de Estado dos Transportes, diretor do Departamento de projetos de Engenharia de transportes da Seebla, Servi\u00e7os de Engenharia e Coordenador de Projetos da Companhia de Tr\u00e1fego &#8211; CET. <\/p>\n<p><strong>Jefferson Deodoro Teixeira da Costa<\/strong> <br \/>\nProfessor de Matem\u00e1tica e F\u00edsica, engenheiro civil com Especializa\u00e7\u00e3o em Engenharia de Seguran\u00e7a do Trabalho (FAAP) e Higiene e Seguran\u00e7a do Trabalho (USJT). <br \/>\nEngenheiro de Seguran\u00e7a do Trabalho do Hospital do Servidor Estadual e Hospital Sepaco. No Instituto de Engenharia, \u00e9 coordenador da Divis\u00e3o T\u00e9cnica de Seguran\u00e7a no Trabalho. Engenheiro de Seguran\u00e7a do Trabalho:Viv\u00eancia nas \u00e1reas de constru\u00e7\u00e3o civil, hospitalar, institui\u00e7\u00e3o financeira, com\u00e9rcio aliment\u00edcio e educacional; atua na elabora\u00e7\u00e3o e implementa\u00e7\u00e3o PPRA-NR. 09, PCMAT-NR.18 e NR-32 SST-SS; Qualidade Ambiental ISO 14000; Ergonomia NR. 17; Rotina do SEESMT; elabora\u00e7\u00e3o de laudos t\u00e9cnicos, palestras, treinamentos, cursos e Gest\u00e3o Total-ISO 9000. Diretor da Associa\u00e7\u00e3o Paulista de Engenheiros de Seguran\u00e7a do Trabalho &#8211; Apaest. <\/p>\n<p><strong>Marco Antonio Domingues<\/strong> <br \/>\nFormado em Engenharia de Produ\u00e7\u00e3o pela Unip, em Economia pela USP, p\u00f3s-gradua\u00e7\u00e3o em Engenharia de Produ\u00e7\u00e3o e Administra\u00e7\u00e3o de Opera\u00e7\u00f5es, mestrado em Engenharia de Produ\u00e7\u00e3o pela Unip e doutorando em gest\u00e3o de projetos na Poli\/USP. Atualmente \u00e9 diretor de Programas do Instituto de Engenharia, pesquisador na Associa\u00e7\u00e3o Pesquisadores Sem Fronteiras, diretor da Gest\u00e3o Ecl\u00e9tica, professor da \u00e1rea de gest\u00e3o de projetos na USP, no Instituto de Engenharia e no Mackenzie e da disciplina Organiza\u00e7\u00e3o Industrial da Faculdade Oswaldo Cruz. Foi superintendente da Diretoria Administrativa da Cohab, diretor da Secretaria de Servi\u00e7os da Prefeitura da Est\u00e2ncia de Atibaia. Associado do Instituto de Engenharia; foi coordenador da Divis\u00e3o de Engenharia de Produ\u00e7\u00e3o, diretor e conselheiro. Coordenador da Divis\u00e3o de Gerenciamento de Empreendimentos, quando recebeu o Pr\u00eamio de Divis\u00e3o mais atuante do ano. <\/p>\n<p><strong>Miracyr Assis Marcato<\/strong> <br \/>\nEngenheiro Mec\u00e2nico e Eletricista pela URGS e p\u00f3s-gradua\u00e7\u00e3o em Administra\u00e7\u00e3o de Empresas pela \u201cEAESP\u201d &#8211; Funda\u00e7\u00e3o Get\u00falio Vargas \u2013 SP. Membro Vital\u00edcio do IEEE &#8211; Institute of Electrical and Electronics Engineers \u2013 USA e membro do CIGR\u00c9-Conseil International des Grands R\u00e9seaux \u00c9lectriques \u00e0 Haute Tension &#8211; (Paris) (FR). Diretor de Rela\u00e7\u00f5es Internacionais e do Departamento de Engenharia El\u00e9trica do Instituto de Engenharia. Membro do Coscex-Conselho Superior de Com\u00e9rcio Exterior da FIESP. Diretor da Energo Engenharia e Servi\u00e7os Ltda.- SP. Ex-Vice Presidente do Cons\u00f3rcio Novox (Peru, Col\u00f4mbia, M\u00e9xico) e da SADE-Sul Americana de Engenharia S.A.(GE) \u2013 (SP). \u00c9 fluente em franc\u00eas, ingl\u00eas, italiano, espanhol, alem\u00e3o al\u00e9m de portugu\u00eas. <\/p>\n<p><strong>Neuza Maria Trauzzola<\/strong> <br \/>\nFormada em Engenharia Civil pela Mau\u00e1, Educa\u00e7\u00e3o F\u00edsica pela Unifec e Direito pela Unip. Com p\u00f3s-gradua\u00e7\u00e3o em Engenharia de Materiais pelo Mackenzie e mestrado em Engenharia de Materiais tamb\u00e9m pelo Mackenzie e em habita\u00e7\u00e3o popular pelo IPT. <br \/>\nFoi gerente de Infra-estrutura, superintendente de Comunica\u00e7\u00e3o e Marketing e atualmente gerente de Rela\u00e7\u00f5es Institucionais do Conselho Federal de Engenharia Arquitetura e Agronomia. <br \/>\nFoi t\u00e9cnica na gest\u00e3o do habiteto e na aprova\u00e7\u00e3o e regulariza\u00e7\u00e3o de empreendimento e assessora da Diretoria da CDHU, foi presidente da Emurb \u2013 Empresa Municipal de Urbaniza\u00e7\u00e3o, assessora da Diretoria do Metr\u00f4. <\/p>\n<p><strong>Paulo Alcides Andrade<\/strong> <br \/>\nEngenheiro Civil e Industrial pelo Mackenzie. Foi professor da cadeira de Estruturas Met\u00e1licas da Escola de Engenharia Mackenzie, e chefe do Departamento T\u00e9cnico-Comercial da F\u00e1brica de Estruturas Met\u00e1licas da Cia Sider\u00fargica Nacional. Fundador e diretor da Empresa Andratell-Constru\u00e7\u00f5es; Fundador e Diretor da Abcem (Associa\u00e7\u00e3o Brasileira de Constru\u00e7\u00e3o Met\u00e1lica); fundador da Abece e membro do seu Conselho Consultivo nos primeiros anos.Atualmente \u00e9 diretor da \u201cPaulo Andrade Engenharia\u201d atuando na \u00e1rea de Consultoria estrutural \u2013 Gest\u00e3o de Qualidade e Projetos. No Instituto de Engenharia j\u00e1 foi Membro dos Conselhos Deliberativo, Consultivo e Fiscal. <\/p>\n<p><strong>Paulo Bezerril Junior <br \/>\n<\/strong>Engenheiro civil e sanitarista, mestre em Sa\u00fade P\u00fablica. Experi\u00eancia profissional: secret\u00e1rio Nacional de Saneamento; superintendente do DAEE ; diretor da Cetesb; diretor de Obras H\u00eddricas do Minist\u00e9rio da Integra\u00e7\u00e3o Nacional; diretor de Estudos e Pesquisas do Departamento de Limpeza Urbana do Munic\u00edpio de S\u00e3o Paulo; gerente de Conserva\u00e7\u00e3o e Cobran\u00e7a da Ag\u00eancia Nacional de \u00c1guas \u2013 ANA; s\u00f3cio-diretor das firmas de engenharia consultiva voltadas ao setor de Saneamento Ambiental: Proesa, Provensan e Gerente; consultor em Saneamento Ambiental e Recursos H\u00eddricos.Entidades associativas: presidente da Abes, Conselheiro do Instituto de Engenharia, Diretor-tesoreiro do Ibef-Instituto de Executivos de Finan\u00e7as e presidente do Conselho Fiscal do Ibef. <\/p>\n<p><strong>P\u00e9ricles Romeu Mallozzi<\/strong> <br \/>\nEngenheiro agr\u00f4nomo, graduado pela Esalq \u2013 Piracicaba\/SP, doutor em Ci\u00eancias Agron\u00f4micas pela Unesp \u2013 Botucatu\/SP. No Instituto de Engenharia, \u00e9 membro do Conselho Deliberativo, foi coordenador da Divis\u00e3o de Engenharia Agron\u00f4mica, tendo realizado diversos eventos sobre agropecu\u00e1ria, transg\u00eanicos, biodiesel, desperd\u00edcio agr\u00edcola e produtividade. \u00c9 conselheiro da Aspef \u2013 Associa\u00e7\u00e3o de antigos estagi\u00e1rios da Fran\u00e7a. Fez est\u00e1gio no Instituto Nacional de Pesquisa Agron\u00f4mica (Fran\u00e7a); na Universidade de Ci\u00eancias Agr\u00edcolas (Holanda); no Centro Internacional da Batata (Peru), nos minist\u00e9rios da Agricultura do Canad\u00e1 e dos Estados Unidos. Trabalha em pesquisas de doen\u00e7as de plantas (fitopatologia) e sanidade da semente. Presta assessoria e servi\u00e7os aos produtores, \u00e0s empresas, aos munic\u00edpios, aos estados. Produto mais trabalhado: batata-semente. <\/p>\n<p><strong>Roberto Aldo Pesce<\/strong> <br \/>\nEngenheiro Civil pela POLI, com especializa\u00e7\u00e3o em Engenharia de Seguran\u00e7a e higiene do Trabalho.Fundador da C\u00e2mara de Media\u00e7\u00e3o e Arbitragem do Instituto de Engenharia, tamb\u00e9m faz parte da Comiss\u00e3o Editorial da Revista Engenharia.Foi professor de cursos de m\u00e9todos construtivos de pontes, viadutos, galerias, metr\u00f4, canaliza\u00e7\u00e3o de rios e licita\u00e7\u00e3o de obras p\u00fablicas em cursos no Instituto de Engenharia e professor de riscos profissionais na FAAP e no Mackenzie.\u00c9 consultor de engenharia e projetos (hidrologia, hidr\u00e1ulica, estruturas de concreto e a\u00e7o, barragens de terra, etc. Atualmente \u00e9 representante do Instituto de Engenharia na 5\u00aa. JARI do DSV-SP e membro do Conselho Deliberativo. <\/p>\n<p><strong>Roberto Kochen<\/strong> <br \/>\nDiretor T\u00e9cnico da GeoCompany &#8211; Tecnologia, Engenharia &#038; Meio Ambiente (www.geocompany.com.br), empresa brasileira de atua\u00e7\u00e3o internacional. Engenheiro Civil, Mestre e Doutor em Engenharia pela EPUSP. Professor Visitante da Universidade de Toronto, Canad\u00e1. Professor da Escola Polit\u00e9cnica da USP desde 1984. Ex \u2013 Diretor T\u00e9cnico e Ex &#8211; Presidente do Conselho T\u00e9cnico da UPADI (Uni\u00f3n Panamericana de Asociacones de Ingenieros). Diretor do Departamento de Engenharia Civil do Instituto de Engenharia, Consultor em Geotecnia, T\u00faneis, Funda\u00e7\u00f5es e Meio Ambiente no Brasil e Exterior. Tem publicado diversos artigos t\u00e9cnicos, no Brasil e Exterior, e trabalhado como Diretor T\u00e9cnico da GeoCompany, e Consultor em Projetos e Obras de Infra Estrutura na America e Europa, para diversas empresas e organiza\u00e7\u00f5es. <\/p>\n<p><strong>Sokan Kato Young<\/strong> <br \/>\nEngenheiro, bacharel em Economia, mestrado em Engenharia Civil, p\u00f3s-graduado em Administra\u00e7\u00e3o Industrial. No Instituto de Engenharia, \u00e9 s\u00f3cio e colaborador do Instituto de Engenharia como diretor de Visitas T\u00e9cnicas desde 2004, foi membro do Conselho Deliberativo. Atua desde 1990 na Associa\u00e7\u00e3o dos Engenheiros da Poli-USP, tendo ocupado neste per\u00edodo diversos cargos e gerenciado projetos como conselheiro, presidente e atual diretor Cultural. Profissionalmente atuou como engenheiro respons\u00e1vel pelas obras civis das f\u00e1bricas da Mercedes Benz do Brasil, consultor de neg\u00f3cios e atua na \u00e1rea de viagens corporativas, feiras, congressos, especializado para neg\u00f3cios na China. \u00c9 diretor-presidente da ag\u00eancia Chinatur. <\/p>\n<p>&#8212;&#8212;&#8212;&#8212;&#8212;&#8212;&#8212;&#8212;&#8212;&#8212;&#8212;&#8212;&#8212;&#8212;&#8212;&#8212;&#8212;&#8212;&#8212;&#8212;&#8212;&#8212;&#8212;&#8212;&#8212;&#8212;&#8212;&#8212;&#8212;&#8212;&#8212;&#8212;&#8212;&#8212;&#8212;&#8212;&#8212;&#8212;&#8212;&#8212;&#8212;&#8212;&#8212;&#8212;&#8212;&#8212;&#8212; <br \/>\nS\u00e3o candidatos pela chapa <strong>Movimento pelo Instituto de Engenharia<\/strong>:\u00a0<\/p>\n<p><strong>Aluizio de Barros Fagundes <br \/>\n<\/strong>Engenheiro Civil (USP-S\u00e3o Carlos, 1967) e mestre em Engenharia (Escola Polit\u00e9cnica &#8211; USP, 1979). Atua na \u00e1rea de Saneamento B\u00e1sico, com \u00eanfase em Concess\u00f5es de Servi\u00e7os P\u00fablicos de Abastecimento de \u00c1gua e Esgotamento Sanit\u00e1rio. <br \/>\nNo Instituto de Engenharia, foi membro do Conselho Deliberativo em 3 mandatos, membro do Conselho Consultivo, diretor-secret\u00e1rio, vice-presidente de Rela\u00e7\u00f5es Externas, presidente da Comiss\u00e3o de \u00c9tica, participante da funda\u00e7\u00e3o, organizador e primeiro diretor-geral da C\u00e2mara de Media\u00e7\u00e3o e Arbitragem do Instituto de Engenharia, diretor-regional do Rio de Janeiro. <\/p>\n<p><strong>Andr\u00e9 Steagall Gertsenchtein<\/strong> <br \/>\nFormado em Engenharia Civil pela Escola Polit\u00e9cnica da USP (1991), com experi\u00eancia em planejamento e implementa\u00e7\u00e3o de concess\u00f5es de servi\u00e7os na esfera municipal, estrutura\u00e7\u00e3o de opera\u00e7\u00e3o privada de inspe\u00e7\u00f5es veiculares em parceria com o mercado de seguros e outros, desenvolvimento de contratos internacionais \u2013negocia\u00e7\u00f5es internacionais \u201cin situ\u201d- MASA Gmh.b, Frankfurt, FINSPECTION Oy (Helsinki &#8211; Finl\u00e2ndia), ARB\u00d6 &#8211; \u00c1ustria, Grupo franc\u00eas VIVAUTO S.A., Grupos Acciona (Madrid, Espanha), Trevi (Cesena, It\u00e1lia), Robopark (Ohio, USA) e planejamento e realiza\u00e7\u00e3o de incorpora\u00e7\u00f5es imobili\u00e1rias. <br \/>\nNo Instituto de Engenharia, \u00e9 secret\u00e1rio do Conselho Consultivo, foi vice\u2013presidente do Conselho Consultivo, vice-presidente de Rela\u00e7\u00f5es Externas e membro do Conselho Deliberativo. <\/p>\n<p><strong>Antonio H\u00e9lio Guerra Vieira <br \/>\n<\/strong>Eminente Engenheiro do Ano. Engenheiro Mec\u00e2nico e Eletricista formado pela Escola Polit\u00e9cnica da USP, Doutor em Ci\u00eancias pela Universidade de Paris, Doutor em Engenharia e Livre Docente pela Universidade de S\u00e3o Paulo, Professor Catedr\u00e1tico e Professor Titular da Escola Polit\u00e9cnica, Instituidor e Presidente da FDTE &#8211; Funda\u00e7\u00e3o para o Desenvolvimento Tecnol\u00f3gico da Engenharia. Membro do Conselho Consultivo do Instituto de Engenharia. Exerceu, entre outras, as fun\u00e7\u00f5es de Diretor da Escola Polit\u00e9cnica, Reitor da Universidade de S\u00e3o Paulo, Presidente do Instituto de Engenharia, Presidente da UCIEE &#8211; Uni\u00e3o Certificadora de Sistemas, Produtos e Processos, e Presidente da FAPESP &#8211; Funda\u00e7\u00e3o de Amparo \u00e0 Pesquisa do Estado de S\u00e3o Paulo, membro do CONSEA \u2013 Conselho Superior de Estudos Avan\u00e7ados \u2013 FIESP, membro do Conselho Deliberativo do CNPq e membro do Conselho Diretor do Instituto Mau\u00e1 de Tecnologia &#8211; IMT. <\/p>\n<p><strong>Carlos Eduardo Mendes Gon\u00e7alves<\/strong> <br \/>\nEngenheiro Civil pelo Mackenzie, com cursos de extens\u00e3o e aperfei\u00e7oamento na Fran\u00e7a, nas \u00e1reas de Saneamento e de Mec\u00e2nica dos Solos. No Instituto de Engenharia, que frequenta h\u00e1 mais de 60 anos, levado por seu pai, Ann\u00edbal Mendes Gon\u00e7alves, presidente da casa em 1940\/1941. J\u00e1 desempenhou nove mandatos e por duas vezes vice-presidente de Atividades T\u00e9cnicas. Exerceu os cargos de 1\u00ba Secret\u00e1rio, diretor de Cultura e de Sede e foi membro de diversas Comiss\u00f5es: Constru\u00e7\u00e3o da Nova Sede, de Sindic\u00e2ncia, entre outras. Ocupa atualmente a Presid\u00eancia do Conselho Consultivo, do qual \u00e9 membro vital\u00edcio. \u00c9 vice-presidente da Alian\u00e7a Francesa e membro Honor\u00e1rio do Cendotec \u2013 Centro Franco Brasileiro de Documenta\u00e7\u00e3o T\u00e9cnica e Cientifica. Exerceu a Chefia de Engenharia do Ipesp e a Coordenadoria de Engenharia e Patrim\u00f4nio do INSS, em Bras\u00edlia. Titular da Construtora Mendes Gon\u00e7alves e antigo diretor T\u00e9cnico Comercial da Vidrobr\u00e1s do Grupo Vidreiro Saint Gobain. \u00c9 \u201cOfficier\u201d da Ordem Nacional do M\u00e9rito da Rep\u00fablica Francesa. <\/p>\n<p><strong>Claudio Amaury Dall\u2019Acqua<\/strong> <br \/>\nEngenheiro Civil, pela Poli, com p\u00f3s-gradua\u00e7\u00e3o em Engenharia de Seguran\u00e7a do Trabalho, pela Escola de Engenharia da FAAP e em Administra\u00e7\u00e3o Financeira e Gerenciamento de Empresas, pela FGV. \u00c9 s\u00f3cio fundador e presidente da empresa DALL\u2019ACQUA, presidente da UPADI \u2013 Uni\u00e3o Panamericana de Associa\u00e7\u00f5es de Engenheiros, Membro do Conselho Executivo da WFEO \u2013 World Federations of Engineering Organizations, coordenador do Grupo de Trabalho Inova\u00e7\u00e3o Tecnologia e Desenvolvimento do CREA-SP, membro do Conselho Curador da FDTE \u2013 Funda\u00e7\u00e3o para o Desenvolvimento da Engenharia (USP). Foi presidente do Instituto de Engenharia, Membro do Conselho Diretor da FEBRAE \u2013 Federa\u00e7\u00e3o Brasileira das Associa\u00e7\u00f5es de Engenheiros &#8211; e Membro do Conselho de Orienta\u00e7\u00e3o do IPT \u2013 Instituto de Pesquisas Tecnol\u00f3gicas de S\u00e3o Paulo. <\/p>\n<p><strong>Eduardo Ferreira Lafraia <\/strong><br \/>\nEngenheiro civil pela Universidade Mackenzie, foi presidente do Instituto de Engenharia, p\u00f3s-graduado em Administra\u00e7\u00e3o de Empresas pela Funda\u00e7\u00e3o Getulio Vargas. Foi membro do Conselho de Orienta\u00e7\u00e3o do IPT \u2013 Instituto de Pesquisas Tecnol\u00f3gicas, do Conselho Superior de Infra-Estrutura da Fiesp \u2013 Federa\u00e7\u00e3o das Ind\u00fastrias do Estado de S\u00e3o Paulo, da Cadeia Produtiva da Ind\u00fastria da Constru\u00e7\u00e3o Civil da Fiesp e conselheiro e diretor da Alian\u00e7a Cultural Brasil-Jap\u00e3o. <br \/>\nDiretor de obras da Cohab-SP, presidente do DCE \u2013 Diret\u00f3rio Central dos Estudantes &#8211; na Universidade Mackenzie. \u00c9 membro do Conselho Consultivo do Instituto de Engenharia, membro do Conselho Deliberativo da Apeop \u2013 Associa\u00e7\u00e3o Paulista de Empresas de Obras P\u00fablicas &#8211; e diretor pleno da Associa\u00e7\u00e3o Comercial de S\u00e3o Paulo. <\/p>\n<p><strong>Ettore Bottura<\/strong> <br \/>\nEngenheiro Civil, mestre e doutor em Engenharia pela Escola Polit\u00e9cnica da USP , na qual \u00e9 professor da \u00e1rea de infra-estrutura do Departamento de Engenharia de Transportes desde. <br \/>\nNo Instituto de Engenharia tendo sido sucessivamente membro do Conselho Deliberativo, diretor-tesoureiro, vice-presidente de Rela\u00e7\u00f5es Externas, vice-presidente de Atividades T\u00e9cnicas, vice-presidente de Administra\u00e7\u00e3o e Finan\u00e7as <br \/>\nFoi tamb\u00e9m diretor de Ci\u00eancia e Tecnologia do Sinaenco -Sindicato Nacional das Empresas de Arquitetura e Engenharia Consultiva. <br \/>\n\u00c9 s\u00f3cio-diretor da Vetec Engenharia Ltda, empresa que atua h\u00e1 25 anos nos segmentos de estudos , projetos, gerenciamento e opera\u00e7\u00e3o, notadamente nos setores de transporte, saneamento e meio ambiente. <\/p>\n<p><strong>Jo\u00e3o A. Machado Neto<\/strong> <br \/>\nEngenheiro civil formado pela Escola de Engenharia da Universidade Mackenzie com Curso Especial de Administra\u00e7\u00e3o para Graduados da FGV. Atua intensamente no Instituto de Engenharia h\u00e1 20 anos. <br \/>\nEm 1989 foi eleito pela primeira vez para o Conselho Deliberativo e, posteriormente, v\u00e1rias outras vezes. Ocupou diversos cargos, inclusive, por duas vezes a Vice-presid\u00eancia de Rela\u00e7\u00f5es Externas e a Vice-presid\u00eancia de Administra\u00e7\u00e3o e Finan\u00e7as. \u00c9 membro vital\u00edcio do Conselho Consultivo. Foi presidente do DCE da Universidade Mackenzie e Vice-presidente do Centro Acad\u00eamico Hor\u00e1cio Lane. Atualmente \u00e9 Diretor da EMETEC Engenharia, empresa que se dedica ao gerenciamento de projetos e obras. Foi Gerente de Divis\u00e3o da Coferra\u00e7o, Diretor da Telcon, General Manager da Lemaco Enterprises (Kaduna-Nig\u00e9ria) e Diretor da Construtora Elecon. <\/p>\n<p><strong>Jos\u00e9 Roberto Bernasconi<\/strong> <br \/>\nEngenheiro civil pela Escola Polit\u00e9cnica da Universidade de S\u00e3o Paulo e advogado pela Faculdade de Direito \u2013 UNIP\/Universidade Paulista. \u00c9 diretor-presidente da Maubertec Engenharia e Projetos Ltda. No Instituto de Engenharia, foi presidente, 1\u00ba vice-presidente, membro permanente do Conselho Consultivo e membro do Conselho Deliberativo, exerceu tamb\u00e9m as fun\u00e7\u00f5es de diretor de Rela\u00e7\u00f5es Externas e diretor-tesoureiro. No Sindicato Nacional das Empresas de Arquitetura e Engenharia Consultiva \u2013 Sinaenco \u00e9 presidente nacional; foi vice-presidente de Engenharia \u2013 Regional SP. Na Federa\u00e7\u00e3o das Ind\u00fastrias do Estado de S\u00e3o Paulo \u2013 Fiesp, \u00e9 diretor do Departamento da Ind\u00fastria da Constru\u00e7\u00e3o Civil \u2013 Deconcic, 2007 a 2008 <\/p>\n<p><strong>Rui Arruda Camargo<\/strong> <br \/>\nEngenheiro eletr\u00f4nico formado pelo Mackenzie, com p\u00f3s-gradua\u00e7\u00e3o em Administra\u00e7\u00e3o de Empresas pela Funda\u00e7\u00e3o Get\u00falio Vargas. Trabalhou na Eletropaulo, no Conselho Nacional de Desenvolvimento Cient\u00edfico e Tecnol\u00f3gico em Bras\u00edlia, na Cia. do Metr\u00f4 de S\u00e3o Paulo, na CPOS \u2013 Companhia Paulista de Obras e Servi\u00e7os &#8211; al\u00e9m da Orbiteng &#8211; Instala\u00e7\u00f5es El\u00e9tricas, como S\u00f3cio Respons\u00e1vel T\u00e9cnico. <br \/>\nNo Instituto de Engenharia, atuou como coordenador da Divis\u00e3o de Gerenciamento de Empreendimentos, diretor-executivo do Departamento de Desenvolvimento da Engenharia, diretor de Rela\u00e7\u00f5es Externas, diretor-secret\u00e1rio, diretor-tesoureiro substituto, membro do Conselho Deliberativo, secret\u00e1rio do Colegiado T\u00e9cnico, diretor-respons\u00e1vel da Revista Engenharia, presidente do Conselho Fiscal, assessor t\u00e9cnico da Presid\u00eancia e diretor-financeiro.\u00a0<\/p>\n<p>&#8212;&#8212;&#8212;&#8212;&#8212;&#8212;&#8212;&#8212;&#8212;&#8212;&#8212;&#8212;&#8212;&#8212;&#8212;&#8212;&#8212;&#8212;&#8212;&#8212;&#8212;&#8212;&#8212;&#8212;&#8212;&#8212;&#8212;&#8212;&#8212;&#8212;&#8212;&#8212;&#8212;&#8212;&#8212;&#8212;&#8212;&#8212;&#8212;&#8212;&#8212;&#8212;&#8212;&#8212;&#8212;&#8212;&#8212; <br \/>\nS\u00e3o candidatos <strong>independentes<\/strong>:\u00a0<\/p>\n<p><strong>Aderbal Aguiar Junior<\/strong> <br \/>\nEngenheiro eletr\u00f4nico formado pela Poli, \u00e9 especialista no desenvolvimento e gest\u00e3o de neg\u00f3cios, aplica\u00e7\u00f5es e opera\u00e7\u00f5es de Telecomunica\u00e7\u00f5es e de tecnologia embarcada (rastreadores e computadores de bordo) para o mercado log\u00edstico e de seguro de ve\u00edculos. \u00c9 gerente de vendas e marketing da 3T Systems (Grupo Jos\u00e9 Alves), foi gerente do Projeto Irisat (2004 \/ 2006), fruto de parceria entre a Scania Latin America (montadora multi-nacional de ve\u00edculos pesados e semi-pesados) com provedor nacional de tecnologia embarcada, tendo estruturado no Brasil toda a opera\u00e7\u00e3o que suportou a solu\u00e7\u00e3o Iris, dispositivo embarcado com a chancela da montadora. Tamb\u00e9m atuou como key account manager e gerente de Projeto do Segmento de Telecomunica\u00e7\u00f5es. <\/p>\n<p><strong>Jaime Weber<\/strong> <br \/>\nEngenheiro formado pelo Mackenzie comDiversos cursos de especializa\u00e7\u00e3o, inclusive na Faculdade de Sa\u00fade Publica da USP. Trabalhou em ind\u00fastrias de papel e celulose e na Cofap. Incorporou-se \u00e0 SABESP em 1973 ajudando a empresa a efetivar contratos de concess\u00e3o de servi\u00e7os de \u00e1gua e esgoto de v\u00e1rios munic\u00edpios do interior paulista. V\u00e1rias reportagens publicadas e o trabalho Formula\u00e7\u00e3o de A\u00e7\u00f5es e Pol\u00edticas para o saneamento b\u00e1sico, publicado pela revista Saneamento Ambiental. Atualmente trabalhando como administrador, colaborando com a empresa Weber Telecom Ltda.\u00a0<\/p>\n<p><strong>Kleber Rezende Castilho <br \/>\n<\/strong>Formado em Engenharia El\u00e9trica, com modalidade em Telecomunica\u00e7\u00f5es, pela UMC. No Instituto de Engenharia, foi por duas vezes foi membro do Conselho Deliberativo e uma vez pelo Consultivo, coordenador da Divis\u00e3o de Telecomunica\u00e7\u00f5es e foi suplente do diretor-financeiro na gest\u00e3o 2003-2004. No Crea-SP, foi presidente, coordenador da C\u00e2mara de Engenharia El\u00e9trica e coordenador nacional da C\u00e2mara de Engenharia El\u00e9trica. Atualmente, \u00e9 consultor na \u00e1rea de telecomunica\u00e7\u00f5es e diretor da BCC Telecom. <\/p>\n<p><strong>Luiz Carlos C. Mendon\u00e7a<\/strong> <br \/>\nGraduado em Engenharia Civil &#8211; USF, p\u00f3s-graduado em Administra\u00e7\u00e3o P\u00fablica-Gerente de Cidades &#8211; Faap, extens\u00e3o universit\u00e1ria pela Sorbonne &#8211; L\u00b4Urbanisme et L\u00b4Architecture Contemporains em France. <br \/>\nExerceu o cargo de diretor na Companhia de Engenharia de Transito &#8211; CET. <br \/>\nAtua diretamente no planejamento e opera\u00e7\u00e3o do sistema vi\u00e1rio de S\u00e3o Paulo; <br \/>\nFoi gerente operacional coordenando equipes operacionais e de fiscaliza\u00e7\u00e3o de obras do Rodoanel de S\u00e3o Paulo, como prestador de servi\u00e7os para o Departamento de Estradas de Rodagem \u2013 DER. T\u00e9cnico em Edifica\u00e7\u00f5es pelo Mackenzie.\u00a0<\/p>\n<p><strong>Luiz Felipe Proost de Souza <br \/>\n<\/strong>Engenheiro civil, agrimensor e de seguran\u00e7a do trabalho pela EEU Mackenzie, Adminstrador pela Faculdade de Economia e Administra\u00e7\u00e3o da Universidade Mackenzie, Mestre em Saneamento Ambiental pela mesma Universidade. P\u00f3s-graduado em Constru\u00e7\u00e3o Civil pela EPUSP, Especialista em Gest\u00e3o Ambiental pela mesma Universidade. Professor Universit\u00e1rio da EEU Mackenzie, Faap, Santa Cec\u00edlia e S\u00e3o Judas Tadeu. Ocupou cargos p\u00fablicos, consultor na \u00e1rea pericial de empresas p\u00fablicas, perito judicial do Tribunal de Justi\u00e7a do Estado de S\u00e3o Paulo, conselheiro do Crea-SP em v\u00e1rias gest\u00f5es, s\u00f3cio-fundador do Cap\u00edtulo Brasileiro da FIABCI, s\u00f3cio de entidades profissionais, diretor da LPK Avalia\u00e7\u00f5es T\u00e9cnicas, Projetos e Consultoria Ambiental. No Instituto de Engenharia, \u00e9 membro do Conselho Consultivo e membro do Conselho da C\u00e2mara de Media\u00e7\u00e3o e Arbitragem. <\/p>\n<p><strong>Marcos Andr\u00e9 Silva Costa<\/strong> <br \/>\nEngenheiro de Infra-Estrutura Aeron\u00e1utica, formado pelo Instituto Tecnol\u00f3gico de Aeron\u00e1utica (ITA), especializado em Controle de Ru\u00eddos Aeron\u00e1uticos pela Organiza\u00e7\u00e3o Internacional de Avia\u00e7\u00e3o Civil (ICAO). Como oficial da For\u00e7a A\u00e9rea, especializou-se e comandou Servi\u00e7os de Contra Inc\u00eandio e Salvamento em Aer\u00f3dromos de Grande Porte e coordenando hoje a Equipe de Emerg\u00eancias Aeron\u00e1utica do Hospital de Aeron\u00e1utica de S\u00e3o Paulo (HASP). No Comando da Aeron\u00e1utica \u00e9 respons\u00e1vel t\u00e9cnico pela concep\u00e7\u00e3o da expans\u00e3o do Hospital de Aeron\u00e1utica de S\u00e3o Paulo com a elabora\u00e7\u00e3o de todos os Projetos B\u00e1sicos, sendo membro da Associa\u00e7\u00e3o Brasileira para Desenvolvimento do Edif\u00edcio Hospitalar (ABDEH). Exerce a atividade de Consultor em Engenharia Aeroportu\u00e1ria, Ac\u00fastica e Hospitalar.\u00a0<\/p>\n<p><strong>S\u00e9rgio Rog\u00e9rio Ces\u00e1rio Costa <br \/>\n<\/strong>Formado em Engenharia Mec\u00e2nica pelo Mackenzie, Engenharia de Seguran\u00e7a do Trabalho e em Administra\u00e7\u00e3o Industrial pela USP. No Instituto de Engenharia, foi ganhador do Pr\u00eamio Melhor Trabalho T\u00e9cnico &#8220;Colabora\u00e7\u00e3o com o Setor P\u00fablico\u201d, ocupou os cargos de vice-diretor de Transportes e conselheiro consultivo. <br \/>\nAtualmente \u00e9 conselheiro do Crea-SP, coordenando o Grupo de Trabalho de Inspe\u00e7\u00e3o Veicular e GNV, tamb\u00e9m \u00e9 membro da Comiss\u00e3o de Acessibilidade. \u00c9 conselheiro do Fundo Especial de Meio Ambiente da Cidade de S\u00e3o Paulo &#8211; Confema &#8211; junto \u00e0 Secretaria Municipal de Meio Ambiente, que administrar\u00e1 os valores recebidos pela venda dos cr\u00e9ditos carbono que ser\u00e3o investidos na melhoria socio-ambiental na regi\u00e3o do aterro Bandeirantes. <\/p>\n<p><a href=\"https:\/\/www.institutodeengenharia.org.br\/site\/wp-content\/uploads\/2017\/10\/arqnot188.pdf\">arqnot188.pdf<\/a><\/p>\n<p><b>Autor: Instituto de Engenharia<\/b><\/p>\n","protected":false},"excerpt":{"rendered":"<p>As elei\u00e7\u00f5es para renova\u00e7\u00e3o de 50% do Conselho Deliberativo do Instituto de Engenharia ser\u00e3o realizadas no dia 26 de mar\u00e7o, das 09h00 \u00e0s 20h00. A vota\u00e7\u00e3o tamb\u00e9m poder\u00e1 ser feita, pela internet, a partir do dia 24 de mar\u00e7o, ap\u00f3s \u00e0s 08h00. A senha e as instru\u00e7\u00f5es para vota\u00e7\u00e3o ser\u00e3o postadas, pelos correios, no dia\u00a020 [&hellip;]<\/p>\n","protected":false},"author":1,"featured_media":0,"comment_status":"open","ping_status":"open","sticky":false,"template":"","format":"standard","meta":{"footnotes":""},"categories":[27,6],"tags":[],"class_list":{"0":"post-14534","1":"post","2":"type-post","3":"status-publish","4":"format-standard","6":"category-instituto-de-engenharia","7":"category-noticias"},"yoast_head":"<!-- This site is optimized with the Yoast SEO plugin v27.2 - https:\/\/yoast.com\/product\/yoast-seo-wordpress\/ -->\n<title>Elei\u00e7\u00f5es 2008 para o Conselho Deliberativo - Instituto de Engenharia<\/title>\n<meta name=\"robots\" content=\"index, follow, max-snippet:-1, max-image-preview:large, max-video-preview:-1\" \/>\n<link rel=\"canonical\" href=\"https:\/\/www.institutodeengenharia.org.br\/site\/2008\/03\/05\/eleicoes-2008-para-o-conselho-deliberativo\/\" \/>\n<meta property=\"og:locale\" content=\"pt_BR\" \/>\n<meta property=\"og:type\" content=\"article\" \/>\n<meta property=\"og:title\" content=\"Elei\u00e7\u00f5es 2008 para o Conselho Deliberativo - Instituto de Engenharia\" \/>\n<meta property=\"og:description\" content=\"As elei\u00e7\u00f5es para renova\u00e7\u00e3o de 50% do Conselho Deliberativo do Instituto de Engenharia ser\u00e3o realizadas no dia 26 de mar\u00e7o, das 09h00 \u00e0s 20h00. A vota\u00e7\u00e3o tamb\u00e9m poder\u00e1 ser feita, pela internet, a partir do dia 24 de mar\u00e7o, ap\u00f3s \u00e0s 08h00. A senha e as instru\u00e7\u00f5es para vota\u00e7\u00e3o ser\u00e3o postadas, pelos correios, no dia\u00a020 [&hellip;]\" \/>\n<meta property=\"og:url\" content=\"https:\/\/www.institutodeengenharia.org.br\/site\/2008\/03\/05\/eleicoes-2008-para-o-conselho-deliberativo\/\" \/>\n<meta property=\"og:site_name\" content=\"Instituto de Engenharia\" \/>\n<meta property=\"article:publisher\" content=\"https:\/\/www.facebook.com\/institutodeengenharia\" \/>\n<meta property=\"article:published_time\" content=\"2008-03-05T21:46:51+00:00\" \/>\n<meta name=\"author\" content=\"TMax Tecnologia\" \/>\n<meta name=\"twitter:card\" content=\"summary_large_image\" \/>\n<meta name=\"twitter:creator\" content=\"@iengenharia\" \/>\n<meta name=\"twitter:site\" content=\"@iengenharia\" \/>\n<meta name=\"twitter:label1\" content=\"Escrito por\" \/>\n\t<meta name=\"twitter:data1\" content=\"TMax Tecnologia\" \/>\n\t<meta name=\"twitter:label2\" content=\"Est. tempo de leitura\" \/>\n\t<meta name=\"twitter:data2\" content=\"20 minutos\" \/>\n<script type=\"application\/ld+json\" class=\"yoast-schema-graph\">{\"@context\":\"https:\/\/schema.org\",\"@graph\":[{\"@type\":\"Article\",\"@id\":\"https:\/\/www.institutodeengenharia.org.br\/site\/2008\/03\/05\/eleicoes-2008-para-o-conselho-deliberativo\/#article\",\"isPartOf\":{\"@id\":\"https:\/\/www.institutodeengenharia.org.br\/site\/2008\/03\/05\/eleicoes-2008-para-o-conselho-deliberativo\/\"},\"author\":{\"name\":\"TMax Tecnologia\",\"@id\":\"https:\/\/www.institutodeengenharia.org.br\/site\/#\/schema\/person\/3b1ff109facef084739fc2edcb9a127f\"},\"headline\":\"Elei\u00e7\u00f5es 2008 para o Conselho Deliberativo\",\"datePublished\":\"2008-03-05T21:46:51+00:00\",\"mainEntityOfPage\":{\"@id\":\"https:\/\/www.institutodeengenharia.org.br\/site\/2008\/03\/05\/eleicoes-2008-para-o-conselho-deliberativo\/\"},\"wordCount\":3986,\"commentCount\":0,\"publisher\":{\"@id\":\"https:\/\/www.institutodeengenharia.org.br\/site\/#organization\"},\"articleSection\":[\"Instituto de Engenharia\",\"Not\u00edcias\"],\"inLanguage\":\"pt-BR\",\"potentialAction\":[{\"@type\":\"CommentAction\",\"name\":\"Comment\",\"target\":[\"https:\/\/www.institutodeengenharia.org.br\/site\/2008\/03\/05\/eleicoes-2008-para-o-conselho-deliberativo\/#respond\"]}]},{\"@type\":\"WebPage\",\"@id\":\"https:\/\/www.institutodeengenharia.org.br\/site\/2008\/03\/05\/eleicoes-2008-para-o-conselho-deliberativo\/\",\"url\":\"https:\/\/www.institutodeengenharia.org.br\/site\/2008\/03\/05\/eleicoes-2008-para-o-conselho-deliberativo\/\",\"name\":\"Elei\u00e7\u00f5es 2008 para o Conselho Deliberativo - Instituto de Engenharia\",\"isPartOf\":{\"@id\":\"https:\/\/www.institutodeengenharia.org.br\/site\/#website\"},\"datePublished\":\"2008-03-05T21:46:51+00:00\",\"breadcrumb\":{\"@id\":\"https:\/\/www.institutodeengenharia.org.br\/site\/2008\/03\/05\/eleicoes-2008-para-o-conselho-deliberativo\/#breadcrumb\"},\"inLanguage\":\"pt-BR\",\"potentialAction\":[{\"@type\":\"ReadAction\",\"target\":[\"https:\/\/www.institutodeengenharia.org.br\/site\/2008\/03\/05\/eleicoes-2008-para-o-conselho-deliberativo\/\"]}]},{\"@type\":\"BreadcrumbList\",\"@id\":\"https:\/\/www.institutodeengenharia.org.br\/site\/2008\/03\/05\/eleicoes-2008-para-o-conselho-deliberativo\/#breadcrumb\",\"itemListElement\":[{\"@type\":\"ListItem\",\"position\":1,\"name\":\"In\u00edcio\",\"item\":\"https:\/\/www.institutodeengenharia.org.br\/site\/\"},{\"@type\":\"ListItem\",\"position\":2,\"name\":\"Elei\u00e7\u00f5es 2008 para o Conselho Deliberativo\"}]},{\"@type\":\"WebSite\",\"@id\":\"https:\/\/www.institutodeengenharia.org.br\/site\/#website\",\"url\":\"https:\/\/www.institutodeengenharia.org.br\/site\/\",\"name\":\"Instituto de Engenharia\",\"description\":\"O Instituto de Engenharia promove a Engenharia em benef\u00edcio do desenvolvimento e da qualidade de vida da sociedade.\",\"publisher\":{\"@id\":\"https:\/\/www.institutodeengenharia.org.br\/site\/#organization\"},\"potentialAction\":[{\"@type\":\"SearchAction\",\"target\":{\"@type\":\"EntryPoint\",\"urlTemplate\":\"https:\/\/www.institutodeengenharia.org.br\/site\/?s={search_term_string}\"},\"query-input\":{\"@type\":\"PropertyValueSpecification\",\"valueRequired\":true,\"valueName\":\"search_term_string\"}}],\"inLanguage\":\"pt-BR\"},{\"@type\":\"Organization\",\"@id\":\"https:\/\/www.institutodeengenharia.org.br\/site\/#organization\",\"name\":\"Instituto de Engenharia\",\"url\":\"https:\/\/www.institutodeengenharia.org.br\/site\/\",\"logo\":{\"@type\":\"ImageObject\",\"inLanguage\":\"pt-BR\",\"@id\":\"https:\/\/www.institutodeengenharia.org.br\/site\/#\/schema\/logo\/image\/\",\"url\":\"https:\/\/www.institutodeengenharia.org.br\/site\/wp-content\/uploads\/2019\/03\/logo-novo-IE2018-1.jpg\",\"contentUrl\":\"https:\/\/www.institutodeengenharia.org.br\/site\/wp-content\/uploads\/2019\/03\/logo-novo-IE2018-1.jpg\",\"width\":1486,\"height\":1879,\"caption\":\"Instituto de Engenharia\"},\"image\":{\"@id\":\"https:\/\/www.institutodeengenharia.org.br\/site\/#\/schema\/logo\/image\/\"},\"sameAs\":[\"https:\/\/www.facebook.com\/institutodeengenharia\",\"https:\/\/x.com\/iengenharia\",\"https:\/\/www.instagram.com\/institutodeengenharia\/\",\"https:\/\/www.linkedin.com\/company\/instituto-de-engenharia\/\",\"https:\/\/www.youtube.com\/channel\/UCXiCAlsSMe977vamW915HxA\"]},{\"@type\":\"Person\",\"@id\":\"https:\/\/www.institutodeengenharia.org.br\/site\/#\/schema\/person\/3b1ff109facef084739fc2edcb9a127f\",\"name\":\"TMax Tecnologia\",\"image\":{\"@type\":\"ImageObject\",\"inLanguage\":\"pt-BR\",\"@id\":\"https:\/\/secure.gravatar.com\/avatar\/f912434ef7f389c92cb311fcdae346af848465d638912574b3c669070f797701?s=96&d=mm&r=g\",\"url\":\"https:\/\/secure.gravatar.com\/avatar\/f912434ef7f389c92cb311fcdae346af848465d638912574b3c669070f797701?s=96&d=mm&r=g\",\"contentUrl\":\"https:\/\/secure.gravatar.com\/avatar\/f912434ef7f389c92cb311fcdae346af848465d638912574b3c669070f797701?s=96&d=mm&r=g\",\"caption\":\"TMax Tecnologia\"},\"url\":\"https:\/\/www.institutodeengenharia.org.br\/site\/author\/tmax\/\"}]}<\/script>\n<!-- \/ Yoast SEO plugin. -->","yoast_head_json":{"title":"Elei\u00e7\u00f5es 2008 para o Conselho Deliberativo - Instituto de Engenharia","robots":{"index":"index","follow":"follow","max-snippet":"max-snippet:-1","max-image-preview":"max-image-preview:large","max-video-preview":"max-video-preview:-1"},"canonical":"https:\/\/www.institutodeengenharia.org.br\/site\/2008\/03\/05\/eleicoes-2008-para-o-conselho-deliberativo\/","og_locale":"pt_BR","og_type":"article","og_title":"Elei\u00e7\u00f5es 2008 para o Conselho Deliberativo - Instituto de Engenharia","og_description":"As elei\u00e7\u00f5es para renova\u00e7\u00e3o de 50% do Conselho Deliberativo do Instituto de Engenharia ser\u00e3o realizadas no dia 26 de mar\u00e7o, das 09h00 \u00e0s 20h00. A vota\u00e7\u00e3o tamb\u00e9m poder\u00e1 ser feita, pela internet, a partir do dia 24 de mar\u00e7o, ap\u00f3s \u00e0s 08h00. A senha e as instru\u00e7\u00f5es para vota\u00e7\u00e3o ser\u00e3o postadas, pelos correios, no dia\u00a020 [&hellip;]","og_url":"https:\/\/www.institutodeengenharia.org.br\/site\/2008\/03\/05\/eleicoes-2008-para-o-conselho-deliberativo\/","og_site_name":"Instituto de Engenharia","article_publisher":"https:\/\/www.facebook.com\/institutodeengenharia","article_published_time":"2008-03-05T21:46:51+00:00","author":"TMax Tecnologia","twitter_card":"summary_large_image","twitter_creator":"@iengenharia","twitter_site":"@iengenharia","twitter_misc":{"Escrito por":"TMax Tecnologia","Est. tempo de leitura":"20 minutos"},"schema":{"@context":"https:\/\/schema.org","@graph":[{"@type":"Article","@id":"https:\/\/www.institutodeengenharia.org.br\/site\/2008\/03\/05\/eleicoes-2008-para-o-conselho-deliberativo\/#article","isPartOf":{"@id":"https:\/\/www.institutodeengenharia.org.br\/site\/2008\/03\/05\/eleicoes-2008-para-o-conselho-deliberativo\/"},"author":{"name":"TMax Tecnologia","@id":"https:\/\/www.institutodeengenharia.org.br\/site\/#\/schema\/person\/3b1ff109facef084739fc2edcb9a127f"},"headline":"Elei\u00e7\u00f5es 2008 para o Conselho Deliberativo","datePublished":"2008-03-05T21:46:51+00:00","mainEntityOfPage":{"@id":"https:\/\/www.institutodeengenharia.org.br\/site\/2008\/03\/05\/eleicoes-2008-para-o-conselho-deliberativo\/"},"wordCount":3986,"commentCount":0,"publisher":{"@id":"https:\/\/www.institutodeengenharia.org.br\/site\/#organization"},"articleSection":["Instituto de Engenharia","Not\u00edcias"],"inLanguage":"pt-BR","potentialAction":[{"@type":"CommentAction","name":"Comment","target":["https:\/\/www.institutodeengenharia.org.br\/site\/2008\/03\/05\/eleicoes-2008-para-o-conselho-deliberativo\/#respond"]}]},{"@type":"WebPage","@id":"https:\/\/www.institutodeengenharia.org.br\/site\/2008\/03\/05\/eleicoes-2008-para-o-conselho-deliberativo\/","url":"https:\/\/www.institutodeengenharia.org.br\/site\/2008\/03\/05\/eleicoes-2008-para-o-conselho-deliberativo\/","name":"Elei\u00e7\u00f5es 2008 para o Conselho Deliberativo - Instituto de Engenharia","isPartOf":{"@id":"https:\/\/www.institutodeengenharia.org.br\/site\/#website"},"datePublished":"2008-03-05T21:46:51+00:00","breadcrumb":{"@id":"https:\/\/www.institutodeengenharia.org.br\/site\/2008\/03\/05\/eleicoes-2008-para-o-conselho-deliberativo\/#breadcrumb"},"inLanguage":"pt-BR","potentialAction":[{"@type":"ReadAction","target":["https:\/\/www.institutodeengenharia.org.br\/site\/2008\/03\/05\/eleicoes-2008-para-o-conselho-deliberativo\/"]}]},{"@type":"BreadcrumbList","@id":"https:\/\/www.institutodeengenharia.org.br\/site\/2008\/03\/05\/eleicoes-2008-para-o-conselho-deliberativo\/#breadcrumb","itemListElement":[{"@type":"ListItem","position":1,"name":"In\u00edcio","item":"https:\/\/www.institutodeengenharia.org.br\/site\/"},{"@type":"ListItem","position":2,"name":"Elei\u00e7\u00f5es 2008 para o Conselho Deliberativo"}]},{"@type":"WebSite","@id":"https:\/\/www.institutodeengenharia.org.br\/site\/#website","url":"https:\/\/www.institutodeengenharia.org.br\/site\/","name":"Instituto de Engenharia","description":"O Instituto de Engenharia promove a Engenharia em benef\u00edcio do desenvolvimento e da qualidade de vida da sociedade.","publisher":{"@id":"https:\/\/www.institutodeengenharia.org.br\/site\/#organization"},"potentialAction":[{"@type":"SearchAction","target":{"@type":"EntryPoint","urlTemplate":"https:\/\/www.institutodeengenharia.org.br\/site\/?s={search_term_string}"},"query-input":{"@type":"PropertyValueSpecification","valueRequired":true,"valueName":"search_term_string"}}],"inLanguage":"pt-BR"},{"@type":"Organization","@id":"https:\/\/www.institutodeengenharia.org.br\/site\/#organization","name":"Instituto de Engenharia","url":"https:\/\/www.institutodeengenharia.org.br\/site\/","logo":{"@type":"ImageObject","inLanguage":"pt-BR","@id":"https:\/\/www.institutodeengenharia.org.br\/site\/#\/schema\/logo\/image\/","url":"https:\/\/www.institutodeengenharia.org.br\/site\/wp-content\/uploads\/2019\/03\/logo-novo-IE2018-1.jpg","contentUrl":"https:\/\/www.institutodeengenharia.org.br\/site\/wp-content\/uploads\/2019\/03\/logo-novo-IE2018-1.jpg","width":1486,"height":1879,"caption":"Instituto de Engenharia"},"image":{"@id":"https:\/\/www.institutodeengenharia.org.br\/site\/#\/schema\/logo\/image\/"},"sameAs":["https:\/\/www.facebook.com\/institutodeengenharia","https:\/\/x.com\/iengenharia","https:\/\/www.instagram.com\/institutodeengenharia\/","https:\/\/www.linkedin.com\/company\/instituto-de-engenharia\/","https:\/\/www.youtube.com\/channel\/UCXiCAlsSMe977vamW915HxA"]},{"@type":"Person","@id":"https:\/\/www.institutodeengenharia.org.br\/site\/#\/schema\/person\/3b1ff109facef084739fc2edcb9a127f","name":"TMax Tecnologia","image":{"@type":"ImageObject","inLanguage":"pt-BR","@id":"https:\/\/secure.gravatar.com\/avatar\/f912434ef7f389c92cb311fcdae346af848465d638912574b3c669070f797701?s=96&d=mm&r=g","url":"https:\/\/secure.gravatar.com\/avatar\/f912434ef7f389c92cb311fcdae346af848465d638912574b3c669070f797701?s=96&d=mm&r=g","contentUrl":"https:\/\/secure.gravatar.com\/avatar\/f912434ef7f389c92cb311fcdae346af848465d638912574b3c669070f797701?s=96&d=mm&r=g","caption":"TMax Tecnologia"},"url":"https:\/\/www.institutodeengenharia.org.br\/site\/author\/tmax\/"}]}},"_links":{"self":[{"href":"https:\/\/www.institutodeengenharia.org.br\/site\/wp-json\/wp\/v2\/posts\/14534","targetHints":{"allow":["GET"]}}],"collection":[{"href":"https:\/\/www.institutodeengenharia.org.br\/site\/wp-json\/wp\/v2\/posts"}],"about":[{"href":"https:\/\/www.institutodeengenharia.org.br\/site\/wp-json\/wp\/v2\/types\/post"}],"author":[{"embeddable":true,"href":"https:\/\/www.institutodeengenharia.org.br\/site\/wp-json\/wp\/v2\/users\/1"}],"replies":[{"embeddable":true,"href":"https:\/\/www.institutodeengenharia.org.br\/site\/wp-json\/wp\/v2\/comments?post=14534"}],"version-history":[{"count":0,"href":"https:\/\/www.institutodeengenharia.org.br\/site\/wp-json\/wp\/v2\/posts\/14534\/revisions"}],"wp:attachment":[{"href":"https:\/\/www.institutodeengenharia.org.br\/site\/wp-json\/wp\/v2\/media?parent=14534"}],"wp:term":[{"taxonomy":"category","embeddable":true,"href":"https:\/\/www.institutodeengenharia.org.br\/site\/wp-json\/wp\/v2\/categories?post=14534"},{"taxonomy":"post_tag","embeddable":true,"href":"https:\/\/www.institutodeengenharia.org.br\/site\/wp-json\/wp\/v2\/tags?post=14534"}],"curies":[{"name":"wp","href":"https:\/\/api.w.org\/{rel}","templated":true}]}}