{"id":14532,"date":"2008-02-25T21:46:49","date_gmt":"2008-02-25T21:46:49","guid":{"rendered":"https:\/\/www.institutodeengenharia.org.br\/?p=14532"},"modified":"2008-02-25T18:34:17","modified_gmt":"2008-02-25T18:34:17","slug":"presidente-do-instituto-de-engenharia-e-patrono-de-turmas-de-engenharia","status":"publish","type":"post","link":"https:\/\/www.institutodeengenharia.org.br\/site\/2008\/02\/25\/presidente-do-instituto-de-engenharia-e-patrono-de-turmas-de-engenharia\/","title":{"rendered":"Presidente do Instituto de Engenharia \u00e9 patrono de turmas de Engenharia"},"content":{"rendered":"<p>O presidente do Instituto de Engenharia, Edemar de Souza Amorim, foi patrono das turmas de Engenharia Civil e Produ\u00e7\u00e3o Mec\u00e2nica, da Universidade Nove de Julho, no dia 23 de fevereiro. Seu discurso, muito aplaudido pelos presentes, segue na \u00edntegra abaixo: <\/p>\n<p>Prezadas formandas e formandos da Turma de 2007, dos cursos de Engenharia Civil e de Produ\u00e7\u00e3o Mec\u00e2nica, do Centro Universit\u00e1rio Nove de Julho. <\/p>\n<p>Ser escolhido patrono de duas turmas de engenharia \u00e9 uma honra, mas tamb\u00e9m uma grande responsabilidade. Pois se por um lado temos a felicidade e a oportunidade de participar num dos mais significantes momentos na vida de suas fam\u00edlias, n\u00e3o posso fugir \u00e0 responsabilidade de compartilhar, mesmo que por um breve momento, um pouco dos quase 50 anos de experi\u00eancia profissional, preparando-os para enfrentar os desafios que essa nova carreira representa. <\/p>\n<p>Portanto, em primeiro lugar, quero congratular-me com todos envolvidos nesta formid\u00e1vel conquista: formandos, familiares, amigos e professores, este pode ser o primeiro, mas \u00e9 um grande passo em suas vidas e deve ser pr\u00f3pria e regiamente parabenizado e comemorado. Aproveitemos esta ocasi\u00e3o para mais uma merecida salva de palmas para todos. <\/p>\n<p>Por outro lado n\u00e3o h\u00e1 melhor ocasi\u00e3o, que este ambiente festivo, para compartilhar um pouco do conhecimento e da experi\u00eancia acumulados numa jornada muito semelhante \u00e0quela que voc\u00eas come\u00e7am hoje. <\/p>\n<p>Antes de tudo, que fique claro que nem todos voc\u00eas seguir\u00e3o uma carreira voltada para engenharia. Alguns, com esp\u00edrito mais empreendedor escolher\u00e3o o penoso, por\u00e9m gratificante caminho do neg\u00f3cio pr\u00f3prio. Outros se tornar\u00e3o administradores, analistas, consultores, corretores, dentre muitas profiss\u00f5es t\u00e3o importantes, necess\u00e1rias, quanto gratificantes. Parab\u00e9ns, os conhecimentos e a filosofia que o curso de engenharia lhes deu os colocam na dianteira de uma corrida cada vez mais dif\u00edcil e competitiva, por\u00e9m isso n\u00e3o acaba aqui e o resto deste discurso tamb\u00e9m diz respeito a voc\u00eas. <\/p>\n<p>Para aqueles que escolheram a engenharia, cuja certeza desta escolha vai mant\u00ea-los no caminho de obras ou ind\u00fastrias, trabalhando em projetos cada vez mais complexos e desafiadores, parab\u00e9ns pela escolha, n\u00e3o h\u00e1 nada compar\u00e1vel \u00e0 satisfa\u00e7\u00e3o de um projeto completo. <\/p>\n<p>Por\u00e9m, apesar da desesperadora necessidade brasileira por bons engenheiros, h\u00e1 uma grande dist\u00e2ncia entre graduar-se em engenharia e se tornar engenheiro. Hoje, voc\u00eas re\u00fanem uma vasta gama de conhecimentos b\u00e1sicos, generalistas e indispens\u00e1veis, que os habilitam a diminuir esta dist\u00e2ncia, mas que fique claro, ser engenheiro \u00e9 uma decis\u00e3o que precisa ser mantida e renovada diariamente. <\/p>\n<p>Ser engenheiro \u00e9 desenvolver a capacidade de superar desafios, de encarar, entender e solucionar um problema pela t\u00e9cnica cient\u00edfica com os recursos tecnol\u00f3gicos, materiais e humanos dispon\u00edveis, tornando melhor a vida das pessoas envolvidas no projeto. <\/p>\n<p>Ser engenheiro \u00e9 um estado de constante atualiza\u00e7\u00e3o e especializa\u00e7\u00e3o cont\u00ednua, num processo intermin\u00e1vel de forma\u00e7\u00e3o. A velocidade dos avan\u00e7os tecnol\u00f3gicos e das mudan\u00e7as que atingimos, por um lado assusta e evidencia a necessidade de estudo constante, mas tamb\u00e9m abre oportunidades \u00fanicas que facilitar\u00e3o e agilizar\u00e3o em muito esta tarefa. <\/p>\n<p>Portanto meus jovens aprendizes, minha mensagem \u00e9: Para se tornarem um velho aprendiz como este seu patrono aqui, engenheiro, empres\u00e1rio, executivo, l\u00edder comunit\u00e1rio, pai, cidad\u00e3o brasileiro e conselheiro amador preparem-se para trabalhar muito e estudar ainda mais. <\/p>\n<p>E assim chegamos ao meu conselho, a \u00fanica contribui\u00e7\u00e3o que ousarei a dar para orientar suas carreiras. <\/p>\n<p>Apaguem de suas mentes palavras como terminar, encerrar, acabar, parar, ou qualquer outro substantivo, verbo ou adjetivo que signifiquem que sua forma\u00e7\u00e3o est\u00e1 completa. <\/p>\n<p>A partir de amanh\u00e3, come\u00e7a sua busca por novos cursos, novas informa\u00e7\u00f5es, novos conhecimentos. Amanh\u00e3 pela manh\u00e3, nem bem completado o primeiro passo de sua forma\u00e7\u00e3o, a gradua\u00e7\u00e3o, deve ser iniciado o segundo, a especializa\u00e7\u00e3o, e o terceiro, a experi\u00eancia. \u00c9 a caminhada, n\u00e3o os t\u00edtulos, que os tornar\u00e1 engenheiros respons\u00e1veis, \u00fateis e principalmente, respeitados. <\/p>\n<p>Caminhem com sabedoria, dilig\u00eancia, planejamento, disciplina, vontade, alegria e determina\u00e7\u00e3o. Pois n\u00e3o h\u00e1 nada mais gratificante do que, depois de uma jornada destas, ter a oportunidade de subir aqui e poder dar estes conselhos a jovens como voc\u00eas, com os olhos brilhando de esperan\u00e7a, ansiedade e disposi\u00e7\u00e3o para encarar uma vida dura cheia de trabalho e recompensas. <\/p>\n<p>Mais uma vez, parab\u00e9ns a todos e obrigado aos formandos pelo convite, pois \u00e9 uma indescrit\u00edvel satisfa\u00e7\u00e3o, descobrir que chegamos num ponto em nossa vida que podemos servir de exemplo para a nova gera\u00e7\u00e3o que assumir\u00e1 a tarefa de fazer do Brasil um pa\u00eds melhor. <br \/>\nEdemar de Souza Amorim \u2013 23 de fevereiro de 2008.\u201d <\/p>\n<p><b>Autor: Viviane Nunes<\/b><\/p>\n","protected":false},"excerpt":{"rendered":"<p>O presidente do Instituto de Engenharia, Edemar de Souza Amorim, foi patrono das turmas de Engenharia Civil e Produ\u00e7\u00e3o Mec\u00e2nica, da Universidade Nove de Julho, no dia 23 de fevereiro. Seu discurso, muito aplaudido pelos presentes, segue na \u00edntegra abaixo: Prezadas formandas e formandos da Turma de 2007, dos cursos de Engenharia Civil e de [&hellip;]<\/p>\n","protected":false},"author":1,"featured_media":0,"comment_status":"open","ping_status":"open","sticky":false,"template":"","format":"standard","meta":{"footnotes":""},"categories":[27,6],"tags":[],"class_list":{"0":"post-14532","1":"post","2":"type-post","3":"status-publish","4":"format-standard","6":"category-instituto-de-engenharia","7":"category-noticias"},"yoast_head":"<!-- This site is optimized with the Yoast SEO plugin v27.2 - https:\/\/yoast.com\/product\/yoast-seo-wordpress\/ -->\n<title>Presidente do Instituto de Engenharia \u00e9 patrono de turmas de Engenharia - Instituto de Engenharia<\/title>\n<meta name=\"robots\" content=\"index, follow, max-snippet:-1, max-image-preview:large, max-video-preview:-1\" \/>\n<link rel=\"canonical\" href=\"https:\/\/www.institutodeengenharia.org.br\/site\/2008\/02\/25\/presidente-do-instituto-de-engenharia-e-patrono-de-turmas-de-engenharia\/\" \/>\n<meta property=\"og:locale\" content=\"pt_BR\" \/>\n<meta property=\"og:type\" content=\"article\" \/>\n<meta property=\"og:title\" content=\"Presidente do Instituto de Engenharia \u00e9 patrono de turmas de Engenharia - Instituto de Engenharia\" \/>\n<meta property=\"og:description\" content=\"O presidente do Instituto de Engenharia, Edemar de Souza Amorim, foi patrono das turmas de Engenharia Civil e Produ\u00e7\u00e3o Mec\u00e2nica, da Universidade Nove de Julho, no dia 23 de fevereiro. Seu discurso, muito aplaudido pelos presentes, segue na \u00edntegra abaixo: Prezadas formandas e formandos da Turma de 2007, dos cursos de Engenharia Civil e de [&hellip;]\" \/>\n<meta property=\"og:url\" content=\"https:\/\/www.institutodeengenharia.org.br\/site\/2008\/02\/25\/presidente-do-instituto-de-engenharia-e-patrono-de-turmas-de-engenharia\/\" \/>\n<meta property=\"og:site_name\" content=\"Instituto de Engenharia\" \/>\n<meta property=\"article:publisher\" content=\"https:\/\/www.facebook.com\/institutodeengenharia\" \/>\n<meta property=\"article:published_time\" content=\"2008-02-25T21:46:49+00:00\" \/>\n<meta name=\"author\" content=\"TMax Tecnologia\" \/>\n<meta name=\"twitter:card\" content=\"summary_large_image\" \/>\n<meta name=\"twitter:creator\" content=\"@iengenharia\" \/>\n<meta name=\"twitter:site\" content=\"@iengenharia\" \/>\n<meta name=\"twitter:label1\" content=\"Escrito por\" \/>\n\t<meta name=\"twitter:data1\" content=\"TMax Tecnologia\" \/>\n\t<meta name=\"twitter:label2\" content=\"Est. tempo de leitura\" \/>\n\t<meta name=\"twitter:data2\" content=\"4 minutos\" \/>\n<script type=\"application\/ld+json\" class=\"yoast-schema-graph\">{\"@context\":\"https:\/\/schema.org\",\"@graph\":[{\"@type\":\"Article\",\"@id\":\"https:\/\/www.institutodeengenharia.org.br\/site\/2008\/02\/25\/presidente-do-instituto-de-engenharia-e-patrono-de-turmas-de-engenharia\/#article\",\"isPartOf\":{\"@id\":\"https:\/\/www.institutodeengenharia.org.br\/site\/2008\/02\/25\/presidente-do-instituto-de-engenharia-e-patrono-de-turmas-de-engenharia\/\"},\"author\":{\"name\":\"TMax Tecnologia\",\"@id\":\"https:\/\/www.institutodeengenharia.org.br\/site\/#\/schema\/person\/3b1ff109facef084739fc2edcb9a127f\"},\"headline\":\"Presidente do Instituto de Engenharia \u00e9 patrono de turmas de Engenharia\",\"datePublished\":\"2008-02-25T21:46:49+00:00\",\"mainEntityOfPage\":{\"@id\":\"https:\/\/www.institutodeengenharia.org.br\/site\/2008\/02\/25\/presidente-do-instituto-de-engenharia-e-patrono-de-turmas-de-engenharia\/\"},\"wordCount\":814,\"commentCount\":0,\"publisher\":{\"@id\":\"https:\/\/www.institutodeengenharia.org.br\/site\/#organization\"},\"articleSection\":[\"Instituto de Engenharia\",\"Not\u00edcias\"],\"inLanguage\":\"pt-BR\",\"potentialAction\":[{\"@type\":\"CommentAction\",\"name\":\"Comment\",\"target\":[\"https:\/\/www.institutodeengenharia.org.br\/site\/2008\/02\/25\/presidente-do-instituto-de-engenharia-e-patrono-de-turmas-de-engenharia\/#respond\"]}]},{\"@type\":\"WebPage\",\"@id\":\"https:\/\/www.institutodeengenharia.org.br\/site\/2008\/02\/25\/presidente-do-instituto-de-engenharia-e-patrono-de-turmas-de-engenharia\/\",\"url\":\"https:\/\/www.institutodeengenharia.org.br\/site\/2008\/02\/25\/presidente-do-instituto-de-engenharia-e-patrono-de-turmas-de-engenharia\/\",\"name\":\"Presidente do Instituto de Engenharia \u00e9 patrono de turmas de Engenharia - Instituto de Engenharia\",\"isPartOf\":{\"@id\":\"https:\/\/www.institutodeengenharia.org.br\/site\/#website\"},\"datePublished\":\"2008-02-25T21:46:49+00:00\",\"breadcrumb\":{\"@id\":\"https:\/\/www.institutodeengenharia.org.br\/site\/2008\/02\/25\/presidente-do-instituto-de-engenharia-e-patrono-de-turmas-de-engenharia\/#breadcrumb\"},\"inLanguage\":\"pt-BR\",\"potentialAction\":[{\"@type\":\"ReadAction\",\"target\":[\"https:\/\/www.institutodeengenharia.org.br\/site\/2008\/02\/25\/presidente-do-instituto-de-engenharia-e-patrono-de-turmas-de-engenharia\/\"]}]},{\"@type\":\"BreadcrumbList\",\"@id\":\"https:\/\/www.institutodeengenharia.org.br\/site\/2008\/02\/25\/presidente-do-instituto-de-engenharia-e-patrono-de-turmas-de-engenharia\/#breadcrumb\",\"itemListElement\":[{\"@type\":\"ListItem\",\"position\":1,\"name\":\"In\u00edcio\",\"item\":\"https:\/\/www.institutodeengenharia.org.br\/site\/\"},{\"@type\":\"ListItem\",\"position\":2,\"name\":\"Presidente do Instituto de Engenharia \u00e9 patrono de turmas de Engenharia\"}]},{\"@type\":\"WebSite\",\"@id\":\"https:\/\/www.institutodeengenharia.org.br\/site\/#website\",\"url\":\"https:\/\/www.institutodeengenharia.org.br\/site\/\",\"name\":\"Instituto de Engenharia\",\"description\":\"O Instituto de Engenharia promove a Engenharia em benef\u00edcio do desenvolvimento e da qualidade de vida da sociedade.\",\"publisher\":{\"@id\":\"https:\/\/www.institutodeengenharia.org.br\/site\/#organization\"},\"potentialAction\":[{\"@type\":\"SearchAction\",\"target\":{\"@type\":\"EntryPoint\",\"urlTemplate\":\"https:\/\/www.institutodeengenharia.org.br\/site\/?s={search_term_string}\"},\"query-input\":{\"@type\":\"PropertyValueSpecification\",\"valueRequired\":true,\"valueName\":\"search_term_string\"}}],\"inLanguage\":\"pt-BR\"},{\"@type\":\"Organization\",\"@id\":\"https:\/\/www.institutodeengenharia.org.br\/site\/#organization\",\"name\":\"Instituto de Engenharia\",\"url\":\"https:\/\/www.institutodeengenharia.org.br\/site\/\",\"logo\":{\"@type\":\"ImageObject\",\"inLanguage\":\"pt-BR\",\"@id\":\"https:\/\/www.institutodeengenharia.org.br\/site\/#\/schema\/logo\/image\/\",\"url\":\"https:\/\/www.institutodeengenharia.org.br\/site\/wp-content\/uploads\/2019\/03\/logo-novo-IE2018-1.jpg\",\"contentUrl\":\"https:\/\/www.institutodeengenharia.org.br\/site\/wp-content\/uploads\/2019\/03\/logo-novo-IE2018-1.jpg\",\"width\":1486,\"height\":1879,\"caption\":\"Instituto de Engenharia\"},\"image\":{\"@id\":\"https:\/\/www.institutodeengenharia.org.br\/site\/#\/schema\/logo\/image\/\"},\"sameAs\":[\"https:\/\/www.facebook.com\/institutodeengenharia\",\"https:\/\/x.com\/iengenharia\",\"https:\/\/www.instagram.com\/institutodeengenharia\/\",\"https:\/\/www.linkedin.com\/company\/instituto-de-engenharia\/\",\"https:\/\/www.youtube.com\/channel\/UCXiCAlsSMe977vamW915HxA\"]},{\"@type\":\"Person\",\"@id\":\"https:\/\/www.institutodeengenharia.org.br\/site\/#\/schema\/person\/3b1ff109facef084739fc2edcb9a127f\",\"name\":\"TMax Tecnologia\",\"image\":{\"@type\":\"ImageObject\",\"inLanguage\":\"pt-BR\",\"@id\":\"https:\/\/secure.gravatar.com\/avatar\/f912434ef7f389c92cb311fcdae346af848465d638912574b3c669070f797701?s=96&d=mm&r=g\",\"url\":\"https:\/\/secure.gravatar.com\/avatar\/f912434ef7f389c92cb311fcdae346af848465d638912574b3c669070f797701?s=96&d=mm&r=g\",\"contentUrl\":\"https:\/\/secure.gravatar.com\/avatar\/f912434ef7f389c92cb311fcdae346af848465d638912574b3c669070f797701?s=96&d=mm&r=g\",\"caption\":\"TMax Tecnologia\"},\"url\":\"https:\/\/www.institutodeengenharia.org.br\/site\/author\/tmax\/\"}]}<\/script>\n<!-- \/ Yoast SEO plugin. -->","yoast_head_json":{"title":"Presidente do Instituto de Engenharia \u00e9 patrono de turmas de Engenharia - Instituto de Engenharia","robots":{"index":"index","follow":"follow","max-snippet":"max-snippet:-1","max-image-preview":"max-image-preview:large","max-video-preview":"max-video-preview:-1"},"canonical":"https:\/\/www.institutodeengenharia.org.br\/site\/2008\/02\/25\/presidente-do-instituto-de-engenharia-e-patrono-de-turmas-de-engenharia\/","og_locale":"pt_BR","og_type":"article","og_title":"Presidente do Instituto de Engenharia \u00e9 patrono de turmas de Engenharia - Instituto de Engenharia","og_description":"O presidente do Instituto de Engenharia, Edemar de Souza Amorim, foi patrono das turmas de Engenharia Civil e Produ\u00e7\u00e3o Mec\u00e2nica, da Universidade Nove de Julho, no dia 23 de fevereiro. Seu discurso, muito aplaudido pelos presentes, segue na \u00edntegra abaixo: Prezadas formandas e formandos da Turma de 2007, dos cursos de Engenharia Civil e de [&hellip;]","og_url":"https:\/\/www.institutodeengenharia.org.br\/site\/2008\/02\/25\/presidente-do-instituto-de-engenharia-e-patrono-de-turmas-de-engenharia\/","og_site_name":"Instituto de Engenharia","article_publisher":"https:\/\/www.facebook.com\/institutodeengenharia","article_published_time":"2008-02-25T21:46:49+00:00","author":"TMax Tecnologia","twitter_card":"summary_large_image","twitter_creator":"@iengenharia","twitter_site":"@iengenharia","twitter_misc":{"Escrito por":"TMax Tecnologia","Est. tempo de leitura":"4 minutos"},"schema":{"@context":"https:\/\/schema.org","@graph":[{"@type":"Article","@id":"https:\/\/www.institutodeengenharia.org.br\/site\/2008\/02\/25\/presidente-do-instituto-de-engenharia-e-patrono-de-turmas-de-engenharia\/#article","isPartOf":{"@id":"https:\/\/www.institutodeengenharia.org.br\/site\/2008\/02\/25\/presidente-do-instituto-de-engenharia-e-patrono-de-turmas-de-engenharia\/"},"author":{"name":"TMax Tecnologia","@id":"https:\/\/www.institutodeengenharia.org.br\/site\/#\/schema\/person\/3b1ff109facef084739fc2edcb9a127f"},"headline":"Presidente do Instituto de Engenharia \u00e9 patrono de turmas de Engenharia","datePublished":"2008-02-25T21:46:49+00:00","mainEntityOfPage":{"@id":"https:\/\/www.institutodeengenharia.org.br\/site\/2008\/02\/25\/presidente-do-instituto-de-engenharia-e-patrono-de-turmas-de-engenharia\/"},"wordCount":814,"commentCount":0,"publisher":{"@id":"https:\/\/www.institutodeengenharia.org.br\/site\/#organization"},"articleSection":["Instituto de Engenharia","Not\u00edcias"],"inLanguage":"pt-BR","potentialAction":[{"@type":"CommentAction","name":"Comment","target":["https:\/\/www.institutodeengenharia.org.br\/site\/2008\/02\/25\/presidente-do-instituto-de-engenharia-e-patrono-de-turmas-de-engenharia\/#respond"]}]},{"@type":"WebPage","@id":"https:\/\/www.institutodeengenharia.org.br\/site\/2008\/02\/25\/presidente-do-instituto-de-engenharia-e-patrono-de-turmas-de-engenharia\/","url":"https:\/\/www.institutodeengenharia.org.br\/site\/2008\/02\/25\/presidente-do-instituto-de-engenharia-e-patrono-de-turmas-de-engenharia\/","name":"Presidente do Instituto de Engenharia \u00e9 patrono de turmas de Engenharia - Instituto de Engenharia","isPartOf":{"@id":"https:\/\/www.institutodeengenharia.org.br\/site\/#website"},"datePublished":"2008-02-25T21:46:49+00:00","breadcrumb":{"@id":"https:\/\/www.institutodeengenharia.org.br\/site\/2008\/02\/25\/presidente-do-instituto-de-engenharia-e-patrono-de-turmas-de-engenharia\/#breadcrumb"},"inLanguage":"pt-BR","potentialAction":[{"@type":"ReadAction","target":["https:\/\/www.institutodeengenharia.org.br\/site\/2008\/02\/25\/presidente-do-instituto-de-engenharia-e-patrono-de-turmas-de-engenharia\/"]}]},{"@type":"BreadcrumbList","@id":"https:\/\/www.institutodeengenharia.org.br\/site\/2008\/02\/25\/presidente-do-instituto-de-engenharia-e-patrono-de-turmas-de-engenharia\/#breadcrumb","itemListElement":[{"@type":"ListItem","position":1,"name":"In\u00edcio","item":"https:\/\/www.institutodeengenharia.org.br\/site\/"},{"@type":"ListItem","position":2,"name":"Presidente do Instituto de Engenharia \u00e9 patrono de turmas de Engenharia"}]},{"@type":"WebSite","@id":"https:\/\/www.institutodeengenharia.org.br\/site\/#website","url":"https:\/\/www.institutodeengenharia.org.br\/site\/","name":"Instituto de Engenharia","description":"O Instituto de Engenharia promove a Engenharia em benef\u00edcio do desenvolvimento e da qualidade de vida da sociedade.","publisher":{"@id":"https:\/\/www.institutodeengenharia.org.br\/site\/#organization"},"potentialAction":[{"@type":"SearchAction","target":{"@type":"EntryPoint","urlTemplate":"https:\/\/www.institutodeengenharia.org.br\/site\/?s={search_term_string}"},"query-input":{"@type":"PropertyValueSpecification","valueRequired":true,"valueName":"search_term_string"}}],"inLanguage":"pt-BR"},{"@type":"Organization","@id":"https:\/\/www.institutodeengenharia.org.br\/site\/#organization","name":"Instituto de Engenharia","url":"https:\/\/www.institutodeengenharia.org.br\/site\/","logo":{"@type":"ImageObject","inLanguage":"pt-BR","@id":"https:\/\/www.institutodeengenharia.org.br\/site\/#\/schema\/logo\/image\/","url":"https:\/\/www.institutodeengenharia.org.br\/site\/wp-content\/uploads\/2019\/03\/logo-novo-IE2018-1.jpg","contentUrl":"https:\/\/www.institutodeengenharia.org.br\/site\/wp-content\/uploads\/2019\/03\/logo-novo-IE2018-1.jpg","width":1486,"height":1879,"caption":"Instituto de Engenharia"},"image":{"@id":"https:\/\/www.institutodeengenharia.org.br\/site\/#\/schema\/logo\/image\/"},"sameAs":["https:\/\/www.facebook.com\/institutodeengenharia","https:\/\/x.com\/iengenharia","https:\/\/www.instagram.com\/institutodeengenharia\/","https:\/\/www.linkedin.com\/company\/instituto-de-engenharia\/","https:\/\/www.youtube.com\/channel\/UCXiCAlsSMe977vamW915HxA"]},{"@type":"Person","@id":"https:\/\/www.institutodeengenharia.org.br\/site\/#\/schema\/person\/3b1ff109facef084739fc2edcb9a127f","name":"TMax Tecnologia","image":{"@type":"ImageObject","inLanguage":"pt-BR","@id":"https:\/\/secure.gravatar.com\/avatar\/f912434ef7f389c92cb311fcdae346af848465d638912574b3c669070f797701?s=96&d=mm&r=g","url":"https:\/\/secure.gravatar.com\/avatar\/f912434ef7f389c92cb311fcdae346af848465d638912574b3c669070f797701?s=96&d=mm&r=g","contentUrl":"https:\/\/secure.gravatar.com\/avatar\/f912434ef7f389c92cb311fcdae346af848465d638912574b3c669070f797701?s=96&d=mm&r=g","caption":"TMax Tecnologia"},"url":"https:\/\/www.institutodeengenharia.org.br\/site\/author\/tmax\/"}]}},"_links":{"self":[{"href":"https:\/\/www.institutodeengenharia.org.br\/site\/wp-json\/wp\/v2\/posts\/14532","targetHints":{"allow":["GET"]}}],"collection":[{"href":"https:\/\/www.institutodeengenharia.org.br\/site\/wp-json\/wp\/v2\/posts"}],"about":[{"href":"https:\/\/www.institutodeengenharia.org.br\/site\/wp-json\/wp\/v2\/types\/post"}],"author":[{"embeddable":true,"href":"https:\/\/www.institutodeengenharia.org.br\/site\/wp-json\/wp\/v2\/users\/1"}],"replies":[{"embeddable":true,"href":"https:\/\/www.institutodeengenharia.org.br\/site\/wp-json\/wp\/v2\/comments?post=14532"}],"version-history":[{"count":0,"href":"https:\/\/www.institutodeengenharia.org.br\/site\/wp-json\/wp\/v2\/posts\/14532\/revisions"}],"wp:attachment":[{"href":"https:\/\/www.institutodeengenharia.org.br\/site\/wp-json\/wp\/v2\/media?parent=14532"}],"wp:term":[{"taxonomy":"category","embeddable":true,"href":"https:\/\/www.institutodeengenharia.org.br\/site\/wp-json\/wp\/v2\/categories?post=14532"},{"taxonomy":"post_tag","embeddable":true,"href":"https:\/\/www.institutodeengenharia.org.br\/site\/wp-json\/wp\/v2\/tags?post=14532"}],"curies":[{"name":"wp","href":"https:\/\/api.w.org\/{rel}","templated":true}]}}