{"id":14531,"date":"2008-02-22T21:46:48","date_gmt":"2008-02-22T21:46:48","guid":{"rendered":"https:\/\/www.institutodeengenharia.org.br\/?p=14531"},"modified":"2008-02-22T16:21:13","modified_gmt":"2008-02-22T16:21:13","slug":"o-brasil-representado-no-congresso-mundial-da-sociedade-dos-engenheiros-automotivos","status":"publish","type":"post","link":"https:\/\/www.institutodeengenharia.org.br\/site\/2008\/02\/22\/o-brasil-representado-no-congresso-mundial-da-sociedade-dos-engenheiros-automotivos\/","title":{"rendered":"O Brasil representado no Congresso Mundial da Sociedade dos Engenheiros Automotivos"},"content":{"rendered":"<p>O engenheiro Mauricio Cintra do Prado de Salles Penteado, filho de nosso associado remido Ruy de Salles Penteado,\u00a0vai representar o Brasil no Congresso Mundial da Sociedade dos Engenheiros Automotivos (SAE). O evento se realiza entre 14 e 17 de abril em Detroit (Estados Unidos), a capital mundial do autom\u00f3vel.\u00a0<\/p>\n<p>Maur\u00edcio vai apresentar nos EUA a sua tese de mestrado em Engenharia Automotiva. Ela prop\u00f5e um plano de a\u00e7\u00e3o para que o programa brasileiro do biodiesel seja bem sucedido. O seu trabalho venceu 190 concorrentes no principal congresso brasileiro de engenharia automotiva, o SAE Brasil 2007, realizado no ano passado.\u00a0<\/p>\n<p>A tese do engenheiro identifica dificuldades t\u00e9cnicas e econ\u00f4micas para o sucesso do biodiesel. Ele alerta para a necessidade de isen\u00e7\u00e3o de impostos e subs\u00eddios governamentais que incentivem e viabilizem a produ\u00e7\u00e3o de mamona, soja e dend\u00ea, plantas utilizadas na produ\u00e7\u00e3o do combust\u00edvel.\u00a0<\/p>\n<p>Maur\u00edcio est\u00e1 t\u00e3o engajado nesse assunto que, junto com o amigo e engenheiro agr\u00edcola Carlos Freitas, que tamb\u00e9m \u00e9 especialista em instala\u00e7\u00e3o de usinas de biodiesel, publicou em 2006 o livro \u201cBiodiesel \u2013 Energia para o futuro\u201d. A primeira edi\u00e7\u00e3o, de mil exemplares, est\u00e1 esgotada. <\/p>\n<p><b>Autor: Felipe Zannin<\/b><\/p>\n","protected":false},"excerpt":{"rendered":"<p>O engenheiro Mauricio Cintra do Prado de Salles Penteado, filho de nosso associado remido Ruy de Salles Penteado,\u00a0vai representar o Brasil no Congresso Mundial da Sociedade dos Engenheiros Automotivos (SAE). O evento se realiza entre 14 e 17 de abril em Detroit (Estados Unidos), a capital mundial do autom\u00f3vel.\u00a0 Maur\u00edcio vai apresentar nos EUA a [&hellip;]<\/p>\n","protected":false},"author":1,"featured_media":0,"comment_status":"open","ping_status":"open","sticky":false,"template":"","format":"standard","meta":{"footnotes":""},"categories":[24,6],"tags":[],"class_list":{"0":"post-14531","1":"post","2":"type-post","3":"status-publish","4":"format-standard","6":"category-energia","7":"category-noticias"},"yoast_head":"<!-- This site is optimized with the Yoast SEO plugin v27.2 - https:\/\/yoast.com\/product\/yoast-seo-wordpress\/ -->\n<title>O Brasil representado no Congresso Mundial da Sociedade dos Engenheiros Automotivos - Instituto de Engenharia<\/title>\n<meta name=\"robots\" content=\"index, follow, max-snippet:-1, max-image-preview:large, max-video-preview:-1\" \/>\n<link rel=\"canonical\" href=\"https:\/\/www.institutodeengenharia.org.br\/site\/2008\/02\/22\/o-brasil-representado-no-congresso-mundial-da-sociedade-dos-engenheiros-automotivos\/\" \/>\n<meta property=\"og:locale\" content=\"pt_BR\" \/>\n<meta property=\"og:type\" content=\"article\" \/>\n<meta property=\"og:title\" content=\"O Brasil representado no Congresso Mundial da Sociedade dos Engenheiros Automotivos - Instituto de Engenharia\" \/>\n<meta property=\"og:description\" content=\"O engenheiro Mauricio Cintra do Prado de Salles Penteado, filho de nosso associado remido Ruy de Salles Penteado,\u00a0vai representar o Brasil no Congresso Mundial da Sociedade dos Engenheiros Automotivos (SAE). O evento se realiza entre 14 e 17 de abril em Detroit (Estados Unidos), a capital mundial do autom\u00f3vel.\u00a0 Maur\u00edcio vai apresentar nos EUA a [&hellip;]\" \/>\n<meta property=\"og:url\" content=\"https:\/\/www.institutodeengenharia.org.br\/site\/2008\/02\/22\/o-brasil-representado-no-congresso-mundial-da-sociedade-dos-engenheiros-automotivos\/\" \/>\n<meta property=\"og:site_name\" content=\"Instituto de Engenharia\" \/>\n<meta property=\"article:publisher\" content=\"https:\/\/www.facebook.com\/institutodeengenharia\" \/>\n<meta property=\"article:published_time\" content=\"2008-02-22T21:46:48+00:00\" \/>\n<meta name=\"author\" content=\"TMax Tecnologia\" \/>\n<meta name=\"twitter:card\" content=\"summary_large_image\" \/>\n<meta name=\"twitter:creator\" content=\"@iengenharia\" \/>\n<meta name=\"twitter:site\" content=\"@iengenharia\" \/>\n<meta name=\"twitter:label1\" content=\"Escrito por\" \/>\n\t<meta name=\"twitter:data1\" content=\"TMax Tecnologia\" \/>\n\t<meta name=\"twitter:label2\" content=\"Est. tempo de leitura\" \/>\n\t<meta name=\"twitter:data2\" content=\"1 minuto\" \/>\n<script type=\"application\/ld+json\" class=\"yoast-schema-graph\">{\"@context\":\"https:\/\/schema.org\",\"@graph\":[{\"@type\":\"Article\",\"@id\":\"https:\/\/www.institutodeengenharia.org.br\/site\/2008\/02\/22\/o-brasil-representado-no-congresso-mundial-da-sociedade-dos-engenheiros-automotivos\/#article\",\"isPartOf\":{\"@id\":\"https:\/\/www.institutodeengenharia.org.br\/site\/2008\/02\/22\/o-brasil-representado-no-congresso-mundial-da-sociedade-dos-engenheiros-automotivos\/\"},\"author\":{\"name\":\"TMax Tecnologia\",\"@id\":\"https:\/\/www.institutodeengenharia.org.br\/site\/#\/schema\/person\/3b1ff109facef084739fc2edcb9a127f\"},\"headline\":\"O Brasil representado no Congresso Mundial da Sociedade dos Engenheiros Automotivos\",\"datePublished\":\"2008-02-22T21:46:48+00:00\",\"mainEntityOfPage\":{\"@id\":\"https:\/\/www.institutodeengenharia.org.br\/site\/2008\/02\/22\/o-brasil-representado-no-congresso-mundial-da-sociedade-dos-engenheiros-automotivos\/\"},\"wordCount\":212,\"commentCount\":0,\"publisher\":{\"@id\":\"https:\/\/www.institutodeengenharia.org.br\/site\/#organization\"},\"articleSection\":[\"Energia\",\"Not\u00edcias\"],\"inLanguage\":\"pt-BR\",\"potentialAction\":[{\"@type\":\"CommentAction\",\"name\":\"Comment\",\"target\":[\"https:\/\/www.institutodeengenharia.org.br\/site\/2008\/02\/22\/o-brasil-representado-no-congresso-mundial-da-sociedade-dos-engenheiros-automotivos\/#respond\"]}]},{\"@type\":\"WebPage\",\"@id\":\"https:\/\/www.institutodeengenharia.org.br\/site\/2008\/02\/22\/o-brasil-representado-no-congresso-mundial-da-sociedade-dos-engenheiros-automotivos\/\",\"url\":\"https:\/\/www.institutodeengenharia.org.br\/site\/2008\/02\/22\/o-brasil-representado-no-congresso-mundial-da-sociedade-dos-engenheiros-automotivos\/\",\"name\":\"O Brasil representado no Congresso Mundial da Sociedade dos Engenheiros Automotivos - Instituto de Engenharia\",\"isPartOf\":{\"@id\":\"https:\/\/www.institutodeengenharia.org.br\/site\/#website\"},\"datePublished\":\"2008-02-22T21:46:48+00:00\",\"breadcrumb\":{\"@id\":\"https:\/\/www.institutodeengenharia.org.br\/site\/2008\/02\/22\/o-brasil-representado-no-congresso-mundial-da-sociedade-dos-engenheiros-automotivos\/#breadcrumb\"},\"inLanguage\":\"pt-BR\",\"potentialAction\":[{\"@type\":\"ReadAction\",\"target\":[\"https:\/\/www.institutodeengenharia.org.br\/site\/2008\/02\/22\/o-brasil-representado-no-congresso-mundial-da-sociedade-dos-engenheiros-automotivos\/\"]}]},{\"@type\":\"BreadcrumbList\",\"@id\":\"https:\/\/www.institutodeengenharia.org.br\/site\/2008\/02\/22\/o-brasil-representado-no-congresso-mundial-da-sociedade-dos-engenheiros-automotivos\/#breadcrumb\",\"itemListElement\":[{\"@type\":\"ListItem\",\"position\":1,\"name\":\"In\u00edcio\",\"item\":\"https:\/\/www.institutodeengenharia.org.br\/site\/\"},{\"@type\":\"ListItem\",\"position\":2,\"name\":\"O Brasil representado no Congresso Mundial da Sociedade dos Engenheiros Automotivos\"}]},{\"@type\":\"WebSite\",\"@id\":\"https:\/\/www.institutodeengenharia.org.br\/site\/#website\",\"url\":\"https:\/\/www.institutodeengenharia.org.br\/site\/\",\"name\":\"Instituto de Engenharia\",\"description\":\"O Instituto de Engenharia promove a Engenharia em benef\u00edcio do desenvolvimento e da qualidade de vida da sociedade.\",\"publisher\":{\"@id\":\"https:\/\/www.institutodeengenharia.org.br\/site\/#organization\"},\"potentialAction\":[{\"@type\":\"SearchAction\",\"target\":{\"@type\":\"EntryPoint\",\"urlTemplate\":\"https:\/\/www.institutodeengenharia.org.br\/site\/?s={search_term_string}\"},\"query-input\":{\"@type\":\"PropertyValueSpecification\",\"valueRequired\":true,\"valueName\":\"search_term_string\"}}],\"inLanguage\":\"pt-BR\"},{\"@type\":\"Organization\",\"@id\":\"https:\/\/www.institutodeengenharia.org.br\/site\/#organization\",\"name\":\"Instituto de Engenharia\",\"url\":\"https:\/\/www.institutodeengenharia.org.br\/site\/\",\"logo\":{\"@type\":\"ImageObject\",\"inLanguage\":\"pt-BR\",\"@id\":\"https:\/\/www.institutodeengenharia.org.br\/site\/#\/schema\/logo\/image\/\",\"url\":\"https:\/\/www.institutodeengenharia.org.br\/site\/wp-content\/uploads\/2019\/03\/logo-novo-IE2018-1.jpg\",\"contentUrl\":\"https:\/\/www.institutodeengenharia.org.br\/site\/wp-content\/uploads\/2019\/03\/logo-novo-IE2018-1.jpg\",\"width\":1486,\"height\":1879,\"caption\":\"Instituto de Engenharia\"},\"image\":{\"@id\":\"https:\/\/www.institutodeengenharia.org.br\/site\/#\/schema\/logo\/image\/\"},\"sameAs\":[\"https:\/\/www.facebook.com\/institutodeengenharia\",\"https:\/\/x.com\/iengenharia\",\"https:\/\/www.instagram.com\/institutodeengenharia\/\",\"https:\/\/www.linkedin.com\/company\/instituto-de-engenharia\/\",\"https:\/\/www.youtube.com\/channel\/UCXiCAlsSMe977vamW915HxA\"]},{\"@type\":\"Person\",\"@id\":\"https:\/\/www.institutodeengenharia.org.br\/site\/#\/schema\/person\/3b1ff109facef084739fc2edcb9a127f\",\"name\":\"TMax Tecnologia\",\"image\":{\"@type\":\"ImageObject\",\"inLanguage\":\"pt-BR\",\"@id\":\"https:\/\/secure.gravatar.com\/avatar\/f912434ef7f389c92cb311fcdae346af848465d638912574b3c669070f797701?s=96&d=mm&r=g\",\"url\":\"https:\/\/secure.gravatar.com\/avatar\/f912434ef7f389c92cb311fcdae346af848465d638912574b3c669070f797701?s=96&d=mm&r=g\",\"contentUrl\":\"https:\/\/secure.gravatar.com\/avatar\/f912434ef7f389c92cb311fcdae346af848465d638912574b3c669070f797701?s=96&d=mm&r=g\",\"caption\":\"TMax Tecnologia\"},\"url\":\"https:\/\/www.institutodeengenharia.org.br\/site\/author\/tmax\/\"}]}<\/script>\n<!-- \/ Yoast SEO plugin. -->","yoast_head_json":{"title":"O Brasil representado no Congresso Mundial da Sociedade dos Engenheiros Automotivos - Instituto de Engenharia","robots":{"index":"index","follow":"follow","max-snippet":"max-snippet:-1","max-image-preview":"max-image-preview:large","max-video-preview":"max-video-preview:-1"},"canonical":"https:\/\/www.institutodeengenharia.org.br\/site\/2008\/02\/22\/o-brasil-representado-no-congresso-mundial-da-sociedade-dos-engenheiros-automotivos\/","og_locale":"pt_BR","og_type":"article","og_title":"O Brasil representado no Congresso Mundial da Sociedade dos Engenheiros Automotivos - Instituto de Engenharia","og_description":"O engenheiro Mauricio Cintra do Prado de Salles Penteado, filho de nosso associado remido Ruy de Salles Penteado,\u00a0vai representar o Brasil no Congresso Mundial da Sociedade dos Engenheiros Automotivos (SAE). O evento se realiza entre 14 e 17 de abril em Detroit (Estados Unidos), a capital mundial do autom\u00f3vel.\u00a0 Maur\u00edcio vai apresentar nos EUA a [&hellip;]","og_url":"https:\/\/www.institutodeengenharia.org.br\/site\/2008\/02\/22\/o-brasil-representado-no-congresso-mundial-da-sociedade-dos-engenheiros-automotivos\/","og_site_name":"Instituto de Engenharia","article_publisher":"https:\/\/www.facebook.com\/institutodeengenharia","article_published_time":"2008-02-22T21:46:48+00:00","author":"TMax Tecnologia","twitter_card":"summary_large_image","twitter_creator":"@iengenharia","twitter_site":"@iengenharia","twitter_misc":{"Escrito por":"TMax Tecnologia","Est. tempo de leitura":"1 minuto"},"schema":{"@context":"https:\/\/schema.org","@graph":[{"@type":"Article","@id":"https:\/\/www.institutodeengenharia.org.br\/site\/2008\/02\/22\/o-brasil-representado-no-congresso-mundial-da-sociedade-dos-engenheiros-automotivos\/#article","isPartOf":{"@id":"https:\/\/www.institutodeengenharia.org.br\/site\/2008\/02\/22\/o-brasil-representado-no-congresso-mundial-da-sociedade-dos-engenheiros-automotivos\/"},"author":{"name":"TMax Tecnologia","@id":"https:\/\/www.institutodeengenharia.org.br\/site\/#\/schema\/person\/3b1ff109facef084739fc2edcb9a127f"},"headline":"O Brasil representado no Congresso Mundial da Sociedade dos Engenheiros Automotivos","datePublished":"2008-02-22T21:46:48+00:00","mainEntityOfPage":{"@id":"https:\/\/www.institutodeengenharia.org.br\/site\/2008\/02\/22\/o-brasil-representado-no-congresso-mundial-da-sociedade-dos-engenheiros-automotivos\/"},"wordCount":212,"commentCount":0,"publisher":{"@id":"https:\/\/www.institutodeengenharia.org.br\/site\/#organization"},"articleSection":["Energia","Not\u00edcias"],"inLanguage":"pt-BR","potentialAction":[{"@type":"CommentAction","name":"Comment","target":["https:\/\/www.institutodeengenharia.org.br\/site\/2008\/02\/22\/o-brasil-representado-no-congresso-mundial-da-sociedade-dos-engenheiros-automotivos\/#respond"]}]},{"@type":"WebPage","@id":"https:\/\/www.institutodeengenharia.org.br\/site\/2008\/02\/22\/o-brasil-representado-no-congresso-mundial-da-sociedade-dos-engenheiros-automotivos\/","url":"https:\/\/www.institutodeengenharia.org.br\/site\/2008\/02\/22\/o-brasil-representado-no-congresso-mundial-da-sociedade-dos-engenheiros-automotivos\/","name":"O Brasil representado no Congresso Mundial da Sociedade dos Engenheiros Automotivos - Instituto de Engenharia","isPartOf":{"@id":"https:\/\/www.institutodeengenharia.org.br\/site\/#website"},"datePublished":"2008-02-22T21:46:48+00:00","breadcrumb":{"@id":"https:\/\/www.institutodeengenharia.org.br\/site\/2008\/02\/22\/o-brasil-representado-no-congresso-mundial-da-sociedade-dos-engenheiros-automotivos\/#breadcrumb"},"inLanguage":"pt-BR","potentialAction":[{"@type":"ReadAction","target":["https:\/\/www.institutodeengenharia.org.br\/site\/2008\/02\/22\/o-brasil-representado-no-congresso-mundial-da-sociedade-dos-engenheiros-automotivos\/"]}]},{"@type":"BreadcrumbList","@id":"https:\/\/www.institutodeengenharia.org.br\/site\/2008\/02\/22\/o-brasil-representado-no-congresso-mundial-da-sociedade-dos-engenheiros-automotivos\/#breadcrumb","itemListElement":[{"@type":"ListItem","position":1,"name":"In\u00edcio","item":"https:\/\/www.institutodeengenharia.org.br\/site\/"},{"@type":"ListItem","position":2,"name":"O Brasil representado no Congresso Mundial da Sociedade dos Engenheiros Automotivos"}]},{"@type":"WebSite","@id":"https:\/\/www.institutodeengenharia.org.br\/site\/#website","url":"https:\/\/www.institutodeengenharia.org.br\/site\/","name":"Instituto de Engenharia","description":"O Instituto de Engenharia promove a Engenharia em benef\u00edcio do desenvolvimento e da qualidade de vida da sociedade.","publisher":{"@id":"https:\/\/www.institutodeengenharia.org.br\/site\/#organization"},"potentialAction":[{"@type":"SearchAction","target":{"@type":"EntryPoint","urlTemplate":"https:\/\/www.institutodeengenharia.org.br\/site\/?s={search_term_string}"},"query-input":{"@type":"PropertyValueSpecification","valueRequired":true,"valueName":"search_term_string"}}],"inLanguage":"pt-BR"},{"@type":"Organization","@id":"https:\/\/www.institutodeengenharia.org.br\/site\/#organization","name":"Instituto de Engenharia","url":"https:\/\/www.institutodeengenharia.org.br\/site\/","logo":{"@type":"ImageObject","inLanguage":"pt-BR","@id":"https:\/\/www.institutodeengenharia.org.br\/site\/#\/schema\/logo\/image\/","url":"https:\/\/www.institutodeengenharia.org.br\/site\/wp-content\/uploads\/2019\/03\/logo-novo-IE2018-1.jpg","contentUrl":"https:\/\/www.institutodeengenharia.org.br\/site\/wp-content\/uploads\/2019\/03\/logo-novo-IE2018-1.jpg","width":1486,"height":1879,"caption":"Instituto de Engenharia"},"image":{"@id":"https:\/\/www.institutodeengenharia.org.br\/site\/#\/schema\/logo\/image\/"},"sameAs":["https:\/\/www.facebook.com\/institutodeengenharia","https:\/\/x.com\/iengenharia","https:\/\/www.instagram.com\/institutodeengenharia\/","https:\/\/www.linkedin.com\/company\/instituto-de-engenharia\/","https:\/\/www.youtube.com\/channel\/UCXiCAlsSMe977vamW915HxA"]},{"@type":"Person","@id":"https:\/\/www.institutodeengenharia.org.br\/site\/#\/schema\/person\/3b1ff109facef084739fc2edcb9a127f","name":"TMax Tecnologia","image":{"@type":"ImageObject","inLanguage":"pt-BR","@id":"https:\/\/secure.gravatar.com\/avatar\/f912434ef7f389c92cb311fcdae346af848465d638912574b3c669070f797701?s=96&d=mm&r=g","url":"https:\/\/secure.gravatar.com\/avatar\/f912434ef7f389c92cb311fcdae346af848465d638912574b3c669070f797701?s=96&d=mm&r=g","contentUrl":"https:\/\/secure.gravatar.com\/avatar\/f912434ef7f389c92cb311fcdae346af848465d638912574b3c669070f797701?s=96&d=mm&r=g","caption":"TMax Tecnologia"},"url":"https:\/\/www.institutodeengenharia.org.br\/site\/author\/tmax\/"}]}},"_links":{"self":[{"href":"https:\/\/www.institutodeengenharia.org.br\/site\/wp-json\/wp\/v2\/posts\/14531","targetHints":{"allow":["GET"]}}],"collection":[{"href":"https:\/\/www.institutodeengenharia.org.br\/site\/wp-json\/wp\/v2\/posts"}],"about":[{"href":"https:\/\/www.institutodeengenharia.org.br\/site\/wp-json\/wp\/v2\/types\/post"}],"author":[{"embeddable":true,"href":"https:\/\/www.institutodeengenharia.org.br\/site\/wp-json\/wp\/v2\/users\/1"}],"replies":[{"embeddable":true,"href":"https:\/\/www.institutodeengenharia.org.br\/site\/wp-json\/wp\/v2\/comments?post=14531"}],"version-history":[{"count":0,"href":"https:\/\/www.institutodeengenharia.org.br\/site\/wp-json\/wp\/v2\/posts\/14531\/revisions"}],"wp:attachment":[{"href":"https:\/\/www.institutodeengenharia.org.br\/site\/wp-json\/wp\/v2\/media?parent=14531"}],"wp:term":[{"taxonomy":"category","embeddable":true,"href":"https:\/\/www.institutodeengenharia.org.br\/site\/wp-json\/wp\/v2\/categories?post=14531"},{"taxonomy":"post_tag","embeddable":true,"href":"https:\/\/www.institutodeengenharia.org.br\/site\/wp-json\/wp\/v2\/tags?post=14531"}],"curies":[{"name":"wp","href":"https:\/\/api.w.org\/{rel}","templated":true}]}}