{"id":14530,"date":"2008-02-22T21:46:47","date_gmt":"2008-02-22T21:46:47","guid":{"rendered":"https:\/\/www.institutodeengenharia.org.br\/?p=14530"},"modified":"2008-02-22T15:13:57","modified_gmt":"2008-02-22T15:13:57","slug":"mesa-redonda-sobre-energia-com-o-dr-mario-veiga","status":"publish","type":"post","link":"https:\/\/www.institutodeengenharia.org.br\/site\/2008\/02\/22\/mesa-redonda-sobre-energia-com-o-dr-mario-veiga\/","title":{"rendered":"Mesa redonda sobre energia com o Dr. Mario Veiga"},"content":{"rendered":"<p>O Instituto de Engenharia recebeu na segunda mesa redonda de 2008, no dia 19 de fevereiro, o engenheiro eletricista Dr. Mario Veiga, especialista em planejamento energ\u00e9tico.\u00a0<\/p>\n<p>Como o tema era energia com enfoque em poss\u00edvel racionamento, um problema bastante atual, despertou o interesse de muita gente; tivemos o audit\u00f3rio quase lotado.\u00a0<\/p>\n<p>O eng. Mario Veiga \u00e9 autor e co-autor de cerca de 200 artigos e quatro livros sobre temas de planejamento energ\u00e9tico e \u00e9 membro eleito da Academia Brasileira de Ci\u00eancias.\u00a0<\/p>\n<p>A explana\u00e7\u00e3o, muito did\u00e1tica, deixou claro que o Brasil \u00e9 um pa\u00eds privilegiado em hidroeletricidade, s\u00f3 que isso n\u00e3o \u00e9 suficiente para o atendimento da demanda atual e futura.\u00a0<\/p>\n<p>O planejamento e a opera\u00e7\u00e3o do sistema el\u00e9trico requerem seguran\u00e7a de suprimento: verificar permanentemente se o sistema de gera\u00e7\u00e3o pode atender \u00e0 demanda de maneira sustent\u00e1vel, independentemente de qualquer condi\u00e7\u00e3o hidrol\u00f3gica espec\u00edfica. A gera\u00e7\u00e3o hidroel\u00e9trica tem que ser cada vez mais complementada por gera\u00e7\u00e3o t\u00e9rmica de qualquer fonte, nuclear, carv\u00e3o e g\u00e1s natural.\u00a0<\/p>\n<p>A apresenta\u00e7\u00e3o mostrou claramente que, nos \u00faltimos anos, houve uma redu\u00e7\u00e3o no suprimento de g\u00e1s natural por diversos motivos, o que levou o pais \u00e0 beira de um racionamento, e que este risco permanece.\u00a0<\/p>\n<p>Apontou tamb\u00e9m para os riscos adicionais caso a pol\u00edtica ambiental continuar intransigente em n\u00e3o permitir novos reservat\u00f3rios. Se continuarmos a construir usinas hidrel\u00e9tricas a fio d\u2019\u00e1gua, e dependentes das varia\u00e7\u00f5es das na\u00e7\u00f5es vizinhas para o suprimento de g\u00e1s natural, o problema s\u00f3 tende a se agravar. <\/p>\n<p><b>Autor: Instituto de Engenharia<\/b><\/p>\n","protected":false},"excerpt":{"rendered":"<p>O Instituto de Engenharia recebeu na segunda mesa redonda de 2008, no dia 19 de fevereiro, o engenheiro eletricista Dr. Mario Veiga, especialista em planejamento energ\u00e9tico.\u00a0 Como o tema era energia com enfoque em poss\u00edvel racionamento, um problema bastante atual, despertou o interesse de muita gente; tivemos o audit\u00f3rio quase lotado.\u00a0 O eng. Mario Veiga [&hellip;]<\/p>\n","protected":false},"author":1,"featured_media":0,"comment_status":"open","ping_status":"open","sticky":false,"template":"","format":"standard","meta":{"footnotes":""},"categories":[27,6],"tags":[],"class_list":{"0":"post-14530","1":"post","2":"type-post","3":"status-publish","4":"format-standard","6":"category-instituto-de-engenharia","7":"category-noticias"},"yoast_head":"<!-- This site is optimized with the Yoast SEO plugin v27.2 - https:\/\/yoast.com\/product\/yoast-seo-wordpress\/ -->\n<title>Mesa redonda sobre energia com o Dr. Mario Veiga - Instituto de Engenharia<\/title>\n<meta name=\"robots\" content=\"index, follow, max-snippet:-1, max-image-preview:large, max-video-preview:-1\" \/>\n<link rel=\"canonical\" href=\"https:\/\/www.institutodeengenharia.org.br\/site\/2008\/02\/22\/mesa-redonda-sobre-energia-com-o-dr-mario-veiga\/\" \/>\n<meta property=\"og:locale\" content=\"pt_BR\" \/>\n<meta property=\"og:type\" content=\"article\" \/>\n<meta property=\"og:title\" content=\"Mesa redonda sobre energia com o Dr. Mario Veiga - Instituto de Engenharia\" \/>\n<meta property=\"og:description\" content=\"O Instituto de Engenharia recebeu na segunda mesa redonda de 2008, no dia 19 de fevereiro, o engenheiro eletricista Dr. Mario Veiga, especialista em planejamento energ\u00e9tico.\u00a0 Como o tema era energia com enfoque em poss\u00edvel racionamento, um problema bastante atual, despertou o interesse de muita gente; tivemos o audit\u00f3rio quase lotado.\u00a0 O eng. Mario Veiga [&hellip;]\" \/>\n<meta property=\"og:url\" content=\"https:\/\/www.institutodeengenharia.org.br\/site\/2008\/02\/22\/mesa-redonda-sobre-energia-com-o-dr-mario-veiga\/\" \/>\n<meta property=\"og:site_name\" content=\"Instituto de Engenharia\" \/>\n<meta property=\"article:publisher\" content=\"https:\/\/www.facebook.com\/institutodeengenharia\" \/>\n<meta property=\"article:published_time\" content=\"2008-02-22T21:46:47+00:00\" \/>\n<meta name=\"author\" content=\"TMax Tecnologia\" \/>\n<meta name=\"twitter:card\" content=\"summary_large_image\" \/>\n<meta name=\"twitter:creator\" content=\"@iengenharia\" \/>\n<meta name=\"twitter:site\" content=\"@iengenharia\" \/>\n<meta name=\"twitter:label1\" content=\"Escrito por\" \/>\n\t<meta name=\"twitter:data1\" content=\"TMax Tecnologia\" \/>\n\t<meta name=\"twitter:label2\" content=\"Est. tempo de leitura\" \/>\n\t<meta name=\"twitter:data2\" content=\"1 minuto\" \/>\n<script type=\"application\/ld+json\" class=\"yoast-schema-graph\">{\"@context\":\"https:\/\/schema.org\",\"@graph\":[{\"@type\":\"Article\",\"@id\":\"https:\/\/www.institutodeengenharia.org.br\/site\/2008\/02\/22\/mesa-redonda-sobre-energia-com-o-dr-mario-veiga\/#article\",\"isPartOf\":{\"@id\":\"https:\/\/www.institutodeengenharia.org.br\/site\/2008\/02\/22\/mesa-redonda-sobre-energia-com-o-dr-mario-veiga\/\"},\"author\":{\"name\":\"TMax Tecnologia\",\"@id\":\"https:\/\/www.institutodeengenharia.org.br\/site\/#\/schema\/person\/3b1ff109facef084739fc2edcb9a127f\"},\"headline\":\"Mesa redonda sobre energia com o Dr. Mario Veiga\",\"datePublished\":\"2008-02-22T21:46:47+00:00\",\"mainEntityOfPage\":{\"@id\":\"https:\/\/www.institutodeengenharia.org.br\/site\/2008\/02\/22\/mesa-redonda-sobre-energia-com-o-dr-mario-veiga\/\"},\"wordCount\":282,\"commentCount\":0,\"publisher\":{\"@id\":\"https:\/\/www.institutodeengenharia.org.br\/site\/#organization\"},\"articleSection\":[\"Instituto de Engenharia\",\"Not\u00edcias\"],\"inLanguage\":\"pt-BR\",\"potentialAction\":[{\"@type\":\"CommentAction\",\"name\":\"Comment\",\"target\":[\"https:\/\/www.institutodeengenharia.org.br\/site\/2008\/02\/22\/mesa-redonda-sobre-energia-com-o-dr-mario-veiga\/#respond\"]}]},{\"@type\":\"WebPage\",\"@id\":\"https:\/\/www.institutodeengenharia.org.br\/site\/2008\/02\/22\/mesa-redonda-sobre-energia-com-o-dr-mario-veiga\/\",\"url\":\"https:\/\/www.institutodeengenharia.org.br\/site\/2008\/02\/22\/mesa-redonda-sobre-energia-com-o-dr-mario-veiga\/\",\"name\":\"Mesa redonda sobre energia com o Dr. Mario Veiga - Instituto de Engenharia\",\"isPartOf\":{\"@id\":\"https:\/\/www.institutodeengenharia.org.br\/site\/#website\"},\"datePublished\":\"2008-02-22T21:46:47+00:00\",\"breadcrumb\":{\"@id\":\"https:\/\/www.institutodeengenharia.org.br\/site\/2008\/02\/22\/mesa-redonda-sobre-energia-com-o-dr-mario-veiga\/#breadcrumb\"},\"inLanguage\":\"pt-BR\",\"potentialAction\":[{\"@type\":\"ReadAction\",\"target\":[\"https:\/\/www.institutodeengenharia.org.br\/site\/2008\/02\/22\/mesa-redonda-sobre-energia-com-o-dr-mario-veiga\/\"]}]},{\"@type\":\"BreadcrumbList\",\"@id\":\"https:\/\/www.institutodeengenharia.org.br\/site\/2008\/02\/22\/mesa-redonda-sobre-energia-com-o-dr-mario-veiga\/#breadcrumb\",\"itemListElement\":[{\"@type\":\"ListItem\",\"position\":1,\"name\":\"In\u00edcio\",\"item\":\"https:\/\/www.institutodeengenharia.org.br\/site\/\"},{\"@type\":\"ListItem\",\"position\":2,\"name\":\"Mesa redonda sobre energia com o Dr. Mario Veiga\"}]},{\"@type\":\"WebSite\",\"@id\":\"https:\/\/www.institutodeengenharia.org.br\/site\/#website\",\"url\":\"https:\/\/www.institutodeengenharia.org.br\/site\/\",\"name\":\"Instituto de Engenharia\",\"description\":\"O Instituto de Engenharia promove a Engenharia em benef\u00edcio do desenvolvimento e da qualidade de vida da sociedade.\",\"publisher\":{\"@id\":\"https:\/\/www.institutodeengenharia.org.br\/site\/#organization\"},\"potentialAction\":[{\"@type\":\"SearchAction\",\"target\":{\"@type\":\"EntryPoint\",\"urlTemplate\":\"https:\/\/www.institutodeengenharia.org.br\/site\/?s={search_term_string}\"},\"query-input\":{\"@type\":\"PropertyValueSpecification\",\"valueRequired\":true,\"valueName\":\"search_term_string\"}}],\"inLanguage\":\"pt-BR\"},{\"@type\":\"Organization\",\"@id\":\"https:\/\/www.institutodeengenharia.org.br\/site\/#organization\",\"name\":\"Instituto de Engenharia\",\"url\":\"https:\/\/www.institutodeengenharia.org.br\/site\/\",\"logo\":{\"@type\":\"ImageObject\",\"inLanguage\":\"pt-BR\",\"@id\":\"https:\/\/www.institutodeengenharia.org.br\/site\/#\/schema\/logo\/image\/\",\"url\":\"https:\/\/www.institutodeengenharia.org.br\/site\/wp-content\/uploads\/2019\/03\/logo-novo-IE2018-1.jpg\",\"contentUrl\":\"https:\/\/www.institutodeengenharia.org.br\/site\/wp-content\/uploads\/2019\/03\/logo-novo-IE2018-1.jpg\",\"width\":1486,\"height\":1879,\"caption\":\"Instituto de Engenharia\"},\"image\":{\"@id\":\"https:\/\/www.institutodeengenharia.org.br\/site\/#\/schema\/logo\/image\/\"},\"sameAs\":[\"https:\/\/www.facebook.com\/institutodeengenharia\",\"https:\/\/x.com\/iengenharia\",\"https:\/\/www.instagram.com\/institutodeengenharia\/\",\"https:\/\/www.linkedin.com\/company\/instituto-de-engenharia\/\",\"https:\/\/www.youtube.com\/channel\/UCXiCAlsSMe977vamW915HxA\"]},{\"@type\":\"Person\",\"@id\":\"https:\/\/www.institutodeengenharia.org.br\/site\/#\/schema\/person\/3b1ff109facef084739fc2edcb9a127f\",\"name\":\"TMax Tecnologia\",\"image\":{\"@type\":\"ImageObject\",\"inLanguage\":\"pt-BR\",\"@id\":\"https:\/\/secure.gravatar.com\/avatar\/f912434ef7f389c92cb311fcdae346af848465d638912574b3c669070f797701?s=96&d=mm&r=g\",\"url\":\"https:\/\/secure.gravatar.com\/avatar\/f912434ef7f389c92cb311fcdae346af848465d638912574b3c669070f797701?s=96&d=mm&r=g\",\"contentUrl\":\"https:\/\/secure.gravatar.com\/avatar\/f912434ef7f389c92cb311fcdae346af848465d638912574b3c669070f797701?s=96&d=mm&r=g\",\"caption\":\"TMax Tecnologia\"},\"url\":\"https:\/\/www.institutodeengenharia.org.br\/site\/author\/tmax\/\"}]}<\/script>\n<!-- \/ Yoast SEO plugin. -->","yoast_head_json":{"title":"Mesa redonda sobre energia com o Dr. Mario Veiga - Instituto de Engenharia","robots":{"index":"index","follow":"follow","max-snippet":"max-snippet:-1","max-image-preview":"max-image-preview:large","max-video-preview":"max-video-preview:-1"},"canonical":"https:\/\/www.institutodeengenharia.org.br\/site\/2008\/02\/22\/mesa-redonda-sobre-energia-com-o-dr-mario-veiga\/","og_locale":"pt_BR","og_type":"article","og_title":"Mesa redonda sobre energia com o Dr. Mario Veiga - Instituto de Engenharia","og_description":"O Instituto de Engenharia recebeu na segunda mesa redonda de 2008, no dia 19 de fevereiro, o engenheiro eletricista Dr. Mario Veiga, especialista em planejamento energ\u00e9tico.\u00a0 Como o tema era energia com enfoque em poss\u00edvel racionamento, um problema bastante atual, despertou o interesse de muita gente; tivemos o audit\u00f3rio quase lotado.\u00a0 O eng. Mario Veiga [&hellip;]","og_url":"https:\/\/www.institutodeengenharia.org.br\/site\/2008\/02\/22\/mesa-redonda-sobre-energia-com-o-dr-mario-veiga\/","og_site_name":"Instituto de Engenharia","article_publisher":"https:\/\/www.facebook.com\/institutodeengenharia","article_published_time":"2008-02-22T21:46:47+00:00","author":"TMax Tecnologia","twitter_card":"summary_large_image","twitter_creator":"@iengenharia","twitter_site":"@iengenharia","twitter_misc":{"Escrito por":"TMax Tecnologia","Est. tempo de leitura":"1 minuto"},"schema":{"@context":"https:\/\/schema.org","@graph":[{"@type":"Article","@id":"https:\/\/www.institutodeengenharia.org.br\/site\/2008\/02\/22\/mesa-redonda-sobre-energia-com-o-dr-mario-veiga\/#article","isPartOf":{"@id":"https:\/\/www.institutodeengenharia.org.br\/site\/2008\/02\/22\/mesa-redonda-sobre-energia-com-o-dr-mario-veiga\/"},"author":{"name":"TMax Tecnologia","@id":"https:\/\/www.institutodeengenharia.org.br\/site\/#\/schema\/person\/3b1ff109facef084739fc2edcb9a127f"},"headline":"Mesa redonda sobre energia com o Dr. Mario Veiga","datePublished":"2008-02-22T21:46:47+00:00","mainEntityOfPage":{"@id":"https:\/\/www.institutodeengenharia.org.br\/site\/2008\/02\/22\/mesa-redonda-sobre-energia-com-o-dr-mario-veiga\/"},"wordCount":282,"commentCount":0,"publisher":{"@id":"https:\/\/www.institutodeengenharia.org.br\/site\/#organization"},"articleSection":["Instituto de Engenharia","Not\u00edcias"],"inLanguage":"pt-BR","potentialAction":[{"@type":"CommentAction","name":"Comment","target":["https:\/\/www.institutodeengenharia.org.br\/site\/2008\/02\/22\/mesa-redonda-sobre-energia-com-o-dr-mario-veiga\/#respond"]}]},{"@type":"WebPage","@id":"https:\/\/www.institutodeengenharia.org.br\/site\/2008\/02\/22\/mesa-redonda-sobre-energia-com-o-dr-mario-veiga\/","url":"https:\/\/www.institutodeengenharia.org.br\/site\/2008\/02\/22\/mesa-redonda-sobre-energia-com-o-dr-mario-veiga\/","name":"Mesa redonda sobre energia com o Dr. Mario Veiga - Instituto de Engenharia","isPartOf":{"@id":"https:\/\/www.institutodeengenharia.org.br\/site\/#website"},"datePublished":"2008-02-22T21:46:47+00:00","breadcrumb":{"@id":"https:\/\/www.institutodeengenharia.org.br\/site\/2008\/02\/22\/mesa-redonda-sobre-energia-com-o-dr-mario-veiga\/#breadcrumb"},"inLanguage":"pt-BR","potentialAction":[{"@type":"ReadAction","target":["https:\/\/www.institutodeengenharia.org.br\/site\/2008\/02\/22\/mesa-redonda-sobre-energia-com-o-dr-mario-veiga\/"]}]},{"@type":"BreadcrumbList","@id":"https:\/\/www.institutodeengenharia.org.br\/site\/2008\/02\/22\/mesa-redonda-sobre-energia-com-o-dr-mario-veiga\/#breadcrumb","itemListElement":[{"@type":"ListItem","position":1,"name":"In\u00edcio","item":"https:\/\/www.institutodeengenharia.org.br\/site\/"},{"@type":"ListItem","position":2,"name":"Mesa redonda sobre energia com o Dr. Mario Veiga"}]},{"@type":"WebSite","@id":"https:\/\/www.institutodeengenharia.org.br\/site\/#website","url":"https:\/\/www.institutodeengenharia.org.br\/site\/","name":"Instituto de Engenharia","description":"O Instituto de Engenharia promove a Engenharia em benef\u00edcio do desenvolvimento e da qualidade de vida da sociedade.","publisher":{"@id":"https:\/\/www.institutodeengenharia.org.br\/site\/#organization"},"potentialAction":[{"@type":"SearchAction","target":{"@type":"EntryPoint","urlTemplate":"https:\/\/www.institutodeengenharia.org.br\/site\/?s={search_term_string}"},"query-input":{"@type":"PropertyValueSpecification","valueRequired":true,"valueName":"search_term_string"}}],"inLanguage":"pt-BR"},{"@type":"Organization","@id":"https:\/\/www.institutodeengenharia.org.br\/site\/#organization","name":"Instituto de Engenharia","url":"https:\/\/www.institutodeengenharia.org.br\/site\/","logo":{"@type":"ImageObject","inLanguage":"pt-BR","@id":"https:\/\/www.institutodeengenharia.org.br\/site\/#\/schema\/logo\/image\/","url":"https:\/\/www.institutodeengenharia.org.br\/site\/wp-content\/uploads\/2019\/03\/logo-novo-IE2018-1.jpg","contentUrl":"https:\/\/www.institutodeengenharia.org.br\/site\/wp-content\/uploads\/2019\/03\/logo-novo-IE2018-1.jpg","width":1486,"height":1879,"caption":"Instituto de Engenharia"},"image":{"@id":"https:\/\/www.institutodeengenharia.org.br\/site\/#\/schema\/logo\/image\/"},"sameAs":["https:\/\/www.facebook.com\/institutodeengenharia","https:\/\/x.com\/iengenharia","https:\/\/www.instagram.com\/institutodeengenharia\/","https:\/\/www.linkedin.com\/company\/instituto-de-engenharia\/","https:\/\/www.youtube.com\/channel\/UCXiCAlsSMe977vamW915HxA"]},{"@type":"Person","@id":"https:\/\/www.institutodeengenharia.org.br\/site\/#\/schema\/person\/3b1ff109facef084739fc2edcb9a127f","name":"TMax Tecnologia","image":{"@type":"ImageObject","inLanguage":"pt-BR","@id":"https:\/\/secure.gravatar.com\/avatar\/f912434ef7f389c92cb311fcdae346af848465d638912574b3c669070f797701?s=96&d=mm&r=g","url":"https:\/\/secure.gravatar.com\/avatar\/f912434ef7f389c92cb311fcdae346af848465d638912574b3c669070f797701?s=96&d=mm&r=g","contentUrl":"https:\/\/secure.gravatar.com\/avatar\/f912434ef7f389c92cb311fcdae346af848465d638912574b3c669070f797701?s=96&d=mm&r=g","caption":"TMax Tecnologia"},"url":"https:\/\/www.institutodeengenharia.org.br\/site\/author\/tmax\/"}]}},"_links":{"self":[{"href":"https:\/\/www.institutodeengenharia.org.br\/site\/wp-json\/wp\/v2\/posts\/14530","targetHints":{"allow":["GET"]}}],"collection":[{"href":"https:\/\/www.institutodeengenharia.org.br\/site\/wp-json\/wp\/v2\/posts"}],"about":[{"href":"https:\/\/www.institutodeengenharia.org.br\/site\/wp-json\/wp\/v2\/types\/post"}],"author":[{"embeddable":true,"href":"https:\/\/www.institutodeengenharia.org.br\/site\/wp-json\/wp\/v2\/users\/1"}],"replies":[{"embeddable":true,"href":"https:\/\/www.institutodeengenharia.org.br\/site\/wp-json\/wp\/v2\/comments?post=14530"}],"version-history":[{"count":0,"href":"https:\/\/www.institutodeengenharia.org.br\/site\/wp-json\/wp\/v2\/posts\/14530\/revisions"}],"wp:attachment":[{"href":"https:\/\/www.institutodeengenharia.org.br\/site\/wp-json\/wp\/v2\/media?parent=14530"}],"wp:term":[{"taxonomy":"category","embeddable":true,"href":"https:\/\/www.institutodeengenharia.org.br\/site\/wp-json\/wp\/v2\/categories?post=14530"},{"taxonomy":"post_tag","embeddable":true,"href":"https:\/\/www.institutodeengenharia.org.br\/site\/wp-json\/wp\/v2\/tags?post=14530"}],"curies":[{"name":"wp","href":"https:\/\/api.w.org\/{rel}","templated":true}]}}