{"id":14529,"date":"2008-02-20T21:46:46","date_gmt":"2008-02-20T21:46:46","guid":{"rendered":"https:\/\/www.institutodeengenharia.org.br\/?p=14529"},"modified":"2008-02-20T15:28:12","modified_gmt":"2008-02-20T15:28:12","slug":"comgas-reativa-sede-em-edificio-historico-e-o-torna-autosustentavel","status":"publish","type":"post","link":"https:\/\/www.institutodeengenharia.org.br\/site\/2008\/02\/20\/comgas-reativa-sede-em-edificio-historico-e-o-torna-autosustentavel\/","title":{"rendered":"Comg\u00e1s reativa sede em edif\u00edcio hist\u00f3rico e o torna auto-sustent\u00e1vel"},"content":{"rendered":"<p>O Centro Operacional da Regi\u00e3o Metropolitana da Companhia de G\u00e1s de S\u00e3o Paulo (Comg\u00e1s) volta a funcionar no chamado Complexo do Gas\u00f4metro, \u00e1rea de 24 mil metros quadrados, localizada no Br\u00e1s. Tombada pelo Conselho Municipal de Preserva\u00e7\u00e3o do Patrim\u00f4nio Hist\u00f3rico, Cultural e Ambiental da Cidade de S\u00e3o Paulo (Conpresp), o pr\u00e9dio funcionou como sede da empresa de 1890 a 1972, quando o g\u00e1s de carv\u00e3o come\u00e7ou a ser substitu\u00edda por outras fontes de energia.\u00a0<\/p>\n<p>Com in\u00edcio em 2006 e inaugura\u00e7\u00e3o prevista ainda para este m\u00eas, os investimentos foram na ordem de R$ 38 milh\u00f5es. Todos os detalhes originais, da primeira sede da empresa foram preservados, de acordo \u00e0 arquitetura da d\u00e9cada de 30, como tijolos aparentes, esquadrias e janelas originais, paredes e muros pintados \u00e0 cal, telhas, vidros especiais de origem belga. Tamb\u00e9m foram preservadas as estruturas met\u00e1licas de dois bal\u00f5es, onde o g\u00e1s era armazenado. Em uma delas foi constru\u00eddo um centro social e na outra um espa\u00e7o aberto para eventos.\u00a0<\/p>\n<p>Al\u00e9m disso, foram implantadas tecnologias que tornam o pr\u00e9dio um edif\u00edcio auto-sustent\u00e1vel. Haver\u00e1 reuso de \u00e1gua, gera\u00e7\u00e3o de energia a g\u00e1s, tratamento de esgoto e efluentes, coleta seletiva de lixo e uma entrada exclusiva para a esta\u00e7\u00e3o de metr\u00f4.\u00a0<\/p>\n<p>Para se ter uma id\u00e9ia, a energia utilizada ser\u00e1 obtida atrav\u00e9s da cogera\u00e7\u00e3o, atrav\u00e9s de um gerador convertendo g\u00e1s natural em energia el\u00e9trica, tendo como subproduto \u00e1gua gelada para a opera\u00e7\u00e3o do sistema de ar condicionado. Apenas 20% dos recursos energ\u00e9ticos ser\u00e3o obtidos a partir da rede p\u00fablica de energia el\u00e9trica.\u00a0<\/p>\n<p>A \u00e1gua pluviual tamb\u00e9m ser\u00e1 captada e encaminhada para reservat\u00f3rios subterr\u00e2neos (com capacidade para 300 mil litros de \u00e1gua). Todos os efluentes do complexo ser\u00e3o tratados biologicamente. Os res\u00edduos s\u00f3lidos ou l\u00edquidos ser\u00e3o coletados por uma central que se encarregar\u00e1 da classifica\u00e7\u00e3o e do descarte. A sala onde o g\u00e1s era comprimido abrigar\u00e1 uma exposi\u00e7\u00e3o permanente, onde poder\u00e3o ser agendadas visitas a partir de mar\u00e7o.\u00a0<\/p>\n<p>No complexo funcionar\u00e1 a sala de controle da empresa (atualmente na M\u00f3oca) que monitora a distribui\u00e7\u00e3o de g\u00e1s em toda a \u00e1rea de concess\u00e3o da Comg\u00e1s, em 66 munic\u00edpios paulistas, medindo press\u00e3o, vaz\u00e3o e temperatura nos citi-gates para os grandes consumidores. <\/p>\n<p><b>Autor: Viviane Nunes<\/b><\/p>\n","protected":false},"excerpt":{"rendered":"<p>O Centro Operacional da Regi\u00e3o Metropolitana da Companhia de G\u00e1s de S\u00e3o Paulo (Comg\u00e1s) volta a funcionar no chamado Complexo do Gas\u00f4metro, \u00e1rea de 24 mil metros quadrados, localizada no Br\u00e1s. Tombada pelo Conselho Municipal de Preserva\u00e7\u00e3o do Patrim\u00f4nio Hist\u00f3rico, Cultural e Ambiental da Cidade de S\u00e3o Paulo (Conpresp), o pr\u00e9dio funcionou como sede da [&hellip;]<\/p>\n","protected":false},"author":1,"featured_media":0,"comment_status":"open","ping_status":"open","sticky":false,"template":"","format":"standard","meta":{"footnotes":""},"categories":[24,6],"tags":[],"class_list":{"0":"post-14529","1":"post","2":"type-post","3":"status-publish","4":"format-standard","6":"category-energia","7":"category-noticias"},"yoast_head":"<!-- This site is optimized with the Yoast SEO plugin v27.2 - https:\/\/yoast.com\/product\/yoast-seo-wordpress\/ -->\n<title>Comg\u00e1s reativa sede em edif\u00edcio hist\u00f3rico e o torna auto-sustent\u00e1vel - Instituto de Engenharia<\/title>\n<meta name=\"robots\" content=\"index, follow, max-snippet:-1, max-image-preview:large, max-video-preview:-1\" \/>\n<link rel=\"canonical\" href=\"https:\/\/www.institutodeengenharia.org.br\/site\/2008\/02\/20\/comgas-reativa-sede-em-edificio-historico-e-o-torna-autosustentavel\/\" \/>\n<meta property=\"og:locale\" content=\"pt_BR\" \/>\n<meta property=\"og:type\" content=\"article\" \/>\n<meta property=\"og:title\" content=\"Comg\u00e1s reativa sede em edif\u00edcio hist\u00f3rico e o torna auto-sustent\u00e1vel - Instituto de Engenharia\" \/>\n<meta property=\"og:description\" content=\"O Centro Operacional da Regi\u00e3o Metropolitana da Companhia de G\u00e1s de S\u00e3o Paulo (Comg\u00e1s) volta a funcionar no chamado Complexo do Gas\u00f4metro, \u00e1rea de 24 mil metros quadrados, localizada no Br\u00e1s. Tombada pelo Conselho Municipal de Preserva\u00e7\u00e3o do Patrim\u00f4nio Hist\u00f3rico, Cultural e Ambiental da Cidade de S\u00e3o Paulo (Conpresp), o pr\u00e9dio funcionou como sede da [&hellip;]\" \/>\n<meta property=\"og:url\" content=\"https:\/\/www.institutodeengenharia.org.br\/site\/2008\/02\/20\/comgas-reativa-sede-em-edificio-historico-e-o-torna-autosustentavel\/\" \/>\n<meta property=\"og:site_name\" content=\"Instituto de Engenharia\" \/>\n<meta property=\"article:publisher\" content=\"https:\/\/www.facebook.com\/institutodeengenharia\" \/>\n<meta property=\"article:published_time\" content=\"2008-02-20T21:46:46+00:00\" \/>\n<meta name=\"author\" content=\"TMax Tecnologia\" \/>\n<meta name=\"twitter:card\" content=\"summary_large_image\" \/>\n<meta name=\"twitter:creator\" content=\"@iengenharia\" \/>\n<meta name=\"twitter:site\" content=\"@iengenharia\" \/>\n<meta name=\"twitter:label1\" content=\"Escrito por\" \/>\n\t<meta name=\"twitter:data1\" content=\"TMax Tecnologia\" \/>\n\t<meta name=\"twitter:label2\" content=\"Est. tempo de leitura\" \/>\n\t<meta name=\"twitter:data2\" content=\"2 minutos\" \/>\n<script type=\"application\/ld+json\" class=\"yoast-schema-graph\">{\"@context\":\"https:\/\/schema.org\",\"@graph\":[{\"@type\":\"Article\",\"@id\":\"https:\/\/www.institutodeengenharia.org.br\/site\/2008\/02\/20\/comgas-reativa-sede-em-edificio-historico-e-o-torna-autosustentavel\/#article\",\"isPartOf\":{\"@id\":\"https:\/\/www.institutodeengenharia.org.br\/site\/2008\/02\/20\/comgas-reativa-sede-em-edificio-historico-e-o-torna-autosustentavel\/\"},\"author\":{\"name\":\"TMax Tecnologia\",\"@id\":\"https:\/\/www.institutodeengenharia.org.br\/site\/#\/schema\/person\/3b1ff109facef084739fc2edcb9a127f\"},\"headline\":\"Comg\u00e1s reativa sede em edif\u00edcio hist\u00f3rico e o torna auto-sustent\u00e1vel\",\"datePublished\":\"2008-02-20T21:46:46+00:00\",\"mainEntityOfPage\":{\"@id\":\"https:\/\/www.institutodeengenharia.org.br\/site\/2008\/02\/20\/comgas-reativa-sede-em-edificio-historico-e-o-torna-autosustentavel\/\"},\"wordCount\":429,\"commentCount\":0,\"publisher\":{\"@id\":\"https:\/\/www.institutodeengenharia.org.br\/site\/#organization\"},\"articleSection\":[\"Energia\",\"Not\u00edcias\"],\"inLanguage\":\"pt-BR\",\"potentialAction\":[{\"@type\":\"CommentAction\",\"name\":\"Comment\",\"target\":[\"https:\/\/www.institutodeengenharia.org.br\/site\/2008\/02\/20\/comgas-reativa-sede-em-edificio-historico-e-o-torna-autosustentavel\/#respond\"]}]},{\"@type\":\"WebPage\",\"@id\":\"https:\/\/www.institutodeengenharia.org.br\/site\/2008\/02\/20\/comgas-reativa-sede-em-edificio-historico-e-o-torna-autosustentavel\/\",\"url\":\"https:\/\/www.institutodeengenharia.org.br\/site\/2008\/02\/20\/comgas-reativa-sede-em-edificio-historico-e-o-torna-autosustentavel\/\",\"name\":\"Comg\u00e1s reativa sede em edif\u00edcio hist\u00f3rico e o torna auto-sustent\u00e1vel - Instituto de Engenharia\",\"isPartOf\":{\"@id\":\"https:\/\/www.institutodeengenharia.org.br\/site\/#website\"},\"datePublished\":\"2008-02-20T21:46:46+00:00\",\"breadcrumb\":{\"@id\":\"https:\/\/www.institutodeengenharia.org.br\/site\/2008\/02\/20\/comgas-reativa-sede-em-edificio-historico-e-o-torna-autosustentavel\/#breadcrumb\"},\"inLanguage\":\"pt-BR\",\"potentialAction\":[{\"@type\":\"ReadAction\",\"target\":[\"https:\/\/www.institutodeengenharia.org.br\/site\/2008\/02\/20\/comgas-reativa-sede-em-edificio-historico-e-o-torna-autosustentavel\/\"]}]},{\"@type\":\"BreadcrumbList\",\"@id\":\"https:\/\/www.institutodeengenharia.org.br\/site\/2008\/02\/20\/comgas-reativa-sede-em-edificio-historico-e-o-torna-autosustentavel\/#breadcrumb\",\"itemListElement\":[{\"@type\":\"ListItem\",\"position\":1,\"name\":\"In\u00edcio\",\"item\":\"https:\/\/www.institutodeengenharia.org.br\/site\/\"},{\"@type\":\"ListItem\",\"position\":2,\"name\":\"Comg\u00e1s reativa sede em edif\u00edcio hist\u00f3rico e o torna auto-sustent\u00e1vel\"}]},{\"@type\":\"WebSite\",\"@id\":\"https:\/\/www.institutodeengenharia.org.br\/site\/#website\",\"url\":\"https:\/\/www.institutodeengenharia.org.br\/site\/\",\"name\":\"Instituto de Engenharia\",\"description\":\"O Instituto de Engenharia promove a Engenharia em benef\u00edcio do desenvolvimento e da qualidade de vida da sociedade.\",\"publisher\":{\"@id\":\"https:\/\/www.institutodeengenharia.org.br\/site\/#organization\"},\"potentialAction\":[{\"@type\":\"SearchAction\",\"target\":{\"@type\":\"EntryPoint\",\"urlTemplate\":\"https:\/\/www.institutodeengenharia.org.br\/site\/?s={search_term_string}\"},\"query-input\":{\"@type\":\"PropertyValueSpecification\",\"valueRequired\":true,\"valueName\":\"search_term_string\"}}],\"inLanguage\":\"pt-BR\"},{\"@type\":\"Organization\",\"@id\":\"https:\/\/www.institutodeengenharia.org.br\/site\/#organization\",\"name\":\"Instituto de Engenharia\",\"url\":\"https:\/\/www.institutodeengenharia.org.br\/site\/\",\"logo\":{\"@type\":\"ImageObject\",\"inLanguage\":\"pt-BR\",\"@id\":\"https:\/\/www.institutodeengenharia.org.br\/site\/#\/schema\/logo\/image\/\",\"url\":\"https:\/\/www.institutodeengenharia.org.br\/site\/wp-content\/uploads\/2019\/03\/logo-novo-IE2018-1.jpg\",\"contentUrl\":\"https:\/\/www.institutodeengenharia.org.br\/site\/wp-content\/uploads\/2019\/03\/logo-novo-IE2018-1.jpg\",\"width\":1486,\"height\":1879,\"caption\":\"Instituto de Engenharia\"},\"image\":{\"@id\":\"https:\/\/www.institutodeengenharia.org.br\/site\/#\/schema\/logo\/image\/\"},\"sameAs\":[\"https:\/\/www.facebook.com\/institutodeengenharia\",\"https:\/\/x.com\/iengenharia\",\"https:\/\/www.instagram.com\/institutodeengenharia\/\",\"https:\/\/www.linkedin.com\/company\/instituto-de-engenharia\/\",\"https:\/\/www.youtube.com\/channel\/UCXiCAlsSMe977vamW915HxA\"]},{\"@type\":\"Person\",\"@id\":\"https:\/\/www.institutodeengenharia.org.br\/site\/#\/schema\/person\/3b1ff109facef084739fc2edcb9a127f\",\"name\":\"TMax Tecnologia\",\"image\":{\"@type\":\"ImageObject\",\"inLanguage\":\"pt-BR\",\"@id\":\"https:\/\/secure.gravatar.com\/avatar\/f912434ef7f389c92cb311fcdae346af848465d638912574b3c669070f797701?s=96&d=mm&r=g\",\"url\":\"https:\/\/secure.gravatar.com\/avatar\/f912434ef7f389c92cb311fcdae346af848465d638912574b3c669070f797701?s=96&d=mm&r=g\",\"contentUrl\":\"https:\/\/secure.gravatar.com\/avatar\/f912434ef7f389c92cb311fcdae346af848465d638912574b3c669070f797701?s=96&d=mm&r=g\",\"caption\":\"TMax Tecnologia\"},\"url\":\"https:\/\/www.institutodeengenharia.org.br\/site\/author\/tmax\/\"}]}<\/script>\n<!-- \/ Yoast SEO plugin. -->","yoast_head_json":{"title":"Comg\u00e1s reativa sede em edif\u00edcio hist\u00f3rico e o torna auto-sustent\u00e1vel - Instituto de Engenharia","robots":{"index":"index","follow":"follow","max-snippet":"max-snippet:-1","max-image-preview":"max-image-preview:large","max-video-preview":"max-video-preview:-1"},"canonical":"https:\/\/www.institutodeengenharia.org.br\/site\/2008\/02\/20\/comgas-reativa-sede-em-edificio-historico-e-o-torna-autosustentavel\/","og_locale":"pt_BR","og_type":"article","og_title":"Comg\u00e1s reativa sede em edif\u00edcio hist\u00f3rico e o torna auto-sustent\u00e1vel - Instituto de Engenharia","og_description":"O Centro Operacional da Regi\u00e3o Metropolitana da Companhia de G\u00e1s de S\u00e3o Paulo (Comg\u00e1s) volta a funcionar no chamado Complexo do Gas\u00f4metro, \u00e1rea de 24 mil metros quadrados, localizada no Br\u00e1s. Tombada pelo Conselho Municipal de Preserva\u00e7\u00e3o do Patrim\u00f4nio Hist\u00f3rico, Cultural e Ambiental da Cidade de S\u00e3o Paulo (Conpresp), o pr\u00e9dio funcionou como sede da [&hellip;]","og_url":"https:\/\/www.institutodeengenharia.org.br\/site\/2008\/02\/20\/comgas-reativa-sede-em-edificio-historico-e-o-torna-autosustentavel\/","og_site_name":"Instituto de Engenharia","article_publisher":"https:\/\/www.facebook.com\/institutodeengenharia","article_published_time":"2008-02-20T21:46:46+00:00","author":"TMax Tecnologia","twitter_card":"summary_large_image","twitter_creator":"@iengenharia","twitter_site":"@iengenharia","twitter_misc":{"Escrito por":"TMax Tecnologia","Est. tempo de leitura":"2 minutos"},"schema":{"@context":"https:\/\/schema.org","@graph":[{"@type":"Article","@id":"https:\/\/www.institutodeengenharia.org.br\/site\/2008\/02\/20\/comgas-reativa-sede-em-edificio-historico-e-o-torna-autosustentavel\/#article","isPartOf":{"@id":"https:\/\/www.institutodeengenharia.org.br\/site\/2008\/02\/20\/comgas-reativa-sede-em-edificio-historico-e-o-torna-autosustentavel\/"},"author":{"name":"TMax Tecnologia","@id":"https:\/\/www.institutodeengenharia.org.br\/site\/#\/schema\/person\/3b1ff109facef084739fc2edcb9a127f"},"headline":"Comg\u00e1s reativa sede em edif\u00edcio hist\u00f3rico e o torna auto-sustent\u00e1vel","datePublished":"2008-02-20T21:46:46+00:00","mainEntityOfPage":{"@id":"https:\/\/www.institutodeengenharia.org.br\/site\/2008\/02\/20\/comgas-reativa-sede-em-edificio-historico-e-o-torna-autosustentavel\/"},"wordCount":429,"commentCount":0,"publisher":{"@id":"https:\/\/www.institutodeengenharia.org.br\/site\/#organization"},"articleSection":["Energia","Not\u00edcias"],"inLanguage":"pt-BR","potentialAction":[{"@type":"CommentAction","name":"Comment","target":["https:\/\/www.institutodeengenharia.org.br\/site\/2008\/02\/20\/comgas-reativa-sede-em-edificio-historico-e-o-torna-autosustentavel\/#respond"]}]},{"@type":"WebPage","@id":"https:\/\/www.institutodeengenharia.org.br\/site\/2008\/02\/20\/comgas-reativa-sede-em-edificio-historico-e-o-torna-autosustentavel\/","url":"https:\/\/www.institutodeengenharia.org.br\/site\/2008\/02\/20\/comgas-reativa-sede-em-edificio-historico-e-o-torna-autosustentavel\/","name":"Comg\u00e1s reativa sede em edif\u00edcio hist\u00f3rico e o torna auto-sustent\u00e1vel - Instituto de Engenharia","isPartOf":{"@id":"https:\/\/www.institutodeengenharia.org.br\/site\/#website"},"datePublished":"2008-02-20T21:46:46+00:00","breadcrumb":{"@id":"https:\/\/www.institutodeengenharia.org.br\/site\/2008\/02\/20\/comgas-reativa-sede-em-edificio-historico-e-o-torna-autosustentavel\/#breadcrumb"},"inLanguage":"pt-BR","potentialAction":[{"@type":"ReadAction","target":["https:\/\/www.institutodeengenharia.org.br\/site\/2008\/02\/20\/comgas-reativa-sede-em-edificio-historico-e-o-torna-autosustentavel\/"]}]},{"@type":"BreadcrumbList","@id":"https:\/\/www.institutodeengenharia.org.br\/site\/2008\/02\/20\/comgas-reativa-sede-em-edificio-historico-e-o-torna-autosustentavel\/#breadcrumb","itemListElement":[{"@type":"ListItem","position":1,"name":"In\u00edcio","item":"https:\/\/www.institutodeengenharia.org.br\/site\/"},{"@type":"ListItem","position":2,"name":"Comg\u00e1s reativa sede em edif\u00edcio hist\u00f3rico e o torna auto-sustent\u00e1vel"}]},{"@type":"WebSite","@id":"https:\/\/www.institutodeengenharia.org.br\/site\/#website","url":"https:\/\/www.institutodeengenharia.org.br\/site\/","name":"Instituto de Engenharia","description":"O Instituto de Engenharia promove a Engenharia em benef\u00edcio do desenvolvimento e da qualidade de vida da sociedade.","publisher":{"@id":"https:\/\/www.institutodeengenharia.org.br\/site\/#organization"},"potentialAction":[{"@type":"SearchAction","target":{"@type":"EntryPoint","urlTemplate":"https:\/\/www.institutodeengenharia.org.br\/site\/?s={search_term_string}"},"query-input":{"@type":"PropertyValueSpecification","valueRequired":true,"valueName":"search_term_string"}}],"inLanguage":"pt-BR"},{"@type":"Organization","@id":"https:\/\/www.institutodeengenharia.org.br\/site\/#organization","name":"Instituto de Engenharia","url":"https:\/\/www.institutodeengenharia.org.br\/site\/","logo":{"@type":"ImageObject","inLanguage":"pt-BR","@id":"https:\/\/www.institutodeengenharia.org.br\/site\/#\/schema\/logo\/image\/","url":"https:\/\/www.institutodeengenharia.org.br\/site\/wp-content\/uploads\/2019\/03\/logo-novo-IE2018-1.jpg","contentUrl":"https:\/\/www.institutodeengenharia.org.br\/site\/wp-content\/uploads\/2019\/03\/logo-novo-IE2018-1.jpg","width":1486,"height":1879,"caption":"Instituto de Engenharia"},"image":{"@id":"https:\/\/www.institutodeengenharia.org.br\/site\/#\/schema\/logo\/image\/"},"sameAs":["https:\/\/www.facebook.com\/institutodeengenharia","https:\/\/x.com\/iengenharia","https:\/\/www.instagram.com\/institutodeengenharia\/","https:\/\/www.linkedin.com\/company\/instituto-de-engenharia\/","https:\/\/www.youtube.com\/channel\/UCXiCAlsSMe977vamW915HxA"]},{"@type":"Person","@id":"https:\/\/www.institutodeengenharia.org.br\/site\/#\/schema\/person\/3b1ff109facef084739fc2edcb9a127f","name":"TMax Tecnologia","image":{"@type":"ImageObject","inLanguage":"pt-BR","@id":"https:\/\/secure.gravatar.com\/avatar\/f912434ef7f389c92cb311fcdae346af848465d638912574b3c669070f797701?s=96&d=mm&r=g","url":"https:\/\/secure.gravatar.com\/avatar\/f912434ef7f389c92cb311fcdae346af848465d638912574b3c669070f797701?s=96&d=mm&r=g","contentUrl":"https:\/\/secure.gravatar.com\/avatar\/f912434ef7f389c92cb311fcdae346af848465d638912574b3c669070f797701?s=96&d=mm&r=g","caption":"TMax Tecnologia"},"url":"https:\/\/www.institutodeengenharia.org.br\/site\/author\/tmax\/"}]}},"_links":{"self":[{"href":"https:\/\/www.institutodeengenharia.org.br\/site\/wp-json\/wp\/v2\/posts\/14529","targetHints":{"allow":["GET"]}}],"collection":[{"href":"https:\/\/www.institutodeengenharia.org.br\/site\/wp-json\/wp\/v2\/posts"}],"about":[{"href":"https:\/\/www.institutodeengenharia.org.br\/site\/wp-json\/wp\/v2\/types\/post"}],"author":[{"embeddable":true,"href":"https:\/\/www.institutodeengenharia.org.br\/site\/wp-json\/wp\/v2\/users\/1"}],"replies":[{"embeddable":true,"href":"https:\/\/www.institutodeengenharia.org.br\/site\/wp-json\/wp\/v2\/comments?post=14529"}],"version-history":[{"count":0,"href":"https:\/\/www.institutodeengenharia.org.br\/site\/wp-json\/wp\/v2\/posts\/14529\/revisions"}],"wp:attachment":[{"href":"https:\/\/www.institutodeengenharia.org.br\/site\/wp-json\/wp\/v2\/media?parent=14529"}],"wp:term":[{"taxonomy":"category","embeddable":true,"href":"https:\/\/www.institutodeengenharia.org.br\/site\/wp-json\/wp\/v2\/categories?post=14529"},{"taxonomy":"post_tag","embeddable":true,"href":"https:\/\/www.institutodeengenharia.org.br\/site\/wp-json\/wp\/v2\/tags?post=14529"}],"curies":[{"name":"wp","href":"https:\/\/api.w.org\/{rel}","templated":true}]}}