{"id":14528,"date":"2008-02-12T21:46:45","date_gmt":"2008-02-12T21:46:45","guid":{"rendered":"https:\/\/www.institutodeengenharia.org.br\/?p=14528"},"modified":"2008-02-18T18:21:56","modified_gmt":"2008-02-18T18:21:56","slug":"engevix-assina-contrato-com-a-costa-rica-para-desenvolver-projeto-de-trem-eletrico","status":"publish","type":"post","link":"https:\/\/www.institutodeengenharia.org.br\/site\/2008\/02\/12\/engevix-assina-contrato-com-a-costa-rica-para-desenvolver-projeto-de-trem-eletrico\/","title":{"rendered":"Engevix assina contrato com a Costa Rica para desenvolver projeto de trem el\u00e9trico"},"content":{"rendered":"<p>A Engevix Engenharia assinou contrato com o governo da Costa Rica para realizar estudo de viabilidade e a modelagem da concess\u00e3o do projeto trem el\u00e9trico metropolitano de San Jos\u00e9, capital do Pa\u00eds e principal centro econ\u00f4mico e pol\u00edtico da regi\u00e3o.\u00a0<\/p>\n<p>Trata-se de um projeto longamente planejado pelo governo da Costa Rica para desafogar o intenso tr\u00e1fego da regi\u00e3o central da capital do pa\u00eds, atrav\u00e9s da liga\u00e7\u00e3o entre esta\u00e7\u00f5es em Herredia e San Jos\u00e9. \u201cFaremos levantamento das demandas, do n\u00famero de passageiros e estudo operacional\u201d, explica o presidente da companhia, Cristiano Kok.\u00a0<\/p>\n<p>A Engevix foi escolhida entre outros seis concorrentes internacionais, principalmente por causa da sua experi\u00eancia na constru\u00e7\u00e3o dos metr\u00f4s de S\u00e3o Paulo e do Rio de Janeiro, assim como dos trens metropolitanos de Porto Alegre, Belo Horizonte e Blumenau. O prazo para conclus\u00e3o do estudo \u00e9 de 20 meses.\u00a0<\/p>\n<p>Pelo cronograma definido pelo engenheiro Wilson Vieira, diretor da Engevix, com o presidente da Costa Rica, Oscar Arias Sanches, e a ministra de Obras P\u00fablicas e\u00a0Transportes, Karla Gonz\u00e1les Carvajal, nos primeiros seis meses ser\u00e1 elaborado o estudo de viabilidade. Nos seis meses seguintes ser\u00e1 feita a prepara\u00e7\u00e3o dos documentos de licita\u00e7\u00e3o.\u00a0<\/p>\n<p>Em seguida, no prazo de oito meses, ser\u00e1 realizada a coordena\u00e7\u00e3o do processo de licita\u00e7\u00e3o. Nesta fase, caber\u00e1 \u00e0 Engevix preparar os documentos de licita\u00e7\u00e3o e a minuta do contrato, apoiar o Conselho Nacional de Concess\u00f5es da Costa Rica na gest\u00e3o do processo de licita\u00e7\u00e3o, identificar fontes de financiamento para o componente p\u00fablico do projeto, obter as propostas e assessor na negocia\u00e7\u00e3o.\u00a0<\/p>\n<p>Nos \u00faltimos anos, desde que decidiu incrementar seus neg\u00f3cios no exterior, em 1999, a Engevix desenvolveu projetos de engenharia em pa\u00edses como M\u00e9xico, Peru, Equador Argentina, Bol\u00edvia e Angola. <\/p>\n<p>Sobre a Engevix\u00a0<\/p>\n<p>A Engevix \u00e9 a maior empresa de engenharia consultiva do Brasil, com faturamento anual de aproximadamente R$ 800 milh\u00f5es e mais de 40 anos de experi\u00eancia.\u00a0<\/p>\n<p>Tem atua\u00e7\u00e3o em seis pa\u00edses da Am\u00e9rica do Sul, Am\u00e9rica Central e \u00c1frica. Atua principalmente nas \u00e1reas de \u00f3leo e g\u00e1s, energia, siderurgia, minera\u00e7\u00e3o, papel e celulose e infra-estrutura. Por meio de sua subsidi\u00e1ria Desenvix, a Engevix tem investimentos na \u00e1rea de gera\u00e7\u00e3o e transmiss\u00e3o de energia el\u00e9trica. A atua\u00e7\u00e3o em engenharia consultiva e gera\u00e7\u00e3o capacita a companhia a identificar as melhores oportunidades de investimentos.\u00a0<\/p>\n<p>Com mais de 2.000 colaboradores, a Engevix tem compromisso com o desenvolvimento sustent\u00e1vel. Foi a primeira empresa de engenharia consultiva brasileira a obter a tr\u00edplice classifica\u00e7\u00e3o em sistemas de gest\u00e3o da qualidade, meio ambiente, sa\u00fade e seguran\u00e7a do trabalho. Esta voca\u00e7\u00e3o tamb\u00e9m se reflete nos projetos sociais desenvolvidos pelo Instituto Engevix).\u00a0<\/p>\n<p><b>Autor: Fernanda Nagatomi<\/b><\/p>\n","protected":false},"excerpt":{"rendered":"<p>A Engevix Engenharia assinou contrato com o governo da Costa Rica para realizar estudo de viabilidade e a modelagem da concess\u00e3o do projeto trem el\u00e9trico metropolitano de San Jos\u00e9, capital do Pa\u00eds e principal centro econ\u00f4mico e pol\u00edtico da regi\u00e3o.\u00a0 Trata-se de um projeto longamente planejado pelo governo da Costa Rica para desafogar o intenso [&hellip;]<\/p>\n","protected":false},"author":1,"featured_media":0,"comment_status":"open","ping_status":"open","sticky":false,"template":"","format":"standard","meta":{"footnotes":""},"categories":[6,41],"tags":[],"class_list":{"0":"post-14528","1":"post","2":"type-post","3":"status-publish","4":"format-standard","6":"category-noticias","7":"category-transportes"},"yoast_head":"<!-- This site is optimized with the Yoast SEO plugin v27.2 - https:\/\/yoast.com\/product\/yoast-seo-wordpress\/ -->\n<title>Engevix assina contrato com a Costa Rica para desenvolver projeto de trem el\u00e9trico - Instituto de Engenharia<\/title>\n<meta name=\"robots\" content=\"index, follow, max-snippet:-1, max-image-preview:large, max-video-preview:-1\" \/>\n<link rel=\"canonical\" href=\"https:\/\/www.institutodeengenharia.org.br\/site\/2008\/02\/12\/engevix-assina-contrato-com-a-costa-rica-para-desenvolver-projeto-de-trem-eletrico\/\" \/>\n<meta property=\"og:locale\" content=\"pt_BR\" \/>\n<meta property=\"og:type\" content=\"article\" \/>\n<meta property=\"og:title\" content=\"Engevix assina contrato com a Costa Rica para desenvolver projeto de trem el\u00e9trico - Instituto de Engenharia\" \/>\n<meta property=\"og:description\" content=\"A Engevix Engenharia assinou contrato com o governo da Costa Rica para realizar estudo de viabilidade e a modelagem da concess\u00e3o do projeto trem el\u00e9trico metropolitano de San Jos\u00e9, capital do Pa\u00eds e principal centro econ\u00f4mico e pol\u00edtico da regi\u00e3o.\u00a0 Trata-se de um projeto longamente planejado pelo governo da Costa Rica para desafogar o intenso [&hellip;]\" \/>\n<meta property=\"og:url\" content=\"https:\/\/www.institutodeengenharia.org.br\/site\/2008\/02\/12\/engevix-assina-contrato-com-a-costa-rica-para-desenvolver-projeto-de-trem-eletrico\/\" \/>\n<meta property=\"og:site_name\" content=\"Instituto de Engenharia\" \/>\n<meta property=\"article:publisher\" content=\"https:\/\/www.facebook.com\/institutodeengenharia\" \/>\n<meta property=\"article:published_time\" content=\"2008-02-12T21:46:45+00:00\" \/>\n<meta property=\"article:modified_time\" content=\"2008-02-18T18:21:56+00:00\" \/>\n<meta name=\"author\" content=\"TMax Tecnologia\" \/>\n<meta name=\"twitter:card\" content=\"summary_large_image\" \/>\n<meta name=\"twitter:creator\" content=\"@iengenharia\" \/>\n<meta name=\"twitter:site\" content=\"@iengenharia\" \/>\n<meta name=\"twitter:label1\" content=\"Escrito por\" \/>\n\t<meta name=\"twitter:data1\" content=\"TMax Tecnologia\" \/>\n\t<meta name=\"twitter:label2\" content=\"Est. tempo de leitura\" \/>\n\t<meta name=\"twitter:data2\" content=\"2 minutos\" \/>\n<script type=\"application\/ld+json\" class=\"yoast-schema-graph\">{\"@context\":\"https:\/\/schema.org\",\"@graph\":[{\"@type\":\"Article\",\"@id\":\"https:\/\/www.institutodeengenharia.org.br\/site\/2008\/02\/12\/engevix-assina-contrato-com-a-costa-rica-para-desenvolver-projeto-de-trem-eletrico\/#article\",\"isPartOf\":{\"@id\":\"https:\/\/www.institutodeengenharia.org.br\/site\/2008\/02\/12\/engevix-assina-contrato-com-a-costa-rica-para-desenvolver-projeto-de-trem-eletrico\/\"},\"author\":{\"name\":\"TMax Tecnologia\",\"@id\":\"https:\/\/www.institutodeengenharia.org.br\/site\/#\/schema\/person\/3b1ff109facef084739fc2edcb9a127f\"},\"headline\":\"Engevix assina contrato com a Costa Rica para desenvolver projeto de trem el\u00e9trico\",\"datePublished\":\"2008-02-12T21:46:45+00:00\",\"dateModified\":\"2008-02-18T18:21:56+00:00\",\"mainEntityOfPage\":{\"@id\":\"https:\/\/www.institutodeengenharia.org.br\/site\/2008\/02\/12\/engevix-assina-contrato-com-a-costa-rica-para-desenvolver-projeto-de-trem-eletrico\/\"},\"wordCount\":493,\"commentCount\":0,\"publisher\":{\"@id\":\"https:\/\/www.institutodeengenharia.org.br\/site\/#organization\"},\"articleSection\":[\"Not\u00edcias\",\"Transportes\"],\"inLanguage\":\"pt-BR\",\"potentialAction\":[{\"@type\":\"CommentAction\",\"name\":\"Comment\",\"target\":[\"https:\/\/www.institutodeengenharia.org.br\/site\/2008\/02\/12\/engevix-assina-contrato-com-a-costa-rica-para-desenvolver-projeto-de-trem-eletrico\/#respond\"]}]},{\"@type\":\"WebPage\",\"@id\":\"https:\/\/www.institutodeengenharia.org.br\/site\/2008\/02\/12\/engevix-assina-contrato-com-a-costa-rica-para-desenvolver-projeto-de-trem-eletrico\/\",\"url\":\"https:\/\/www.institutodeengenharia.org.br\/site\/2008\/02\/12\/engevix-assina-contrato-com-a-costa-rica-para-desenvolver-projeto-de-trem-eletrico\/\",\"name\":\"Engevix assina contrato com a Costa Rica para desenvolver projeto de trem el\u00e9trico - Instituto de Engenharia\",\"isPartOf\":{\"@id\":\"https:\/\/www.institutodeengenharia.org.br\/site\/#website\"},\"datePublished\":\"2008-02-12T21:46:45+00:00\",\"dateModified\":\"2008-02-18T18:21:56+00:00\",\"breadcrumb\":{\"@id\":\"https:\/\/www.institutodeengenharia.org.br\/site\/2008\/02\/12\/engevix-assina-contrato-com-a-costa-rica-para-desenvolver-projeto-de-trem-eletrico\/#breadcrumb\"},\"inLanguage\":\"pt-BR\",\"potentialAction\":[{\"@type\":\"ReadAction\",\"target\":[\"https:\/\/www.institutodeengenharia.org.br\/site\/2008\/02\/12\/engevix-assina-contrato-com-a-costa-rica-para-desenvolver-projeto-de-trem-eletrico\/\"]}]},{\"@type\":\"BreadcrumbList\",\"@id\":\"https:\/\/www.institutodeengenharia.org.br\/site\/2008\/02\/12\/engevix-assina-contrato-com-a-costa-rica-para-desenvolver-projeto-de-trem-eletrico\/#breadcrumb\",\"itemListElement\":[{\"@type\":\"ListItem\",\"position\":1,\"name\":\"In\u00edcio\",\"item\":\"https:\/\/www.institutodeengenharia.org.br\/site\/\"},{\"@type\":\"ListItem\",\"position\":2,\"name\":\"Engevix assina contrato com a Costa Rica para desenvolver projeto de trem el\u00e9trico\"}]},{\"@type\":\"WebSite\",\"@id\":\"https:\/\/www.institutodeengenharia.org.br\/site\/#website\",\"url\":\"https:\/\/www.institutodeengenharia.org.br\/site\/\",\"name\":\"Instituto de Engenharia\",\"description\":\"O Instituto de Engenharia promove a Engenharia em benef\u00edcio do desenvolvimento e da qualidade de vida da sociedade.\",\"publisher\":{\"@id\":\"https:\/\/www.institutodeengenharia.org.br\/site\/#organization\"},\"potentialAction\":[{\"@type\":\"SearchAction\",\"target\":{\"@type\":\"EntryPoint\",\"urlTemplate\":\"https:\/\/www.institutodeengenharia.org.br\/site\/?s={search_term_string}\"},\"query-input\":{\"@type\":\"PropertyValueSpecification\",\"valueRequired\":true,\"valueName\":\"search_term_string\"}}],\"inLanguage\":\"pt-BR\"},{\"@type\":\"Organization\",\"@id\":\"https:\/\/www.institutodeengenharia.org.br\/site\/#organization\",\"name\":\"Instituto de Engenharia\",\"url\":\"https:\/\/www.institutodeengenharia.org.br\/site\/\",\"logo\":{\"@type\":\"ImageObject\",\"inLanguage\":\"pt-BR\",\"@id\":\"https:\/\/www.institutodeengenharia.org.br\/site\/#\/schema\/logo\/image\/\",\"url\":\"https:\/\/www.institutodeengenharia.org.br\/site\/wp-content\/uploads\/2019\/03\/logo-novo-IE2018-1.jpg\",\"contentUrl\":\"https:\/\/www.institutodeengenharia.org.br\/site\/wp-content\/uploads\/2019\/03\/logo-novo-IE2018-1.jpg\",\"width\":1486,\"height\":1879,\"caption\":\"Instituto de Engenharia\"},\"image\":{\"@id\":\"https:\/\/www.institutodeengenharia.org.br\/site\/#\/schema\/logo\/image\/\"},\"sameAs\":[\"https:\/\/www.facebook.com\/institutodeengenharia\",\"https:\/\/x.com\/iengenharia\",\"https:\/\/www.instagram.com\/institutodeengenharia\/\",\"https:\/\/www.linkedin.com\/company\/instituto-de-engenharia\/\",\"https:\/\/www.youtube.com\/channel\/UCXiCAlsSMe977vamW915HxA\"]},{\"@type\":\"Person\",\"@id\":\"https:\/\/www.institutodeengenharia.org.br\/site\/#\/schema\/person\/3b1ff109facef084739fc2edcb9a127f\",\"name\":\"TMax Tecnologia\",\"image\":{\"@type\":\"ImageObject\",\"inLanguage\":\"pt-BR\",\"@id\":\"https:\/\/secure.gravatar.com\/avatar\/f912434ef7f389c92cb311fcdae346af848465d638912574b3c669070f797701?s=96&d=mm&r=g\",\"url\":\"https:\/\/secure.gravatar.com\/avatar\/f912434ef7f389c92cb311fcdae346af848465d638912574b3c669070f797701?s=96&d=mm&r=g\",\"contentUrl\":\"https:\/\/secure.gravatar.com\/avatar\/f912434ef7f389c92cb311fcdae346af848465d638912574b3c669070f797701?s=96&d=mm&r=g\",\"caption\":\"TMax Tecnologia\"},\"url\":\"https:\/\/www.institutodeengenharia.org.br\/site\/author\/tmax\/\"}]}<\/script>\n<!-- \/ Yoast SEO plugin. -->","yoast_head_json":{"title":"Engevix assina contrato com a Costa Rica para desenvolver projeto de trem el\u00e9trico - Instituto de Engenharia","robots":{"index":"index","follow":"follow","max-snippet":"max-snippet:-1","max-image-preview":"max-image-preview:large","max-video-preview":"max-video-preview:-1"},"canonical":"https:\/\/www.institutodeengenharia.org.br\/site\/2008\/02\/12\/engevix-assina-contrato-com-a-costa-rica-para-desenvolver-projeto-de-trem-eletrico\/","og_locale":"pt_BR","og_type":"article","og_title":"Engevix assina contrato com a Costa Rica para desenvolver projeto de trem el\u00e9trico - Instituto de Engenharia","og_description":"A Engevix Engenharia assinou contrato com o governo da Costa Rica para realizar estudo de viabilidade e a modelagem da concess\u00e3o do projeto trem el\u00e9trico metropolitano de San Jos\u00e9, capital do Pa\u00eds e principal centro econ\u00f4mico e pol\u00edtico da regi\u00e3o.\u00a0 Trata-se de um projeto longamente planejado pelo governo da Costa Rica para desafogar o intenso [&hellip;]","og_url":"https:\/\/www.institutodeengenharia.org.br\/site\/2008\/02\/12\/engevix-assina-contrato-com-a-costa-rica-para-desenvolver-projeto-de-trem-eletrico\/","og_site_name":"Instituto de Engenharia","article_publisher":"https:\/\/www.facebook.com\/institutodeengenharia","article_published_time":"2008-02-12T21:46:45+00:00","article_modified_time":"2008-02-18T18:21:56+00:00","author":"TMax Tecnologia","twitter_card":"summary_large_image","twitter_creator":"@iengenharia","twitter_site":"@iengenharia","twitter_misc":{"Escrito por":"TMax Tecnologia","Est. tempo de leitura":"2 minutos"},"schema":{"@context":"https:\/\/schema.org","@graph":[{"@type":"Article","@id":"https:\/\/www.institutodeengenharia.org.br\/site\/2008\/02\/12\/engevix-assina-contrato-com-a-costa-rica-para-desenvolver-projeto-de-trem-eletrico\/#article","isPartOf":{"@id":"https:\/\/www.institutodeengenharia.org.br\/site\/2008\/02\/12\/engevix-assina-contrato-com-a-costa-rica-para-desenvolver-projeto-de-trem-eletrico\/"},"author":{"name":"TMax Tecnologia","@id":"https:\/\/www.institutodeengenharia.org.br\/site\/#\/schema\/person\/3b1ff109facef084739fc2edcb9a127f"},"headline":"Engevix assina contrato com a Costa Rica para desenvolver projeto de trem el\u00e9trico","datePublished":"2008-02-12T21:46:45+00:00","dateModified":"2008-02-18T18:21:56+00:00","mainEntityOfPage":{"@id":"https:\/\/www.institutodeengenharia.org.br\/site\/2008\/02\/12\/engevix-assina-contrato-com-a-costa-rica-para-desenvolver-projeto-de-trem-eletrico\/"},"wordCount":493,"commentCount":0,"publisher":{"@id":"https:\/\/www.institutodeengenharia.org.br\/site\/#organization"},"articleSection":["Not\u00edcias","Transportes"],"inLanguage":"pt-BR","potentialAction":[{"@type":"CommentAction","name":"Comment","target":["https:\/\/www.institutodeengenharia.org.br\/site\/2008\/02\/12\/engevix-assina-contrato-com-a-costa-rica-para-desenvolver-projeto-de-trem-eletrico\/#respond"]}]},{"@type":"WebPage","@id":"https:\/\/www.institutodeengenharia.org.br\/site\/2008\/02\/12\/engevix-assina-contrato-com-a-costa-rica-para-desenvolver-projeto-de-trem-eletrico\/","url":"https:\/\/www.institutodeengenharia.org.br\/site\/2008\/02\/12\/engevix-assina-contrato-com-a-costa-rica-para-desenvolver-projeto-de-trem-eletrico\/","name":"Engevix assina contrato com a Costa Rica para desenvolver projeto de trem el\u00e9trico - Instituto de Engenharia","isPartOf":{"@id":"https:\/\/www.institutodeengenharia.org.br\/site\/#website"},"datePublished":"2008-02-12T21:46:45+00:00","dateModified":"2008-02-18T18:21:56+00:00","breadcrumb":{"@id":"https:\/\/www.institutodeengenharia.org.br\/site\/2008\/02\/12\/engevix-assina-contrato-com-a-costa-rica-para-desenvolver-projeto-de-trem-eletrico\/#breadcrumb"},"inLanguage":"pt-BR","potentialAction":[{"@type":"ReadAction","target":["https:\/\/www.institutodeengenharia.org.br\/site\/2008\/02\/12\/engevix-assina-contrato-com-a-costa-rica-para-desenvolver-projeto-de-trem-eletrico\/"]}]},{"@type":"BreadcrumbList","@id":"https:\/\/www.institutodeengenharia.org.br\/site\/2008\/02\/12\/engevix-assina-contrato-com-a-costa-rica-para-desenvolver-projeto-de-trem-eletrico\/#breadcrumb","itemListElement":[{"@type":"ListItem","position":1,"name":"In\u00edcio","item":"https:\/\/www.institutodeengenharia.org.br\/site\/"},{"@type":"ListItem","position":2,"name":"Engevix assina contrato com a Costa Rica para desenvolver projeto de trem el\u00e9trico"}]},{"@type":"WebSite","@id":"https:\/\/www.institutodeengenharia.org.br\/site\/#website","url":"https:\/\/www.institutodeengenharia.org.br\/site\/","name":"Instituto de Engenharia","description":"O Instituto de Engenharia promove a Engenharia em benef\u00edcio do desenvolvimento e da qualidade de vida da sociedade.","publisher":{"@id":"https:\/\/www.institutodeengenharia.org.br\/site\/#organization"},"potentialAction":[{"@type":"SearchAction","target":{"@type":"EntryPoint","urlTemplate":"https:\/\/www.institutodeengenharia.org.br\/site\/?s={search_term_string}"},"query-input":{"@type":"PropertyValueSpecification","valueRequired":true,"valueName":"search_term_string"}}],"inLanguage":"pt-BR"},{"@type":"Organization","@id":"https:\/\/www.institutodeengenharia.org.br\/site\/#organization","name":"Instituto de Engenharia","url":"https:\/\/www.institutodeengenharia.org.br\/site\/","logo":{"@type":"ImageObject","inLanguage":"pt-BR","@id":"https:\/\/www.institutodeengenharia.org.br\/site\/#\/schema\/logo\/image\/","url":"https:\/\/www.institutodeengenharia.org.br\/site\/wp-content\/uploads\/2019\/03\/logo-novo-IE2018-1.jpg","contentUrl":"https:\/\/www.institutodeengenharia.org.br\/site\/wp-content\/uploads\/2019\/03\/logo-novo-IE2018-1.jpg","width":1486,"height":1879,"caption":"Instituto de Engenharia"},"image":{"@id":"https:\/\/www.institutodeengenharia.org.br\/site\/#\/schema\/logo\/image\/"},"sameAs":["https:\/\/www.facebook.com\/institutodeengenharia","https:\/\/x.com\/iengenharia","https:\/\/www.instagram.com\/institutodeengenharia\/","https:\/\/www.linkedin.com\/company\/instituto-de-engenharia\/","https:\/\/www.youtube.com\/channel\/UCXiCAlsSMe977vamW915HxA"]},{"@type":"Person","@id":"https:\/\/www.institutodeengenharia.org.br\/site\/#\/schema\/person\/3b1ff109facef084739fc2edcb9a127f","name":"TMax Tecnologia","image":{"@type":"ImageObject","inLanguage":"pt-BR","@id":"https:\/\/secure.gravatar.com\/avatar\/f912434ef7f389c92cb311fcdae346af848465d638912574b3c669070f797701?s=96&d=mm&r=g","url":"https:\/\/secure.gravatar.com\/avatar\/f912434ef7f389c92cb311fcdae346af848465d638912574b3c669070f797701?s=96&d=mm&r=g","contentUrl":"https:\/\/secure.gravatar.com\/avatar\/f912434ef7f389c92cb311fcdae346af848465d638912574b3c669070f797701?s=96&d=mm&r=g","caption":"TMax Tecnologia"},"url":"https:\/\/www.institutodeengenharia.org.br\/site\/author\/tmax\/"}]}},"_links":{"self":[{"href":"https:\/\/www.institutodeengenharia.org.br\/site\/wp-json\/wp\/v2\/posts\/14528","targetHints":{"allow":["GET"]}}],"collection":[{"href":"https:\/\/www.institutodeengenharia.org.br\/site\/wp-json\/wp\/v2\/posts"}],"about":[{"href":"https:\/\/www.institutodeengenharia.org.br\/site\/wp-json\/wp\/v2\/types\/post"}],"author":[{"embeddable":true,"href":"https:\/\/www.institutodeengenharia.org.br\/site\/wp-json\/wp\/v2\/users\/1"}],"replies":[{"embeddable":true,"href":"https:\/\/www.institutodeengenharia.org.br\/site\/wp-json\/wp\/v2\/comments?post=14528"}],"version-history":[{"count":0,"href":"https:\/\/www.institutodeengenharia.org.br\/site\/wp-json\/wp\/v2\/posts\/14528\/revisions"}],"wp:attachment":[{"href":"https:\/\/www.institutodeengenharia.org.br\/site\/wp-json\/wp\/v2\/media?parent=14528"}],"wp:term":[{"taxonomy":"category","embeddable":true,"href":"https:\/\/www.institutodeengenharia.org.br\/site\/wp-json\/wp\/v2\/categories?post=14528"},{"taxonomy":"post_tag","embeddable":true,"href":"https:\/\/www.institutodeengenharia.org.br\/site\/wp-json\/wp\/v2\/tags?post=14528"}],"curies":[{"name":"wp","href":"https:\/\/api.w.org\/{rel}","templated":true}]}}