{"id":14526,"date":"2008-02-13T21:46:43","date_gmt":"2008-02-13T21:46:43","guid":{"rendered":"https:\/\/www.institutodeengenharia.org.br\/?p=14526"},"modified":"2008-02-13T15:46:20","modified_gmt":"2008-02-13T15:46:20","slug":"rodovia-das-colinas-ministra-palestra-no-instituto-de-engenharia","status":"publish","type":"post","link":"https:\/\/www.institutodeengenharia.org.br\/site\/2008\/02\/13\/rodovia-das-colinas-ministra-palestra-no-instituto-de-engenharia\/","title":{"rendered":"Rodovia das Colinas ministra palestra no Instituto de Engenharia"},"content":{"rendered":"<p>O gestor de Relacionamento com o Cliente da Rodovia das Colinas, Francisco Pires, esteve no Instituto de Engenharia, no dia 12 de fevereiro, para ministrar a palestra \u201cPrograma de redu\u00e7\u00e3o de risco de acidentes do Sistema Rodovia das Colinas\u201d, cuja principal finalidade foi mostrar as iniciativas promovidas pela concession\u00e1ria em locais com grande tr\u00e1fego compartilhado de ve\u00edculos, ciclistas e pedestres.\u00a0<\/p>\n<p>A palestra abordou, al\u00e9m da Campanha Pedale pela Vida, o Projeto Ciclovia, premiado, em novembro de 2007, pelo Instituto Pedala Brasil..\u00a0<\/p>\n<p>A Campanha Pedale pela Vida \u00e9 uma a\u00e7\u00e3o, que se realiza toda primeira ter\u00e7a-feira do m\u00eas, em que os ciclistas s\u00e3o abordados e recebem orienta\u00e7\u00f5es educativas e colagem de adesivos refletivos nas bicicletas.\u00a0<\/p>\n<p>J\u00e1 o Projeto Ciclovia, implantado no trecho da rodovia SP-127 (regi\u00e3o de Rio Claro-SP) para preven\u00e7\u00e3o de acidentes, foi desenvolvido a partir de observa\u00e7\u00f5es e da realiza\u00e7\u00e3o de uma pesquisa com os ciclistas.\u00a0<\/p>\n<p>O encontro foi organizado pelo Departamento de Engenharia Civil, da Divis\u00e3o T\u00e9cnica de Modos de Transportes N\u00e3o-Poluentes do Instituto de Engenharia. <\/p>\n<p><a href=\"https:\/\/www.institutodeengenharia.org.br\/site\/wp-content\/uploads\/2017\/10\/arqnot178.ppt\">arqnot178.ppt<\/a><\/p>\n<p><b>Autor: Fernanda Nagatomi<\/b><\/p>\n","protected":false},"excerpt":{"rendered":"<p>O gestor de Relacionamento com o Cliente da Rodovia das Colinas, Francisco Pires, esteve no Instituto de Engenharia, no dia 12 de fevereiro, para ministrar a palestra \u201cPrograma de redu\u00e7\u00e3o de risco de acidentes do Sistema Rodovia das Colinas\u201d, cuja principal finalidade foi mostrar as iniciativas promovidas pela concession\u00e1ria em locais com grande tr\u00e1fego compartilhado [&hellip;]<\/p>\n","protected":false},"author":1,"featured_media":0,"comment_status":"open","ping_status":"open","sticky":false,"template":"","format":"standard","meta":{"footnotes":""},"categories":[27,6],"tags":[],"class_list":{"0":"post-14526","1":"post","2":"type-post","3":"status-publish","4":"format-standard","6":"category-instituto-de-engenharia","7":"category-noticias"},"yoast_head":"<!-- This site is optimized with the Yoast SEO plugin v27.2 - https:\/\/yoast.com\/product\/yoast-seo-wordpress\/ -->\n<title>Rodovia das Colinas ministra palestra no Instituto de Engenharia - Instituto de Engenharia<\/title>\n<meta name=\"robots\" content=\"index, follow, max-snippet:-1, max-image-preview:large, max-video-preview:-1\" \/>\n<link rel=\"canonical\" href=\"https:\/\/www.institutodeengenharia.org.br\/site\/2008\/02\/13\/rodovia-das-colinas-ministra-palestra-no-instituto-de-engenharia\/\" \/>\n<meta property=\"og:locale\" content=\"pt_BR\" \/>\n<meta property=\"og:type\" content=\"article\" \/>\n<meta property=\"og:title\" content=\"Rodovia das Colinas ministra palestra no Instituto de Engenharia - Instituto de Engenharia\" \/>\n<meta property=\"og:description\" content=\"O gestor de Relacionamento com o Cliente da Rodovia das Colinas, Francisco Pires, esteve no Instituto de Engenharia, no dia 12 de fevereiro, para ministrar a palestra \u201cPrograma de redu\u00e7\u00e3o de risco de acidentes do Sistema Rodovia das Colinas\u201d, cuja principal finalidade foi mostrar as iniciativas promovidas pela concession\u00e1ria em locais com grande tr\u00e1fego compartilhado [&hellip;]\" \/>\n<meta property=\"og:url\" content=\"https:\/\/www.institutodeengenharia.org.br\/site\/2008\/02\/13\/rodovia-das-colinas-ministra-palestra-no-instituto-de-engenharia\/\" \/>\n<meta property=\"og:site_name\" content=\"Instituto de Engenharia\" \/>\n<meta property=\"article:publisher\" content=\"https:\/\/www.facebook.com\/institutodeengenharia\" \/>\n<meta property=\"article:published_time\" content=\"2008-02-13T21:46:43+00:00\" \/>\n<meta name=\"author\" content=\"TMax Tecnologia\" \/>\n<meta name=\"twitter:card\" content=\"summary_large_image\" \/>\n<meta name=\"twitter:creator\" content=\"@iengenharia\" \/>\n<meta name=\"twitter:site\" content=\"@iengenharia\" \/>\n<meta name=\"twitter:label1\" content=\"Escrito por\" \/>\n\t<meta name=\"twitter:data1\" content=\"TMax Tecnologia\" \/>\n\t<meta name=\"twitter:label2\" content=\"Est. tempo de leitura\" \/>\n\t<meta name=\"twitter:data2\" content=\"1 minuto\" \/>\n<script type=\"application\/ld+json\" class=\"yoast-schema-graph\">{\"@context\":\"https:\/\/schema.org\",\"@graph\":[{\"@type\":\"Article\",\"@id\":\"https:\/\/www.institutodeengenharia.org.br\/site\/2008\/02\/13\/rodovia-das-colinas-ministra-palestra-no-instituto-de-engenharia\/#article\",\"isPartOf\":{\"@id\":\"https:\/\/www.institutodeengenharia.org.br\/site\/2008\/02\/13\/rodovia-das-colinas-ministra-palestra-no-instituto-de-engenharia\/\"},\"author\":{\"name\":\"TMax Tecnologia\",\"@id\":\"https:\/\/www.institutodeengenharia.org.br\/site\/#\/schema\/person\/3b1ff109facef084739fc2edcb9a127f\"},\"headline\":\"Rodovia das Colinas ministra palestra no Instituto de Engenharia\",\"datePublished\":\"2008-02-13T21:46:43+00:00\",\"mainEntityOfPage\":{\"@id\":\"https:\/\/www.institutodeengenharia.org.br\/site\/2008\/02\/13\/rodovia-das-colinas-ministra-palestra-no-instituto-de-engenharia\/\"},\"wordCount\":196,\"commentCount\":0,\"publisher\":{\"@id\":\"https:\/\/www.institutodeengenharia.org.br\/site\/#organization\"},\"articleSection\":[\"Instituto de Engenharia\",\"Not\u00edcias\"],\"inLanguage\":\"pt-BR\",\"potentialAction\":[{\"@type\":\"CommentAction\",\"name\":\"Comment\",\"target\":[\"https:\/\/www.institutodeengenharia.org.br\/site\/2008\/02\/13\/rodovia-das-colinas-ministra-palestra-no-instituto-de-engenharia\/#respond\"]}]},{\"@type\":\"WebPage\",\"@id\":\"https:\/\/www.institutodeengenharia.org.br\/site\/2008\/02\/13\/rodovia-das-colinas-ministra-palestra-no-instituto-de-engenharia\/\",\"url\":\"https:\/\/www.institutodeengenharia.org.br\/site\/2008\/02\/13\/rodovia-das-colinas-ministra-palestra-no-instituto-de-engenharia\/\",\"name\":\"Rodovia das Colinas ministra palestra no Instituto de Engenharia - Instituto de Engenharia\",\"isPartOf\":{\"@id\":\"https:\/\/www.institutodeengenharia.org.br\/site\/#website\"},\"datePublished\":\"2008-02-13T21:46:43+00:00\",\"breadcrumb\":{\"@id\":\"https:\/\/www.institutodeengenharia.org.br\/site\/2008\/02\/13\/rodovia-das-colinas-ministra-palestra-no-instituto-de-engenharia\/#breadcrumb\"},\"inLanguage\":\"pt-BR\",\"potentialAction\":[{\"@type\":\"ReadAction\",\"target\":[\"https:\/\/www.institutodeengenharia.org.br\/site\/2008\/02\/13\/rodovia-das-colinas-ministra-palestra-no-instituto-de-engenharia\/\"]}]},{\"@type\":\"BreadcrumbList\",\"@id\":\"https:\/\/www.institutodeengenharia.org.br\/site\/2008\/02\/13\/rodovia-das-colinas-ministra-palestra-no-instituto-de-engenharia\/#breadcrumb\",\"itemListElement\":[{\"@type\":\"ListItem\",\"position\":1,\"name\":\"In\u00edcio\",\"item\":\"https:\/\/www.institutodeengenharia.org.br\/site\/\"},{\"@type\":\"ListItem\",\"position\":2,\"name\":\"Rodovia das Colinas ministra palestra no Instituto de Engenharia\"}]},{\"@type\":\"WebSite\",\"@id\":\"https:\/\/www.institutodeengenharia.org.br\/site\/#website\",\"url\":\"https:\/\/www.institutodeengenharia.org.br\/site\/\",\"name\":\"Instituto de Engenharia\",\"description\":\"O Instituto de Engenharia promove a Engenharia em benef\u00edcio do desenvolvimento e da qualidade de vida da sociedade.\",\"publisher\":{\"@id\":\"https:\/\/www.institutodeengenharia.org.br\/site\/#organization\"},\"potentialAction\":[{\"@type\":\"SearchAction\",\"target\":{\"@type\":\"EntryPoint\",\"urlTemplate\":\"https:\/\/www.institutodeengenharia.org.br\/site\/?s={search_term_string}\"},\"query-input\":{\"@type\":\"PropertyValueSpecification\",\"valueRequired\":true,\"valueName\":\"search_term_string\"}}],\"inLanguage\":\"pt-BR\"},{\"@type\":\"Organization\",\"@id\":\"https:\/\/www.institutodeengenharia.org.br\/site\/#organization\",\"name\":\"Instituto de Engenharia\",\"url\":\"https:\/\/www.institutodeengenharia.org.br\/site\/\",\"logo\":{\"@type\":\"ImageObject\",\"inLanguage\":\"pt-BR\",\"@id\":\"https:\/\/www.institutodeengenharia.org.br\/site\/#\/schema\/logo\/image\/\",\"url\":\"https:\/\/www.institutodeengenharia.org.br\/site\/wp-content\/uploads\/2019\/03\/logo-novo-IE2018-1.jpg\",\"contentUrl\":\"https:\/\/www.institutodeengenharia.org.br\/site\/wp-content\/uploads\/2019\/03\/logo-novo-IE2018-1.jpg\",\"width\":1486,\"height\":1879,\"caption\":\"Instituto de Engenharia\"},\"image\":{\"@id\":\"https:\/\/www.institutodeengenharia.org.br\/site\/#\/schema\/logo\/image\/\"},\"sameAs\":[\"https:\/\/www.facebook.com\/institutodeengenharia\",\"https:\/\/x.com\/iengenharia\",\"https:\/\/www.instagram.com\/institutodeengenharia\/\",\"https:\/\/www.linkedin.com\/company\/instituto-de-engenharia\/\",\"https:\/\/www.youtube.com\/channel\/UCXiCAlsSMe977vamW915HxA\"]},{\"@type\":\"Person\",\"@id\":\"https:\/\/www.institutodeengenharia.org.br\/site\/#\/schema\/person\/3b1ff109facef084739fc2edcb9a127f\",\"name\":\"TMax Tecnologia\",\"image\":{\"@type\":\"ImageObject\",\"inLanguage\":\"pt-BR\",\"@id\":\"https:\/\/secure.gravatar.com\/avatar\/f912434ef7f389c92cb311fcdae346af848465d638912574b3c669070f797701?s=96&d=mm&r=g\",\"url\":\"https:\/\/secure.gravatar.com\/avatar\/f912434ef7f389c92cb311fcdae346af848465d638912574b3c669070f797701?s=96&d=mm&r=g\",\"contentUrl\":\"https:\/\/secure.gravatar.com\/avatar\/f912434ef7f389c92cb311fcdae346af848465d638912574b3c669070f797701?s=96&d=mm&r=g\",\"caption\":\"TMax Tecnologia\"},\"url\":\"https:\/\/www.institutodeengenharia.org.br\/site\/author\/tmax\/\"}]}<\/script>\n<!-- \/ Yoast SEO plugin. -->","yoast_head_json":{"title":"Rodovia das Colinas ministra palestra no Instituto de Engenharia - Instituto de Engenharia","robots":{"index":"index","follow":"follow","max-snippet":"max-snippet:-1","max-image-preview":"max-image-preview:large","max-video-preview":"max-video-preview:-1"},"canonical":"https:\/\/www.institutodeengenharia.org.br\/site\/2008\/02\/13\/rodovia-das-colinas-ministra-palestra-no-instituto-de-engenharia\/","og_locale":"pt_BR","og_type":"article","og_title":"Rodovia das Colinas ministra palestra no Instituto de Engenharia - Instituto de Engenharia","og_description":"O gestor de Relacionamento com o Cliente da Rodovia das Colinas, Francisco Pires, esteve no Instituto de Engenharia, no dia 12 de fevereiro, para ministrar a palestra \u201cPrograma de redu\u00e7\u00e3o de risco de acidentes do Sistema Rodovia das Colinas\u201d, cuja principal finalidade foi mostrar as iniciativas promovidas pela concession\u00e1ria em locais com grande tr\u00e1fego compartilhado [&hellip;]","og_url":"https:\/\/www.institutodeengenharia.org.br\/site\/2008\/02\/13\/rodovia-das-colinas-ministra-palestra-no-instituto-de-engenharia\/","og_site_name":"Instituto de Engenharia","article_publisher":"https:\/\/www.facebook.com\/institutodeengenharia","article_published_time":"2008-02-13T21:46:43+00:00","author":"TMax Tecnologia","twitter_card":"summary_large_image","twitter_creator":"@iengenharia","twitter_site":"@iengenharia","twitter_misc":{"Escrito por":"TMax Tecnologia","Est. tempo de leitura":"1 minuto"},"schema":{"@context":"https:\/\/schema.org","@graph":[{"@type":"Article","@id":"https:\/\/www.institutodeengenharia.org.br\/site\/2008\/02\/13\/rodovia-das-colinas-ministra-palestra-no-instituto-de-engenharia\/#article","isPartOf":{"@id":"https:\/\/www.institutodeengenharia.org.br\/site\/2008\/02\/13\/rodovia-das-colinas-ministra-palestra-no-instituto-de-engenharia\/"},"author":{"name":"TMax Tecnologia","@id":"https:\/\/www.institutodeengenharia.org.br\/site\/#\/schema\/person\/3b1ff109facef084739fc2edcb9a127f"},"headline":"Rodovia das Colinas ministra palestra no Instituto de Engenharia","datePublished":"2008-02-13T21:46:43+00:00","mainEntityOfPage":{"@id":"https:\/\/www.institutodeengenharia.org.br\/site\/2008\/02\/13\/rodovia-das-colinas-ministra-palestra-no-instituto-de-engenharia\/"},"wordCount":196,"commentCount":0,"publisher":{"@id":"https:\/\/www.institutodeengenharia.org.br\/site\/#organization"},"articleSection":["Instituto de Engenharia","Not\u00edcias"],"inLanguage":"pt-BR","potentialAction":[{"@type":"CommentAction","name":"Comment","target":["https:\/\/www.institutodeengenharia.org.br\/site\/2008\/02\/13\/rodovia-das-colinas-ministra-palestra-no-instituto-de-engenharia\/#respond"]}]},{"@type":"WebPage","@id":"https:\/\/www.institutodeengenharia.org.br\/site\/2008\/02\/13\/rodovia-das-colinas-ministra-palestra-no-instituto-de-engenharia\/","url":"https:\/\/www.institutodeengenharia.org.br\/site\/2008\/02\/13\/rodovia-das-colinas-ministra-palestra-no-instituto-de-engenharia\/","name":"Rodovia das Colinas ministra palestra no Instituto de Engenharia - Instituto de Engenharia","isPartOf":{"@id":"https:\/\/www.institutodeengenharia.org.br\/site\/#website"},"datePublished":"2008-02-13T21:46:43+00:00","breadcrumb":{"@id":"https:\/\/www.institutodeengenharia.org.br\/site\/2008\/02\/13\/rodovia-das-colinas-ministra-palestra-no-instituto-de-engenharia\/#breadcrumb"},"inLanguage":"pt-BR","potentialAction":[{"@type":"ReadAction","target":["https:\/\/www.institutodeengenharia.org.br\/site\/2008\/02\/13\/rodovia-das-colinas-ministra-palestra-no-instituto-de-engenharia\/"]}]},{"@type":"BreadcrumbList","@id":"https:\/\/www.institutodeengenharia.org.br\/site\/2008\/02\/13\/rodovia-das-colinas-ministra-palestra-no-instituto-de-engenharia\/#breadcrumb","itemListElement":[{"@type":"ListItem","position":1,"name":"In\u00edcio","item":"https:\/\/www.institutodeengenharia.org.br\/site\/"},{"@type":"ListItem","position":2,"name":"Rodovia das Colinas ministra palestra no Instituto de Engenharia"}]},{"@type":"WebSite","@id":"https:\/\/www.institutodeengenharia.org.br\/site\/#website","url":"https:\/\/www.institutodeengenharia.org.br\/site\/","name":"Instituto de Engenharia","description":"O Instituto de Engenharia promove a Engenharia em benef\u00edcio do desenvolvimento e da qualidade de vida da sociedade.","publisher":{"@id":"https:\/\/www.institutodeengenharia.org.br\/site\/#organization"},"potentialAction":[{"@type":"SearchAction","target":{"@type":"EntryPoint","urlTemplate":"https:\/\/www.institutodeengenharia.org.br\/site\/?s={search_term_string}"},"query-input":{"@type":"PropertyValueSpecification","valueRequired":true,"valueName":"search_term_string"}}],"inLanguage":"pt-BR"},{"@type":"Organization","@id":"https:\/\/www.institutodeengenharia.org.br\/site\/#organization","name":"Instituto de Engenharia","url":"https:\/\/www.institutodeengenharia.org.br\/site\/","logo":{"@type":"ImageObject","inLanguage":"pt-BR","@id":"https:\/\/www.institutodeengenharia.org.br\/site\/#\/schema\/logo\/image\/","url":"https:\/\/www.institutodeengenharia.org.br\/site\/wp-content\/uploads\/2019\/03\/logo-novo-IE2018-1.jpg","contentUrl":"https:\/\/www.institutodeengenharia.org.br\/site\/wp-content\/uploads\/2019\/03\/logo-novo-IE2018-1.jpg","width":1486,"height":1879,"caption":"Instituto de Engenharia"},"image":{"@id":"https:\/\/www.institutodeengenharia.org.br\/site\/#\/schema\/logo\/image\/"},"sameAs":["https:\/\/www.facebook.com\/institutodeengenharia","https:\/\/x.com\/iengenharia","https:\/\/www.instagram.com\/institutodeengenharia\/","https:\/\/www.linkedin.com\/company\/instituto-de-engenharia\/","https:\/\/www.youtube.com\/channel\/UCXiCAlsSMe977vamW915HxA"]},{"@type":"Person","@id":"https:\/\/www.institutodeengenharia.org.br\/site\/#\/schema\/person\/3b1ff109facef084739fc2edcb9a127f","name":"TMax Tecnologia","image":{"@type":"ImageObject","inLanguage":"pt-BR","@id":"https:\/\/secure.gravatar.com\/avatar\/f912434ef7f389c92cb311fcdae346af848465d638912574b3c669070f797701?s=96&d=mm&r=g","url":"https:\/\/secure.gravatar.com\/avatar\/f912434ef7f389c92cb311fcdae346af848465d638912574b3c669070f797701?s=96&d=mm&r=g","contentUrl":"https:\/\/secure.gravatar.com\/avatar\/f912434ef7f389c92cb311fcdae346af848465d638912574b3c669070f797701?s=96&d=mm&r=g","caption":"TMax Tecnologia"},"url":"https:\/\/www.institutodeengenharia.org.br\/site\/author\/tmax\/"}]}},"_links":{"self":[{"href":"https:\/\/www.institutodeengenharia.org.br\/site\/wp-json\/wp\/v2\/posts\/14526","targetHints":{"allow":["GET"]}}],"collection":[{"href":"https:\/\/www.institutodeengenharia.org.br\/site\/wp-json\/wp\/v2\/posts"}],"about":[{"href":"https:\/\/www.institutodeengenharia.org.br\/site\/wp-json\/wp\/v2\/types\/post"}],"author":[{"embeddable":true,"href":"https:\/\/www.institutodeengenharia.org.br\/site\/wp-json\/wp\/v2\/users\/1"}],"replies":[{"embeddable":true,"href":"https:\/\/www.institutodeengenharia.org.br\/site\/wp-json\/wp\/v2\/comments?post=14526"}],"version-history":[{"count":0,"href":"https:\/\/www.institutodeengenharia.org.br\/site\/wp-json\/wp\/v2\/posts\/14526\/revisions"}],"wp:attachment":[{"href":"https:\/\/www.institutodeengenharia.org.br\/site\/wp-json\/wp\/v2\/media?parent=14526"}],"wp:term":[{"taxonomy":"category","embeddable":true,"href":"https:\/\/www.institutodeengenharia.org.br\/site\/wp-json\/wp\/v2\/categories?post=14526"},{"taxonomy":"post_tag","embeddable":true,"href":"https:\/\/www.institutodeengenharia.org.br\/site\/wp-json\/wp\/v2\/tags?post=14526"}],"curies":[{"name":"wp","href":"https:\/\/api.w.org\/{rel}","templated":true}]}}