{"id":14516,"date":"2008-01-31T21:46:36","date_gmt":"2008-01-31T21:46:36","guid":{"rendered":"https:\/\/www.institutodeengenharia.org.br\/?p=14516"},"modified":"2008-02-01T17:10:40","modified_gmt":"2008-02-01T17:10:40","slug":"jose-serra-e-mauro-arce-anunciam-operacao-carnaval","status":"publish","type":"post","link":"https:\/\/www.institutodeengenharia.org.br\/site\/2008\/01\/31\/jose-serra-e-mauro-arce-anunciam-operacao-carnaval\/","title":{"rendered":"Jos\u00e9 Serra e Mauro Arce anunciam Opera\u00e7\u00e3o Carnaval"},"content":{"rendered":"<p>O governador Jos\u00e9 Serra e o secret\u00e1rio de Estado de Transportes, Mauro Arce, estiveram, no dia 30, no Instituto de Engenharia para divulgar as principais medidas da Opera\u00e7\u00e3o Carnaval. Os objetivos ser\u00e3o: evitar acidentes, reduzir congestionamentos nas estradas e oferecer mais seguran\u00e7a aos motoristas.\u00a0<\/p>\n<p>Neste feriado, a pol\u00edcia rodovi\u00e1ria colocar\u00e1 2,2 mil homens em locais estrat\u00e9gicos nas estradas para fiscaliza\u00e7\u00e3o. Al\u00e9m disso, em raz\u00e3o de um aumento de 32,5% nos acidentes com moto &#8211; compara\u00e7\u00e3o do Carnaval de 2005 e 2006, o governo decidiu colocar em pr\u00e1tica a opera\u00e7\u00e3o Cavalo de A\u00e7o, que ser\u00e1 bloqueios ao longo dos ped\u00e1gios e nos trechos de maior volume de ve\u00edculos para identificar as infra\u00e7\u00f5es.\u00a0<\/p>\n<p>Participaram da execu\u00e7\u00e3o do projeto a Pol\u00edcia Rodovi\u00e1ria Estadual, Departamento de Estradas de Rodagem (DER), Dersa, Ag\u00eancia de Transporte do Estado de S\u00e3o Paulo (Artesp) e as principais concession\u00e1rias de rodovias do Estado.\u00a0<\/p>\n<p><a href=\"https:\/\/www.institutodeengenharia.org.br\/site\/wp-content\/uploads\/2017\/10\/arqnot172.ppt\">arqnot172.ppt<\/a><\/p>\n<p><b>Autor: Fernanda Nagatomi<\/b><\/p>\n","protected":false},"excerpt":{"rendered":"<p>O governador Jos\u00e9 Serra e o secret\u00e1rio de Estado de Transportes, Mauro Arce, estiveram, no dia 30, no Instituto de Engenharia para divulgar as principais medidas da Opera\u00e7\u00e3o Carnaval. Os objetivos ser\u00e3o: evitar acidentes, reduzir congestionamentos nas estradas e oferecer mais seguran\u00e7a aos motoristas.\u00a0 Neste feriado, a pol\u00edcia rodovi\u00e1ria colocar\u00e1 2,2 mil homens em locais [&hellip;]<\/p>\n","protected":false},"author":1,"featured_media":0,"comment_status":"open","ping_status":"open","sticky":false,"template":"","format":"standard","meta":{"footnotes":""},"categories":[6,41],"tags":[],"class_list":{"0":"post-14516","1":"post","2":"type-post","3":"status-publish","4":"format-standard","6":"category-noticias","7":"category-transportes"},"yoast_head":"<!-- This site is optimized with the Yoast SEO plugin v27.2 - https:\/\/yoast.com\/product\/yoast-seo-wordpress\/ -->\n<title>Jos\u00e9 Serra e Mauro Arce anunciam Opera\u00e7\u00e3o Carnaval - Instituto de Engenharia<\/title>\n<meta name=\"robots\" content=\"index, follow, max-snippet:-1, max-image-preview:large, max-video-preview:-1\" \/>\n<link rel=\"canonical\" href=\"https:\/\/www.institutodeengenharia.org.br\/site\/2008\/01\/31\/jose-serra-e-mauro-arce-anunciam-operacao-carnaval\/\" \/>\n<meta property=\"og:locale\" content=\"pt_BR\" \/>\n<meta property=\"og:type\" content=\"article\" \/>\n<meta property=\"og:title\" content=\"Jos\u00e9 Serra e Mauro Arce anunciam Opera\u00e7\u00e3o Carnaval - Instituto de Engenharia\" \/>\n<meta property=\"og:description\" content=\"O governador Jos\u00e9 Serra e o secret\u00e1rio de Estado de Transportes, Mauro Arce, estiveram, no dia 30, no Instituto de Engenharia para divulgar as principais medidas da Opera\u00e7\u00e3o Carnaval. Os objetivos ser\u00e3o: evitar acidentes, reduzir congestionamentos nas estradas e oferecer mais seguran\u00e7a aos motoristas.\u00a0 Neste feriado, a pol\u00edcia rodovi\u00e1ria colocar\u00e1 2,2 mil homens em locais [&hellip;]\" \/>\n<meta property=\"og:url\" content=\"https:\/\/www.institutodeengenharia.org.br\/site\/2008\/01\/31\/jose-serra-e-mauro-arce-anunciam-operacao-carnaval\/\" \/>\n<meta property=\"og:site_name\" content=\"Instituto de Engenharia\" \/>\n<meta property=\"article:publisher\" content=\"https:\/\/www.facebook.com\/institutodeengenharia\" \/>\n<meta property=\"article:published_time\" content=\"2008-01-31T21:46:36+00:00\" \/>\n<meta property=\"article:modified_time\" content=\"2008-02-01T17:10:40+00:00\" \/>\n<meta name=\"author\" content=\"TMax Tecnologia\" \/>\n<meta name=\"twitter:card\" content=\"summary_large_image\" \/>\n<meta name=\"twitter:creator\" content=\"@iengenharia\" \/>\n<meta name=\"twitter:site\" content=\"@iengenharia\" \/>\n<meta name=\"twitter:label1\" content=\"Escrito por\" \/>\n\t<meta name=\"twitter:data1\" content=\"TMax Tecnologia\" \/>\n\t<meta name=\"twitter:label2\" content=\"Est. tempo de leitura\" \/>\n\t<meta name=\"twitter:data2\" content=\"1 minuto\" \/>\n<script type=\"application\/ld+json\" class=\"yoast-schema-graph\">{\"@context\":\"https:\/\/schema.org\",\"@graph\":[{\"@type\":\"Article\",\"@id\":\"https:\/\/www.institutodeengenharia.org.br\/site\/2008\/01\/31\/jose-serra-e-mauro-arce-anunciam-operacao-carnaval\/#article\",\"isPartOf\":{\"@id\":\"https:\/\/www.institutodeengenharia.org.br\/site\/2008\/01\/31\/jose-serra-e-mauro-arce-anunciam-operacao-carnaval\/\"},\"author\":{\"name\":\"TMax Tecnologia\",\"@id\":\"https:\/\/www.institutodeengenharia.org.br\/site\/#\/schema\/person\/3b1ff109facef084739fc2edcb9a127f\"},\"headline\":\"Jos\u00e9 Serra e Mauro Arce anunciam Opera\u00e7\u00e3o Carnaval\",\"datePublished\":\"2008-01-31T21:46:36+00:00\",\"dateModified\":\"2008-02-01T17:10:40+00:00\",\"mainEntityOfPage\":{\"@id\":\"https:\/\/www.institutodeengenharia.org.br\/site\/2008\/01\/31\/jose-serra-e-mauro-arce-anunciam-operacao-carnaval\/\"},\"wordCount\":176,\"commentCount\":0,\"publisher\":{\"@id\":\"https:\/\/www.institutodeengenharia.org.br\/site\/#organization\"},\"articleSection\":[\"Not\u00edcias\",\"Transportes\"],\"inLanguage\":\"pt-BR\",\"potentialAction\":[{\"@type\":\"CommentAction\",\"name\":\"Comment\",\"target\":[\"https:\/\/www.institutodeengenharia.org.br\/site\/2008\/01\/31\/jose-serra-e-mauro-arce-anunciam-operacao-carnaval\/#respond\"]}]},{\"@type\":\"WebPage\",\"@id\":\"https:\/\/www.institutodeengenharia.org.br\/site\/2008\/01\/31\/jose-serra-e-mauro-arce-anunciam-operacao-carnaval\/\",\"url\":\"https:\/\/www.institutodeengenharia.org.br\/site\/2008\/01\/31\/jose-serra-e-mauro-arce-anunciam-operacao-carnaval\/\",\"name\":\"Jos\u00e9 Serra e Mauro Arce anunciam Opera\u00e7\u00e3o Carnaval - Instituto de Engenharia\",\"isPartOf\":{\"@id\":\"https:\/\/www.institutodeengenharia.org.br\/site\/#website\"},\"datePublished\":\"2008-01-31T21:46:36+00:00\",\"dateModified\":\"2008-02-01T17:10:40+00:00\",\"breadcrumb\":{\"@id\":\"https:\/\/www.institutodeengenharia.org.br\/site\/2008\/01\/31\/jose-serra-e-mauro-arce-anunciam-operacao-carnaval\/#breadcrumb\"},\"inLanguage\":\"pt-BR\",\"potentialAction\":[{\"@type\":\"ReadAction\",\"target\":[\"https:\/\/www.institutodeengenharia.org.br\/site\/2008\/01\/31\/jose-serra-e-mauro-arce-anunciam-operacao-carnaval\/\"]}]},{\"@type\":\"BreadcrumbList\",\"@id\":\"https:\/\/www.institutodeengenharia.org.br\/site\/2008\/01\/31\/jose-serra-e-mauro-arce-anunciam-operacao-carnaval\/#breadcrumb\",\"itemListElement\":[{\"@type\":\"ListItem\",\"position\":1,\"name\":\"In\u00edcio\",\"item\":\"https:\/\/www.institutodeengenharia.org.br\/site\/\"},{\"@type\":\"ListItem\",\"position\":2,\"name\":\"Jos\u00e9 Serra e Mauro Arce anunciam Opera\u00e7\u00e3o Carnaval\"}]},{\"@type\":\"WebSite\",\"@id\":\"https:\/\/www.institutodeengenharia.org.br\/site\/#website\",\"url\":\"https:\/\/www.institutodeengenharia.org.br\/site\/\",\"name\":\"Instituto de Engenharia\",\"description\":\"O Instituto de Engenharia promove a Engenharia em benef\u00edcio do desenvolvimento e da qualidade de vida da sociedade.\",\"publisher\":{\"@id\":\"https:\/\/www.institutodeengenharia.org.br\/site\/#organization\"},\"potentialAction\":[{\"@type\":\"SearchAction\",\"target\":{\"@type\":\"EntryPoint\",\"urlTemplate\":\"https:\/\/www.institutodeengenharia.org.br\/site\/?s={search_term_string}\"},\"query-input\":{\"@type\":\"PropertyValueSpecification\",\"valueRequired\":true,\"valueName\":\"search_term_string\"}}],\"inLanguage\":\"pt-BR\"},{\"@type\":\"Organization\",\"@id\":\"https:\/\/www.institutodeengenharia.org.br\/site\/#organization\",\"name\":\"Instituto de Engenharia\",\"url\":\"https:\/\/www.institutodeengenharia.org.br\/site\/\",\"logo\":{\"@type\":\"ImageObject\",\"inLanguage\":\"pt-BR\",\"@id\":\"https:\/\/www.institutodeengenharia.org.br\/site\/#\/schema\/logo\/image\/\",\"url\":\"https:\/\/www.institutodeengenharia.org.br\/site\/wp-content\/uploads\/2019\/03\/logo-novo-IE2018-1.jpg\",\"contentUrl\":\"https:\/\/www.institutodeengenharia.org.br\/site\/wp-content\/uploads\/2019\/03\/logo-novo-IE2018-1.jpg\",\"width\":1486,\"height\":1879,\"caption\":\"Instituto de Engenharia\"},\"image\":{\"@id\":\"https:\/\/www.institutodeengenharia.org.br\/site\/#\/schema\/logo\/image\/\"},\"sameAs\":[\"https:\/\/www.facebook.com\/institutodeengenharia\",\"https:\/\/x.com\/iengenharia\",\"https:\/\/www.instagram.com\/institutodeengenharia\/\",\"https:\/\/www.linkedin.com\/company\/instituto-de-engenharia\/\",\"https:\/\/www.youtube.com\/channel\/UCXiCAlsSMe977vamW915HxA\"]},{\"@type\":\"Person\",\"@id\":\"https:\/\/www.institutodeengenharia.org.br\/site\/#\/schema\/person\/3b1ff109facef084739fc2edcb9a127f\",\"name\":\"TMax Tecnologia\",\"image\":{\"@type\":\"ImageObject\",\"inLanguage\":\"pt-BR\",\"@id\":\"https:\/\/secure.gravatar.com\/avatar\/f912434ef7f389c92cb311fcdae346af848465d638912574b3c669070f797701?s=96&d=mm&r=g\",\"url\":\"https:\/\/secure.gravatar.com\/avatar\/f912434ef7f389c92cb311fcdae346af848465d638912574b3c669070f797701?s=96&d=mm&r=g\",\"contentUrl\":\"https:\/\/secure.gravatar.com\/avatar\/f912434ef7f389c92cb311fcdae346af848465d638912574b3c669070f797701?s=96&d=mm&r=g\",\"caption\":\"TMax Tecnologia\"},\"url\":\"https:\/\/www.institutodeengenharia.org.br\/site\/author\/tmax\/\"}]}<\/script>\n<!-- \/ Yoast SEO plugin. -->","yoast_head_json":{"title":"Jos\u00e9 Serra e Mauro Arce anunciam Opera\u00e7\u00e3o Carnaval - Instituto de Engenharia","robots":{"index":"index","follow":"follow","max-snippet":"max-snippet:-1","max-image-preview":"max-image-preview:large","max-video-preview":"max-video-preview:-1"},"canonical":"https:\/\/www.institutodeengenharia.org.br\/site\/2008\/01\/31\/jose-serra-e-mauro-arce-anunciam-operacao-carnaval\/","og_locale":"pt_BR","og_type":"article","og_title":"Jos\u00e9 Serra e Mauro Arce anunciam Opera\u00e7\u00e3o Carnaval - Instituto de Engenharia","og_description":"O governador Jos\u00e9 Serra e o secret\u00e1rio de Estado de Transportes, Mauro Arce, estiveram, no dia 30, no Instituto de Engenharia para divulgar as principais medidas da Opera\u00e7\u00e3o Carnaval. Os objetivos ser\u00e3o: evitar acidentes, reduzir congestionamentos nas estradas e oferecer mais seguran\u00e7a aos motoristas.\u00a0 Neste feriado, a pol\u00edcia rodovi\u00e1ria colocar\u00e1 2,2 mil homens em locais [&hellip;]","og_url":"https:\/\/www.institutodeengenharia.org.br\/site\/2008\/01\/31\/jose-serra-e-mauro-arce-anunciam-operacao-carnaval\/","og_site_name":"Instituto de Engenharia","article_publisher":"https:\/\/www.facebook.com\/institutodeengenharia","article_published_time":"2008-01-31T21:46:36+00:00","article_modified_time":"2008-02-01T17:10:40+00:00","author":"TMax Tecnologia","twitter_card":"summary_large_image","twitter_creator":"@iengenharia","twitter_site":"@iengenharia","twitter_misc":{"Escrito por":"TMax Tecnologia","Est. tempo de leitura":"1 minuto"},"schema":{"@context":"https:\/\/schema.org","@graph":[{"@type":"Article","@id":"https:\/\/www.institutodeengenharia.org.br\/site\/2008\/01\/31\/jose-serra-e-mauro-arce-anunciam-operacao-carnaval\/#article","isPartOf":{"@id":"https:\/\/www.institutodeengenharia.org.br\/site\/2008\/01\/31\/jose-serra-e-mauro-arce-anunciam-operacao-carnaval\/"},"author":{"name":"TMax Tecnologia","@id":"https:\/\/www.institutodeengenharia.org.br\/site\/#\/schema\/person\/3b1ff109facef084739fc2edcb9a127f"},"headline":"Jos\u00e9 Serra e Mauro Arce anunciam Opera\u00e7\u00e3o Carnaval","datePublished":"2008-01-31T21:46:36+00:00","dateModified":"2008-02-01T17:10:40+00:00","mainEntityOfPage":{"@id":"https:\/\/www.institutodeengenharia.org.br\/site\/2008\/01\/31\/jose-serra-e-mauro-arce-anunciam-operacao-carnaval\/"},"wordCount":176,"commentCount":0,"publisher":{"@id":"https:\/\/www.institutodeengenharia.org.br\/site\/#organization"},"articleSection":["Not\u00edcias","Transportes"],"inLanguage":"pt-BR","potentialAction":[{"@type":"CommentAction","name":"Comment","target":["https:\/\/www.institutodeengenharia.org.br\/site\/2008\/01\/31\/jose-serra-e-mauro-arce-anunciam-operacao-carnaval\/#respond"]}]},{"@type":"WebPage","@id":"https:\/\/www.institutodeengenharia.org.br\/site\/2008\/01\/31\/jose-serra-e-mauro-arce-anunciam-operacao-carnaval\/","url":"https:\/\/www.institutodeengenharia.org.br\/site\/2008\/01\/31\/jose-serra-e-mauro-arce-anunciam-operacao-carnaval\/","name":"Jos\u00e9 Serra e Mauro Arce anunciam Opera\u00e7\u00e3o Carnaval - Instituto de Engenharia","isPartOf":{"@id":"https:\/\/www.institutodeengenharia.org.br\/site\/#website"},"datePublished":"2008-01-31T21:46:36+00:00","dateModified":"2008-02-01T17:10:40+00:00","breadcrumb":{"@id":"https:\/\/www.institutodeengenharia.org.br\/site\/2008\/01\/31\/jose-serra-e-mauro-arce-anunciam-operacao-carnaval\/#breadcrumb"},"inLanguage":"pt-BR","potentialAction":[{"@type":"ReadAction","target":["https:\/\/www.institutodeengenharia.org.br\/site\/2008\/01\/31\/jose-serra-e-mauro-arce-anunciam-operacao-carnaval\/"]}]},{"@type":"BreadcrumbList","@id":"https:\/\/www.institutodeengenharia.org.br\/site\/2008\/01\/31\/jose-serra-e-mauro-arce-anunciam-operacao-carnaval\/#breadcrumb","itemListElement":[{"@type":"ListItem","position":1,"name":"In\u00edcio","item":"https:\/\/www.institutodeengenharia.org.br\/site\/"},{"@type":"ListItem","position":2,"name":"Jos\u00e9 Serra e Mauro Arce anunciam Opera\u00e7\u00e3o Carnaval"}]},{"@type":"WebSite","@id":"https:\/\/www.institutodeengenharia.org.br\/site\/#website","url":"https:\/\/www.institutodeengenharia.org.br\/site\/","name":"Instituto de Engenharia","description":"O Instituto de Engenharia promove a Engenharia em benef\u00edcio do desenvolvimento e da qualidade de vida da sociedade.","publisher":{"@id":"https:\/\/www.institutodeengenharia.org.br\/site\/#organization"},"potentialAction":[{"@type":"SearchAction","target":{"@type":"EntryPoint","urlTemplate":"https:\/\/www.institutodeengenharia.org.br\/site\/?s={search_term_string}"},"query-input":{"@type":"PropertyValueSpecification","valueRequired":true,"valueName":"search_term_string"}}],"inLanguage":"pt-BR"},{"@type":"Organization","@id":"https:\/\/www.institutodeengenharia.org.br\/site\/#organization","name":"Instituto de Engenharia","url":"https:\/\/www.institutodeengenharia.org.br\/site\/","logo":{"@type":"ImageObject","inLanguage":"pt-BR","@id":"https:\/\/www.institutodeengenharia.org.br\/site\/#\/schema\/logo\/image\/","url":"https:\/\/www.institutodeengenharia.org.br\/site\/wp-content\/uploads\/2019\/03\/logo-novo-IE2018-1.jpg","contentUrl":"https:\/\/www.institutodeengenharia.org.br\/site\/wp-content\/uploads\/2019\/03\/logo-novo-IE2018-1.jpg","width":1486,"height":1879,"caption":"Instituto de Engenharia"},"image":{"@id":"https:\/\/www.institutodeengenharia.org.br\/site\/#\/schema\/logo\/image\/"},"sameAs":["https:\/\/www.facebook.com\/institutodeengenharia","https:\/\/x.com\/iengenharia","https:\/\/www.instagram.com\/institutodeengenharia\/","https:\/\/www.linkedin.com\/company\/instituto-de-engenharia\/","https:\/\/www.youtube.com\/channel\/UCXiCAlsSMe977vamW915HxA"]},{"@type":"Person","@id":"https:\/\/www.institutodeengenharia.org.br\/site\/#\/schema\/person\/3b1ff109facef084739fc2edcb9a127f","name":"TMax Tecnologia","image":{"@type":"ImageObject","inLanguage":"pt-BR","@id":"https:\/\/secure.gravatar.com\/avatar\/f912434ef7f389c92cb311fcdae346af848465d638912574b3c669070f797701?s=96&d=mm&r=g","url":"https:\/\/secure.gravatar.com\/avatar\/f912434ef7f389c92cb311fcdae346af848465d638912574b3c669070f797701?s=96&d=mm&r=g","contentUrl":"https:\/\/secure.gravatar.com\/avatar\/f912434ef7f389c92cb311fcdae346af848465d638912574b3c669070f797701?s=96&d=mm&r=g","caption":"TMax Tecnologia"},"url":"https:\/\/www.institutodeengenharia.org.br\/site\/author\/tmax\/"}]}},"_links":{"self":[{"href":"https:\/\/www.institutodeengenharia.org.br\/site\/wp-json\/wp\/v2\/posts\/14516","targetHints":{"allow":["GET"]}}],"collection":[{"href":"https:\/\/www.institutodeengenharia.org.br\/site\/wp-json\/wp\/v2\/posts"}],"about":[{"href":"https:\/\/www.institutodeengenharia.org.br\/site\/wp-json\/wp\/v2\/types\/post"}],"author":[{"embeddable":true,"href":"https:\/\/www.institutodeengenharia.org.br\/site\/wp-json\/wp\/v2\/users\/1"}],"replies":[{"embeddable":true,"href":"https:\/\/www.institutodeengenharia.org.br\/site\/wp-json\/wp\/v2\/comments?post=14516"}],"version-history":[{"count":0,"href":"https:\/\/www.institutodeengenharia.org.br\/site\/wp-json\/wp\/v2\/posts\/14516\/revisions"}],"wp:attachment":[{"href":"https:\/\/www.institutodeengenharia.org.br\/site\/wp-json\/wp\/v2\/media?parent=14516"}],"wp:term":[{"taxonomy":"category","embeddable":true,"href":"https:\/\/www.institutodeengenharia.org.br\/site\/wp-json\/wp\/v2\/categories?post=14516"},{"taxonomy":"post_tag","embeddable":true,"href":"https:\/\/www.institutodeengenharia.org.br\/site\/wp-json\/wp\/v2\/tags?post=14516"}],"curies":[{"name":"wp","href":"https:\/\/api.w.org\/{rel}","templated":true}]}}