{"id":14515,"date":"2008-01-28T21:46:35","date_gmt":"2008-01-28T21:46:35","guid":{"rendered":"https:\/\/www.institutodeengenharia.org.br\/?p=14515"},"modified":"2008-01-28T14:40:34","modified_gmt":"2008-01-28T14:40:34","slug":"instituto-de-engenharia-representa-a-sociedade-civil-no-conselho-estadual-de-transito-cetran","status":"publish","type":"post","link":"https:\/\/www.institutodeengenharia.org.br\/site\/2008\/01\/28\/instituto-de-engenharia-representa-a-sociedade-civil-no-conselho-estadual-de-transito-cetran\/","title":{"rendered":"Instituto de Engenharia representa a sociedade civil no Conselho Estadual de Tr\u00e2nsito &#8211; Cetran"},"content":{"rendered":"<p>Por indica\u00e7\u00e3o do Instituto de Engenharia, a arquiteta e urbanista Maria da Penha Pereira Nobre foi nomeada, em 24 de janeiro, membro do Conselho Estadual de Tr\u00e2nsito \u2013 Cetran &#8211; para um mandato de dois anos. <\/p>\n<p>Maria da Penha Pereira Nobre atua na \u00e1rea de tr\u00e2nsito h\u00e1 36 anos, fez curso de especializa\u00e7\u00e3o em transportes na Fran\u00e7a, foi consultora junto ao Governo da Venezuela, representando o Governo do Brasil, desenvolvendo estudos para a reformula\u00e7\u00e3o do seu C\u00f3digo de Tr\u00e2nsito, ministrou aulas na Funda\u00e7\u00e3o Get\u00falio Vargas e\u00a0Funda\u00e7\u00e3o Armando \u00c1lvares Penteado. <\/p>\n<p>Foram nomeados tamb\u00e9m, no mesmo edital, o Miguel Wil Cornacchioni, como presidente do Cetran; Silvio Aleixo, da Secretaria Estadual dos Transportes, Major PM Jurandir Gaidukas e Luis Carlos Silva Santos, da Pol\u00edcia Civil do Estado, como representantes do Poder Executivo Estadual; Jos\u00e9 Luiz Nakama, de \u00f3rg\u00e3o executivo e rodovi\u00e1rio da Capital, Amaury Hernandez, do \u00f3rg\u00e3o executivo e rodovi\u00e1rio de munic\u00edpio com popula\u00e7\u00e3o entre 100 mil e 500 mil habitantes, e Ademir Ferreira de Lima, do \u00f3rg\u00e3o executivo e rodovi\u00e1rio do munic\u00edpio com popula\u00e7\u00e3o entre 30 mil e 100 mil habitantes, como representantes dos \u00f3rg\u00e3os ou entidades executivas e rodovi\u00e1rias municipais, integrantes do Sistema Nacional de Tr\u00e2nsito. <\/p>\n<p><b>Autor: Felipe Zannin<\/b><\/p>\n","protected":false},"excerpt":{"rendered":"<p>Por indica\u00e7\u00e3o do Instituto de Engenharia, a arquiteta e urbanista Maria da Penha Pereira Nobre foi nomeada, em 24 de janeiro, membro do Conselho Estadual de Tr\u00e2nsito \u2013 Cetran &#8211; para um mandato de dois anos. Maria da Penha Pereira Nobre atua na \u00e1rea de tr\u00e2nsito h\u00e1 36 anos, fez curso de especializa\u00e7\u00e3o em transportes [&hellip;]<\/p>\n","protected":false},"author":1,"featured_media":0,"comment_status":"open","ping_status":"open","sticky":false,"template":"","format":"standard","meta":{"footnotes":""},"categories":[27,6],"tags":[],"class_list":{"0":"post-14515","1":"post","2":"type-post","3":"status-publish","4":"format-standard","6":"category-instituto-de-engenharia","7":"category-noticias"},"yoast_head":"<!-- This site is optimized with the Yoast SEO plugin v27.2 - https:\/\/yoast.com\/product\/yoast-seo-wordpress\/ -->\n<title>Instituto de Engenharia representa a sociedade civil no Conselho Estadual de Tr\u00e2nsito - Cetran - Instituto de Engenharia<\/title>\n<meta name=\"robots\" content=\"index, follow, max-snippet:-1, max-image-preview:large, max-video-preview:-1\" \/>\n<link rel=\"canonical\" href=\"https:\/\/www.institutodeengenharia.org.br\/site\/2008\/01\/28\/instituto-de-engenharia-representa-a-sociedade-civil-no-conselho-estadual-de-transito-cetran\/\" \/>\n<meta property=\"og:locale\" content=\"pt_BR\" \/>\n<meta property=\"og:type\" content=\"article\" \/>\n<meta property=\"og:title\" content=\"Instituto de Engenharia representa a sociedade civil no Conselho Estadual de Tr\u00e2nsito - Cetran - Instituto de Engenharia\" \/>\n<meta property=\"og:description\" content=\"Por indica\u00e7\u00e3o do Instituto de Engenharia, a arquiteta e urbanista Maria da Penha Pereira Nobre foi nomeada, em 24 de janeiro, membro do Conselho Estadual de Tr\u00e2nsito \u2013 Cetran &#8211; para um mandato de dois anos. Maria da Penha Pereira Nobre atua na \u00e1rea de tr\u00e2nsito h\u00e1 36 anos, fez curso de especializa\u00e7\u00e3o em transportes [&hellip;]\" \/>\n<meta property=\"og:url\" content=\"https:\/\/www.institutodeengenharia.org.br\/site\/2008\/01\/28\/instituto-de-engenharia-representa-a-sociedade-civil-no-conselho-estadual-de-transito-cetran\/\" \/>\n<meta property=\"og:site_name\" content=\"Instituto de Engenharia\" \/>\n<meta property=\"article:publisher\" content=\"https:\/\/www.facebook.com\/institutodeengenharia\" \/>\n<meta property=\"article:published_time\" content=\"2008-01-28T21:46:35+00:00\" \/>\n<meta name=\"author\" content=\"TMax Tecnologia\" \/>\n<meta name=\"twitter:card\" content=\"summary_large_image\" \/>\n<meta name=\"twitter:creator\" content=\"@iengenharia\" \/>\n<meta name=\"twitter:site\" content=\"@iengenharia\" \/>\n<meta name=\"twitter:label1\" content=\"Escrito por\" \/>\n\t<meta name=\"twitter:data1\" content=\"TMax Tecnologia\" \/>\n\t<meta name=\"twitter:label2\" content=\"Est. tempo de leitura\" \/>\n\t<meta name=\"twitter:data2\" content=\"1 minuto\" \/>\n<script type=\"application\/ld+json\" class=\"yoast-schema-graph\">{\"@context\":\"https:\/\/schema.org\",\"@graph\":[{\"@type\":\"Article\",\"@id\":\"https:\/\/www.institutodeengenharia.org.br\/site\/2008\/01\/28\/instituto-de-engenharia-representa-a-sociedade-civil-no-conselho-estadual-de-transito-cetran\/#article\",\"isPartOf\":{\"@id\":\"https:\/\/www.institutodeengenharia.org.br\/site\/2008\/01\/28\/instituto-de-engenharia-representa-a-sociedade-civil-no-conselho-estadual-de-transito-cetran\/\"},\"author\":{\"name\":\"TMax Tecnologia\",\"@id\":\"https:\/\/www.institutodeengenharia.org.br\/site\/#\/schema\/person\/3b1ff109facef084739fc2edcb9a127f\"},\"headline\":\"Instituto de Engenharia representa a sociedade civil no Conselho Estadual de Tr\u00e2nsito &#8211; Cetran\",\"datePublished\":\"2008-01-28T21:46:35+00:00\",\"mainEntityOfPage\":{\"@id\":\"https:\/\/www.institutodeengenharia.org.br\/site\/2008\/01\/28\/instituto-de-engenharia-representa-a-sociedade-civil-no-conselho-estadual-de-transito-cetran\/\"},\"wordCount\":233,\"commentCount\":0,\"publisher\":{\"@id\":\"https:\/\/www.institutodeengenharia.org.br\/site\/#organization\"},\"articleSection\":[\"Instituto de Engenharia\",\"Not\u00edcias\"],\"inLanguage\":\"pt-BR\",\"potentialAction\":[{\"@type\":\"CommentAction\",\"name\":\"Comment\",\"target\":[\"https:\/\/www.institutodeengenharia.org.br\/site\/2008\/01\/28\/instituto-de-engenharia-representa-a-sociedade-civil-no-conselho-estadual-de-transito-cetran\/#respond\"]}]},{\"@type\":\"WebPage\",\"@id\":\"https:\/\/www.institutodeengenharia.org.br\/site\/2008\/01\/28\/instituto-de-engenharia-representa-a-sociedade-civil-no-conselho-estadual-de-transito-cetran\/\",\"url\":\"https:\/\/www.institutodeengenharia.org.br\/site\/2008\/01\/28\/instituto-de-engenharia-representa-a-sociedade-civil-no-conselho-estadual-de-transito-cetran\/\",\"name\":\"Instituto de Engenharia representa a sociedade civil no Conselho Estadual de Tr\u00e2nsito - Cetran - Instituto de Engenharia\",\"isPartOf\":{\"@id\":\"https:\/\/www.institutodeengenharia.org.br\/site\/#website\"},\"datePublished\":\"2008-01-28T21:46:35+00:00\",\"breadcrumb\":{\"@id\":\"https:\/\/www.institutodeengenharia.org.br\/site\/2008\/01\/28\/instituto-de-engenharia-representa-a-sociedade-civil-no-conselho-estadual-de-transito-cetran\/#breadcrumb\"},\"inLanguage\":\"pt-BR\",\"potentialAction\":[{\"@type\":\"ReadAction\",\"target\":[\"https:\/\/www.institutodeengenharia.org.br\/site\/2008\/01\/28\/instituto-de-engenharia-representa-a-sociedade-civil-no-conselho-estadual-de-transito-cetran\/\"]}]},{\"@type\":\"BreadcrumbList\",\"@id\":\"https:\/\/www.institutodeengenharia.org.br\/site\/2008\/01\/28\/instituto-de-engenharia-representa-a-sociedade-civil-no-conselho-estadual-de-transito-cetran\/#breadcrumb\",\"itemListElement\":[{\"@type\":\"ListItem\",\"position\":1,\"name\":\"In\u00edcio\",\"item\":\"https:\/\/www.institutodeengenharia.org.br\/site\/\"},{\"@type\":\"ListItem\",\"position\":2,\"name\":\"Instituto de Engenharia representa a sociedade civil no Conselho Estadual de Tr\u00e2nsito &#8211; Cetran\"}]},{\"@type\":\"WebSite\",\"@id\":\"https:\/\/www.institutodeengenharia.org.br\/site\/#website\",\"url\":\"https:\/\/www.institutodeengenharia.org.br\/site\/\",\"name\":\"Instituto de Engenharia\",\"description\":\"O Instituto de Engenharia promove a Engenharia em benef\u00edcio do desenvolvimento e da qualidade de vida da sociedade.\",\"publisher\":{\"@id\":\"https:\/\/www.institutodeengenharia.org.br\/site\/#organization\"},\"potentialAction\":[{\"@type\":\"SearchAction\",\"target\":{\"@type\":\"EntryPoint\",\"urlTemplate\":\"https:\/\/www.institutodeengenharia.org.br\/site\/?s={search_term_string}\"},\"query-input\":{\"@type\":\"PropertyValueSpecification\",\"valueRequired\":true,\"valueName\":\"search_term_string\"}}],\"inLanguage\":\"pt-BR\"},{\"@type\":\"Organization\",\"@id\":\"https:\/\/www.institutodeengenharia.org.br\/site\/#organization\",\"name\":\"Instituto de Engenharia\",\"url\":\"https:\/\/www.institutodeengenharia.org.br\/site\/\",\"logo\":{\"@type\":\"ImageObject\",\"inLanguage\":\"pt-BR\",\"@id\":\"https:\/\/www.institutodeengenharia.org.br\/site\/#\/schema\/logo\/image\/\",\"url\":\"https:\/\/www.institutodeengenharia.org.br\/site\/wp-content\/uploads\/2019\/03\/logo-novo-IE2018-1.jpg\",\"contentUrl\":\"https:\/\/www.institutodeengenharia.org.br\/site\/wp-content\/uploads\/2019\/03\/logo-novo-IE2018-1.jpg\",\"width\":1486,\"height\":1879,\"caption\":\"Instituto de Engenharia\"},\"image\":{\"@id\":\"https:\/\/www.institutodeengenharia.org.br\/site\/#\/schema\/logo\/image\/\"},\"sameAs\":[\"https:\/\/www.facebook.com\/institutodeengenharia\",\"https:\/\/x.com\/iengenharia\",\"https:\/\/www.instagram.com\/institutodeengenharia\/\",\"https:\/\/www.linkedin.com\/company\/instituto-de-engenharia\/\",\"https:\/\/www.youtube.com\/channel\/UCXiCAlsSMe977vamW915HxA\"]},{\"@type\":\"Person\",\"@id\":\"https:\/\/www.institutodeengenharia.org.br\/site\/#\/schema\/person\/3b1ff109facef084739fc2edcb9a127f\",\"name\":\"TMax Tecnologia\",\"image\":{\"@type\":\"ImageObject\",\"inLanguage\":\"pt-BR\",\"@id\":\"https:\/\/secure.gravatar.com\/avatar\/f912434ef7f389c92cb311fcdae346af848465d638912574b3c669070f797701?s=96&d=mm&r=g\",\"url\":\"https:\/\/secure.gravatar.com\/avatar\/f912434ef7f389c92cb311fcdae346af848465d638912574b3c669070f797701?s=96&d=mm&r=g\",\"contentUrl\":\"https:\/\/secure.gravatar.com\/avatar\/f912434ef7f389c92cb311fcdae346af848465d638912574b3c669070f797701?s=96&d=mm&r=g\",\"caption\":\"TMax Tecnologia\"},\"url\":\"https:\/\/www.institutodeengenharia.org.br\/site\/author\/tmax\/\"}]}<\/script>\n<!-- \/ Yoast SEO plugin. -->","yoast_head_json":{"title":"Instituto de Engenharia representa a sociedade civil no Conselho Estadual de Tr\u00e2nsito - Cetran - Instituto de Engenharia","robots":{"index":"index","follow":"follow","max-snippet":"max-snippet:-1","max-image-preview":"max-image-preview:large","max-video-preview":"max-video-preview:-1"},"canonical":"https:\/\/www.institutodeengenharia.org.br\/site\/2008\/01\/28\/instituto-de-engenharia-representa-a-sociedade-civil-no-conselho-estadual-de-transito-cetran\/","og_locale":"pt_BR","og_type":"article","og_title":"Instituto de Engenharia representa a sociedade civil no Conselho Estadual de Tr\u00e2nsito - Cetran - Instituto de Engenharia","og_description":"Por indica\u00e7\u00e3o do Instituto de Engenharia, a arquiteta e urbanista Maria da Penha Pereira Nobre foi nomeada, em 24 de janeiro, membro do Conselho Estadual de Tr\u00e2nsito \u2013 Cetran &#8211; para um mandato de dois anos. Maria da Penha Pereira Nobre atua na \u00e1rea de tr\u00e2nsito h\u00e1 36 anos, fez curso de especializa\u00e7\u00e3o em transportes [&hellip;]","og_url":"https:\/\/www.institutodeengenharia.org.br\/site\/2008\/01\/28\/instituto-de-engenharia-representa-a-sociedade-civil-no-conselho-estadual-de-transito-cetran\/","og_site_name":"Instituto de Engenharia","article_publisher":"https:\/\/www.facebook.com\/institutodeengenharia","article_published_time":"2008-01-28T21:46:35+00:00","author":"TMax Tecnologia","twitter_card":"summary_large_image","twitter_creator":"@iengenharia","twitter_site":"@iengenharia","twitter_misc":{"Escrito por":"TMax Tecnologia","Est. tempo de leitura":"1 minuto"},"schema":{"@context":"https:\/\/schema.org","@graph":[{"@type":"Article","@id":"https:\/\/www.institutodeengenharia.org.br\/site\/2008\/01\/28\/instituto-de-engenharia-representa-a-sociedade-civil-no-conselho-estadual-de-transito-cetran\/#article","isPartOf":{"@id":"https:\/\/www.institutodeengenharia.org.br\/site\/2008\/01\/28\/instituto-de-engenharia-representa-a-sociedade-civil-no-conselho-estadual-de-transito-cetran\/"},"author":{"name":"TMax Tecnologia","@id":"https:\/\/www.institutodeengenharia.org.br\/site\/#\/schema\/person\/3b1ff109facef084739fc2edcb9a127f"},"headline":"Instituto de Engenharia representa a sociedade civil no Conselho Estadual de Tr\u00e2nsito &#8211; Cetran","datePublished":"2008-01-28T21:46:35+00:00","mainEntityOfPage":{"@id":"https:\/\/www.institutodeengenharia.org.br\/site\/2008\/01\/28\/instituto-de-engenharia-representa-a-sociedade-civil-no-conselho-estadual-de-transito-cetran\/"},"wordCount":233,"commentCount":0,"publisher":{"@id":"https:\/\/www.institutodeengenharia.org.br\/site\/#organization"},"articleSection":["Instituto de Engenharia","Not\u00edcias"],"inLanguage":"pt-BR","potentialAction":[{"@type":"CommentAction","name":"Comment","target":["https:\/\/www.institutodeengenharia.org.br\/site\/2008\/01\/28\/instituto-de-engenharia-representa-a-sociedade-civil-no-conselho-estadual-de-transito-cetran\/#respond"]}]},{"@type":"WebPage","@id":"https:\/\/www.institutodeengenharia.org.br\/site\/2008\/01\/28\/instituto-de-engenharia-representa-a-sociedade-civil-no-conselho-estadual-de-transito-cetran\/","url":"https:\/\/www.institutodeengenharia.org.br\/site\/2008\/01\/28\/instituto-de-engenharia-representa-a-sociedade-civil-no-conselho-estadual-de-transito-cetran\/","name":"Instituto de Engenharia representa a sociedade civil no Conselho Estadual de Tr\u00e2nsito - Cetran - Instituto de Engenharia","isPartOf":{"@id":"https:\/\/www.institutodeengenharia.org.br\/site\/#website"},"datePublished":"2008-01-28T21:46:35+00:00","breadcrumb":{"@id":"https:\/\/www.institutodeengenharia.org.br\/site\/2008\/01\/28\/instituto-de-engenharia-representa-a-sociedade-civil-no-conselho-estadual-de-transito-cetran\/#breadcrumb"},"inLanguage":"pt-BR","potentialAction":[{"@type":"ReadAction","target":["https:\/\/www.institutodeengenharia.org.br\/site\/2008\/01\/28\/instituto-de-engenharia-representa-a-sociedade-civil-no-conselho-estadual-de-transito-cetran\/"]}]},{"@type":"BreadcrumbList","@id":"https:\/\/www.institutodeengenharia.org.br\/site\/2008\/01\/28\/instituto-de-engenharia-representa-a-sociedade-civil-no-conselho-estadual-de-transito-cetran\/#breadcrumb","itemListElement":[{"@type":"ListItem","position":1,"name":"In\u00edcio","item":"https:\/\/www.institutodeengenharia.org.br\/site\/"},{"@type":"ListItem","position":2,"name":"Instituto de Engenharia representa a sociedade civil no Conselho Estadual de Tr\u00e2nsito &#8211; Cetran"}]},{"@type":"WebSite","@id":"https:\/\/www.institutodeengenharia.org.br\/site\/#website","url":"https:\/\/www.institutodeengenharia.org.br\/site\/","name":"Instituto de Engenharia","description":"O Instituto de Engenharia promove a Engenharia em benef\u00edcio do desenvolvimento e da qualidade de vida da sociedade.","publisher":{"@id":"https:\/\/www.institutodeengenharia.org.br\/site\/#organization"},"potentialAction":[{"@type":"SearchAction","target":{"@type":"EntryPoint","urlTemplate":"https:\/\/www.institutodeengenharia.org.br\/site\/?s={search_term_string}"},"query-input":{"@type":"PropertyValueSpecification","valueRequired":true,"valueName":"search_term_string"}}],"inLanguage":"pt-BR"},{"@type":"Organization","@id":"https:\/\/www.institutodeengenharia.org.br\/site\/#organization","name":"Instituto de Engenharia","url":"https:\/\/www.institutodeengenharia.org.br\/site\/","logo":{"@type":"ImageObject","inLanguage":"pt-BR","@id":"https:\/\/www.institutodeengenharia.org.br\/site\/#\/schema\/logo\/image\/","url":"https:\/\/www.institutodeengenharia.org.br\/site\/wp-content\/uploads\/2019\/03\/logo-novo-IE2018-1.jpg","contentUrl":"https:\/\/www.institutodeengenharia.org.br\/site\/wp-content\/uploads\/2019\/03\/logo-novo-IE2018-1.jpg","width":1486,"height":1879,"caption":"Instituto de Engenharia"},"image":{"@id":"https:\/\/www.institutodeengenharia.org.br\/site\/#\/schema\/logo\/image\/"},"sameAs":["https:\/\/www.facebook.com\/institutodeengenharia","https:\/\/x.com\/iengenharia","https:\/\/www.instagram.com\/institutodeengenharia\/","https:\/\/www.linkedin.com\/company\/instituto-de-engenharia\/","https:\/\/www.youtube.com\/channel\/UCXiCAlsSMe977vamW915HxA"]},{"@type":"Person","@id":"https:\/\/www.institutodeengenharia.org.br\/site\/#\/schema\/person\/3b1ff109facef084739fc2edcb9a127f","name":"TMax Tecnologia","image":{"@type":"ImageObject","inLanguage":"pt-BR","@id":"https:\/\/secure.gravatar.com\/avatar\/f912434ef7f389c92cb311fcdae346af848465d638912574b3c669070f797701?s=96&d=mm&r=g","url":"https:\/\/secure.gravatar.com\/avatar\/f912434ef7f389c92cb311fcdae346af848465d638912574b3c669070f797701?s=96&d=mm&r=g","contentUrl":"https:\/\/secure.gravatar.com\/avatar\/f912434ef7f389c92cb311fcdae346af848465d638912574b3c669070f797701?s=96&d=mm&r=g","caption":"TMax Tecnologia"},"url":"https:\/\/www.institutodeengenharia.org.br\/site\/author\/tmax\/"}]}},"_links":{"self":[{"href":"https:\/\/www.institutodeengenharia.org.br\/site\/wp-json\/wp\/v2\/posts\/14515","targetHints":{"allow":["GET"]}}],"collection":[{"href":"https:\/\/www.institutodeengenharia.org.br\/site\/wp-json\/wp\/v2\/posts"}],"about":[{"href":"https:\/\/www.institutodeengenharia.org.br\/site\/wp-json\/wp\/v2\/types\/post"}],"author":[{"embeddable":true,"href":"https:\/\/www.institutodeengenharia.org.br\/site\/wp-json\/wp\/v2\/users\/1"}],"replies":[{"embeddable":true,"href":"https:\/\/www.institutodeengenharia.org.br\/site\/wp-json\/wp\/v2\/comments?post=14515"}],"version-history":[{"count":0,"href":"https:\/\/www.institutodeengenharia.org.br\/site\/wp-json\/wp\/v2\/posts\/14515\/revisions"}],"wp:attachment":[{"href":"https:\/\/www.institutodeengenharia.org.br\/site\/wp-json\/wp\/v2\/media?parent=14515"}],"wp:term":[{"taxonomy":"category","embeddable":true,"href":"https:\/\/www.institutodeengenharia.org.br\/site\/wp-json\/wp\/v2\/categories?post=14515"},{"taxonomy":"post_tag","embeddable":true,"href":"https:\/\/www.institutodeengenharia.org.br\/site\/wp-json\/wp\/v2\/tags?post=14515"}],"curies":[{"name":"wp","href":"https:\/\/api.w.org\/{rel}","templated":true}]}}