{"id":14512,"date":"2007-12-17T21:46:32","date_gmt":"2007-12-17T21:46:32","guid":{"rendered":"https:\/\/www.institutodeengenharia.org.br\/?p=14512"},"modified":"2007-12-17T13:50:09","modified_gmt":"2007-12-17T13:50:09","slug":"integra-do-discurso-do-prefeito-gilberto-kassab-em-evento-do-instituto-de-engenharia","status":"publish","type":"post","link":"https:\/\/www.institutodeengenharia.org.br\/site\/2007\/12\/17\/integra-do-discurso-do-prefeito-gilberto-kassab-em-evento-do-instituto-de-engenharia\/","title":{"rendered":"\u00cdntegra do discurso do prefeito Gilberto Kassab em evento do Instituto de Engenharia"},"content":{"rendered":"<p>Sou engenheiro. Tenho orgulho de ser engenheiro. Sinto mesmo seguran\u00e7a de afirmar que, na realidade, sempre fui engenheiro.Trago a engenharia na alma, no sangue. Em minha casa seis irm\u00e3os se formaram engenheiros. Foi no exerc\u00edcio da profiss\u00e3o que senti o chamado da vida p\u00fablica. <\/p>\n<p>Esse apelo, acredito, nasceu da circunst\u00e2ncia bem conceituada na defini\u00e7\u00e3o de que o engenheiro \u00e9 o profissional que, com base na ci\u00eancia, transforma eficientemente recursos naturais em coisas \u00fateis para a humanidade. <\/p>\n<p>Ao tocar obras, como jovem engenheiro, percebi que, al\u00e9m de profissional bem formado, sou tamb\u00e9m um cidad\u00e3o habilitado a contribuir de maneira mais abrangente para o bem da sociedade. <\/p>\n<p>Percebi na pr\u00e1tica como \u00e9 verdadeira a miss\u00e3o do Instituto de Engenharia, a nossa entidade m\u00e1xima, de promover a engenharia em benef\u00edcio do desenvolvimento e da qualidade de vida da sociedade. <\/p>\n<p>Em seus 90 anos de exist\u00eancia produtiva e exemplar, o nosso Instituto de Engenharia nos transmitiu a li\u00e7\u00e3o do sentimento comunit\u00e1rio. Tomamos consci\u00eancia de que nenhum de n\u00f3s \u00e9 uma ilha. Todos n\u00f3s pertencemos a uma comunidade e temos responsabilidade para com nossos semelhantes. <\/p>\n<p>Essa li\u00e7\u00e3o, que o Instituto de Engenharia nos transmitiu na forma de miss\u00e3o, foi decisiva para que eu tomasse o rumo do Parlamento e, posteriormente, o do Executivo. <\/p>\n<p>\u00c9 uma honra, mas uma honra muito grande, ser escolhido Eminente Engenheiro de 2007 pelo Instituto que representa a minha profiss\u00e3o de maneira t\u00e3o brilhante, de forma t\u00e3o comprometida com o desenvolvimento e a qualidade de vida. <\/p>\n<p>Desenvolvimento e qualidade de vida s\u00e3o sin\u00f4nimos, no meu modo de ver e no modo de atuar. S\u00f3 entendo as a\u00e7\u00f5es e medidas do desenvolvimento se tiverem como foco a melhoria da qualidade de vida das pessoas. Este \u00e9 o nosso objetivo principal. <\/p>\n<p>Foi isso o que aprendi tanto na faculdade com o conv\u00edvio com os meus colegas engenheiros no Instituto de Engenharia, nas entidades afins, como na minha vida. \u00c9 isso o que sempre coloquei em pr\u00e1tica e procuro colocar, seja na vida p\u00fablica, como parlamentar, e hoje como prefeito de S\u00e3o Paulo. <\/p>\n<p>A engenharia me deu o compasso e a r\u00e9gua com que tra\u00e7o meu caminhar na vida p\u00fablica. Neste ano, que para mim termina auspiciosamente, com esta honrosa distin\u00e7\u00e3o, tive v\u00e1rias oportunidades de praticar o que aprendi. <\/p>\n<p>Pratiquei, na implanta\u00e7\u00e3o da Lei Cidade Limpa, o que aprendi com engenheiros e com homens p\u00fablicos. A li\u00e7\u00e3o, aqui, \u00e9 a de que as a\u00e7\u00f5es devem ter um motivo claro, um planejamento criterioso, um apoio decidido das entidades envolvidas e beneficiadas. <\/p>\n<p>O motivo, por exemplo, da Lei Cidade Limpa, como para quase todas as pessoas que vivem em S\u00e3o Paulo, era muito claro para mim, que nasci na d\u00e9cada de 1960 e cresci sob o impacto da constata\u00e7\u00e3o de que a nossa cidade aparece entre as mais polu\u00eddas do mundo. <\/p>\n<p>O motivo da Lei Cidade Limpa \u00e9 a polui\u00e7\u00e3o visual, integrante do tenebroso conjunto das polui\u00e7\u00f5es que contaminam as metr\u00f3poles &#8211; polui\u00e7\u00e3o do ar, polui\u00e7\u00e3o das \u00e1guas, polui\u00e7\u00e3o do solo, polui\u00e7\u00e3o sonora. <\/p>\n<p>A partir de indica\u00e7\u00f5es, de constata\u00e7\u00f5es muito bem fundamentadas do nosso querido prefeito Jos\u00e9 Serra, hoje governador de todos n\u00f3s paulistas e um dos homens p\u00fablicos mais preparados da cena pol\u00edtica brasileira, a quem eu tive a honra de suceder, a partir das primeiras a\u00e7\u00f5es contra a polui\u00e7\u00e3o visual tomadas por ele, constatei que estava ao meu alcance desencadear um ataque frontal \u00e0 polui\u00e7\u00e3o visual. Sempre em sintonia, em colabora\u00e7\u00e3o com a nossa excelente equipe da Prefeitura de S\u00e3o Paulo, quase toda ela constitu\u00edda pelo nosso l\u00edder, nosso grande comandante Jos\u00e9 Serra. <\/p>\n<p>Com a ajuda essencial da popula\u00e7\u00e3o de S\u00e3o Paulo, implantamos a lei que pro\u00edbe outdoors e todo tipo de propaganda exagerada na cidade de S\u00e3o Paulo. <\/p>\n<p>Agora, em dezembro, estamos completando os primeiros doze meses de Cidade Limpa. Os moradores de S\u00e3o Paulo ficam impressionados, quando v\u00e3o a outras cidades e deparam com a polui\u00e7\u00e3o visual. <\/p>\n<p>Nesse item, S\u00e3o Paulo vai deixando de ser exemplo de cidade polu\u00edda para se converter em modelo de metr\u00f3pole que encontrou uma solu\u00e7\u00e3o para a polui\u00e7\u00e3o. Avan\u00e7amos, ao mesmo tempo, no combate a outros tipos de polui\u00e7\u00e3o. <\/p>\n<p>Assinamos o contrato para a Inspe\u00e7\u00e3o Veicular Ambiental, que come\u00e7ou em outubro pelo sensoreamento remoto e a partir de maio do ano que vem passa a ser obrigat\u00f3ria para ve\u00edculos em fase de licenciamento. <\/p>\n<p>Um conjunto de a\u00e7\u00f5es tem procurado atacar as emiss\u00f5es de caminh\u00f5es e \u00f4nibus, municipais ou intermunicipais. <\/p>\n<p>Em junho de 2005, criamos o Comit\u00ea Municipal sobre Mudan\u00e7as Clim\u00e1ticas e Ecoeconomia. <\/p>\n<p>Desde julho de 2006, a Prefeitura trabalha na redu\u00e7\u00e3o progressiva do enxofre no diesel vendido em S\u00e3o Paulo. A meta \u00e9 chegar em julho de 2010 ao teor m\u00e1ximo de 15 part\u00edculas por milh\u00e3o. <\/p>\n<p>Assinamos conv\u00eanio com a Sabesp, para recuperar o entorno dos mananciais paulistanos e o tratamento das \u00e1guas de 40 c\u00f3rregos que cortam a cidade. <\/p>\n<p>Aprovamos uma Lei que pro\u00edbe carros com aparelhos sonoros nas ruas do munic\u00edpio e a utiliza\u00e7\u00e3o de amplificadores no com\u00e9rcio e nas feiras livres. <\/p>\n<p>No Aterro Sanit\u00e1rio Bandeirantes, captamos o metano produzido pela decomposi\u00e7\u00e3o das 7 mil toneladas de lixo nele depositadas diariamente. Tamb\u00e9m captamos o metano do Aterro S\u00e3o Jo\u00e3o. <\/p>\n<p>Esse procedimento tinha um objetivo pioneiro de transformar o lixo em recursos para os melhoramentos da cidade. Essa, sem d\u00favida, foi uma das principais conquistas que nossa S\u00e3o Paulo p\u00f4de comemorar nos \u00faltimos tempos. <\/p>\n<p>Conseguimos, no Aterro Bandeirantes, a maior certifica\u00e7\u00e3o de aterro sanit\u00e1rio do mundo. <\/p>\n<p>S\u00e3o Paulo foi a \u00fanica cidade at\u00e9 hoje a controlar esses res\u00edduos urbanos e transform\u00e1-los em energia el\u00e9trica para se credenciar \u00e0 obten\u00e7\u00e3o dos cr\u00e9ditos de carbono conferidos pela ONU conforme o Protocolo de Kyoto, de 1997. <\/p>\n<p>No Aterro Bandeirantes, o lento processo de decomposi\u00e7\u00e3o do lixo produz uma mistura gasosa em que se sobressai o metano. <\/p>\n<p>Por meio de um sistema seguro de capta\u00e7\u00e3o, evitamos o escape de 80% do g\u00e1s, que \u00e9 em seguida queimado e propicia a gera\u00e7\u00e3o de energia el\u00e9trica em uma usina t\u00e9rmica de 22 MW de capacidade instalada. <\/p>\n<p>Al\u00e9m do ganho na qualidade do ar e na gera\u00e7\u00e3o de energia, registramos em setembro o ganho financeiro, quando o holand\u00eas Fortis Bank arrematou por aproximadamente R$ 34 milh\u00f5es o lote de 808 mil cr\u00e9ditos de carbono que a Prefeitura colocou em leil\u00e3o na BM&#038;F. <\/p>\n<p>O que at\u00e9 aqui era o formid\u00e1vel problema do lixo urbano, aos poucos se transforma em recursos para compensar os dissabores e transtornos sofridos por quem mora nas proximidades dos aterros. <\/p>\n<p>Outra transforma\u00e7\u00e3o not\u00e1vel que iniciamos \u00e9 a da regi\u00e3o que aos poucos a m\u00eddia se acostuma a chamar de Nova Luz, e que por algumas d\u00e9cadas foi denominada &#8220;Cracol\u00e2ndia&#8221;. <\/p>\n<p>Trata-se de regi\u00e3o que teve seu auge at\u00e9 meados do s\u00e9culo passado, que se degradou quando a cidade cresceu em outras dire\u00e7\u00f5es. <\/p>\n<p>\u00c9 uma regi\u00e3o com invej\u00e1vel estrutura de transportes, de eletricidade, de \u00e1gua, de g\u00e1s e de servi\u00e7os. <\/p>\n<p>Fomos ent\u00e3o nos inspirar em solu\u00e7\u00f5es que deram certo em outras grandes cidades, com participa\u00e7\u00e3o da iniciativa privada. <\/p>\n<p>Com a proposta de concess\u00e3o urban\u00edstica, a Prefeitura de S\u00e3o Paulo est\u00e1 viabilizando a demoli\u00e7\u00e3o e reconstru\u00e7\u00e3o de uma \u00e1rea aproximada de 300 mil metros quadrados. <\/p>\n<p>Esse processo j\u00e1 come\u00e7ou. J\u00e1 fizemos as primeiras demoli\u00e7\u00f5es. J\u00e1 atra\u00edmos um grande n\u00famero de empresas para a regi\u00e3o. \u00c9 uma reabilita\u00e7\u00e3o que j\u00e1 toma forma. <\/p>\n<p>Onde por d\u00e9cadas existiu um grave problema social e policial, come\u00e7a a nascer uma promessa de vida nova na cidade de S\u00e3o Paulo. <\/p>\n<p>O problema policial, nas metr\u00f3poles do mundo, esbarra no velho conceito, quase um tabu, de que a seguran\u00e7a p\u00fablica n\u00e3o \u00e9 assunto da compet\u00eancia de autoridades municipais. <\/p>\n<p>Na cidade de S\u00e3o Paulo, procuramos dar a contribui\u00e7\u00e3o municipal para a seguran\u00e7a, agindo em sintonia com as autoridades estaduais e federais. N\u00e3o deixamos de agir. Queria aqui deixar registrado, inclusive o nosso reconhecimento \u00e0s autoridades de seguran\u00e7a dos governos do estado e federal, pela exemplar parceira que tem conosco na administra\u00e7\u00e3o na Cidade de S\u00e3o Paulo . <\/p>\n<p>Por exemplo, adotamos a solu\u00e7\u00e3o das centrais de monitoramento, come\u00e7ando em julho de 2006 com 13 c\u00e2meras instaladas no Vale do Anhangaba\u00fa e na Luz. <\/p>\n<p>Nos meses seguintes, instalamos mais 35 c\u00e2meras, sempre em ruas de circula\u00e7\u00e3o intensa de pedestres, no Centro. E tem sido assim com muito cuidado a expans\u00e3o e a instala\u00e7\u00e3o de novas c\u00e2meras. <\/p>\n<p>A criminalidade diminuiu significativamente, nessas \u00e1reas. Foi expressiva, tamb\u00e9m, a redu\u00e7\u00e3o do com\u00e9rcio ilegal de mercadorias pirateadas, contrabandeadas, provenientes de roubos de cargas de caminh\u00f5es. <\/p>\n<p>Outra incurs\u00e3o municipal na \u00e1rea da seguran\u00e7a resultou no fechamento de todos os bingos da cidade de S\u00e3o Paulo. <\/p>\n<p>Essa foi uma tarefa especialmente complexa e demorada, que teve de vencer antes a barreira de liminares e de argumentos levados \u00e0 m\u00eddia. <\/p>\n<p>Conseguimos provar que os bingos funcionavam ilegalmente. Fomos fechando um de cada vez, at\u00e9 que todos estavam e continuam fechados. <\/p>\n<p>Interven\u00e7\u00f5es desse tipo, que durante o ano de 2007 registraram a m\u00e9dia de quase 100 por m\u00eas, t\u00eam o objetivo de corrigir mazelas que se sedimentaram por muitas d\u00e9cadas. <\/p>\n<p>T\u00eam que ser feitas e continuar\u00e3o a ser feitas, em nome da lei e da vida civilizada. Mais importante que elas, no entanto, s\u00e3o as interven\u00e7\u00f5es destinadas a preparar a cidade para o futuro. <\/p>\n<p>Nesse sentido, cabe destacar a absoluta prioridade que damos \u00e0 Educa\u00e7\u00e3o. <\/p>\n<p>Dar prioridade \u00e0 Educa\u00e7\u00e3o! <\/p>\n<p>Repetimos essa frase todos os dias. Mas n\u00e3o ficamos na repeti\u00e7\u00e3o da frase. Entramos em a\u00e7\u00e3o. <\/p>\n<p>Cumprimos a promessa de campanha de acabar com as escolas de lata e as salas de lata. Com firmeza, nos empenhamos em acabar com o chamado &#8220;turno da fome&#8221;, que coincide com o hor\u00e1rio do almo\u00e7o. Para aqueles que n\u00e3o sabem, o turno da fome \u00e9 aquele turno que come\u00e7a \u00e0s 11 da manh\u00e3, no mesmo hor\u00e1rio que sai a turma das 7 da manh\u00e3. Portanto, a turma que entra j\u00e1 se encontra com a turma que sai, j\u00e1 tem bagun\u00e7a. E sai no mesmo hor\u00e1rio que entra a turma das 15. E as crian\u00e7as ainda t\u00eam que almo\u00e7ar. Portanto, \u00e9 evidente que n\u00e3o existe educa\u00e7\u00e3o para essas crian\u00e7as. <\/p>\n<p>Para isso, estamos construindo agora mais 70 novas escolas e 25 novos CEUs. Conclu\u00eddos, n\u00f3s teremos at\u00e9 o final da gest\u00e3o eliminado o terceiro turno na nossa rede p\u00fablica municipal. <\/p>\n<p>Investimos tamb\u00e9m no professor. Este ano, os professores em sala de aula receberam o maior aumento de rendimentos da hist\u00f3ria recente da cidade. <\/p>\n<p>No final de novembro, recentemente, encaminhamos \u00e0 C\u00e2mara dos Vereadores um projeto de lei que prev\u00ea uma ampla reforma no ensino municipal. <\/p>\n<p>Vamos reorganizar os quadros dos profissionais de educa\u00e7\u00e3o. Institu\u00edmos conceitos, como a premia\u00e7\u00e3o por m\u00e9rito e o novo plano de carreira. <\/p>\n<p>Vamos ampliar a carga hor\u00e1ria dos alunos e ensinar melhor a eles. Desde 2006, o programa &#8220;Ler e Escrever&#8221; vem reduzindo substancialmente o analfabetismo entre alunos das primeiras s\u00e9ries. <\/p>\n<p>Agora, em setembro, iniciamos o Programa Aprendendo com Sa\u00fade, para evitar que o rendimento escolar das crian\u00e7as caia por causa de problemas de sa\u00fade. <\/p>\n<p>Dar prioridade \u00e0 Educa\u00e7\u00e3o. \u00c9 nisso que acreditamos. Essa \u00e9 a ferramenta que estamos decididos a utilizar para diminuir a desigualdade social. <\/p>\n<p>A desigualdade social \u00e9 o terr\u00edvel problema-s\u00edntese de todos os problemas que enfrentamos no Brasil. Na cidade de S\u00e3o Paulo, estamos combatendo a desigualdade social com \u00eanfase na educa\u00e7\u00e3o, na forma\u00e7\u00e3o profissional, na inclus\u00e3o digital. Um programa de extrema import\u00e2ncia coordenado pelo nosso querido secret\u00e1rio Ricardo Montoro. <\/p>\n<p>A Prefeitura j\u00e1 tem 223 Telecentros espalhados pela cidade, com cerca de 1,5 milh\u00e3o de usu\u00e1rios cadastrados. Fazem parte do Programa de Inclus\u00e3o Digital, que democratiza o uso de computadores com acesso a internet. <\/p>\n<p>Al\u00e9m de preparar para a disputa de postos no mercado, a Prefeitura d\u00e1 suporte aos trabalhadores com o Centro de Apoio ao Trabalhador, o CAT, que facilita o contato entre os profissionais desempregados e as empresas que tenham vagas dispon\u00edveis. <\/p>\n<p>Em seus dois primeiros anos, os CATs j\u00e1 conseguiram vagas para 97 mil trabalhadores paulistanos. <\/p>\n<p>Na \u00e1rea da sa\u00fade p\u00fablica, o desafio \u00e9 resgatar a qualidade, \u00e9 trabalhar para que a popula\u00e7\u00e3o paulistana receba um bom atendimento. Demos j\u00e1 alguns passos importantes e fundamentais nesse sentido. <\/p>\n<p>Em meados do ano inauguramos o Hospital de Cidade Tiradentes, o primeiro hospital municipal criado em 17 anos. Logo, logo, digo em algumas semanas, vamos abrir um outro, no M\u00b4Boi Mirim. Cuidamos tamb\u00e9m da estrutura j\u00e1 instalada: reformamos mais da metade dos postos de sa\u00fade e v\u00e1rios hospitais municipais. <\/p>\n<p>Foi resolvido o problema da distribui\u00e7\u00e3o de rem\u00e9dios nos postos e implantamos o programa do rem\u00e9dio em casa, que entrega o medicamento pelo correio a todos os portadores de doen\u00e7as cr\u00f4nicas em situa\u00e7\u00e3o est\u00e1vel. <\/p>\n<p>Fizemos parcerias para que hospitais de ponta cuidem de servi\u00e7os de sa\u00fade na periferia. As parcerias s\u00e3o de refer\u00eancia, nos enchem de orgulho, incluem a Universidade de S\u00e3o Paulo, a Unifesp, as Irm\u00e3s Marcelinas, o Albert Einstein, a Santa Casa de Miseric\u00f3rdia, o S\u00edrio Liban\u00eas, o Samaritano a Unisa, enfim outros, de maneira que a tecnologia de sa\u00fade que atende os bairros mais ricos chegue tamb\u00e9m aos mais pobres. <\/p>\n<p>Agora, na primeira semana de dezembro, conclu\u00edmos o projeto de 100% da informatiza\u00e7\u00e3o dos servi\u00e7os de sa\u00fade do Munic\u00edpio. <\/p>\n<p>O sistema integrado d\u00e1 mais agilidade \u00e0s consultas e exames, facilitando o acesso da popula\u00e7\u00e3o aos servi\u00e7os de sa\u00fade da Prefeitura. Com a informatiza\u00e7\u00e3o, fica mais f\u00e1cil para o cidad\u00e3o escolher datas e locais onde far\u00e1 consultas ou exames m\u00e9dicos. <\/p>\n<p>Isso significa, em n\u00fameros, uma rede de computadores unindo 407 Unidades B\u00e1sicas de Sa\u00fade, 22 Ambulat\u00f3rios de Especialidades e 52 AMAs. <\/p>\n<p>Ali\u00e1s, as AMAs merecem uma palavra: s\u00e3o unidades de sa\u00fade que n\u00e3o existiam. <\/p>\n<p>Criadas em 2005 pelo ent\u00e3o nosso governador Jos\u00e9 Serra, ent\u00e3o prefeito, j\u00e1 s\u00e3o 54, atendendo mais de 500 mil pessoas por m\u00eas. Em breve, em breve mesmo, em poucos meses ser\u00e3o mais de 100. <\/p>\n<p>As AMAs d\u00e3o atendimento para casos urgentes que n\u00e3o requerem atendimento hospitalar ou de pronto socorro. <\/p>\n<p>S\u00e3o portanto 500 mil pessoas que se n\u00e3o fossem atendidas ali, iriam formar filas em prontos-socorros. Uma solu\u00e7\u00e3o simples, que melhorou a qualidade de vida do paciente e reduziu filas. <\/p>\n<p>Dessa maneira, a Secretaria Municipal de Sa\u00fade tem melhorado a qualidade, o controle e a efici\u00eancia da rede p\u00fablica de assist\u00eancia m\u00e9dica e ambulatorial. Ainda n\u00e3o chegamos ao ponto ideal. Mas estamos avan\u00e7ando. <\/p>\n<p>Estamos avan\u00e7ando, igualmente, na urbaniza\u00e7\u00e3o de favelas e na elimina\u00e7\u00e3o das \u00e1reas de risco geol\u00f3gico de desmoronamento e desbarrancamento de encostas de morro e margens de c\u00f3rrego. <\/p>\n<p>Desde 2005, a Prefeitura executou mais de 200 obras em quase 600 locais mapeados como \u00e1reas de risco em 20 Subprefeituras. <\/p>\n<p>Seja eliminando as \u00e1reas de risco, seja promovendo o maior programa de urbaniza\u00e7\u00e3o de favelas de nossa hist\u00f3ria, o objetivo \u00e9 o mesmo: garantir que mais e mais pessoas vivam dignamente e em seguran\u00e7a em S\u00e3o Paulo. Queria registrar com carinho a presen\u00e7a do nosso secret\u00e1rio de Habita\u00e7\u00e3o, Orlando Almeida, aqui presente. <\/p>\n<p>Foi isso que o que aprendi em casa, numa fam\u00edlia de engenheiros. Foi isso o que me ensinaram as aulas da faculdade e o conv\u00edvio com o Instituto de Engenharia. \u00c9 isso que acredito, \u00e9 esse o meu credo. <\/p>\n<p>Creio que a obra mais cara \u00e9 a obra inacabada. Por isso, a atual administra\u00e7\u00e3o se dedica \u00e0 conclus\u00e3o de apenas duas grandes obras, a Ponte Estaiada sobre o Rio Pinheiros e o antigo Fura-Fila, que requalificamos e denominamos Expresso Tiradentes. No restante, o que executamos s\u00e3o pequenas obras, de custo adequado ao or\u00e7amento municipal e de efetivo benef\u00edcio para a comunidade. S\u00e3o as novas escolas, as novas unidades de sa\u00fade, \u00e9 a urbaniza\u00e7\u00e3o das favelas, \u00e9 a elimina\u00e7\u00e3o das \u00e1reas de risco, \u00e9 a prepara\u00e7\u00e3o da cidade para o per\u00edodo das chuvas. <\/p>\n<p>Creio que a preocupa\u00e7\u00e3o central e essencial do administrador p\u00fablico, no Brasil de hoje, deve ser a desigualdade social. Temos que diminuir o escandaloso fosso cavado entre os muito ricos e os miser\u00e1veis. Temos que dar oportunidade, pela via da educa\u00e7\u00e3o, para que as popula\u00e7\u00f5es mais carentes se desenvolvam e possam disputar os melhores postos no mercado de trabalho. <\/p>\n<p>Creio que faltam projetos de futuro, no Brasil de um modo geral e particularmente em S\u00e3o Paulo. Os \u00faltimos que o munic\u00edpio paulista conheceu foram os iniciados ou esbo\u00e7ados l\u00e1 atr\u00e1s por prefeitos como J\u00e2nio Quadros, Figueiredo Ferraz, mais de vinte anos atr\u00e1s, Faria Lima. Os ensinamentos da engenharia alertam para a urg\u00eancia de se corrigir essa falha. \u00c9 o que estamos fazendo, com a cria\u00e7\u00e3o de um grupo de trabalho encarregado de elaborar projetos para a cidade de S\u00e3o Paulo. De um modo geral, s\u00e3o projetos que esta administra\u00e7\u00e3o n\u00e3o vai tocar. S\u00e3o projetos no futuro da cidade, a serem executados por administra\u00e7\u00f5es futuras. <\/p>\n<p>Creio no futuro da nossa cidade. Nesta administra\u00e7\u00e3o, estamos dando passos que v\u00e3o garantir melhor qualidade de vida para a gente paulistana. Estamos apontando o caminho ideal a ser seguido. \u00c9 sincera e firme a nossa inten\u00e7\u00e3o de continuar a contribuir pessoalmente, diretamente, para semear, cultivar e ao cabo participar dos festejos da colheita. <\/p>\n<p>Por tudo isso, quero encerrar com a renova\u00e7\u00e3o de minha profiss\u00e3o de f\u00e9 na engenharia. <\/p>\n<p>Na conviv\u00eancia com pol\u00edticos de diferentes forma\u00e7\u00f5es, tenho aprendido o valor inestim\u00e1vel do sonho, da busca do ideal. <\/p>\n<p>\u00c9 nesses momentos que mais claramente percebo a import\u00e2ncia da minha forma\u00e7\u00e3o de engenheiro. Damos objetividade aos sonhos. Conhecemos os c\u00e1lculos capazes de concretizar os ideais. <\/p>\n<p>Dispomos dos meios de trazer, para o plano da realidade, o que brota no plano dos anseios e desejos. <\/p>\n<p>O meu muito obrigado a todos. O meu muito obrigado ao Instituto de Engenharia. A todos voc\u00eas, o meu boa-noite. <\/p>\n<p><b>Autor: Gilberto Kassab<\/b><\/p>\n","protected":false},"excerpt":{"rendered":"<p>Sou engenheiro. Tenho orgulho de ser engenheiro. Sinto mesmo seguran\u00e7a de afirmar que, na realidade, sempre fui engenheiro.Trago a engenharia na alma, no sangue. Em minha casa seis irm\u00e3os se formaram engenheiros. Foi no exerc\u00edcio da profiss\u00e3o que senti o chamado da vida p\u00fablica. Esse apelo, acredito, nasceu da circunst\u00e2ncia bem conceituada na defini\u00e7\u00e3o de [&hellip;]<\/p>\n","protected":false},"author":1,"featured_media":14513,"comment_status":"open","ping_status":"open","sticky":false,"template":"","format":"standard","meta":{"footnotes":""},"categories":[114,27],"tags":[],"class_list":{"0":"post-14512","1":"post","2":"type-post","3":"status-publish","4":"format-standard","5":"has-post-thumbnail","7":"category-artigos","8":"category-instituto-de-engenharia"},"yoast_head":"<!-- This site is optimized with the Yoast SEO plugin v27.2 - https:\/\/yoast.com\/product\/yoast-seo-wordpress\/ -->\n<title>\u00cdntegra do discurso do prefeito Gilberto Kassab em evento do Instituto de Engenharia - Instituto de Engenharia<\/title>\n<meta name=\"robots\" content=\"index, follow, max-snippet:-1, max-image-preview:large, max-video-preview:-1\" \/>\n<link rel=\"canonical\" href=\"https:\/\/www.institutodeengenharia.org.br\/site\/2007\/12\/17\/integra-do-discurso-do-prefeito-gilberto-kassab-em-evento-do-instituto-de-engenharia\/\" \/>\n<meta property=\"og:locale\" content=\"pt_BR\" \/>\n<meta property=\"og:type\" content=\"article\" \/>\n<meta property=\"og:title\" content=\"\u00cdntegra do discurso do prefeito Gilberto Kassab em evento do Instituto de Engenharia - Instituto de Engenharia\" \/>\n<meta property=\"og:description\" content=\"Sou engenheiro. Tenho orgulho de ser engenheiro. Sinto mesmo seguran\u00e7a de afirmar que, na realidade, sempre fui engenheiro.Trago a engenharia na alma, no sangue. Em minha casa seis irm\u00e3os se formaram engenheiros. Foi no exerc\u00edcio da profiss\u00e3o que senti o chamado da vida p\u00fablica. Esse apelo, acredito, nasceu da circunst\u00e2ncia bem conceituada na defini\u00e7\u00e3o de [&hellip;]\" \/>\n<meta property=\"og:url\" content=\"https:\/\/www.institutodeengenharia.org.br\/site\/2007\/12\/17\/integra-do-discurso-do-prefeito-gilberto-kassab-em-evento-do-instituto-de-engenharia\/\" \/>\n<meta property=\"og:site_name\" content=\"Instituto de Engenharia\" \/>\n<meta property=\"article:publisher\" content=\"https:\/\/www.facebook.com\/institutodeengenharia\" \/>\n<meta property=\"article:published_time\" content=\"2007-12-17T21:46:32+00:00\" \/>\n<meta property=\"og:image\" content=\"https:\/\/www.institutodeengenharia.org.br\/site\/wp-content\/uploads\/2017\/10\/noticia167.jpg\" \/>\n\t<meta property=\"og:image:width\" content=\"195\" \/>\n\t<meta property=\"og:image:height\" content=\"292\" \/>\n\t<meta property=\"og:image:type\" content=\"image\/jpeg\" \/>\n<meta name=\"author\" content=\"TMax Tecnologia\" \/>\n<meta name=\"twitter:card\" content=\"summary_large_image\" \/>\n<meta name=\"twitter:creator\" content=\"@iengenharia\" \/>\n<meta name=\"twitter:site\" content=\"@iengenharia\" \/>\n<meta name=\"twitter:label1\" content=\"Escrito por\" \/>\n\t<meta name=\"twitter:data1\" content=\"TMax Tecnologia\" \/>\n\t<meta name=\"twitter:label2\" content=\"Est. tempo de leitura\" \/>\n\t<meta name=\"twitter:data2\" content=\"16 minutos\" \/>\n<script type=\"application\/ld+json\" class=\"yoast-schema-graph\">{\"@context\":\"https:\/\/schema.org\",\"@graph\":[{\"@type\":\"Article\",\"@id\":\"https:\/\/www.institutodeengenharia.org.br\/site\/2007\/12\/17\/integra-do-discurso-do-prefeito-gilberto-kassab-em-evento-do-instituto-de-engenharia\/#article\",\"isPartOf\":{\"@id\":\"https:\/\/www.institutodeengenharia.org.br\/site\/2007\/12\/17\/integra-do-discurso-do-prefeito-gilberto-kassab-em-evento-do-instituto-de-engenharia\/\"},\"author\":{\"name\":\"TMax Tecnologia\",\"@id\":\"https:\/\/www.institutodeengenharia.org.br\/site\/#\/schema\/person\/3b1ff109facef084739fc2edcb9a127f\"},\"headline\":\"\u00cdntegra do discurso do prefeito Gilberto Kassab em evento do Instituto de Engenharia\",\"datePublished\":\"2007-12-17T21:46:32+00:00\",\"mainEntityOfPage\":{\"@id\":\"https:\/\/www.institutodeengenharia.org.br\/site\/2007\/12\/17\/integra-do-discurso-do-prefeito-gilberto-kassab-em-evento-do-instituto-de-engenharia\/\"},\"wordCount\":3204,\"commentCount\":0,\"publisher\":{\"@id\":\"https:\/\/www.institutodeengenharia.org.br\/site\/#organization\"},\"image\":{\"@id\":\"https:\/\/www.institutodeengenharia.org.br\/site\/2007\/12\/17\/integra-do-discurso-do-prefeito-gilberto-kassab-em-evento-do-instituto-de-engenharia\/#primaryimage\"},\"thumbnailUrl\":\"https:\/\/www.institutodeengenharia.org.br\/site\/wp-content\/uploads\/2017\/10\/noticia167.jpg\",\"articleSection\":[\"Artigos\",\"Instituto de Engenharia\"],\"inLanguage\":\"pt-BR\",\"potentialAction\":[{\"@type\":\"CommentAction\",\"name\":\"Comment\",\"target\":[\"https:\/\/www.institutodeengenharia.org.br\/site\/2007\/12\/17\/integra-do-discurso-do-prefeito-gilberto-kassab-em-evento-do-instituto-de-engenharia\/#respond\"]}]},{\"@type\":\"WebPage\",\"@id\":\"https:\/\/www.institutodeengenharia.org.br\/site\/2007\/12\/17\/integra-do-discurso-do-prefeito-gilberto-kassab-em-evento-do-instituto-de-engenharia\/\",\"url\":\"https:\/\/www.institutodeengenharia.org.br\/site\/2007\/12\/17\/integra-do-discurso-do-prefeito-gilberto-kassab-em-evento-do-instituto-de-engenharia\/\",\"name\":\"\u00cdntegra do discurso do prefeito Gilberto Kassab em evento do Instituto de Engenharia - Instituto de Engenharia\",\"isPartOf\":{\"@id\":\"https:\/\/www.institutodeengenharia.org.br\/site\/#website\"},\"primaryImageOfPage\":{\"@id\":\"https:\/\/www.institutodeengenharia.org.br\/site\/2007\/12\/17\/integra-do-discurso-do-prefeito-gilberto-kassab-em-evento-do-instituto-de-engenharia\/#primaryimage\"},\"image\":{\"@id\":\"https:\/\/www.institutodeengenharia.org.br\/site\/2007\/12\/17\/integra-do-discurso-do-prefeito-gilberto-kassab-em-evento-do-instituto-de-engenharia\/#primaryimage\"},\"thumbnailUrl\":\"https:\/\/www.institutodeengenharia.org.br\/site\/wp-content\/uploads\/2017\/10\/noticia167.jpg\",\"datePublished\":\"2007-12-17T21:46:32+00:00\",\"breadcrumb\":{\"@id\":\"https:\/\/www.institutodeengenharia.org.br\/site\/2007\/12\/17\/integra-do-discurso-do-prefeito-gilberto-kassab-em-evento-do-instituto-de-engenharia\/#breadcrumb\"},\"inLanguage\":\"pt-BR\",\"potentialAction\":[{\"@type\":\"ReadAction\",\"target\":[\"https:\/\/www.institutodeengenharia.org.br\/site\/2007\/12\/17\/integra-do-discurso-do-prefeito-gilberto-kassab-em-evento-do-instituto-de-engenharia\/\"]}]},{\"@type\":\"ImageObject\",\"inLanguage\":\"pt-BR\",\"@id\":\"https:\/\/www.institutodeengenharia.org.br\/site\/2007\/12\/17\/integra-do-discurso-do-prefeito-gilberto-kassab-em-evento-do-instituto-de-engenharia\/#primaryimage\",\"url\":\"https:\/\/www.institutodeengenharia.org.br\/site\/wp-content\/uploads\/2017\/10\/noticia167.jpg\",\"contentUrl\":\"https:\/\/www.institutodeengenharia.org.br\/site\/wp-content\/uploads\/2017\/10\/noticia167.jpg\",\"width\":195,\"height\":292,\"caption\":\"Prefeito Gilberto Kassab\"},{\"@type\":\"BreadcrumbList\",\"@id\":\"https:\/\/www.institutodeengenharia.org.br\/site\/2007\/12\/17\/integra-do-discurso-do-prefeito-gilberto-kassab-em-evento-do-instituto-de-engenharia\/#breadcrumb\",\"itemListElement\":[{\"@type\":\"ListItem\",\"position\":1,\"name\":\"In\u00edcio\",\"item\":\"https:\/\/www.institutodeengenharia.org.br\/site\/\"},{\"@type\":\"ListItem\",\"position\":2,\"name\":\"\u00cdntegra do discurso do prefeito Gilberto Kassab em evento do Instituto de Engenharia\"}]},{\"@type\":\"WebSite\",\"@id\":\"https:\/\/www.institutodeengenharia.org.br\/site\/#website\",\"url\":\"https:\/\/www.institutodeengenharia.org.br\/site\/\",\"name\":\"Instituto de Engenharia\",\"description\":\"O Instituto de Engenharia promove a Engenharia em benef\u00edcio do desenvolvimento e da qualidade de vida da sociedade.\",\"publisher\":{\"@id\":\"https:\/\/www.institutodeengenharia.org.br\/site\/#organization\"},\"potentialAction\":[{\"@type\":\"SearchAction\",\"target\":{\"@type\":\"EntryPoint\",\"urlTemplate\":\"https:\/\/www.institutodeengenharia.org.br\/site\/?s={search_term_string}\"},\"query-input\":{\"@type\":\"PropertyValueSpecification\",\"valueRequired\":true,\"valueName\":\"search_term_string\"}}],\"inLanguage\":\"pt-BR\"},{\"@type\":\"Organization\",\"@id\":\"https:\/\/www.institutodeengenharia.org.br\/site\/#organization\",\"name\":\"Instituto de Engenharia\",\"url\":\"https:\/\/www.institutodeengenharia.org.br\/site\/\",\"logo\":{\"@type\":\"ImageObject\",\"inLanguage\":\"pt-BR\",\"@id\":\"https:\/\/www.institutodeengenharia.org.br\/site\/#\/schema\/logo\/image\/\",\"url\":\"https:\/\/www.institutodeengenharia.org.br\/site\/wp-content\/uploads\/2019\/03\/logo-novo-IE2018-1.jpg\",\"contentUrl\":\"https:\/\/www.institutodeengenharia.org.br\/site\/wp-content\/uploads\/2019\/03\/logo-novo-IE2018-1.jpg\",\"width\":1486,\"height\":1879,\"caption\":\"Instituto de Engenharia\"},\"image\":{\"@id\":\"https:\/\/www.institutodeengenharia.org.br\/site\/#\/schema\/logo\/image\/\"},\"sameAs\":[\"https:\/\/www.facebook.com\/institutodeengenharia\",\"https:\/\/x.com\/iengenharia\",\"https:\/\/www.instagram.com\/institutodeengenharia\/\",\"https:\/\/www.linkedin.com\/company\/instituto-de-engenharia\/\",\"https:\/\/www.youtube.com\/channel\/UCXiCAlsSMe977vamW915HxA\"]},{\"@type\":\"Person\",\"@id\":\"https:\/\/www.institutodeengenharia.org.br\/site\/#\/schema\/person\/3b1ff109facef084739fc2edcb9a127f\",\"name\":\"TMax Tecnologia\",\"image\":{\"@type\":\"ImageObject\",\"inLanguage\":\"pt-BR\",\"@id\":\"https:\/\/secure.gravatar.com\/avatar\/f912434ef7f389c92cb311fcdae346af848465d638912574b3c669070f797701?s=96&d=mm&r=g\",\"url\":\"https:\/\/secure.gravatar.com\/avatar\/f912434ef7f389c92cb311fcdae346af848465d638912574b3c669070f797701?s=96&d=mm&r=g\",\"contentUrl\":\"https:\/\/secure.gravatar.com\/avatar\/f912434ef7f389c92cb311fcdae346af848465d638912574b3c669070f797701?s=96&d=mm&r=g\",\"caption\":\"TMax Tecnologia\"},\"url\":\"https:\/\/www.institutodeengenharia.org.br\/site\/author\/tmax\/\"}]}<\/script>\n<!-- \/ Yoast SEO plugin. -->","yoast_head_json":{"title":"\u00cdntegra do discurso do prefeito Gilberto Kassab em evento do Instituto de Engenharia - Instituto de Engenharia","robots":{"index":"index","follow":"follow","max-snippet":"max-snippet:-1","max-image-preview":"max-image-preview:large","max-video-preview":"max-video-preview:-1"},"canonical":"https:\/\/www.institutodeengenharia.org.br\/site\/2007\/12\/17\/integra-do-discurso-do-prefeito-gilberto-kassab-em-evento-do-instituto-de-engenharia\/","og_locale":"pt_BR","og_type":"article","og_title":"\u00cdntegra do discurso do prefeito Gilberto Kassab em evento do Instituto de Engenharia - Instituto de Engenharia","og_description":"Sou engenheiro. Tenho orgulho de ser engenheiro. Sinto mesmo seguran\u00e7a de afirmar que, na realidade, sempre fui engenheiro.Trago a engenharia na alma, no sangue. Em minha casa seis irm\u00e3os se formaram engenheiros. Foi no exerc\u00edcio da profiss\u00e3o que senti o chamado da vida p\u00fablica. Esse apelo, acredito, nasceu da circunst\u00e2ncia bem conceituada na defini\u00e7\u00e3o de [&hellip;]","og_url":"https:\/\/www.institutodeengenharia.org.br\/site\/2007\/12\/17\/integra-do-discurso-do-prefeito-gilberto-kassab-em-evento-do-instituto-de-engenharia\/","og_site_name":"Instituto de Engenharia","article_publisher":"https:\/\/www.facebook.com\/institutodeengenharia","article_published_time":"2007-12-17T21:46:32+00:00","og_image":[{"width":195,"height":292,"url":"https:\/\/www.institutodeengenharia.org.br\/site\/wp-content\/uploads\/2017\/10\/noticia167.jpg","type":"image\/jpeg"}],"author":"TMax Tecnologia","twitter_card":"summary_large_image","twitter_creator":"@iengenharia","twitter_site":"@iengenharia","twitter_misc":{"Escrito por":"TMax Tecnologia","Est. tempo de leitura":"16 minutos"},"schema":{"@context":"https:\/\/schema.org","@graph":[{"@type":"Article","@id":"https:\/\/www.institutodeengenharia.org.br\/site\/2007\/12\/17\/integra-do-discurso-do-prefeito-gilberto-kassab-em-evento-do-instituto-de-engenharia\/#article","isPartOf":{"@id":"https:\/\/www.institutodeengenharia.org.br\/site\/2007\/12\/17\/integra-do-discurso-do-prefeito-gilberto-kassab-em-evento-do-instituto-de-engenharia\/"},"author":{"name":"TMax Tecnologia","@id":"https:\/\/www.institutodeengenharia.org.br\/site\/#\/schema\/person\/3b1ff109facef084739fc2edcb9a127f"},"headline":"\u00cdntegra do discurso do prefeito Gilberto Kassab em evento do Instituto de Engenharia","datePublished":"2007-12-17T21:46:32+00:00","mainEntityOfPage":{"@id":"https:\/\/www.institutodeengenharia.org.br\/site\/2007\/12\/17\/integra-do-discurso-do-prefeito-gilberto-kassab-em-evento-do-instituto-de-engenharia\/"},"wordCount":3204,"commentCount":0,"publisher":{"@id":"https:\/\/www.institutodeengenharia.org.br\/site\/#organization"},"image":{"@id":"https:\/\/www.institutodeengenharia.org.br\/site\/2007\/12\/17\/integra-do-discurso-do-prefeito-gilberto-kassab-em-evento-do-instituto-de-engenharia\/#primaryimage"},"thumbnailUrl":"https:\/\/www.institutodeengenharia.org.br\/site\/wp-content\/uploads\/2017\/10\/noticia167.jpg","articleSection":["Artigos","Instituto de Engenharia"],"inLanguage":"pt-BR","potentialAction":[{"@type":"CommentAction","name":"Comment","target":["https:\/\/www.institutodeengenharia.org.br\/site\/2007\/12\/17\/integra-do-discurso-do-prefeito-gilberto-kassab-em-evento-do-instituto-de-engenharia\/#respond"]}]},{"@type":"WebPage","@id":"https:\/\/www.institutodeengenharia.org.br\/site\/2007\/12\/17\/integra-do-discurso-do-prefeito-gilberto-kassab-em-evento-do-instituto-de-engenharia\/","url":"https:\/\/www.institutodeengenharia.org.br\/site\/2007\/12\/17\/integra-do-discurso-do-prefeito-gilberto-kassab-em-evento-do-instituto-de-engenharia\/","name":"\u00cdntegra do discurso do prefeito Gilberto Kassab em evento do Instituto de Engenharia - Instituto de Engenharia","isPartOf":{"@id":"https:\/\/www.institutodeengenharia.org.br\/site\/#website"},"primaryImageOfPage":{"@id":"https:\/\/www.institutodeengenharia.org.br\/site\/2007\/12\/17\/integra-do-discurso-do-prefeito-gilberto-kassab-em-evento-do-instituto-de-engenharia\/#primaryimage"},"image":{"@id":"https:\/\/www.institutodeengenharia.org.br\/site\/2007\/12\/17\/integra-do-discurso-do-prefeito-gilberto-kassab-em-evento-do-instituto-de-engenharia\/#primaryimage"},"thumbnailUrl":"https:\/\/www.institutodeengenharia.org.br\/site\/wp-content\/uploads\/2017\/10\/noticia167.jpg","datePublished":"2007-12-17T21:46:32+00:00","breadcrumb":{"@id":"https:\/\/www.institutodeengenharia.org.br\/site\/2007\/12\/17\/integra-do-discurso-do-prefeito-gilberto-kassab-em-evento-do-instituto-de-engenharia\/#breadcrumb"},"inLanguage":"pt-BR","potentialAction":[{"@type":"ReadAction","target":["https:\/\/www.institutodeengenharia.org.br\/site\/2007\/12\/17\/integra-do-discurso-do-prefeito-gilberto-kassab-em-evento-do-instituto-de-engenharia\/"]}]},{"@type":"ImageObject","inLanguage":"pt-BR","@id":"https:\/\/www.institutodeengenharia.org.br\/site\/2007\/12\/17\/integra-do-discurso-do-prefeito-gilberto-kassab-em-evento-do-instituto-de-engenharia\/#primaryimage","url":"https:\/\/www.institutodeengenharia.org.br\/site\/wp-content\/uploads\/2017\/10\/noticia167.jpg","contentUrl":"https:\/\/www.institutodeengenharia.org.br\/site\/wp-content\/uploads\/2017\/10\/noticia167.jpg","width":195,"height":292,"caption":"Prefeito Gilberto Kassab"},{"@type":"BreadcrumbList","@id":"https:\/\/www.institutodeengenharia.org.br\/site\/2007\/12\/17\/integra-do-discurso-do-prefeito-gilberto-kassab-em-evento-do-instituto-de-engenharia\/#breadcrumb","itemListElement":[{"@type":"ListItem","position":1,"name":"In\u00edcio","item":"https:\/\/www.institutodeengenharia.org.br\/site\/"},{"@type":"ListItem","position":2,"name":"\u00cdntegra do discurso do prefeito Gilberto Kassab em evento do Instituto de Engenharia"}]},{"@type":"WebSite","@id":"https:\/\/www.institutodeengenharia.org.br\/site\/#website","url":"https:\/\/www.institutodeengenharia.org.br\/site\/","name":"Instituto de Engenharia","description":"O Instituto de Engenharia promove a Engenharia em benef\u00edcio do desenvolvimento e da qualidade de vida da sociedade.","publisher":{"@id":"https:\/\/www.institutodeengenharia.org.br\/site\/#organization"},"potentialAction":[{"@type":"SearchAction","target":{"@type":"EntryPoint","urlTemplate":"https:\/\/www.institutodeengenharia.org.br\/site\/?s={search_term_string}"},"query-input":{"@type":"PropertyValueSpecification","valueRequired":true,"valueName":"search_term_string"}}],"inLanguage":"pt-BR"},{"@type":"Organization","@id":"https:\/\/www.institutodeengenharia.org.br\/site\/#organization","name":"Instituto de Engenharia","url":"https:\/\/www.institutodeengenharia.org.br\/site\/","logo":{"@type":"ImageObject","inLanguage":"pt-BR","@id":"https:\/\/www.institutodeengenharia.org.br\/site\/#\/schema\/logo\/image\/","url":"https:\/\/www.institutodeengenharia.org.br\/site\/wp-content\/uploads\/2019\/03\/logo-novo-IE2018-1.jpg","contentUrl":"https:\/\/www.institutodeengenharia.org.br\/site\/wp-content\/uploads\/2019\/03\/logo-novo-IE2018-1.jpg","width":1486,"height":1879,"caption":"Instituto de Engenharia"},"image":{"@id":"https:\/\/www.institutodeengenharia.org.br\/site\/#\/schema\/logo\/image\/"},"sameAs":["https:\/\/www.facebook.com\/institutodeengenharia","https:\/\/x.com\/iengenharia","https:\/\/www.instagram.com\/institutodeengenharia\/","https:\/\/www.linkedin.com\/company\/instituto-de-engenharia\/","https:\/\/www.youtube.com\/channel\/UCXiCAlsSMe977vamW915HxA"]},{"@type":"Person","@id":"https:\/\/www.institutodeengenharia.org.br\/site\/#\/schema\/person\/3b1ff109facef084739fc2edcb9a127f","name":"TMax Tecnologia","image":{"@type":"ImageObject","inLanguage":"pt-BR","@id":"https:\/\/secure.gravatar.com\/avatar\/f912434ef7f389c92cb311fcdae346af848465d638912574b3c669070f797701?s=96&d=mm&r=g","url":"https:\/\/secure.gravatar.com\/avatar\/f912434ef7f389c92cb311fcdae346af848465d638912574b3c669070f797701?s=96&d=mm&r=g","contentUrl":"https:\/\/secure.gravatar.com\/avatar\/f912434ef7f389c92cb311fcdae346af848465d638912574b3c669070f797701?s=96&d=mm&r=g","caption":"TMax Tecnologia"},"url":"https:\/\/www.institutodeengenharia.org.br\/site\/author\/tmax\/"}]}},"_links":{"self":[{"href":"https:\/\/www.institutodeengenharia.org.br\/site\/wp-json\/wp\/v2\/posts\/14512","targetHints":{"allow":["GET"]}}],"collection":[{"href":"https:\/\/www.institutodeengenharia.org.br\/site\/wp-json\/wp\/v2\/posts"}],"about":[{"href":"https:\/\/www.institutodeengenharia.org.br\/site\/wp-json\/wp\/v2\/types\/post"}],"author":[{"embeddable":true,"href":"https:\/\/www.institutodeengenharia.org.br\/site\/wp-json\/wp\/v2\/users\/1"}],"replies":[{"embeddable":true,"href":"https:\/\/www.institutodeengenharia.org.br\/site\/wp-json\/wp\/v2\/comments?post=14512"}],"version-history":[{"count":0,"href":"https:\/\/www.institutodeengenharia.org.br\/site\/wp-json\/wp\/v2\/posts\/14512\/revisions"}],"wp:featuredmedia":[{"embeddable":true,"href":"https:\/\/www.institutodeengenharia.org.br\/site\/wp-json\/wp\/v2\/media\/14513"}],"wp:attachment":[{"href":"https:\/\/www.institutodeengenharia.org.br\/site\/wp-json\/wp\/v2\/media?parent=14512"}],"wp:term":[{"taxonomy":"category","embeddable":true,"href":"https:\/\/www.institutodeengenharia.org.br\/site\/wp-json\/wp\/v2\/categories?post=14512"},{"taxonomy":"post_tag","embeddable":true,"href":"https:\/\/www.institutodeengenharia.org.br\/site\/wp-json\/wp\/v2\/tags?post=14512"}],"curies":[{"name":"wp","href":"https:\/\/api.w.org\/{rel}","templated":true}]}}