{"id":14510,"date":"2007-12-17T21:46:30","date_gmt":"2007-12-17T21:46:30","guid":{"rendered":"https:\/\/www.institutodeengenharia.org.br\/?p=14510"},"modified":"2007-12-17T13:41:09","modified_gmt":"2007-12-17T13:41:09","slug":"saudacao-do-professor-kokei-uehara-ao-prefeito-gilberto-kassab-durante-a-outorga-do-titulo-engenheiro-do-ano","status":"publish","type":"post","link":"https:\/\/www.institutodeengenharia.org.br\/site\/2007\/12\/17\/saudacao-do-professor-kokei-uehara-ao-prefeito-gilberto-kassab-durante-a-outorga-do-titulo-engenheiro-do-ano\/","title":{"rendered":"Sauda\u00e7\u00e3o do professor Kokei Uehara ao Prefeito Gilberto Kassab, durante a outorga do t\u00edtulo Engenheiro do Ano"},"content":{"rendered":"<p><strong>Sauda\u00e7\u00e3o do professor Kokei Uehara ao Prefeito Gilberto Kassab, durante a outorga do t\u00edtulo Engenheiro do Ano<\/strong><\/p>\n<p>Meus senhores, minhas senhoras. <\/p>\n<p>Todos poder\u00e3o estar perguntando: o que este velhinho de 80 anos, cabelos brancos e meio gag\u00e1, est\u00e1, l\u00e1 na frente, incumbido de saudar o grande prefeito de uma das mais importantes cidades do mundo? Nem pol\u00edtico \u00e9! <\/p>\n<p>Cabelos brancos, com muita honra. Gag\u00e1 n\u00e3o tem jeito, \u00e9 uma das conting\u00eancias da vida. <\/p>\n<p>Estou aqui, diante dos senhores, meio tr\u00eamulo com a responsabilidade e tomado pela emo\u00e7\u00e3o. Aceitei com muita honra a incumb\u00eancia de saudar o nosso homenageado, como um dos professores da Escola Polit\u00e9cnica da USP. <\/p>\n<p>Gilberto, como o conheci na \u00e9poca da Poli, foi um dos meus brilhantes alunos da engenharia civil, curso em que lecionei durante 50 anos. <\/p>\n<p>Quinto de sete filhos do famoso m\u00e9dico dr. Pedro Salom\u00e3o Jos\u00e9 Kassab e da professora Jacy Kassab, Gilberto \u2013 chamado de Beto pela fam\u00edlia &#8211; nasceu no bairro de Pinheiros, na zona oeste da cidade de S\u00e3o Paulo, em 12 de agosto de 1960. <\/p>\n<p>As boas notas em matem\u00e1tica durante o ciclo de ensino m\u00e9dio e fundamental no tradicional Liceu Pasteur, fizeram com que optasse pela engenharia civil. Ele entrou na concorrida Polit\u00e9cnica, da Universidade de S\u00e3o Paulo, em 1980, aos 19 anos de idade. Dois anos depois, iniciou o curso de Economia, tamb\u00e9m na USP. <\/p>\n<p>Neste ponto, permitam-me senhores, permita-me senhor prefeito, ressaltar uma particularidade que, como professor, considero muito importante. <\/p>\n<p>Os pais, Pedro e Jacy, conquistaram um feito in\u00e9dito digno de respeito de todos n\u00f3s: \u00c9 a fam\u00edlia recordista em filhos formados pela Escola Polit\u00e9cnica da USP. Dos sete filhos, somente a filha M\u00e1rcia n\u00e3o se formou pela Poli. <br \/>\nPedro, Renato, Marcos, Cl\u00e1udio, S\u00e9rgio e Gilberto s\u00e3o Polit\u00e9cnicos. E, pasmem os senhores, todos, tamb\u00e9m se formaram pela Faculdade de Economia e Administra\u00e7\u00e3o da USP. <\/p>\n<p>Voltando \u00e0 trajet\u00f3ria de nosso homenageado, Gilberto formou-se em 1985 na Poli, em 1986 na Economia e, ao inv\u00e9s de tomar o rumo da constru\u00e7\u00e3o civil ou do com\u00e9rcio exterior, a pol\u00edtica entrou com for\u00e7a em sua vida. Ali\u00e1s, o gosto pela pol\u00edtica vinha desde a adolesc\u00eancia quando participava do movimento estudantil e de grupos de empreendedores em atividades da sociedade civil. <\/p>\n<p>Foi diretor da R&#038;K Engenharia e Empreendimento, da R&#038;K Com\u00e9rcio e Participa\u00e7\u00e3o, da Centro Oeste Agropecu\u00e1ria, Secret\u00e1rio Municipal de Planejamento e membro do Conselho de Habita\u00e7\u00e3o e Urbanismo, cargos em que p\u00f4de aplicar seus conhecimentos acad\u00eamicos. Mas, o fato \u00e9 que, em pouco tempo, os compromissos pol\u00edticos passaram a ocupar, em m\u00e9dia, 14 horas de seu dia-a-dia. <\/p>\n<p>Discreto, Giberto Kassab \u00e9 integrante de uma gera\u00e7\u00e3o de pol\u00edticos que valorizam o conhecimento, o profissionalismo e as a\u00e7\u00f5es t\u00e9cnicas na administra\u00e7\u00e3o p\u00fablica. Conquistou espa\u00e7o no mundo pol\u00edtico por ser bom articulador e r\u00e1pido nas tomadas de decis\u00f5es. <\/p>\n<p>Vice-presidente estadual do Democratas (DEM) paulista e primeiro secret\u00e1rio nacional da legenda, Gilberto Kassab \u00e9 um dos respons\u00e1veis, no partido, pelo desenvolvimento dos projetos nas \u00e1reas de ci\u00eancia e tecnologia, interlocutor natural nas discuss\u00f5es sobre modelos econ\u00f4micos, al\u00e9m de ser considerado refer\u00eancia em assuntos de energia. <\/p>\n<p>At\u00e9 dezembro de 2004, exerceu o segundo mandato de deputado federal (a primeira elei\u00e7\u00e3o foi em 1998), quando renunciou ao mandato para ocupar o cargo de vice-prefeito de S\u00e3o Paulo, e trabalhar ao lado do ent\u00e3o prefeito Jos\u00e9 Serra. <\/p>\n<p>Antes de chegar ao Congresso Nacional, Gilberto Kassab cumpriu dois anos de mandato como vereador da cidade de S\u00e3o Paulo (1993 &#8211; 1994) e um mandato como deputado estadual (1995-1998). Como deputado federal, foi indicado pela C\u00e2mara dos Deputados para ocupar a vaga no Conselho Consultivo da Anatel (Ag\u00eancia Nacional de Telecomunica\u00e7\u00f5es). <\/p>\n<p>Paralelamente \u00e0 pol\u00edtica, participa de entidades da sociedade civil. Ele \u00e9 vice- presidente da Associa\u00e7\u00e3o Comercial de S\u00e3o Paulo; vice-presidente da Federa\u00e7\u00e3o das Associa\u00e7\u00f5es Comerciais do Estado de S\u00e3o Paulo; Conselheiro do CRECI (Conselho Regional dos Corretores de Im\u00f3veis); Diretor do Sindicato dos Corretores de Im\u00f3veis de S\u00e3o Paulo; e Diretor do Centro de Com\u00e9rcio do Estado de S\u00e3o Paulo. Tamb\u00e9m integrou o Conselho T\u00e9cnico de Economia e Estat\u00edstica do SECOVI (Sindicato da Habita\u00e7\u00e3o) entre 1987 e 1990. <\/p>\n<p>Gilberto, assim me permita, queria lhe dar os meus parab\u00e9ns pela homenagem do nosso important\u00edssimo Instituto de Engenharia, como o Eminente Engenheiro do Ano. Tenho certeza que todos os conhecimentos apreendidos na universidade est\u00e3o sendo \u00fateis no desempenho de suas atividades. E, eu, como seu ex-professor, me sinto muito orgulhoso pelo seu sucesso pol\u00edtico. Assim como eu, todos os senhores professores que est\u00e3o aqui presentes devem ter orgulho de seus disc\u00edpulos que se destacam na sociedade. <\/p>\n<p>A grande responsabilidade de conduzir uma das cidades mais importantes do mundo deve lhe pesar nos ombros. Mas sei que n\u00e3o lhe faltam compet\u00eancia, coragem e muita dedica\u00e7\u00e3o. Qualidades que, tamb\u00e9m, marcaram a sua brilhante vida escolar. <\/p>\n<p>Desejo que Deus lhe aben\u00e7oe e lhe d\u00ea muita sa\u00fade para levar avante a sua miss\u00e3o. Que Deus aben\u00e7oe todos os senhores presentes nesta cerim\u00f4nia assim como toda a humanidade. <\/p>\n<p>Muito obrigado pela aten\u00e7\u00e3o. <\/p>\n<p><b>Autor: Professor Kokei Uehara<\/b><\/p>\n","protected":false},"excerpt":{"rendered":"<p>Sauda\u00e7\u00e3o do professor Kokei Uehara ao Prefeito Gilberto Kassab, durante a outorga do t\u00edtulo Engenheiro do Ano Meus senhores, minhas senhoras. Todos poder\u00e3o estar perguntando: o que este velhinho de 80 anos, cabelos brancos e meio gag\u00e1, est\u00e1, l\u00e1 na frente, incumbido de saudar o grande prefeito de uma das mais importantes cidades do mundo? [&hellip;]<\/p>\n","protected":false},"author":1,"featured_media":14511,"comment_status":"open","ping_status":"open","sticky":false,"template":"","format":"standard","meta":{"footnotes":""},"categories":[114,27],"tags":[],"class_list":{"0":"post-14510","1":"post","2":"type-post","3":"status-publish","4":"format-standard","5":"has-post-thumbnail","7":"category-artigos","8":"category-instituto-de-engenharia"},"yoast_head":"<!-- This site is optimized with the Yoast SEO plugin v27.2 - https:\/\/yoast.com\/product\/yoast-seo-wordpress\/ -->\n<title>Sauda\u00e7\u00e3o do professor Kokei Uehara ao Prefeito Gilberto Kassab, durante a outorga do t\u00edtulo Engenheiro do Ano - Instituto de Engenharia<\/title>\n<meta name=\"robots\" content=\"index, follow, max-snippet:-1, max-image-preview:large, max-video-preview:-1\" \/>\n<link rel=\"canonical\" href=\"https:\/\/www.institutodeengenharia.org.br\/site\/2007\/12\/17\/saudacao-do-professor-kokei-uehara-ao-prefeito-gilberto-kassab-durante-a-outorga-do-titulo-engenheiro-do-ano\/\" \/>\n<meta property=\"og:locale\" content=\"pt_BR\" \/>\n<meta property=\"og:type\" content=\"article\" \/>\n<meta property=\"og:title\" content=\"Sauda\u00e7\u00e3o do professor Kokei Uehara ao Prefeito Gilberto Kassab, durante a outorga do t\u00edtulo Engenheiro do Ano - Instituto de Engenharia\" \/>\n<meta property=\"og:description\" content=\"Sauda\u00e7\u00e3o do professor Kokei Uehara ao Prefeito Gilberto Kassab, durante a outorga do t\u00edtulo Engenheiro do Ano Meus senhores, minhas senhoras. Todos poder\u00e3o estar perguntando: o que este velhinho de 80 anos, cabelos brancos e meio gag\u00e1, est\u00e1, l\u00e1 na frente, incumbido de saudar o grande prefeito de uma das mais importantes cidades do mundo? [&hellip;]\" \/>\n<meta property=\"og:url\" content=\"https:\/\/www.institutodeengenharia.org.br\/site\/2007\/12\/17\/saudacao-do-professor-kokei-uehara-ao-prefeito-gilberto-kassab-durante-a-outorga-do-titulo-engenheiro-do-ano\/\" \/>\n<meta property=\"og:site_name\" content=\"Instituto de Engenharia\" \/>\n<meta property=\"article:publisher\" content=\"https:\/\/www.facebook.com\/institutodeengenharia\" \/>\n<meta property=\"article:published_time\" content=\"2007-12-17T21:46:30+00:00\" \/>\n<meta property=\"og:image\" content=\"https:\/\/www.institutodeengenharia.org.br\/site\/wp-content\/uploads\/2017\/10\/noticia166.jpg\" \/>\n\t<meta property=\"og:image:width\" content=\"195\" \/>\n\t<meta property=\"og:image:height\" content=\"129\" \/>\n\t<meta property=\"og:image:type\" content=\"image\/jpeg\" \/>\n<meta name=\"author\" content=\"TMax Tecnologia\" \/>\n<meta name=\"twitter:card\" content=\"summary_large_image\" \/>\n<meta name=\"twitter:creator\" content=\"@iengenharia\" \/>\n<meta name=\"twitter:site\" content=\"@iengenharia\" \/>\n<meta name=\"twitter:label1\" content=\"Escrito por\" \/>\n\t<meta name=\"twitter:data1\" content=\"TMax Tecnologia\" \/>\n\t<meta name=\"twitter:label2\" content=\"Est. tempo de leitura\" \/>\n\t<meta name=\"twitter:data2\" content=\"5 minutos\" \/>\n<script type=\"application\/ld+json\" class=\"yoast-schema-graph\">{\"@context\":\"https:\/\/schema.org\",\"@graph\":[{\"@type\":\"Article\",\"@id\":\"https:\/\/www.institutodeengenharia.org.br\/site\/2007\/12\/17\/saudacao-do-professor-kokei-uehara-ao-prefeito-gilberto-kassab-durante-a-outorga-do-titulo-engenheiro-do-ano\/#article\",\"isPartOf\":{\"@id\":\"https:\/\/www.institutodeengenharia.org.br\/site\/2007\/12\/17\/saudacao-do-professor-kokei-uehara-ao-prefeito-gilberto-kassab-durante-a-outorga-do-titulo-engenheiro-do-ano\/\"},\"author\":{\"name\":\"TMax Tecnologia\",\"@id\":\"https:\/\/www.institutodeengenharia.org.br\/site\/#\/schema\/person\/3b1ff109facef084739fc2edcb9a127f\"},\"headline\":\"Sauda\u00e7\u00e3o do professor Kokei Uehara ao Prefeito Gilberto Kassab, durante a outorga do t\u00edtulo Engenheiro do Ano\",\"datePublished\":\"2007-12-17T21:46:30+00:00\",\"mainEntityOfPage\":{\"@id\":\"https:\/\/www.institutodeengenharia.org.br\/site\/2007\/12\/17\/saudacao-do-professor-kokei-uehara-ao-prefeito-gilberto-kassab-durante-a-outorga-do-titulo-engenheiro-do-ano\/\"},\"wordCount\":930,\"commentCount\":0,\"publisher\":{\"@id\":\"https:\/\/www.institutodeengenharia.org.br\/site\/#organization\"},\"image\":{\"@id\":\"https:\/\/www.institutodeengenharia.org.br\/site\/2007\/12\/17\/saudacao-do-professor-kokei-uehara-ao-prefeito-gilberto-kassab-durante-a-outorga-do-titulo-engenheiro-do-ano\/#primaryimage\"},\"thumbnailUrl\":\"https:\/\/www.institutodeengenharia.org.br\/site\/wp-content\/uploads\/2017\/10\/noticia166.jpg\",\"articleSection\":[\"Artigos\",\"Instituto de Engenharia\"],\"inLanguage\":\"pt-BR\",\"potentialAction\":[{\"@type\":\"CommentAction\",\"name\":\"Comment\",\"target\":[\"https:\/\/www.institutodeengenharia.org.br\/site\/2007\/12\/17\/saudacao-do-professor-kokei-uehara-ao-prefeito-gilberto-kassab-durante-a-outorga-do-titulo-engenheiro-do-ano\/#respond\"]}]},{\"@type\":\"WebPage\",\"@id\":\"https:\/\/www.institutodeengenharia.org.br\/site\/2007\/12\/17\/saudacao-do-professor-kokei-uehara-ao-prefeito-gilberto-kassab-durante-a-outorga-do-titulo-engenheiro-do-ano\/\",\"url\":\"https:\/\/www.institutodeengenharia.org.br\/site\/2007\/12\/17\/saudacao-do-professor-kokei-uehara-ao-prefeito-gilberto-kassab-durante-a-outorga-do-titulo-engenheiro-do-ano\/\",\"name\":\"Sauda\u00e7\u00e3o do professor Kokei Uehara ao Prefeito Gilberto Kassab, durante a outorga do t\u00edtulo Engenheiro do Ano - Instituto de Engenharia\",\"isPartOf\":{\"@id\":\"https:\/\/www.institutodeengenharia.org.br\/site\/#website\"},\"primaryImageOfPage\":{\"@id\":\"https:\/\/www.institutodeengenharia.org.br\/site\/2007\/12\/17\/saudacao-do-professor-kokei-uehara-ao-prefeito-gilberto-kassab-durante-a-outorga-do-titulo-engenheiro-do-ano\/#primaryimage\"},\"image\":{\"@id\":\"https:\/\/www.institutodeengenharia.org.br\/site\/2007\/12\/17\/saudacao-do-professor-kokei-uehara-ao-prefeito-gilberto-kassab-durante-a-outorga-do-titulo-engenheiro-do-ano\/#primaryimage\"},\"thumbnailUrl\":\"https:\/\/www.institutodeengenharia.org.br\/site\/wp-content\/uploads\/2017\/10\/noticia166.jpg\",\"datePublished\":\"2007-12-17T21:46:30+00:00\",\"breadcrumb\":{\"@id\":\"https:\/\/www.institutodeengenharia.org.br\/site\/2007\/12\/17\/saudacao-do-professor-kokei-uehara-ao-prefeito-gilberto-kassab-durante-a-outorga-do-titulo-engenheiro-do-ano\/#breadcrumb\"},\"inLanguage\":\"pt-BR\",\"potentialAction\":[{\"@type\":\"ReadAction\",\"target\":[\"https:\/\/www.institutodeengenharia.org.br\/site\/2007\/12\/17\/saudacao-do-professor-kokei-uehara-ao-prefeito-gilberto-kassab-durante-a-outorga-do-titulo-engenheiro-do-ano\/\"]}]},{\"@type\":\"ImageObject\",\"inLanguage\":\"pt-BR\",\"@id\":\"https:\/\/www.institutodeengenharia.org.br\/site\/2007\/12\/17\/saudacao-do-professor-kokei-uehara-ao-prefeito-gilberto-kassab-durante-a-outorga-do-titulo-engenheiro-do-ano\/#primaryimage\",\"url\":\"https:\/\/www.institutodeengenharia.org.br\/site\/wp-content\/uploads\/2017\/10\/noticia166.jpg\",\"contentUrl\":\"https:\/\/www.institutodeengenharia.org.br\/site\/wp-content\/uploads\/2017\/10\/noticia166.jpg\",\"width\":195,\"height\":129,\"caption\":\"Professor Kokei Uehara\"},{\"@type\":\"BreadcrumbList\",\"@id\":\"https:\/\/www.institutodeengenharia.org.br\/site\/2007\/12\/17\/saudacao-do-professor-kokei-uehara-ao-prefeito-gilberto-kassab-durante-a-outorga-do-titulo-engenheiro-do-ano\/#breadcrumb\",\"itemListElement\":[{\"@type\":\"ListItem\",\"position\":1,\"name\":\"In\u00edcio\",\"item\":\"https:\/\/www.institutodeengenharia.org.br\/site\/\"},{\"@type\":\"ListItem\",\"position\":2,\"name\":\"Sauda\u00e7\u00e3o do professor Kokei Uehara ao Prefeito Gilberto Kassab, durante a outorga do t\u00edtulo Engenheiro do Ano\"}]},{\"@type\":\"WebSite\",\"@id\":\"https:\/\/www.institutodeengenharia.org.br\/site\/#website\",\"url\":\"https:\/\/www.institutodeengenharia.org.br\/site\/\",\"name\":\"Instituto de Engenharia\",\"description\":\"O Instituto de Engenharia promove a Engenharia em benef\u00edcio do desenvolvimento e da qualidade de vida da sociedade.\",\"publisher\":{\"@id\":\"https:\/\/www.institutodeengenharia.org.br\/site\/#organization\"},\"potentialAction\":[{\"@type\":\"SearchAction\",\"target\":{\"@type\":\"EntryPoint\",\"urlTemplate\":\"https:\/\/www.institutodeengenharia.org.br\/site\/?s={search_term_string}\"},\"query-input\":{\"@type\":\"PropertyValueSpecification\",\"valueRequired\":true,\"valueName\":\"search_term_string\"}}],\"inLanguage\":\"pt-BR\"},{\"@type\":\"Organization\",\"@id\":\"https:\/\/www.institutodeengenharia.org.br\/site\/#organization\",\"name\":\"Instituto de Engenharia\",\"url\":\"https:\/\/www.institutodeengenharia.org.br\/site\/\",\"logo\":{\"@type\":\"ImageObject\",\"inLanguage\":\"pt-BR\",\"@id\":\"https:\/\/www.institutodeengenharia.org.br\/site\/#\/schema\/logo\/image\/\",\"url\":\"https:\/\/www.institutodeengenharia.org.br\/site\/wp-content\/uploads\/2019\/03\/logo-novo-IE2018-1.jpg\",\"contentUrl\":\"https:\/\/www.institutodeengenharia.org.br\/site\/wp-content\/uploads\/2019\/03\/logo-novo-IE2018-1.jpg\",\"width\":1486,\"height\":1879,\"caption\":\"Instituto de Engenharia\"},\"image\":{\"@id\":\"https:\/\/www.institutodeengenharia.org.br\/site\/#\/schema\/logo\/image\/\"},\"sameAs\":[\"https:\/\/www.facebook.com\/institutodeengenharia\",\"https:\/\/x.com\/iengenharia\",\"https:\/\/www.instagram.com\/institutodeengenharia\/\",\"https:\/\/www.linkedin.com\/company\/instituto-de-engenharia\/\",\"https:\/\/www.youtube.com\/channel\/UCXiCAlsSMe977vamW915HxA\"]},{\"@type\":\"Person\",\"@id\":\"https:\/\/www.institutodeengenharia.org.br\/site\/#\/schema\/person\/3b1ff109facef084739fc2edcb9a127f\",\"name\":\"TMax Tecnologia\",\"image\":{\"@type\":\"ImageObject\",\"inLanguage\":\"pt-BR\",\"@id\":\"https:\/\/secure.gravatar.com\/avatar\/f912434ef7f389c92cb311fcdae346af848465d638912574b3c669070f797701?s=96&d=mm&r=g\",\"url\":\"https:\/\/secure.gravatar.com\/avatar\/f912434ef7f389c92cb311fcdae346af848465d638912574b3c669070f797701?s=96&d=mm&r=g\",\"contentUrl\":\"https:\/\/secure.gravatar.com\/avatar\/f912434ef7f389c92cb311fcdae346af848465d638912574b3c669070f797701?s=96&d=mm&r=g\",\"caption\":\"TMax Tecnologia\"},\"url\":\"https:\/\/www.institutodeengenharia.org.br\/site\/author\/tmax\/\"}]}<\/script>\n<!-- \/ Yoast SEO plugin. -->","yoast_head_json":{"title":"Sauda\u00e7\u00e3o do professor Kokei Uehara ao Prefeito Gilberto Kassab, durante a outorga do t\u00edtulo Engenheiro do Ano - Instituto de Engenharia","robots":{"index":"index","follow":"follow","max-snippet":"max-snippet:-1","max-image-preview":"max-image-preview:large","max-video-preview":"max-video-preview:-1"},"canonical":"https:\/\/www.institutodeengenharia.org.br\/site\/2007\/12\/17\/saudacao-do-professor-kokei-uehara-ao-prefeito-gilberto-kassab-durante-a-outorga-do-titulo-engenheiro-do-ano\/","og_locale":"pt_BR","og_type":"article","og_title":"Sauda\u00e7\u00e3o do professor Kokei Uehara ao Prefeito Gilberto Kassab, durante a outorga do t\u00edtulo Engenheiro do Ano - Instituto de Engenharia","og_description":"Sauda\u00e7\u00e3o do professor Kokei Uehara ao Prefeito Gilberto Kassab, durante a outorga do t\u00edtulo Engenheiro do Ano Meus senhores, minhas senhoras. Todos poder\u00e3o estar perguntando: o que este velhinho de 80 anos, cabelos brancos e meio gag\u00e1, est\u00e1, l\u00e1 na frente, incumbido de saudar o grande prefeito de uma das mais importantes cidades do mundo? [&hellip;]","og_url":"https:\/\/www.institutodeengenharia.org.br\/site\/2007\/12\/17\/saudacao-do-professor-kokei-uehara-ao-prefeito-gilberto-kassab-durante-a-outorga-do-titulo-engenheiro-do-ano\/","og_site_name":"Instituto de Engenharia","article_publisher":"https:\/\/www.facebook.com\/institutodeengenharia","article_published_time":"2007-12-17T21:46:30+00:00","og_image":[{"width":195,"height":129,"url":"https:\/\/www.institutodeengenharia.org.br\/site\/wp-content\/uploads\/2017\/10\/noticia166.jpg","type":"image\/jpeg"}],"author":"TMax Tecnologia","twitter_card":"summary_large_image","twitter_creator":"@iengenharia","twitter_site":"@iengenharia","twitter_misc":{"Escrito por":"TMax Tecnologia","Est. tempo de leitura":"5 minutos"},"schema":{"@context":"https:\/\/schema.org","@graph":[{"@type":"Article","@id":"https:\/\/www.institutodeengenharia.org.br\/site\/2007\/12\/17\/saudacao-do-professor-kokei-uehara-ao-prefeito-gilberto-kassab-durante-a-outorga-do-titulo-engenheiro-do-ano\/#article","isPartOf":{"@id":"https:\/\/www.institutodeengenharia.org.br\/site\/2007\/12\/17\/saudacao-do-professor-kokei-uehara-ao-prefeito-gilberto-kassab-durante-a-outorga-do-titulo-engenheiro-do-ano\/"},"author":{"name":"TMax Tecnologia","@id":"https:\/\/www.institutodeengenharia.org.br\/site\/#\/schema\/person\/3b1ff109facef084739fc2edcb9a127f"},"headline":"Sauda\u00e7\u00e3o do professor Kokei Uehara ao Prefeito Gilberto Kassab, durante a outorga do t\u00edtulo Engenheiro do Ano","datePublished":"2007-12-17T21:46:30+00:00","mainEntityOfPage":{"@id":"https:\/\/www.institutodeengenharia.org.br\/site\/2007\/12\/17\/saudacao-do-professor-kokei-uehara-ao-prefeito-gilberto-kassab-durante-a-outorga-do-titulo-engenheiro-do-ano\/"},"wordCount":930,"commentCount":0,"publisher":{"@id":"https:\/\/www.institutodeengenharia.org.br\/site\/#organization"},"image":{"@id":"https:\/\/www.institutodeengenharia.org.br\/site\/2007\/12\/17\/saudacao-do-professor-kokei-uehara-ao-prefeito-gilberto-kassab-durante-a-outorga-do-titulo-engenheiro-do-ano\/#primaryimage"},"thumbnailUrl":"https:\/\/www.institutodeengenharia.org.br\/site\/wp-content\/uploads\/2017\/10\/noticia166.jpg","articleSection":["Artigos","Instituto de Engenharia"],"inLanguage":"pt-BR","potentialAction":[{"@type":"CommentAction","name":"Comment","target":["https:\/\/www.institutodeengenharia.org.br\/site\/2007\/12\/17\/saudacao-do-professor-kokei-uehara-ao-prefeito-gilberto-kassab-durante-a-outorga-do-titulo-engenheiro-do-ano\/#respond"]}]},{"@type":"WebPage","@id":"https:\/\/www.institutodeengenharia.org.br\/site\/2007\/12\/17\/saudacao-do-professor-kokei-uehara-ao-prefeito-gilberto-kassab-durante-a-outorga-do-titulo-engenheiro-do-ano\/","url":"https:\/\/www.institutodeengenharia.org.br\/site\/2007\/12\/17\/saudacao-do-professor-kokei-uehara-ao-prefeito-gilberto-kassab-durante-a-outorga-do-titulo-engenheiro-do-ano\/","name":"Sauda\u00e7\u00e3o do professor Kokei Uehara ao Prefeito Gilberto Kassab, durante a outorga do t\u00edtulo Engenheiro do Ano - Instituto de Engenharia","isPartOf":{"@id":"https:\/\/www.institutodeengenharia.org.br\/site\/#website"},"primaryImageOfPage":{"@id":"https:\/\/www.institutodeengenharia.org.br\/site\/2007\/12\/17\/saudacao-do-professor-kokei-uehara-ao-prefeito-gilberto-kassab-durante-a-outorga-do-titulo-engenheiro-do-ano\/#primaryimage"},"image":{"@id":"https:\/\/www.institutodeengenharia.org.br\/site\/2007\/12\/17\/saudacao-do-professor-kokei-uehara-ao-prefeito-gilberto-kassab-durante-a-outorga-do-titulo-engenheiro-do-ano\/#primaryimage"},"thumbnailUrl":"https:\/\/www.institutodeengenharia.org.br\/site\/wp-content\/uploads\/2017\/10\/noticia166.jpg","datePublished":"2007-12-17T21:46:30+00:00","breadcrumb":{"@id":"https:\/\/www.institutodeengenharia.org.br\/site\/2007\/12\/17\/saudacao-do-professor-kokei-uehara-ao-prefeito-gilberto-kassab-durante-a-outorga-do-titulo-engenheiro-do-ano\/#breadcrumb"},"inLanguage":"pt-BR","potentialAction":[{"@type":"ReadAction","target":["https:\/\/www.institutodeengenharia.org.br\/site\/2007\/12\/17\/saudacao-do-professor-kokei-uehara-ao-prefeito-gilberto-kassab-durante-a-outorga-do-titulo-engenheiro-do-ano\/"]}]},{"@type":"ImageObject","inLanguage":"pt-BR","@id":"https:\/\/www.institutodeengenharia.org.br\/site\/2007\/12\/17\/saudacao-do-professor-kokei-uehara-ao-prefeito-gilberto-kassab-durante-a-outorga-do-titulo-engenheiro-do-ano\/#primaryimage","url":"https:\/\/www.institutodeengenharia.org.br\/site\/wp-content\/uploads\/2017\/10\/noticia166.jpg","contentUrl":"https:\/\/www.institutodeengenharia.org.br\/site\/wp-content\/uploads\/2017\/10\/noticia166.jpg","width":195,"height":129,"caption":"Professor Kokei Uehara"},{"@type":"BreadcrumbList","@id":"https:\/\/www.institutodeengenharia.org.br\/site\/2007\/12\/17\/saudacao-do-professor-kokei-uehara-ao-prefeito-gilberto-kassab-durante-a-outorga-do-titulo-engenheiro-do-ano\/#breadcrumb","itemListElement":[{"@type":"ListItem","position":1,"name":"In\u00edcio","item":"https:\/\/www.institutodeengenharia.org.br\/site\/"},{"@type":"ListItem","position":2,"name":"Sauda\u00e7\u00e3o do professor Kokei Uehara ao Prefeito Gilberto Kassab, durante a outorga do t\u00edtulo Engenheiro do Ano"}]},{"@type":"WebSite","@id":"https:\/\/www.institutodeengenharia.org.br\/site\/#website","url":"https:\/\/www.institutodeengenharia.org.br\/site\/","name":"Instituto de Engenharia","description":"O Instituto de Engenharia promove a Engenharia em benef\u00edcio do desenvolvimento e da qualidade de vida da sociedade.","publisher":{"@id":"https:\/\/www.institutodeengenharia.org.br\/site\/#organization"},"potentialAction":[{"@type":"SearchAction","target":{"@type":"EntryPoint","urlTemplate":"https:\/\/www.institutodeengenharia.org.br\/site\/?s={search_term_string}"},"query-input":{"@type":"PropertyValueSpecification","valueRequired":true,"valueName":"search_term_string"}}],"inLanguage":"pt-BR"},{"@type":"Organization","@id":"https:\/\/www.institutodeengenharia.org.br\/site\/#organization","name":"Instituto de Engenharia","url":"https:\/\/www.institutodeengenharia.org.br\/site\/","logo":{"@type":"ImageObject","inLanguage":"pt-BR","@id":"https:\/\/www.institutodeengenharia.org.br\/site\/#\/schema\/logo\/image\/","url":"https:\/\/www.institutodeengenharia.org.br\/site\/wp-content\/uploads\/2019\/03\/logo-novo-IE2018-1.jpg","contentUrl":"https:\/\/www.institutodeengenharia.org.br\/site\/wp-content\/uploads\/2019\/03\/logo-novo-IE2018-1.jpg","width":1486,"height":1879,"caption":"Instituto de Engenharia"},"image":{"@id":"https:\/\/www.institutodeengenharia.org.br\/site\/#\/schema\/logo\/image\/"},"sameAs":["https:\/\/www.facebook.com\/institutodeengenharia","https:\/\/x.com\/iengenharia","https:\/\/www.instagram.com\/institutodeengenharia\/","https:\/\/www.linkedin.com\/company\/instituto-de-engenharia\/","https:\/\/www.youtube.com\/channel\/UCXiCAlsSMe977vamW915HxA"]},{"@type":"Person","@id":"https:\/\/www.institutodeengenharia.org.br\/site\/#\/schema\/person\/3b1ff109facef084739fc2edcb9a127f","name":"TMax Tecnologia","image":{"@type":"ImageObject","inLanguage":"pt-BR","@id":"https:\/\/secure.gravatar.com\/avatar\/f912434ef7f389c92cb311fcdae346af848465d638912574b3c669070f797701?s=96&d=mm&r=g","url":"https:\/\/secure.gravatar.com\/avatar\/f912434ef7f389c92cb311fcdae346af848465d638912574b3c669070f797701?s=96&d=mm&r=g","contentUrl":"https:\/\/secure.gravatar.com\/avatar\/f912434ef7f389c92cb311fcdae346af848465d638912574b3c669070f797701?s=96&d=mm&r=g","caption":"TMax Tecnologia"},"url":"https:\/\/www.institutodeengenharia.org.br\/site\/author\/tmax\/"}]}},"_links":{"self":[{"href":"https:\/\/www.institutodeengenharia.org.br\/site\/wp-json\/wp\/v2\/posts\/14510","targetHints":{"allow":["GET"]}}],"collection":[{"href":"https:\/\/www.institutodeengenharia.org.br\/site\/wp-json\/wp\/v2\/posts"}],"about":[{"href":"https:\/\/www.institutodeengenharia.org.br\/site\/wp-json\/wp\/v2\/types\/post"}],"author":[{"embeddable":true,"href":"https:\/\/www.institutodeengenharia.org.br\/site\/wp-json\/wp\/v2\/users\/1"}],"replies":[{"embeddable":true,"href":"https:\/\/www.institutodeengenharia.org.br\/site\/wp-json\/wp\/v2\/comments?post=14510"}],"version-history":[{"count":0,"href":"https:\/\/www.institutodeengenharia.org.br\/site\/wp-json\/wp\/v2\/posts\/14510\/revisions"}],"wp:featuredmedia":[{"embeddable":true,"href":"https:\/\/www.institutodeengenharia.org.br\/site\/wp-json\/wp\/v2\/media\/14511"}],"wp:attachment":[{"href":"https:\/\/www.institutodeengenharia.org.br\/site\/wp-json\/wp\/v2\/media?parent=14510"}],"wp:term":[{"taxonomy":"category","embeddable":true,"href":"https:\/\/www.institutodeengenharia.org.br\/site\/wp-json\/wp\/v2\/categories?post=14510"},{"taxonomy":"post_tag","embeddable":true,"href":"https:\/\/www.institutodeengenharia.org.br\/site\/wp-json\/wp\/v2\/tags?post=14510"}],"curies":[{"name":"wp","href":"https:\/\/api.w.org\/{rel}","templated":true}]}}