{"id":14505,"date":"2007-11-21T21:46:26","date_gmt":"2007-11-21T21:46:26","guid":{"rendered":"https:\/\/www.institutodeengenharia.org.br\/?p=14505"},"modified":"2007-11-21T18:23:47","modified_gmt":"2007-11-21T18:23:47","slug":"sergs-escolhe-engenheiros-do-ano-2007","status":"publish","type":"post","link":"https:\/\/www.institutodeengenharia.org.br\/site\/2007\/11\/21\/sergs-escolhe-engenheiros-do-ano-2007\/","title":{"rendered":"Sergs escolhe &#8220;Engenheiros do Ano 2007&#8221;"},"content":{"rendered":"<p>A cerim\u00f4nia de entrega da l\u00e1urea acontecer\u00e1 no dia 10 de dezembro, no Teatro do Sesi &#8211; Fiergs (Av. Assis Brasil, 8787), \u00e0s 20h. <\/p>\n<p>Os seguintes profissionais ser\u00e3o agraciados com a l\u00e1urea &#8220;Engenheiro do Ano 2007&#8221; <\/p>\n<p>\u00c1rea P\u00fablica: <br \/>\n&#8211; Eng\u00b0 Daniel Andrade &#8211; Secret\u00e1rio de Estado de Infra-Estrutra e Log\u00edstica <br \/>\n&#8211; Eng\u00b0 Ad\u00e3o Villaverde &#8211; Deputado Estadual <\/p>\n<p>\u00c1rea Privada: <br \/>\n&#8211; Eng\u00b0 Ruy Lopes Filho &#8211; Vice-Presidente de Projetos Estrat\u00e9gicos da Gerdau <br \/>\n&#8211; Eng\u00b0 Jos\u00e9 Paulo Dornelles Cairoli &#8211; Presidente da Federasul <\/p>\n<p>Homenagem Especial: <br \/>\n&#8211; Arq\u00b0 S\u00e9rgio Luiz Duarte Zimmermann &#8211; Diretor da Divis\u00e3o de Obras e Projetos do DEP &#8211; Departamento de Esgotos Pluviais de Porto Alegre <\/p>\n<p>Destaque Acad\u00eamico: <br \/>\nUFRGS, UFSM, PUCRS, Unisinos, Uniritter, Ulbra e UCS. <\/p>\n<p>A l\u00e1urea Engenheiro do Ano foi criada em 1985, em comemora\u00e7\u00e3o aos 55 anos da Sociedade de Engenharia do Rio Grande do Sul. Ela \u00e9 conferida anualmente aos profissionais da engenharia ga\u00facha que se destacaram por sua atua\u00e7\u00e3o nos setores p\u00fablico e privado. A solenidade de entrega realiza-se sempre no m\u00eas de dezembro, em comemora\u00e7\u00e3o ao Dia do Engenheiro.\u00a0<\/p>\n<p>De acordo com o presidente da Sociedade de Engenharia do RS, Eng\u00b0 Newton Quites, a escolha dos laureados obedece a crit\u00e9rios de m\u00e9rito e de p\u00fablico reconhecimento e considera o destaque profissional alcan\u00e7ado no per\u00edodo de avalia\u00e7\u00e3o, preferencialmente caracterizado por realiza\u00e7\u00f5es nas \u00e1reas cient\u00edfica e tecnol\u00f3gica, com alcance social e humano, atrav\u00e9s de a\u00e7\u00f5es, projetos ou obras que beneficiem a comunidade ga\u00facha. <\/p>\n<p>Desde 2001, a SERGS tamb\u00e9m confere a l\u00e1urea Destaque Acad\u00eamico aos universit\u00e1rios de melhor desempenho entre os formandos dos cursos de Engenharia da UFRGS, UFSM, PUCRS, Unisinos, Ulbra e UCS e da Arquitetura da Uniritter. <\/p>\n<p><b>Autor: Instituto de Engenharia<\/b><\/p>\n","protected":false},"excerpt":{"rendered":"<p>A cerim\u00f4nia de entrega da l\u00e1urea acontecer\u00e1 no dia 10 de dezembro, no Teatro do Sesi &#8211; Fiergs (Av. Assis Brasil, 8787), \u00e0s 20h. Os seguintes profissionais ser\u00e3o agraciados com a l\u00e1urea &#8220;Engenheiro do Ano 2007&#8221; \u00c1rea P\u00fablica: &#8211; Eng\u00b0 Daniel Andrade &#8211; Secret\u00e1rio de Estado de Infra-Estrutra e Log\u00edstica &#8211; Eng\u00b0 Ad\u00e3o Villaverde &#8211; [&hellip;]<\/p>\n","protected":false},"author":1,"featured_media":0,"comment_status":"open","ping_status":"open","sticky":false,"template":"","format":"standard","meta":{"footnotes":""},"categories":[27,6],"tags":[],"class_list":{"0":"post-14505","1":"post","2":"type-post","3":"status-publish","4":"format-standard","6":"category-instituto-de-engenharia","7":"category-noticias"},"yoast_head":"<!-- This site is optimized with the Yoast SEO plugin v27.2 - https:\/\/yoast.com\/product\/yoast-seo-wordpress\/ -->\n<title>Sergs escolhe &quot;Engenheiros do Ano 2007&quot; - Instituto de Engenharia<\/title>\n<meta name=\"robots\" content=\"index, follow, max-snippet:-1, max-image-preview:large, max-video-preview:-1\" \/>\n<link rel=\"canonical\" href=\"https:\/\/www.institutodeengenharia.org.br\/site\/2007\/11\/21\/sergs-escolhe-engenheiros-do-ano-2007\/\" \/>\n<meta property=\"og:locale\" content=\"pt_BR\" \/>\n<meta property=\"og:type\" content=\"article\" \/>\n<meta property=\"og:title\" content=\"Sergs escolhe &quot;Engenheiros do Ano 2007&quot; - Instituto de Engenharia\" \/>\n<meta property=\"og:description\" content=\"A cerim\u00f4nia de entrega da l\u00e1urea acontecer\u00e1 no dia 10 de dezembro, no Teatro do Sesi &#8211; Fiergs (Av. Assis Brasil, 8787), \u00e0s 20h. Os seguintes profissionais ser\u00e3o agraciados com a l\u00e1urea &#8220;Engenheiro do Ano 2007&#8221; \u00c1rea P\u00fablica: &#8211; Eng\u00b0 Daniel Andrade &#8211; Secret\u00e1rio de Estado de Infra-Estrutra e Log\u00edstica &#8211; Eng\u00b0 Ad\u00e3o Villaverde &#8211; [&hellip;]\" \/>\n<meta property=\"og:url\" content=\"https:\/\/www.institutodeengenharia.org.br\/site\/2007\/11\/21\/sergs-escolhe-engenheiros-do-ano-2007\/\" \/>\n<meta property=\"og:site_name\" content=\"Instituto de Engenharia\" \/>\n<meta property=\"article:publisher\" content=\"https:\/\/www.facebook.com\/institutodeengenharia\" \/>\n<meta property=\"article:published_time\" content=\"2007-11-21T21:46:26+00:00\" \/>\n<meta name=\"author\" content=\"TMax Tecnologia\" \/>\n<meta name=\"twitter:card\" content=\"summary_large_image\" \/>\n<meta name=\"twitter:creator\" content=\"@iengenharia\" \/>\n<meta name=\"twitter:site\" content=\"@iengenharia\" \/>\n<meta name=\"twitter:label1\" content=\"Escrito por\" \/>\n\t<meta name=\"twitter:data1\" content=\"TMax Tecnologia\" \/>\n\t<meta name=\"twitter:label2\" content=\"Est. tempo de leitura\" \/>\n\t<meta name=\"twitter:data2\" content=\"2 minutos\" \/>\n<script type=\"application\/ld+json\" class=\"yoast-schema-graph\">{\"@context\":\"https:\/\/schema.org\",\"@graph\":[{\"@type\":\"Article\",\"@id\":\"https:\/\/www.institutodeengenharia.org.br\/site\/2007\/11\/21\/sergs-escolhe-engenheiros-do-ano-2007\/#article\",\"isPartOf\":{\"@id\":\"https:\/\/www.institutodeengenharia.org.br\/site\/2007\/11\/21\/sergs-escolhe-engenheiros-do-ano-2007\/\"},\"author\":{\"name\":\"TMax Tecnologia\",\"@id\":\"https:\/\/www.institutodeengenharia.org.br\/site\/#\/schema\/person\/3b1ff109facef084739fc2edcb9a127f\"},\"headline\":\"Sergs escolhe &#8220;Engenheiros do Ano 2007&#8221;\",\"datePublished\":\"2007-11-21T21:46:26+00:00\",\"mainEntityOfPage\":{\"@id\":\"https:\/\/www.institutodeengenharia.org.br\/site\/2007\/11\/21\/sergs-escolhe-engenheiros-do-ano-2007\/\"},\"wordCount\":310,\"commentCount\":0,\"publisher\":{\"@id\":\"https:\/\/www.institutodeengenharia.org.br\/site\/#organization\"},\"articleSection\":[\"Instituto de Engenharia\",\"Not\u00edcias\"],\"inLanguage\":\"pt-BR\",\"potentialAction\":[{\"@type\":\"CommentAction\",\"name\":\"Comment\",\"target\":[\"https:\/\/www.institutodeengenharia.org.br\/site\/2007\/11\/21\/sergs-escolhe-engenheiros-do-ano-2007\/#respond\"]}]},{\"@type\":\"WebPage\",\"@id\":\"https:\/\/www.institutodeengenharia.org.br\/site\/2007\/11\/21\/sergs-escolhe-engenheiros-do-ano-2007\/\",\"url\":\"https:\/\/www.institutodeengenharia.org.br\/site\/2007\/11\/21\/sergs-escolhe-engenheiros-do-ano-2007\/\",\"name\":\"Sergs escolhe \\\"Engenheiros do Ano 2007\\\" - Instituto de Engenharia\",\"isPartOf\":{\"@id\":\"https:\/\/www.institutodeengenharia.org.br\/site\/#website\"},\"datePublished\":\"2007-11-21T21:46:26+00:00\",\"breadcrumb\":{\"@id\":\"https:\/\/www.institutodeengenharia.org.br\/site\/2007\/11\/21\/sergs-escolhe-engenheiros-do-ano-2007\/#breadcrumb\"},\"inLanguage\":\"pt-BR\",\"potentialAction\":[{\"@type\":\"ReadAction\",\"target\":[\"https:\/\/www.institutodeengenharia.org.br\/site\/2007\/11\/21\/sergs-escolhe-engenheiros-do-ano-2007\/\"]}]},{\"@type\":\"BreadcrumbList\",\"@id\":\"https:\/\/www.institutodeengenharia.org.br\/site\/2007\/11\/21\/sergs-escolhe-engenheiros-do-ano-2007\/#breadcrumb\",\"itemListElement\":[{\"@type\":\"ListItem\",\"position\":1,\"name\":\"In\u00edcio\",\"item\":\"https:\/\/www.institutodeengenharia.org.br\/site\/\"},{\"@type\":\"ListItem\",\"position\":2,\"name\":\"Sergs escolhe &#8220;Engenheiros do Ano 2007&#8221;\"}]},{\"@type\":\"WebSite\",\"@id\":\"https:\/\/www.institutodeengenharia.org.br\/site\/#website\",\"url\":\"https:\/\/www.institutodeengenharia.org.br\/site\/\",\"name\":\"Instituto de Engenharia\",\"description\":\"O Instituto de Engenharia promove a Engenharia em benef\u00edcio do desenvolvimento e da qualidade de vida da sociedade.\",\"publisher\":{\"@id\":\"https:\/\/www.institutodeengenharia.org.br\/site\/#organization\"},\"potentialAction\":[{\"@type\":\"SearchAction\",\"target\":{\"@type\":\"EntryPoint\",\"urlTemplate\":\"https:\/\/www.institutodeengenharia.org.br\/site\/?s={search_term_string}\"},\"query-input\":{\"@type\":\"PropertyValueSpecification\",\"valueRequired\":true,\"valueName\":\"search_term_string\"}}],\"inLanguage\":\"pt-BR\"},{\"@type\":\"Organization\",\"@id\":\"https:\/\/www.institutodeengenharia.org.br\/site\/#organization\",\"name\":\"Instituto de Engenharia\",\"url\":\"https:\/\/www.institutodeengenharia.org.br\/site\/\",\"logo\":{\"@type\":\"ImageObject\",\"inLanguage\":\"pt-BR\",\"@id\":\"https:\/\/www.institutodeengenharia.org.br\/site\/#\/schema\/logo\/image\/\",\"url\":\"https:\/\/www.institutodeengenharia.org.br\/site\/wp-content\/uploads\/2019\/03\/logo-novo-IE2018-1.jpg\",\"contentUrl\":\"https:\/\/www.institutodeengenharia.org.br\/site\/wp-content\/uploads\/2019\/03\/logo-novo-IE2018-1.jpg\",\"width\":1486,\"height\":1879,\"caption\":\"Instituto de Engenharia\"},\"image\":{\"@id\":\"https:\/\/www.institutodeengenharia.org.br\/site\/#\/schema\/logo\/image\/\"},\"sameAs\":[\"https:\/\/www.facebook.com\/institutodeengenharia\",\"https:\/\/x.com\/iengenharia\",\"https:\/\/www.instagram.com\/institutodeengenharia\/\",\"https:\/\/www.linkedin.com\/company\/instituto-de-engenharia\/\",\"https:\/\/www.youtube.com\/channel\/UCXiCAlsSMe977vamW915HxA\"]},{\"@type\":\"Person\",\"@id\":\"https:\/\/www.institutodeengenharia.org.br\/site\/#\/schema\/person\/3b1ff109facef084739fc2edcb9a127f\",\"name\":\"TMax Tecnologia\",\"image\":{\"@type\":\"ImageObject\",\"inLanguage\":\"pt-BR\",\"@id\":\"https:\/\/secure.gravatar.com\/avatar\/f912434ef7f389c92cb311fcdae346af848465d638912574b3c669070f797701?s=96&d=mm&r=g\",\"url\":\"https:\/\/secure.gravatar.com\/avatar\/f912434ef7f389c92cb311fcdae346af848465d638912574b3c669070f797701?s=96&d=mm&r=g\",\"contentUrl\":\"https:\/\/secure.gravatar.com\/avatar\/f912434ef7f389c92cb311fcdae346af848465d638912574b3c669070f797701?s=96&d=mm&r=g\",\"caption\":\"TMax Tecnologia\"},\"url\":\"https:\/\/www.institutodeengenharia.org.br\/site\/author\/tmax\/\"}]}<\/script>\n<!-- \/ Yoast SEO plugin. -->","yoast_head_json":{"title":"Sergs escolhe \"Engenheiros do Ano 2007\" - Instituto de Engenharia","robots":{"index":"index","follow":"follow","max-snippet":"max-snippet:-1","max-image-preview":"max-image-preview:large","max-video-preview":"max-video-preview:-1"},"canonical":"https:\/\/www.institutodeengenharia.org.br\/site\/2007\/11\/21\/sergs-escolhe-engenheiros-do-ano-2007\/","og_locale":"pt_BR","og_type":"article","og_title":"Sergs escolhe \"Engenheiros do Ano 2007\" - Instituto de Engenharia","og_description":"A cerim\u00f4nia de entrega da l\u00e1urea acontecer\u00e1 no dia 10 de dezembro, no Teatro do Sesi &#8211; Fiergs (Av. Assis Brasil, 8787), \u00e0s 20h. Os seguintes profissionais ser\u00e3o agraciados com a l\u00e1urea &#8220;Engenheiro do Ano 2007&#8221; \u00c1rea P\u00fablica: &#8211; Eng\u00b0 Daniel Andrade &#8211; Secret\u00e1rio de Estado de Infra-Estrutra e Log\u00edstica &#8211; Eng\u00b0 Ad\u00e3o Villaverde &#8211; [&hellip;]","og_url":"https:\/\/www.institutodeengenharia.org.br\/site\/2007\/11\/21\/sergs-escolhe-engenheiros-do-ano-2007\/","og_site_name":"Instituto de Engenharia","article_publisher":"https:\/\/www.facebook.com\/institutodeengenharia","article_published_time":"2007-11-21T21:46:26+00:00","author":"TMax Tecnologia","twitter_card":"summary_large_image","twitter_creator":"@iengenharia","twitter_site":"@iengenharia","twitter_misc":{"Escrito por":"TMax Tecnologia","Est. tempo de leitura":"2 minutos"},"schema":{"@context":"https:\/\/schema.org","@graph":[{"@type":"Article","@id":"https:\/\/www.institutodeengenharia.org.br\/site\/2007\/11\/21\/sergs-escolhe-engenheiros-do-ano-2007\/#article","isPartOf":{"@id":"https:\/\/www.institutodeengenharia.org.br\/site\/2007\/11\/21\/sergs-escolhe-engenheiros-do-ano-2007\/"},"author":{"name":"TMax Tecnologia","@id":"https:\/\/www.institutodeengenharia.org.br\/site\/#\/schema\/person\/3b1ff109facef084739fc2edcb9a127f"},"headline":"Sergs escolhe &#8220;Engenheiros do Ano 2007&#8221;","datePublished":"2007-11-21T21:46:26+00:00","mainEntityOfPage":{"@id":"https:\/\/www.institutodeengenharia.org.br\/site\/2007\/11\/21\/sergs-escolhe-engenheiros-do-ano-2007\/"},"wordCount":310,"commentCount":0,"publisher":{"@id":"https:\/\/www.institutodeengenharia.org.br\/site\/#organization"},"articleSection":["Instituto de Engenharia","Not\u00edcias"],"inLanguage":"pt-BR","potentialAction":[{"@type":"CommentAction","name":"Comment","target":["https:\/\/www.institutodeengenharia.org.br\/site\/2007\/11\/21\/sergs-escolhe-engenheiros-do-ano-2007\/#respond"]}]},{"@type":"WebPage","@id":"https:\/\/www.institutodeengenharia.org.br\/site\/2007\/11\/21\/sergs-escolhe-engenheiros-do-ano-2007\/","url":"https:\/\/www.institutodeengenharia.org.br\/site\/2007\/11\/21\/sergs-escolhe-engenheiros-do-ano-2007\/","name":"Sergs escolhe \"Engenheiros do Ano 2007\" - Instituto de Engenharia","isPartOf":{"@id":"https:\/\/www.institutodeengenharia.org.br\/site\/#website"},"datePublished":"2007-11-21T21:46:26+00:00","breadcrumb":{"@id":"https:\/\/www.institutodeengenharia.org.br\/site\/2007\/11\/21\/sergs-escolhe-engenheiros-do-ano-2007\/#breadcrumb"},"inLanguage":"pt-BR","potentialAction":[{"@type":"ReadAction","target":["https:\/\/www.institutodeengenharia.org.br\/site\/2007\/11\/21\/sergs-escolhe-engenheiros-do-ano-2007\/"]}]},{"@type":"BreadcrumbList","@id":"https:\/\/www.institutodeengenharia.org.br\/site\/2007\/11\/21\/sergs-escolhe-engenheiros-do-ano-2007\/#breadcrumb","itemListElement":[{"@type":"ListItem","position":1,"name":"In\u00edcio","item":"https:\/\/www.institutodeengenharia.org.br\/site\/"},{"@type":"ListItem","position":2,"name":"Sergs escolhe &#8220;Engenheiros do Ano 2007&#8221;"}]},{"@type":"WebSite","@id":"https:\/\/www.institutodeengenharia.org.br\/site\/#website","url":"https:\/\/www.institutodeengenharia.org.br\/site\/","name":"Instituto de Engenharia","description":"O Instituto de Engenharia promove a Engenharia em benef\u00edcio do desenvolvimento e da qualidade de vida da sociedade.","publisher":{"@id":"https:\/\/www.institutodeengenharia.org.br\/site\/#organization"},"potentialAction":[{"@type":"SearchAction","target":{"@type":"EntryPoint","urlTemplate":"https:\/\/www.institutodeengenharia.org.br\/site\/?s={search_term_string}"},"query-input":{"@type":"PropertyValueSpecification","valueRequired":true,"valueName":"search_term_string"}}],"inLanguage":"pt-BR"},{"@type":"Organization","@id":"https:\/\/www.institutodeengenharia.org.br\/site\/#organization","name":"Instituto de Engenharia","url":"https:\/\/www.institutodeengenharia.org.br\/site\/","logo":{"@type":"ImageObject","inLanguage":"pt-BR","@id":"https:\/\/www.institutodeengenharia.org.br\/site\/#\/schema\/logo\/image\/","url":"https:\/\/www.institutodeengenharia.org.br\/site\/wp-content\/uploads\/2019\/03\/logo-novo-IE2018-1.jpg","contentUrl":"https:\/\/www.institutodeengenharia.org.br\/site\/wp-content\/uploads\/2019\/03\/logo-novo-IE2018-1.jpg","width":1486,"height":1879,"caption":"Instituto de Engenharia"},"image":{"@id":"https:\/\/www.institutodeengenharia.org.br\/site\/#\/schema\/logo\/image\/"},"sameAs":["https:\/\/www.facebook.com\/institutodeengenharia","https:\/\/x.com\/iengenharia","https:\/\/www.instagram.com\/institutodeengenharia\/","https:\/\/www.linkedin.com\/company\/instituto-de-engenharia\/","https:\/\/www.youtube.com\/channel\/UCXiCAlsSMe977vamW915HxA"]},{"@type":"Person","@id":"https:\/\/www.institutodeengenharia.org.br\/site\/#\/schema\/person\/3b1ff109facef084739fc2edcb9a127f","name":"TMax Tecnologia","image":{"@type":"ImageObject","inLanguage":"pt-BR","@id":"https:\/\/secure.gravatar.com\/avatar\/f912434ef7f389c92cb311fcdae346af848465d638912574b3c669070f797701?s=96&d=mm&r=g","url":"https:\/\/secure.gravatar.com\/avatar\/f912434ef7f389c92cb311fcdae346af848465d638912574b3c669070f797701?s=96&d=mm&r=g","contentUrl":"https:\/\/secure.gravatar.com\/avatar\/f912434ef7f389c92cb311fcdae346af848465d638912574b3c669070f797701?s=96&d=mm&r=g","caption":"TMax Tecnologia"},"url":"https:\/\/www.institutodeengenharia.org.br\/site\/author\/tmax\/"}]}},"_links":{"self":[{"href":"https:\/\/www.institutodeengenharia.org.br\/site\/wp-json\/wp\/v2\/posts\/14505","targetHints":{"allow":["GET"]}}],"collection":[{"href":"https:\/\/www.institutodeengenharia.org.br\/site\/wp-json\/wp\/v2\/posts"}],"about":[{"href":"https:\/\/www.institutodeengenharia.org.br\/site\/wp-json\/wp\/v2\/types\/post"}],"author":[{"embeddable":true,"href":"https:\/\/www.institutodeengenharia.org.br\/site\/wp-json\/wp\/v2\/users\/1"}],"replies":[{"embeddable":true,"href":"https:\/\/www.institutodeengenharia.org.br\/site\/wp-json\/wp\/v2\/comments?post=14505"}],"version-history":[{"count":0,"href":"https:\/\/www.institutodeengenharia.org.br\/site\/wp-json\/wp\/v2\/posts\/14505\/revisions"}],"wp:attachment":[{"href":"https:\/\/www.institutodeengenharia.org.br\/site\/wp-json\/wp\/v2\/media?parent=14505"}],"wp:term":[{"taxonomy":"category","embeddable":true,"href":"https:\/\/www.institutodeengenharia.org.br\/site\/wp-json\/wp\/v2\/categories?post=14505"},{"taxonomy":"post_tag","embeddable":true,"href":"https:\/\/www.institutodeengenharia.org.br\/site\/wp-json\/wp\/v2\/tags?post=14505"}],"curies":[{"name":"wp","href":"https:\/\/api.w.org\/{rel}","templated":true}]}}