{"id":14501,"date":"2007-10-19T21:46:22","date_gmt":"2007-10-19T21:46:22","guid":{"rendered":"https:\/\/www.institutodeengenharia.org.br\/?p=14501"},"modified":"2007-10-23T14:33:42","modified_gmt":"2007-10-23T14:33:42","slug":"aos-engenheiros-homenageados-pela-camara-municipal-em-17102007","status":"publish","type":"post","link":"https:\/\/www.institutodeengenharia.org.br\/site\/2007\/10\/19\/aos-engenheiros-homenageados-pela-camara-municipal-em-17102007\/","title":{"rendered":"Aos engenheiros homenageados pela C\u00e2mara Municipal em 17\/10\/2007"},"content":{"rendered":"<p>Discurso feito pelo\u00a0Sr. Paulo Andrade, aos engenheiros homenageados pela\u00a0C\u00e2mara Municipal\u00a0em 17\/10\/2007, na comemora\u00e7\u00e3o de 91 anos do Instituto de Engenharia<\/p>\n<p>\nSem a obedi\u00eancia \u00e0s formalidades de praxe, estou tendo a honra de poder cumprimentar os nove colegas aqui homenageados por iniciativa da c\u00e2mara municipal ,de S\u00e3o Paulo, e por indica\u00e7\u00e3o do instituto de engenharia. <br \/>\n2- a muitas d\u00e9cadas atr\u00e1s ,cada um de n\u00f3s esteve em situa\u00e7\u00e3o similar , sentados ,olhando para a plat\u00e9ia formada por nossos pais, parentes e amigos (e quem sabe ,namoradas ,noivas ou at\u00e9 esposas.) <br \/>\nera a nossa formatura. <\/p>\n<p>Prometo ser mais breve, sem as discurceiras de praxe <\/p>\n<p>3- somos 10 privilegiados!\u00a0<\/p>\n<p>1-em primeiro lugar, por termos sido escolhidos para nascer. <\/p>\n<p>2-por sermos engenheiros , ativos e orgulhosos de nossa querida engenharia. <\/p>\n<p>3- por termos cumprido nossas metas, nesta comprida vida que deus nos presenteou. <\/p>\n<p>4 e, por estarmos vivos e reunidos nessa homenagem. <\/p>\n<p>3- pessoalmente me sinto gratificado por poder me amalgamar a esse grupo de colegas que representam 608 anos de atividade acumulada de engenharia. <br \/>\nnuma media de 60 anos por cabe\u00e7a (literal) <\/p>\n<p>Por curiosidade, somando as nossas idades, atingimos 851 anos &#8230;&#8230;&#8230;..quase um mil\u00eanio! <\/p>\n<p>E ,&#8230;.isso deu para fazer historia! <\/p>\n<p>4-desejaria estender essa homenagem a todos os que, de uma maneira ou outra, crusaram conosco em nossas vidas profissionais, <br \/>\n-de quem aprendemos muito do que sabemos, <br \/>\n&#8211; com quem colaboramos , <br \/>\n-e com quem, e para quem trabalhamos.. <\/p>\n<p>E essa homenagem se estende tamb\u00e9m a todos os amigos e familiares que nos motivaram , nos estimularam, e ainda nos acompanham nessa cumprida e comprida jornada. <\/p>\n<p>5-eu levaria horas s\u00f3 para citar as principais realiza\u00e7\u00f5es ou obras desse grupo de 10&#8230;&#8230;&#8230;&#8230;. <br \/>\nE certamente seria expulso, sob caloroso aplauso! <\/p>\n<p>\nVamos pois, compactar . <br \/>\nVamos tentar espremer 608 anos em apenas poucos minutos. <br \/>\nN\u00e3o ser\u00e1 f\u00e1cil, mas&#8230;&#8230;&#8230;. <br \/>\nComo tempo \u00e9 relativo, espero conseguir. <\/p>\n<p>Num panorama geral, podemos dizer que aqui est\u00e3o resumidas quase todas as atividades dos setores de engenharia nacional. <br \/>\nVejamos rapidamente&#8230;&#8230;&#8230;&#8230; ( e me perdoem alguma omiss\u00e3o) <\/p>\n<p>Pe\u00e7o que se levantem para serem identificados. <\/p>\n<p>Abrah\u00e3o Yazigi neto &#8211; 96 anos \u2013 72 de engenharia- <br \/>\ndedicado a muitos estudos administrativos e eventos t\u00e9cnico culturais na \u00e1rea de engenharia.-ex professor- fez e.s.g. ex combatente 1932 <\/p>\n<p>Alexandre Serpa Albuquerque &#8211; 90 anos &#8211; 67 de engenharia <br \/>\nestradas-pedreiras &#8211; obras portu\u00e1rias- hidrovias &#8212; projetos de urbaniza\u00e7\u00e3o. <br \/>\ntenente de artilharia de costa ,na segunda guerra mundial. <\/p>\n<p>Alyr Doria &#8211; 82 anos\u00a0&#8211; 57 de engenharia. <br \/>\nengenharia sanitaria \u2013barragens \u2013consultoria -trabalhos para costa rica-equador-paraguai-bolivia e no brasil-rj.- ba-mg- e &#8230;..s.p <\/p>\n<p>Archimedes Pimentel &#8211; 99 &#8211; anos.( o mais mocinho de n\u00f3s) -76 de engenharia <br \/>\nconstru\u00e7\u00e3o civil em geral\u00a0&#8211; obras sanit\u00e1rias &#8211; obras para setor da industria pesqueira &#8211; fundador, diretor e professor da escola de engenharia Mau\u00e1 <\/p>\n<p>Conrado de Carvalho Alves- 80 anos-\u00a054 de engenharia <br \/>\nfundador e dirigente de diversas empresas de engenharia, industria e comercio- <br \/>\n\u00e1rea de armazenagem-silos e graneleiros <br \/>\n\u00e1rea de prospec\u00e7\u00e3o e execu\u00e7\u00e3o de po\u00e7os de petr\u00f3leo- <br \/>\nmilh\u00f5es de m3 de dragagens , aterros e desassoreamento. <br \/>\ncoleta e compacta\u00e7\u00e3o de lixo- aterros sanit\u00e1rios <\/p>\n<p>Gabriel Oliva Feitosa \u2013 80 anos\u2014 55 de engenharia <br \/>\nprojetos de estruturas de concreto \u2013 para edif\u00edcios residenciais e comerciais- diversos shoppings, pontes e edif\u00edcios industriais. <br \/>\nem\u00e9rito fundador e permanente freq\u00fcentador e colaborador da divis\u00e3o de estruturas do i.e. <\/p>\n<p>Olyntho Muniz Dantas \u2013 77 anos( o ca\u00e7ulinha) -55 de engenharia <br \/>\nconstru\u00e7\u00e3o de pontes e viadutos.-com uso de treli\u00e7as \u201csicet\u201d <br \/>\nsilos \u2013armaz\u00e9ns e granleiros- <br \/>\npioneiro em uso de concreto protendido <\/p>\n<p>Oswaldo Jos\u00e9 Stecca &#8211; 80 anos &#8211; 58 de engenharia <br \/>\natividade inicial em estradas de rodagem &#8211; trabalho no der <br \/>\nconstru\u00e7\u00e3o de fabricas de cimento e in\u00fameras obras de engenharia civil- <\/p>\n<p>Socrate Mattoli &#8211; \u00a084 anos &#8211; 60 de engenharia. <br \/>\nsistemas de eletrifica\u00e7\u00e3o-fabrica\u00e7\u00e3o de torres met\u00e1licas para transmiss\u00e3o de energia. <br \/>\nobras em hidroel\u00e9tricas- <br \/>\nestruturas met\u00e1licas- montagens industriais de grande porte. <\/p>\n<p>Paulo Alcides Andrade 83 anos &#8211; 59 de engenharia. <br \/>\ndedica\u00e7\u00e3o integral desde a formatura at\u00e9 hoje ao setor de estruturas met\u00e1licas <br \/>\nIniciei como \u201caprendis de calculista\u201d evolui para fabrica\u00e7\u00e3o montagem , e comercializa\u00e7\u00e3o de estruturas met\u00e1licas. <br \/>\nEx professor de e.m na escola engenharia mackenzie- dirigi a montagem do primeiro edif\u00edcio de 16 andares totalmente em estruturas nacionais. <br \/>\nTive e honra de ser o autor do edif\u00edcio da atual sede do Instituto de Engenharia. <br \/>\nAp\u00f3s 58 anos de atividade na \u00e1rea das estruturas met\u00e1licas ainda trabalho como consultor e projetista. <\/p>\n<p>6-juntos realizamos cerca de 12000 obras, entre grandes medias pequenas. o que d\u00e1 media de 1200 obras para cada um de n\u00f3s. Ou a media de 20 obras por \u201ccabe\u00e7a\u201d por ano (em n\u00fameros modestos) <\/p>\n<p>\n7- vou propor que me acompanhem nesse calculo: <br \/>\n10 eng. x media de 60 anos de profiss\u00e3o=600 anos <\/p>\n<p>600 a. x 12 meses x apenas 22 dias de trab.x apenas 6,5 h\/dia= <\/p>\n<p>um milh\u00e3o de horas t\u00e9cnicas <br \/>\n(6,5 horas\/dia em apenas 20 dias por m\u00eas, s\u00e3o n\u00fameros muito modestos para os engenheiros &#8211; quase que poder\u00edamos dobrar <\/p>\n<p>Um avi\u00e3o a 600 km\/h&#8230;&#8230;&#8230;x um milh\u00e3o de horas <br \/>\nPercorreria 600 milh\u00f5es de kms <br \/>\nDaria para ir e voltar \u00e1 lua ou fazer 15000 voltas na terra (pelo equador) <\/p>\n<p>8- e isso \u00e9 not\u00e1vel quando lembramos que na maioria do nosso tempo, n\u00e3o t\u00ednhamos os her\u00f3is atuais, os Billgates, os Microsofts, as internets, e nem se falava em hardware ou software. <br \/>\nNossos her\u00f3is eram Vierendell , Tetmeyer, Euler- cremona-.etc&#8230;&#8230;&#8230; <br \/>\nNossas ferramentas n\u00e3o eram Windows ou Macintosh <\/p>\n<p>n\u00e3o t\u00ednhamos auto CAD, Excel ou Word. <br \/>\nNem sab\u00edamos o que seria um programa strap,sap ou similares (programas para n\u00f3s ,era de teatro ou cinema) <\/p>\n<p>Us\u00e1vamos r\u00e9guas de calculo, taboa de logaritmos e tabelas de trigonometria. <br \/>\nNossos desenhos eram a l\u00e1pis, e repassados a nanquim, sobre papel vegetal , <br \/>\nUs\u00e1vamos esquadros, compassos e r\u00e9guas t, em grandes pranchetas na vertical ou na horizontal. <br \/>\nN\u00e3o se \u201cdeletava\u201d quando err\u00e1vamos&#8230;.apag\u00e1vamos com borrachas .ou refaz\u00edamos o trabalho&#8230;&#8230;&#8230;&#8230;.. <\/p>\n<p>Quando lecion\u00e1vamos, us\u00e1vamos giz e quadro negro (e uma boa escova de roupa&#8230;.) n\u00e3o t\u00ednhamos os <br \/>\nRecursos de proje\u00e7\u00e3o eletr\u00f4nica da atualidade <\/p>\n<p>o tempo passou&#8230;&#8230;&#8230;&#8230;&#8230;&#8230; <br \/>\nMas n\u00f3s n\u00e3o passamos&#8230;&#8230;&#8230;&#8230;&#8230;&#8230;.e aqui estamos. <\/p>\n<p>hoje nos orgulhamos de toda a positividade de nossa op\u00e7\u00e3o de sermos engenheiros. <\/p>\n<p>No mundo atual, onde se priorizam as divulga\u00e7\u00f5es negativas, uma realidade como a nossa, aqui reunidos nessa casa, s\u00edmbolo dessa cidade querida que ajudamos a construir, e de onde enviamos nossos conhecimentos para todo o Brasil, e sob a \u00e9gide de nosso Instituto de Engenharia em seus 91anos de exist\u00eancia, entendemos que podemos passar para as gera\u00e7\u00f5es mais novas, uma no\u00e7\u00e3o dessa necess\u00e1ria e esquecida positividade <\/p>\n<p>Juntos &#8230;&#8230;.fizemos hist\u00f3ria &#8230;&#8230;&#8230;..continuem o pr\u00f3ximo cap\u00edtulo&#8230;&#8230;&#8230;&#8230;&#8230; <br \/>\nObrigado. \n<\/p>\n<p><b>Autor: Eng. Paulo Andrade<\/b><\/p>\n","protected":false},"excerpt":{"rendered":"<p>Discurso feito pelo\u00a0Sr. Paulo Andrade, aos engenheiros homenageados pela\u00a0C\u00e2mara Municipal\u00a0em 17\/10\/2007, na comemora\u00e7\u00e3o de 91 anos do Instituto de Engenharia Sem a obedi\u00eancia \u00e0s formalidades de praxe, estou tendo a honra de poder cumprimentar os nove colegas aqui homenageados por iniciativa da c\u00e2mara municipal ,de S\u00e3o Paulo, e por indica\u00e7\u00e3o do instituto de engenharia. 2- [&hellip;]<\/p>\n","protected":false},"author":1,"featured_media":0,"comment_status":"open","ping_status":"open","sticky":false,"template":"","format":"standard","meta":{"footnotes":""},"categories":[114,27],"tags":[],"class_list":{"0":"post-14501","1":"post","2":"type-post","3":"status-publish","4":"format-standard","6":"category-artigos","7":"category-instituto-de-engenharia"},"yoast_head":"<!-- This site is optimized with the Yoast SEO plugin v27.2 - https:\/\/yoast.com\/product\/yoast-seo-wordpress\/ -->\n<title>Aos engenheiros homenageados pela C\u00e2mara Municipal em 17\/10\/2007 - Instituto de Engenharia<\/title>\n<meta name=\"robots\" content=\"index, follow, max-snippet:-1, max-image-preview:large, max-video-preview:-1\" \/>\n<link rel=\"canonical\" href=\"https:\/\/www.institutodeengenharia.org.br\/site\/2007\/10\/19\/aos-engenheiros-homenageados-pela-camara-municipal-em-17102007\/\" \/>\n<meta property=\"og:locale\" content=\"pt_BR\" \/>\n<meta property=\"og:type\" content=\"article\" \/>\n<meta property=\"og:title\" content=\"Aos engenheiros homenageados pela C\u00e2mara Municipal em 17\/10\/2007 - Instituto de Engenharia\" \/>\n<meta property=\"og:description\" content=\"Discurso feito pelo\u00a0Sr. Paulo Andrade, aos engenheiros homenageados pela\u00a0C\u00e2mara Municipal\u00a0em 17\/10\/2007, na comemora\u00e7\u00e3o de 91 anos do Instituto de Engenharia Sem a obedi\u00eancia \u00e0s formalidades de praxe, estou tendo a honra de poder cumprimentar os nove colegas aqui homenageados por iniciativa da c\u00e2mara municipal ,de S\u00e3o Paulo, e por indica\u00e7\u00e3o do instituto de engenharia. 2- [&hellip;]\" \/>\n<meta property=\"og:url\" content=\"https:\/\/www.institutodeengenharia.org.br\/site\/2007\/10\/19\/aos-engenheiros-homenageados-pela-camara-municipal-em-17102007\/\" \/>\n<meta property=\"og:site_name\" content=\"Instituto de Engenharia\" \/>\n<meta property=\"article:publisher\" content=\"https:\/\/www.facebook.com\/institutodeengenharia\" \/>\n<meta property=\"article:published_time\" content=\"2007-10-19T21:46:22+00:00\" \/>\n<meta property=\"article:modified_time\" content=\"2007-10-23T14:33:42+00:00\" \/>\n<meta name=\"author\" content=\"TMax Tecnologia\" \/>\n<meta name=\"twitter:card\" content=\"summary_large_image\" \/>\n<meta name=\"twitter:creator\" content=\"@iengenharia\" \/>\n<meta name=\"twitter:site\" content=\"@iengenharia\" \/>\n<meta name=\"twitter:label1\" content=\"Escrito por\" \/>\n\t<meta name=\"twitter:data1\" content=\"TMax Tecnologia\" \/>\n\t<meta name=\"twitter:label2\" content=\"Est. tempo de leitura\" \/>\n\t<meta name=\"twitter:data2\" content=\"6 minutos\" \/>\n<script type=\"application\/ld+json\" class=\"yoast-schema-graph\">{\"@context\":\"https:\/\/schema.org\",\"@graph\":[{\"@type\":\"Article\",\"@id\":\"https:\/\/www.institutodeengenharia.org.br\/site\/2007\/10\/19\/aos-engenheiros-homenageados-pela-camara-municipal-em-17102007\/#article\",\"isPartOf\":{\"@id\":\"https:\/\/www.institutodeengenharia.org.br\/site\/2007\/10\/19\/aos-engenheiros-homenageados-pela-camara-municipal-em-17102007\/\"},\"author\":{\"name\":\"TMax Tecnologia\",\"@id\":\"https:\/\/www.institutodeengenharia.org.br\/site\/#\/schema\/person\/3b1ff109facef084739fc2edcb9a127f\"},\"headline\":\"Aos engenheiros homenageados pela C\u00e2mara Municipal em 17\/10\/2007\",\"datePublished\":\"2007-10-19T21:46:22+00:00\",\"dateModified\":\"2007-10-23T14:33:42+00:00\",\"mainEntityOfPage\":{\"@id\":\"https:\/\/www.institutodeengenharia.org.br\/site\/2007\/10\/19\/aos-engenheiros-homenageados-pela-camara-municipal-em-17102007\/\"},\"wordCount\":1166,\"commentCount\":0,\"publisher\":{\"@id\":\"https:\/\/www.institutodeengenharia.org.br\/site\/#organization\"},\"articleSection\":[\"Artigos\",\"Instituto de Engenharia\"],\"inLanguage\":\"pt-BR\",\"potentialAction\":[{\"@type\":\"CommentAction\",\"name\":\"Comment\",\"target\":[\"https:\/\/www.institutodeengenharia.org.br\/site\/2007\/10\/19\/aos-engenheiros-homenageados-pela-camara-municipal-em-17102007\/#respond\"]}]},{\"@type\":\"WebPage\",\"@id\":\"https:\/\/www.institutodeengenharia.org.br\/site\/2007\/10\/19\/aos-engenheiros-homenageados-pela-camara-municipal-em-17102007\/\",\"url\":\"https:\/\/www.institutodeengenharia.org.br\/site\/2007\/10\/19\/aos-engenheiros-homenageados-pela-camara-municipal-em-17102007\/\",\"name\":\"Aos engenheiros homenageados pela C\u00e2mara Municipal em 17\/10\/2007 - Instituto de Engenharia\",\"isPartOf\":{\"@id\":\"https:\/\/www.institutodeengenharia.org.br\/site\/#website\"},\"datePublished\":\"2007-10-19T21:46:22+00:00\",\"dateModified\":\"2007-10-23T14:33:42+00:00\",\"breadcrumb\":{\"@id\":\"https:\/\/www.institutodeengenharia.org.br\/site\/2007\/10\/19\/aos-engenheiros-homenageados-pela-camara-municipal-em-17102007\/#breadcrumb\"},\"inLanguage\":\"pt-BR\",\"potentialAction\":[{\"@type\":\"ReadAction\",\"target\":[\"https:\/\/www.institutodeengenharia.org.br\/site\/2007\/10\/19\/aos-engenheiros-homenageados-pela-camara-municipal-em-17102007\/\"]}]},{\"@type\":\"BreadcrumbList\",\"@id\":\"https:\/\/www.institutodeengenharia.org.br\/site\/2007\/10\/19\/aos-engenheiros-homenageados-pela-camara-municipal-em-17102007\/#breadcrumb\",\"itemListElement\":[{\"@type\":\"ListItem\",\"position\":1,\"name\":\"In\u00edcio\",\"item\":\"https:\/\/www.institutodeengenharia.org.br\/site\/\"},{\"@type\":\"ListItem\",\"position\":2,\"name\":\"Aos engenheiros homenageados pela C\u00e2mara Municipal em 17\/10\/2007\"}]},{\"@type\":\"WebSite\",\"@id\":\"https:\/\/www.institutodeengenharia.org.br\/site\/#website\",\"url\":\"https:\/\/www.institutodeengenharia.org.br\/site\/\",\"name\":\"Instituto de Engenharia\",\"description\":\"O Instituto de Engenharia promove a Engenharia em benef\u00edcio do desenvolvimento e da qualidade de vida da sociedade.\",\"publisher\":{\"@id\":\"https:\/\/www.institutodeengenharia.org.br\/site\/#organization\"},\"potentialAction\":[{\"@type\":\"SearchAction\",\"target\":{\"@type\":\"EntryPoint\",\"urlTemplate\":\"https:\/\/www.institutodeengenharia.org.br\/site\/?s={search_term_string}\"},\"query-input\":{\"@type\":\"PropertyValueSpecification\",\"valueRequired\":true,\"valueName\":\"search_term_string\"}}],\"inLanguage\":\"pt-BR\"},{\"@type\":\"Organization\",\"@id\":\"https:\/\/www.institutodeengenharia.org.br\/site\/#organization\",\"name\":\"Instituto de Engenharia\",\"url\":\"https:\/\/www.institutodeengenharia.org.br\/site\/\",\"logo\":{\"@type\":\"ImageObject\",\"inLanguage\":\"pt-BR\",\"@id\":\"https:\/\/www.institutodeengenharia.org.br\/site\/#\/schema\/logo\/image\/\",\"url\":\"https:\/\/www.institutodeengenharia.org.br\/site\/wp-content\/uploads\/2019\/03\/logo-novo-IE2018-1.jpg\",\"contentUrl\":\"https:\/\/www.institutodeengenharia.org.br\/site\/wp-content\/uploads\/2019\/03\/logo-novo-IE2018-1.jpg\",\"width\":1486,\"height\":1879,\"caption\":\"Instituto de Engenharia\"},\"image\":{\"@id\":\"https:\/\/www.institutodeengenharia.org.br\/site\/#\/schema\/logo\/image\/\"},\"sameAs\":[\"https:\/\/www.facebook.com\/institutodeengenharia\",\"https:\/\/x.com\/iengenharia\",\"https:\/\/www.instagram.com\/institutodeengenharia\/\",\"https:\/\/www.linkedin.com\/company\/instituto-de-engenharia\/\",\"https:\/\/www.youtube.com\/channel\/UCXiCAlsSMe977vamW915HxA\"]},{\"@type\":\"Person\",\"@id\":\"https:\/\/www.institutodeengenharia.org.br\/site\/#\/schema\/person\/3b1ff109facef084739fc2edcb9a127f\",\"name\":\"TMax Tecnologia\",\"image\":{\"@type\":\"ImageObject\",\"inLanguage\":\"pt-BR\",\"@id\":\"https:\/\/secure.gravatar.com\/avatar\/f912434ef7f389c92cb311fcdae346af848465d638912574b3c669070f797701?s=96&d=mm&r=g\",\"url\":\"https:\/\/secure.gravatar.com\/avatar\/f912434ef7f389c92cb311fcdae346af848465d638912574b3c669070f797701?s=96&d=mm&r=g\",\"contentUrl\":\"https:\/\/secure.gravatar.com\/avatar\/f912434ef7f389c92cb311fcdae346af848465d638912574b3c669070f797701?s=96&d=mm&r=g\",\"caption\":\"TMax Tecnologia\"},\"url\":\"https:\/\/www.institutodeengenharia.org.br\/site\/author\/tmax\/\"}]}<\/script>\n<!-- \/ Yoast SEO plugin. -->","yoast_head_json":{"title":"Aos engenheiros homenageados pela C\u00e2mara Municipal em 17\/10\/2007 - Instituto de Engenharia","robots":{"index":"index","follow":"follow","max-snippet":"max-snippet:-1","max-image-preview":"max-image-preview:large","max-video-preview":"max-video-preview:-1"},"canonical":"https:\/\/www.institutodeengenharia.org.br\/site\/2007\/10\/19\/aos-engenheiros-homenageados-pela-camara-municipal-em-17102007\/","og_locale":"pt_BR","og_type":"article","og_title":"Aos engenheiros homenageados pela C\u00e2mara Municipal em 17\/10\/2007 - Instituto de Engenharia","og_description":"Discurso feito pelo\u00a0Sr. Paulo Andrade, aos engenheiros homenageados pela\u00a0C\u00e2mara Municipal\u00a0em 17\/10\/2007, na comemora\u00e7\u00e3o de 91 anos do Instituto de Engenharia Sem a obedi\u00eancia \u00e0s formalidades de praxe, estou tendo a honra de poder cumprimentar os nove colegas aqui homenageados por iniciativa da c\u00e2mara municipal ,de S\u00e3o Paulo, e por indica\u00e7\u00e3o do instituto de engenharia. 2- [&hellip;]","og_url":"https:\/\/www.institutodeengenharia.org.br\/site\/2007\/10\/19\/aos-engenheiros-homenageados-pela-camara-municipal-em-17102007\/","og_site_name":"Instituto de Engenharia","article_publisher":"https:\/\/www.facebook.com\/institutodeengenharia","article_published_time":"2007-10-19T21:46:22+00:00","article_modified_time":"2007-10-23T14:33:42+00:00","author":"TMax Tecnologia","twitter_card":"summary_large_image","twitter_creator":"@iengenharia","twitter_site":"@iengenharia","twitter_misc":{"Escrito por":"TMax Tecnologia","Est. tempo de leitura":"6 minutos"},"schema":{"@context":"https:\/\/schema.org","@graph":[{"@type":"Article","@id":"https:\/\/www.institutodeengenharia.org.br\/site\/2007\/10\/19\/aos-engenheiros-homenageados-pela-camara-municipal-em-17102007\/#article","isPartOf":{"@id":"https:\/\/www.institutodeengenharia.org.br\/site\/2007\/10\/19\/aos-engenheiros-homenageados-pela-camara-municipal-em-17102007\/"},"author":{"name":"TMax Tecnologia","@id":"https:\/\/www.institutodeengenharia.org.br\/site\/#\/schema\/person\/3b1ff109facef084739fc2edcb9a127f"},"headline":"Aos engenheiros homenageados pela C\u00e2mara Municipal em 17\/10\/2007","datePublished":"2007-10-19T21:46:22+00:00","dateModified":"2007-10-23T14:33:42+00:00","mainEntityOfPage":{"@id":"https:\/\/www.institutodeengenharia.org.br\/site\/2007\/10\/19\/aos-engenheiros-homenageados-pela-camara-municipal-em-17102007\/"},"wordCount":1166,"commentCount":0,"publisher":{"@id":"https:\/\/www.institutodeengenharia.org.br\/site\/#organization"},"articleSection":["Artigos","Instituto de Engenharia"],"inLanguage":"pt-BR","potentialAction":[{"@type":"CommentAction","name":"Comment","target":["https:\/\/www.institutodeengenharia.org.br\/site\/2007\/10\/19\/aos-engenheiros-homenageados-pela-camara-municipal-em-17102007\/#respond"]}]},{"@type":"WebPage","@id":"https:\/\/www.institutodeengenharia.org.br\/site\/2007\/10\/19\/aos-engenheiros-homenageados-pela-camara-municipal-em-17102007\/","url":"https:\/\/www.institutodeengenharia.org.br\/site\/2007\/10\/19\/aos-engenheiros-homenageados-pela-camara-municipal-em-17102007\/","name":"Aos engenheiros homenageados pela C\u00e2mara Municipal em 17\/10\/2007 - Instituto de Engenharia","isPartOf":{"@id":"https:\/\/www.institutodeengenharia.org.br\/site\/#website"},"datePublished":"2007-10-19T21:46:22+00:00","dateModified":"2007-10-23T14:33:42+00:00","breadcrumb":{"@id":"https:\/\/www.institutodeengenharia.org.br\/site\/2007\/10\/19\/aos-engenheiros-homenageados-pela-camara-municipal-em-17102007\/#breadcrumb"},"inLanguage":"pt-BR","potentialAction":[{"@type":"ReadAction","target":["https:\/\/www.institutodeengenharia.org.br\/site\/2007\/10\/19\/aos-engenheiros-homenageados-pela-camara-municipal-em-17102007\/"]}]},{"@type":"BreadcrumbList","@id":"https:\/\/www.institutodeengenharia.org.br\/site\/2007\/10\/19\/aos-engenheiros-homenageados-pela-camara-municipal-em-17102007\/#breadcrumb","itemListElement":[{"@type":"ListItem","position":1,"name":"In\u00edcio","item":"https:\/\/www.institutodeengenharia.org.br\/site\/"},{"@type":"ListItem","position":2,"name":"Aos engenheiros homenageados pela C\u00e2mara Municipal em 17\/10\/2007"}]},{"@type":"WebSite","@id":"https:\/\/www.institutodeengenharia.org.br\/site\/#website","url":"https:\/\/www.institutodeengenharia.org.br\/site\/","name":"Instituto de Engenharia","description":"O Instituto de Engenharia promove a Engenharia em benef\u00edcio do desenvolvimento e da qualidade de vida da sociedade.","publisher":{"@id":"https:\/\/www.institutodeengenharia.org.br\/site\/#organization"},"potentialAction":[{"@type":"SearchAction","target":{"@type":"EntryPoint","urlTemplate":"https:\/\/www.institutodeengenharia.org.br\/site\/?s={search_term_string}"},"query-input":{"@type":"PropertyValueSpecification","valueRequired":true,"valueName":"search_term_string"}}],"inLanguage":"pt-BR"},{"@type":"Organization","@id":"https:\/\/www.institutodeengenharia.org.br\/site\/#organization","name":"Instituto de Engenharia","url":"https:\/\/www.institutodeengenharia.org.br\/site\/","logo":{"@type":"ImageObject","inLanguage":"pt-BR","@id":"https:\/\/www.institutodeengenharia.org.br\/site\/#\/schema\/logo\/image\/","url":"https:\/\/www.institutodeengenharia.org.br\/site\/wp-content\/uploads\/2019\/03\/logo-novo-IE2018-1.jpg","contentUrl":"https:\/\/www.institutodeengenharia.org.br\/site\/wp-content\/uploads\/2019\/03\/logo-novo-IE2018-1.jpg","width":1486,"height":1879,"caption":"Instituto de Engenharia"},"image":{"@id":"https:\/\/www.institutodeengenharia.org.br\/site\/#\/schema\/logo\/image\/"},"sameAs":["https:\/\/www.facebook.com\/institutodeengenharia","https:\/\/x.com\/iengenharia","https:\/\/www.instagram.com\/institutodeengenharia\/","https:\/\/www.linkedin.com\/company\/instituto-de-engenharia\/","https:\/\/www.youtube.com\/channel\/UCXiCAlsSMe977vamW915HxA"]},{"@type":"Person","@id":"https:\/\/www.institutodeengenharia.org.br\/site\/#\/schema\/person\/3b1ff109facef084739fc2edcb9a127f","name":"TMax Tecnologia","image":{"@type":"ImageObject","inLanguage":"pt-BR","@id":"https:\/\/secure.gravatar.com\/avatar\/f912434ef7f389c92cb311fcdae346af848465d638912574b3c669070f797701?s=96&d=mm&r=g","url":"https:\/\/secure.gravatar.com\/avatar\/f912434ef7f389c92cb311fcdae346af848465d638912574b3c669070f797701?s=96&d=mm&r=g","contentUrl":"https:\/\/secure.gravatar.com\/avatar\/f912434ef7f389c92cb311fcdae346af848465d638912574b3c669070f797701?s=96&d=mm&r=g","caption":"TMax Tecnologia"},"url":"https:\/\/www.institutodeengenharia.org.br\/site\/author\/tmax\/"}]}},"_links":{"self":[{"href":"https:\/\/www.institutodeengenharia.org.br\/site\/wp-json\/wp\/v2\/posts\/14501","targetHints":{"allow":["GET"]}}],"collection":[{"href":"https:\/\/www.institutodeengenharia.org.br\/site\/wp-json\/wp\/v2\/posts"}],"about":[{"href":"https:\/\/www.institutodeengenharia.org.br\/site\/wp-json\/wp\/v2\/types\/post"}],"author":[{"embeddable":true,"href":"https:\/\/www.institutodeengenharia.org.br\/site\/wp-json\/wp\/v2\/users\/1"}],"replies":[{"embeddable":true,"href":"https:\/\/www.institutodeengenharia.org.br\/site\/wp-json\/wp\/v2\/comments?post=14501"}],"version-history":[{"count":0,"href":"https:\/\/www.institutodeengenharia.org.br\/site\/wp-json\/wp\/v2\/posts\/14501\/revisions"}],"wp:attachment":[{"href":"https:\/\/www.institutodeengenharia.org.br\/site\/wp-json\/wp\/v2\/media?parent=14501"}],"wp:term":[{"taxonomy":"category","embeddable":true,"href":"https:\/\/www.institutodeengenharia.org.br\/site\/wp-json\/wp\/v2\/categories?post=14501"},{"taxonomy":"post_tag","embeddable":true,"href":"https:\/\/www.institutodeengenharia.org.br\/site\/wp-json\/wp\/v2\/tags?post=14501"}],"curies":[{"name":"wp","href":"https:\/\/api.w.org\/{rel}","templated":true}]}}