{"id":14496,"date":"2007-10-17T21:46:18","date_gmt":"2007-10-17T21:46:18","guid":{"rendered":"https:\/\/www.institutodeengenharia.org.br\/?p=14496"},"modified":"2007-10-19T17:13:03","modified_gmt":"2007-10-19T17:13:03","slug":"edemar-de-souza-amorim-agradece-homenagem-aos-91-anos-do-instituto-de-engenharia","status":"publish","type":"post","link":"https:\/\/www.institutodeengenharia.org.br\/site\/2007\/10\/17\/edemar-de-souza-amorim-agradece-homenagem-aos-91-anos-do-instituto-de-engenharia\/","title":{"rendered":"Edemar de Souza Amorim agradece homenagem aos 91 anos do Instituto de Engenharia"},"content":{"rendered":"<p>Discurso na sess\u00e3o da C\u00e2mara Municipal de S\u00e3o Paulo por ocasi\u00e3o da homenagem ao Instituto de Engenharia pelos seus 91 anos.<\/p>\n<p>O ano \u00e9 1916, a Primeira Guerra Mundial traz uma ressaca ao entusiasmo civilizat\u00f3rio do progresso e da t\u00e9cnica que varreu o mundo nas ultimas d\u00e9cadas. <br \/>\nNo Brasil, que sentia os primeiros efeitos da modernidade trazida pela ilumina\u00e7\u00e3o p\u00fablica, abastecimento de \u00e1gua, saneamento, transporte p\u00fablico, ferrovias, urbaniza\u00e7\u00e3o das principais cidades e a nov\u00edssima telefonia que vinha substituir o tel\u00e9grafo, uma grande inquieta\u00e7\u00e3o nascia. <br \/>\nComo atender a necessidade de um projeto de desenvolvimento para o Brasil e, ao mesmo tempo, deixar a depend\u00eancia da tecnologia estrangeira, criando as condi\u00e7\u00f5es para o crescimento da engenharia nacional? <br \/>\nEm 1 de julho, um pequeno grupo de 12 grandes homens acreditando ser a hora de fundar uma institui\u00e7\u00e3o que criasse as condi\u00e7\u00f5es necess\u00e1rias para o florescimento da engenharia brasileira, formando uma &#8211; \u201ccomiss\u00e3o encarregada de fundar uma associa\u00e7\u00e3o com dois fins principais: a coopera\u00e7\u00e3o profissional e a defesa dos interesses da classe dos engenheiros\u201d, &#8211; subscreveram uma circular aos amigos e colegas. <br \/>\nEram eles: <br \/>\nAugusto C. da Silva Telles <br \/>\nFonseca Rodrigues <br \/>\nRodolpho Baptista de San Thiago <br \/>\nAlfredo Braga <br \/>\nVictor da Silva Freire <br \/>\nRodrigo Claudio da Silva <br \/>\nPaulo Cavalheiro <br \/>\nCarlos Am\u00e9rico Barbosa de Oliveira <br \/>\nNestor Marques Ayrosa <br \/>\nHippolyto Gustavo Pujol Junior <br \/>\nAugusto de Toledo <br \/>\nGuilherme Winter <\/p>\n<p>A primeira ades\u00e3o a ser registrada, com o numero 0001 foi do engenheiro Sylvio de Aguiar Maya, que datou (7 de julho de 1916) e assinou, colocando tamb\u00e9m o seu endere\u00e7o. <br \/>\nEm 13 de outubro, j\u00e1 com 286 membros, nascia o Instituto de Engenharia. Sua miss\u00e3o era: \u201cdefender os direitos da categoria e os interesses de classe, a regulamenta\u00e7\u00e3o da profiss\u00e3o e posicionamento frente \u00e0 quest\u00f5es nacionais.\u201d <br \/>\nNesta primeira assembl\u00e9ia foi formada uma diretoria provis\u00f3ria composta de quatro engenheiros: <br \/>\nAntonio Francisco de Paula Souza <br \/>\nRodolpho Baptista de San Thiago <br \/>\nJo\u00e3o Pedro da Veiga Miranda <br \/>\nFrancisco Pereira Macambira. <br \/>\nEm 15 de fevereiro de 1917, j\u00e1 com a sa\u00fade bem debilitada, Antonio Francisco de Paula Souza foi eleito o primeiro presidente, e aprova-se o primeiro estatuto. <br \/>\nDesde ent\u00e3o, por meio de publica\u00e7\u00f5es peri\u00f3dicas, debates, palestras, arquivos de projetos entre tantas a\u00e7\u00f5es, o Instituto de Engenharia vem participando ativamente em todos os grandes eventos da na\u00e7\u00e3o; desde os grandes planos para infra-estrutura e o crescimento das cidades, a participa\u00e7\u00e3o ativa na revolu\u00e7\u00e3o constitucionalista e na constru\u00e7\u00e3o do pa\u00eds. <br \/>\nA atual estrutura de representa\u00e7\u00e3o da engenharia e dos engenheiros, com a organiza\u00e7\u00e3o do sistema CREA\/CONFEA e os sindicatos, tamb\u00e9m \u00e9 responsabilidade do Instituto de Engenharia que acreditava ser necess\u00e1ria a divis\u00e3o de responsabilidades na defesa da sociedade, dos profissionais e da engenharia, pois uma \u00fanica entidade n\u00e3o seria capaz de conciliar todos os interesses envolvidos. <br \/>\nPassaram pela presid\u00eancia do Instituto de Engenharia 38 ilustres profissionais: <br \/>\nFrancisco de Paula Ramos de Azevedo <br \/>\nFrancisco Paes Leme de Monlevade <br \/>\nAlexandre de Albuquerque <br \/>\nFrancisco de Salles Vicente de Azevedo <br \/>\nAlberto de Oliveira Coutinho <br \/>\nLuiz Ign\u00e1cio R. de Anhaia Mello (arquiteto) <br \/>\nFrancisco Emygdio da Fonseca Telles <br \/>\nRanulpho Pinheiro Lima <br \/>\nRoberto Cochrane Simonsen <br \/>\nAlexandre Albuquerque <br \/>\nAnt\u00f4nio Prudente de Moraes Neto <br \/>\nJos\u00e9 Maria Toledo Malta <br \/>\nAnnibal Mendes Gon\u00e7alves <br \/>\nC\u00edcero da Costa Vidigal <br \/>\nHeitor Portugal <br \/>\nArgemiro Couto de Barros <br \/>\n\u00c1lvaro Pereira de Souza Lima <br \/>\nAmador Cintra do Prado (arquiteto) <br \/>\nHenrique Pegado <br \/>\nPl\u00ednio de Queiroz <br \/>\nJo\u00e3o Soares do Amaral Neto <br \/>\nAugusto Lindenberg <br \/>\nFrederico Abranches Brotero <br \/>\nHelio Martins de Oliveira <br \/>\nHenry Macksoud <br \/>\nEduardo Celestino Rodrigues <br \/>\nFl\u00e1vio de S\u00e1 Bierrenbach <br \/>\nJan Arpad Mihalik <br \/>\nBernardino Pimentel Mendes <br \/>\nLuiz Alfredo Falc\u00e3o Bauer <br \/>\nLauro Rios Rodrigues <br \/>\nPl\u00ednio Oswaldo Assmann <br \/>\nJos\u00e9 Roberto Bernasconi <br \/>\nMa\u00e7ahico Tisaka <br \/>\nAlfredo M\u00e1rio Savelli <br \/>\nCl\u00e1udio Amaury Dall\u2019Acqua <br \/>\nAntonio Helio Guerra Vieira <br \/>\ne <br \/>\nEduardo Ferreira Lafraia <br \/>\na quem tenho a honra de suceder. <\/p>\n<p>Mas o fardo, apesar de prazeroso, \u00e9 pesado, pois os desafios crescem na velocidade da nova tecnologia, e modernizar uma institui\u00e7\u00e3o centen\u00e1ria n\u00e3o \u00e9 tarefa para um homem s\u00f3. Pois \u00e9 chegada a hora de repensar o papel de institui\u00e7\u00f5es como a nossa, passando de representante de categoria \u00e0 articuladora de debates, de dep\u00f3sito de informa\u00e7\u00f5es \u00e0 construtora de conhecimento, de entidade isolada \u00e0 lider do movimento de cria\u00e7\u00e3o de um pa\u00eds melhor <br \/>\nPor\u00e9m, \u00e9 nestes momentos de grandes desafios, onde o comprometimento e a dedica\u00e7\u00e3o diferenciam os homens, que surgem figuras como o ilustre e incans\u00e1vel Vereador Toninho Paiva, que n\u00e3o mede esfor\u00e7os para prestigiar o trabalho do Instituto de Engenharia. <br \/>\nMeu caro Toninho, mais uma vez tenho a oportunidade de demonstrar aqui em p\u00fablico toda a gratid\u00e3o e apre\u00e7o do Instituto de Engenharia pela sua pessoa e o profundo respeito por sua atua\u00e7\u00e3o nesta casa e pelas inestim\u00e1veis contribui\u00e7\u00f5es \u00e0 nossa cidade e seus cidad\u00e3os. <br \/>\nNossos agradecimentos tamb\u00e9m \u00e0 C\u00e2mara dos Vereadores de S\u00e3o Paulo, importante parceira em nossa miss\u00e3o, casa de portas permanentemente abertas para debater as id\u00e9ias, projetos e sugest\u00f5es do Instituto de Engenharia. \u00c9 um conforto poder contar com esse apoio. <\/p>\n<p>Meus caros amigos: <br \/>\nAbrah\u00e3o Yazigi Neto <br \/>\nAlexandre Serpa Albuquerque <br \/>\nAlyr Doria <br \/>\nArchimedes de Barros Pimentel <br \/>\nConrado de Carvalho Alves <br \/>\nGabriel Oliva Feitosa <br \/>\nOlyntho Muniz Dantas <br \/>\nOswaldo Jos\u00e9 Stecca <br \/>\nPaulo Alcides Andrade <br \/>\nSocrate Mattoli <\/p>\n<p>aceitem essa homenagem em nome de todos aqueles que participaram destes 91 anos de \u00e1rduas batalhas e daqueles que participar\u00e3o das que se aproximam. <br \/>\nObrigado. <\/p>\n<p><b>Autor: Edemar de Souza Amorim<\/b><\/p>\n","protected":false},"excerpt":{"rendered":"<p>Discurso na sess\u00e3o da C\u00e2mara Municipal de S\u00e3o Paulo por ocasi\u00e3o da homenagem ao Instituto de Engenharia pelos seus 91 anos. O ano \u00e9 1916, a Primeira Guerra Mundial traz uma ressaca ao entusiasmo civilizat\u00f3rio do progresso e da t\u00e9cnica que varreu o mundo nas ultimas d\u00e9cadas. No Brasil, que sentia os primeiros efeitos da [&hellip;]<\/p>\n","protected":false},"author":1,"featured_media":0,"comment_status":"open","ping_status":"open","sticky":false,"template":"","format":"standard","meta":{"footnotes":""},"categories":[114,27],"tags":[],"class_list":{"0":"post-14496","1":"post","2":"type-post","3":"status-publish","4":"format-standard","6":"category-artigos","7":"category-instituto-de-engenharia"},"yoast_head":"<!-- This site is optimized with the Yoast SEO plugin v27.2 - https:\/\/yoast.com\/product\/yoast-seo-wordpress\/ -->\n<title>Edemar de Souza Amorim agradece homenagem aos 91 anos do Instituto de Engenharia - Instituto de Engenharia<\/title>\n<meta name=\"robots\" content=\"index, follow, max-snippet:-1, max-image-preview:large, max-video-preview:-1\" \/>\n<link rel=\"canonical\" href=\"https:\/\/www.institutodeengenharia.org.br\/site\/2007\/10\/17\/edemar-de-souza-amorim-agradece-homenagem-aos-91-anos-do-instituto-de-engenharia\/\" \/>\n<meta property=\"og:locale\" content=\"pt_BR\" \/>\n<meta property=\"og:type\" content=\"article\" \/>\n<meta property=\"og:title\" content=\"Edemar de Souza Amorim agradece homenagem aos 91 anos do Instituto de Engenharia - Instituto de Engenharia\" \/>\n<meta property=\"og:description\" content=\"Discurso na sess\u00e3o da C\u00e2mara Municipal de S\u00e3o Paulo por ocasi\u00e3o da homenagem ao Instituto de Engenharia pelos seus 91 anos. O ano \u00e9 1916, a Primeira Guerra Mundial traz uma ressaca ao entusiasmo civilizat\u00f3rio do progresso e da t\u00e9cnica que varreu o mundo nas ultimas d\u00e9cadas. No Brasil, que sentia os primeiros efeitos da [&hellip;]\" \/>\n<meta property=\"og:url\" content=\"https:\/\/www.institutodeengenharia.org.br\/site\/2007\/10\/17\/edemar-de-souza-amorim-agradece-homenagem-aos-91-anos-do-instituto-de-engenharia\/\" \/>\n<meta property=\"og:site_name\" content=\"Instituto de Engenharia\" \/>\n<meta property=\"article:publisher\" content=\"https:\/\/www.facebook.com\/institutodeengenharia\" \/>\n<meta property=\"article:published_time\" content=\"2007-10-17T21:46:18+00:00\" \/>\n<meta property=\"article:modified_time\" content=\"2007-10-19T17:13:03+00:00\" \/>\n<meta name=\"author\" content=\"TMax Tecnologia\" \/>\n<meta name=\"twitter:card\" content=\"summary_large_image\" \/>\n<meta name=\"twitter:creator\" content=\"@iengenharia\" \/>\n<meta name=\"twitter:site\" content=\"@iengenharia\" \/>\n<meta name=\"twitter:label1\" content=\"Escrito por\" \/>\n\t<meta name=\"twitter:data1\" content=\"TMax Tecnologia\" \/>\n\t<meta name=\"twitter:label2\" content=\"Est. tempo de leitura\" \/>\n\t<meta name=\"twitter:data2\" content=\"5 minutos\" \/>\n<script type=\"application\/ld+json\" class=\"yoast-schema-graph\">{\"@context\":\"https:\/\/schema.org\",\"@graph\":[{\"@type\":\"Article\",\"@id\":\"https:\/\/www.institutodeengenharia.org.br\/site\/2007\/10\/17\/edemar-de-souza-amorim-agradece-homenagem-aos-91-anos-do-instituto-de-engenharia\/#article\",\"isPartOf\":{\"@id\":\"https:\/\/www.institutodeengenharia.org.br\/site\/2007\/10\/17\/edemar-de-souza-amorim-agradece-homenagem-aos-91-anos-do-instituto-de-engenharia\/\"},\"author\":{\"name\":\"TMax Tecnologia\",\"@id\":\"https:\/\/www.institutodeengenharia.org.br\/site\/#\/schema\/person\/3b1ff109facef084739fc2edcb9a127f\"},\"headline\":\"Edemar de Souza Amorim agradece homenagem aos 91 anos do Instituto de Engenharia\",\"datePublished\":\"2007-10-17T21:46:18+00:00\",\"dateModified\":\"2007-10-19T17:13:03+00:00\",\"mainEntityOfPage\":{\"@id\":\"https:\/\/www.institutodeengenharia.org.br\/site\/2007\/10\/17\/edemar-de-souza-amorim-agradece-homenagem-aos-91-anos-do-instituto-de-engenharia\/\"},\"wordCount\":945,\"commentCount\":0,\"publisher\":{\"@id\":\"https:\/\/www.institutodeengenharia.org.br\/site\/#organization\"},\"articleSection\":[\"Artigos\",\"Instituto de Engenharia\"],\"inLanguage\":\"pt-BR\",\"potentialAction\":[{\"@type\":\"CommentAction\",\"name\":\"Comment\",\"target\":[\"https:\/\/www.institutodeengenharia.org.br\/site\/2007\/10\/17\/edemar-de-souza-amorim-agradece-homenagem-aos-91-anos-do-instituto-de-engenharia\/#respond\"]}]},{\"@type\":\"WebPage\",\"@id\":\"https:\/\/www.institutodeengenharia.org.br\/site\/2007\/10\/17\/edemar-de-souza-amorim-agradece-homenagem-aos-91-anos-do-instituto-de-engenharia\/\",\"url\":\"https:\/\/www.institutodeengenharia.org.br\/site\/2007\/10\/17\/edemar-de-souza-amorim-agradece-homenagem-aos-91-anos-do-instituto-de-engenharia\/\",\"name\":\"Edemar de Souza Amorim agradece homenagem aos 91 anos do Instituto de Engenharia - Instituto de Engenharia\",\"isPartOf\":{\"@id\":\"https:\/\/www.institutodeengenharia.org.br\/site\/#website\"},\"datePublished\":\"2007-10-17T21:46:18+00:00\",\"dateModified\":\"2007-10-19T17:13:03+00:00\",\"breadcrumb\":{\"@id\":\"https:\/\/www.institutodeengenharia.org.br\/site\/2007\/10\/17\/edemar-de-souza-amorim-agradece-homenagem-aos-91-anos-do-instituto-de-engenharia\/#breadcrumb\"},\"inLanguage\":\"pt-BR\",\"potentialAction\":[{\"@type\":\"ReadAction\",\"target\":[\"https:\/\/www.institutodeengenharia.org.br\/site\/2007\/10\/17\/edemar-de-souza-amorim-agradece-homenagem-aos-91-anos-do-instituto-de-engenharia\/\"]}]},{\"@type\":\"BreadcrumbList\",\"@id\":\"https:\/\/www.institutodeengenharia.org.br\/site\/2007\/10\/17\/edemar-de-souza-amorim-agradece-homenagem-aos-91-anos-do-instituto-de-engenharia\/#breadcrumb\",\"itemListElement\":[{\"@type\":\"ListItem\",\"position\":1,\"name\":\"In\u00edcio\",\"item\":\"https:\/\/www.institutodeengenharia.org.br\/site\/\"},{\"@type\":\"ListItem\",\"position\":2,\"name\":\"Edemar de Souza Amorim agradece homenagem aos 91 anos do Instituto de Engenharia\"}]},{\"@type\":\"WebSite\",\"@id\":\"https:\/\/www.institutodeengenharia.org.br\/site\/#website\",\"url\":\"https:\/\/www.institutodeengenharia.org.br\/site\/\",\"name\":\"Instituto de Engenharia\",\"description\":\"O Instituto de Engenharia promove a Engenharia em benef\u00edcio do desenvolvimento e da qualidade de vida da sociedade.\",\"publisher\":{\"@id\":\"https:\/\/www.institutodeengenharia.org.br\/site\/#organization\"},\"potentialAction\":[{\"@type\":\"SearchAction\",\"target\":{\"@type\":\"EntryPoint\",\"urlTemplate\":\"https:\/\/www.institutodeengenharia.org.br\/site\/?s={search_term_string}\"},\"query-input\":{\"@type\":\"PropertyValueSpecification\",\"valueRequired\":true,\"valueName\":\"search_term_string\"}}],\"inLanguage\":\"pt-BR\"},{\"@type\":\"Organization\",\"@id\":\"https:\/\/www.institutodeengenharia.org.br\/site\/#organization\",\"name\":\"Instituto de Engenharia\",\"url\":\"https:\/\/www.institutodeengenharia.org.br\/site\/\",\"logo\":{\"@type\":\"ImageObject\",\"inLanguage\":\"pt-BR\",\"@id\":\"https:\/\/www.institutodeengenharia.org.br\/site\/#\/schema\/logo\/image\/\",\"url\":\"https:\/\/www.institutodeengenharia.org.br\/site\/wp-content\/uploads\/2019\/03\/logo-novo-IE2018-1.jpg\",\"contentUrl\":\"https:\/\/www.institutodeengenharia.org.br\/site\/wp-content\/uploads\/2019\/03\/logo-novo-IE2018-1.jpg\",\"width\":1486,\"height\":1879,\"caption\":\"Instituto de Engenharia\"},\"image\":{\"@id\":\"https:\/\/www.institutodeengenharia.org.br\/site\/#\/schema\/logo\/image\/\"},\"sameAs\":[\"https:\/\/www.facebook.com\/institutodeengenharia\",\"https:\/\/x.com\/iengenharia\",\"https:\/\/www.instagram.com\/institutodeengenharia\/\",\"https:\/\/www.linkedin.com\/company\/instituto-de-engenharia\/\",\"https:\/\/www.youtube.com\/channel\/UCXiCAlsSMe977vamW915HxA\"]},{\"@type\":\"Person\",\"@id\":\"https:\/\/www.institutodeengenharia.org.br\/site\/#\/schema\/person\/3b1ff109facef084739fc2edcb9a127f\",\"name\":\"TMax Tecnologia\",\"image\":{\"@type\":\"ImageObject\",\"inLanguage\":\"pt-BR\",\"@id\":\"https:\/\/secure.gravatar.com\/avatar\/f912434ef7f389c92cb311fcdae346af848465d638912574b3c669070f797701?s=96&d=mm&r=g\",\"url\":\"https:\/\/secure.gravatar.com\/avatar\/f912434ef7f389c92cb311fcdae346af848465d638912574b3c669070f797701?s=96&d=mm&r=g\",\"contentUrl\":\"https:\/\/secure.gravatar.com\/avatar\/f912434ef7f389c92cb311fcdae346af848465d638912574b3c669070f797701?s=96&d=mm&r=g\",\"caption\":\"TMax Tecnologia\"},\"url\":\"https:\/\/www.institutodeengenharia.org.br\/site\/author\/tmax\/\"}]}<\/script>\n<!-- \/ Yoast SEO plugin. -->","yoast_head_json":{"title":"Edemar de Souza Amorim agradece homenagem aos 91 anos do Instituto de Engenharia - Instituto de Engenharia","robots":{"index":"index","follow":"follow","max-snippet":"max-snippet:-1","max-image-preview":"max-image-preview:large","max-video-preview":"max-video-preview:-1"},"canonical":"https:\/\/www.institutodeengenharia.org.br\/site\/2007\/10\/17\/edemar-de-souza-amorim-agradece-homenagem-aos-91-anos-do-instituto-de-engenharia\/","og_locale":"pt_BR","og_type":"article","og_title":"Edemar de Souza Amorim agradece homenagem aos 91 anos do Instituto de Engenharia - Instituto de Engenharia","og_description":"Discurso na sess\u00e3o da C\u00e2mara Municipal de S\u00e3o Paulo por ocasi\u00e3o da homenagem ao Instituto de Engenharia pelos seus 91 anos. O ano \u00e9 1916, a Primeira Guerra Mundial traz uma ressaca ao entusiasmo civilizat\u00f3rio do progresso e da t\u00e9cnica que varreu o mundo nas ultimas d\u00e9cadas. No Brasil, que sentia os primeiros efeitos da [&hellip;]","og_url":"https:\/\/www.institutodeengenharia.org.br\/site\/2007\/10\/17\/edemar-de-souza-amorim-agradece-homenagem-aos-91-anos-do-instituto-de-engenharia\/","og_site_name":"Instituto de Engenharia","article_publisher":"https:\/\/www.facebook.com\/institutodeengenharia","article_published_time":"2007-10-17T21:46:18+00:00","article_modified_time":"2007-10-19T17:13:03+00:00","author":"TMax Tecnologia","twitter_card":"summary_large_image","twitter_creator":"@iengenharia","twitter_site":"@iengenharia","twitter_misc":{"Escrito por":"TMax Tecnologia","Est. tempo de leitura":"5 minutos"},"schema":{"@context":"https:\/\/schema.org","@graph":[{"@type":"Article","@id":"https:\/\/www.institutodeengenharia.org.br\/site\/2007\/10\/17\/edemar-de-souza-amorim-agradece-homenagem-aos-91-anos-do-instituto-de-engenharia\/#article","isPartOf":{"@id":"https:\/\/www.institutodeengenharia.org.br\/site\/2007\/10\/17\/edemar-de-souza-amorim-agradece-homenagem-aos-91-anos-do-instituto-de-engenharia\/"},"author":{"name":"TMax Tecnologia","@id":"https:\/\/www.institutodeengenharia.org.br\/site\/#\/schema\/person\/3b1ff109facef084739fc2edcb9a127f"},"headline":"Edemar de Souza Amorim agradece homenagem aos 91 anos do Instituto de Engenharia","datePublished":"2007-10-17T21:46:18+00:00","dateModified":"2007-10-19T17:13:03+00:00","mainEntityOfPage":{"@id":"https:\/\/www.institutodeengenharia.org.br\/site\/2007\/10\/17\/edemar-de-souza-amorim-agradece-homenagem-aos-91-anos-do-instituto-de-engenharia\/"},"wordCount":945,"commentCount":0,"publisher":{"@id":"https:\/\/www.institutodeengenharia.org.br\/site\/#organization"},"articleSection":["Artigos","Instituto de Engenharia"],"inLanguage":"pt-BR","potentialAction":[{"@type":"CommentAction","name":"Comment","target":["https:\/\/www.institutodeengenharia.org.br\/site\/2007\/10\/17\/edemar-de-souza-amorim-agradece-homenagem-aos-91-anos-do-instituto-de-engenharia\/#respond"]}]},{"@type":"WebPage","@id":"https:\/\/www.institutodeengenharia.org.br\/site\/2007\/10\/17\/edemar-de-souza-amorim-agradece-homenagem-aos-91-anos-do-instituto-de-engenharia\/","url":"https:\/\/www.institutodeengenharia.org.br\/site\/2007\/10\/17\/edemar-de-souza-amorim-agradece-homenagem-aos-91-anos-do-instituto-de-engenharia\/","name":"Edemar de Souza Amorim agradece homenagem aos 91 anos do Instituto de Engenharia - Instituto de Engenharia","isPartOf":{"@id":"https:\/\/www.institutodeengenharia.org.br\/site\/#website"},"datePublished":"2007-10-17T21:46:18+00:00","dateModified":"2007-10-19T17:13:03+00:00","breadcrumb":{"@id":"https:\/\/www.institutodeengenharia.org.br\/site\/2007\/10\/17\/edemar-de-souza-amorim-agradece-homenagem-aos-91-anos-do-instituto-de-engenharia\/#breadcrumb"},"inLanguage":"pt-BR","potentialAction":[{"@type":"ReadAction","target":["https:\/\/www.institutodeengenharia.org.br\/site\/2007\/10\/17\/edemar-de-souza-amorim-agradece-homenagem-aos-91-anos-do-instituto-de-engenharia\/"]}]},{"@type":"BreadcrumbList","@id":"https:\/\/www.institutodeengenharia.org.br\/site\/2007\/10\/17\/edemar-de-souza-amorim-agradece-homenagem-aos-91-anos-do-instituto-de-engenharia\/#breadcrumb","itemListElement":[{"@type":"ListItem","position":1,"name":"In\u00edcio","item":"https:\/\/www.institutodeengenharia.org.br\/site\/"},{"@type":"ListItem","position":2,"name":"Edemar de Souza Amorim agradece homenagem aos 91 anos do Instituto de Engenharia"}]},{"@type":"WebSite","@id":"https:\/\/www.institutodeengenharia.org.br\/site\/#website","url":"https:\/\/www.institutodeengenharia.org.br\/site\/","name":"Instituto de Engenharia","description":"O Instituto de Engenharia promove a Engenharia em benef\u00edcio do desenvolvimento e da qualidade de vida da sociedade.","publisher":{"@id":"https:\/\/www.institutodeengenharia.org.br\/site\/#organization"},"potentialAction":[{"@type":"SearchAction","target":{"@type":"EntryPoint","urlTemplate":"https:\/\/www.institutodeengenharia.org.br\/site\/?s={search_term_string}"},"query-input":{"@type":"PropertyValueSpecification","valueRequired":true,"valueName":"search_term_string"}}],"inLanguage":"pt-BR"},{"@type":"Organization","@id":"https:\/\/www.institutodeengenharia.org.br\/site\/#organization","name":"Instituto de Engenharia","url":"https:\/\/www.institutodeengenharia.org.br\/site\/","logo":{"@type":"ImageObject","inLanguage":"pt-BR","@id":"https:\/\/www.institutodeengenharia.org.br\/site\/#\/schema\/logo\/image\/","url":"https:\/\/www.institutodeengenharia.org.br\/site\/wp-content\/uploads\/2019\/03\/logo-novo-IE2018-1.jpg","contentUrl":"https:\/\/www.institutodeengenharia.org.br\/site\/wp-content\/uploads\/2019\/03\/logo-novo-IE2018-1.jpg","width":1486,"height":1879,"caption":"Instituto de Engenharia"},"image":{"@id":"https:\/\/www.institutodeengenharia.org.br\/site\/#\/schema\/logo\/image\/"},"sameAs":["https:\/\/www.facebook.com\/institutodeengenharia","https:\/\/x.com\/iengenharia","https:\/\/www.instagram.com\/institutodeengenharia\/","https:\/\/www.linkedin.com\/company\/instituto-de-engenharia\/","https:\/\/www.youtube.com\/channel\/UCXiCAlsSMe977vamW915HxA"]},{"@type":"Person","@id":"https:\/\/www.institutodeengenharia.org.br\/site\/#\/schema\/person\/3b1ff109facef084739fc2edcb9a127f","name":"TMax Tecnologia","image":{"@type":"ImageObject","inLanguage":"pt-BR","@id":"https:\/\/secure.gravatar.com\/avatar\/f912434ef7f389c92cb311fcdae346af848465d638912574b3c669070f797701?s=96&d=mm&r=g","url":"https:\/\/secure.gravatar.com\/avatar\/f912434ef7f389c92cb311fcdae346af848465d638912574b3c669070f797701?s=96&d=mm&r=g","contentUrl":"https:\/\/secure.gravatar.com\/avatar\/f912434ef7f389c92cb311fcdae346af848465d638912574b3c669070f797701?s=96&d=mm&r=g","caption":"TMax Tecnologia"},"url":"https:\/\/www.institutodeengenharia.org.br\/site\/author\/tmax\/"}]}},"_links":{"self":[{"href":"https:\/\/www.institutodeengenharia.org.br\/site\/wp-json\/wp\/v2\/posts\/14496","targetHints":{"allow":["GET"]}}],"collection":[{"href":"https:\/\/www.institutodeengenharia.org.br\/site\/wp-json\/wp\/v2\/posts"}],"about":[{"href":"https:\/\/www.institutodeengenharia.org.br\/site\/wp-json\/wp\/v2\/types\/post"}],"author":[{"embeddable":true,"href":"https:\/\/www.institutodeengenharia.org.br\/site\/wp-json\/wp\/v2\/users\/1"}],"replies":[{"embeddable":true,"href":"https:\/\/www.institutodeengenharia.org.br\/site\/wp-json\/wp\/v2\/comments?post=14496"}],"version-history":[{"count":0,"href":"https:\/\/www.institutodeengenharia.org.br\/site\/wp-json\/wp\/v2\/posts\/14496\/revisions"}],"wp:attachment":[{"href":"https:\/\/www.institutodeengenharia.org.br\/site\/wp-json\/wp\/v2\/media?parent=14496"}],"wp:term":[{"taxonomy":"category","embeddable":true,"href":"https:\/\/www.institutodeengenharia.org.br\/site\/wp-json\/wp\/v2\/categories?post=14496"},{"taxonomy":"post_tag","embeddable":true,"href":"https:\/\/www.institutodeengenharia.org.br\/site\/wp-json\/wp\/v2\/tags?post=14496"}],"curies":[{"name":"wp","href":"https:\/\/api.w.org\/{rel}","templated":true}]}}