{"id":14491,"date":"2007-09-28T21:46:14","date_gmt":"2007-09-28T21:46:14","guid":{"rendered":"https:\/\/www.institutodeengenharia.org.br\/?p=14491"},"modified":"2007-09-28T14:51:32","modified_gmt":"2007-09-28T14:51:32","slug":"ranking-benchmarking-2007","status":"publish","type":"post","link":"https:\/\/www.institutodeengenharia.org.br\/site\/2007\/09\/28\/ranking-benchmarking-2007\/","title":{"rendered":"Ranking Benchmarking 2007"},"content":{"rendered":"<p>Ranking Benchmarking 2007 <\/p>\n<p>No dia 26 de setembro, no grande audit\u00f3rio do MASP, em S\u00e3o Paulo, aconteceu o Dia Benchmarking \u2013 Compartilhar para crescer. Um seleto p\u00fablico, formado por executivos, gestores, especialistas e jornalistas, compartilhou o melhor da gest\u00e3o socioambiental brasileira, apresentando os cases vencedores selecionados na 5\u00aa edi\u00e7\u00e3o do Programa Benchmarking Ambiental Brasileiro. <\/p>\n<p>Institui\u00e7\u00f5es, gestores e personalidades que, pela excel\u00eancia de suas pr\u00e1ticas, s\u00e3o refer\u00eancias e exemplos a seguir, apresentaram modelos gerenciais com solu\u00e7\u00f5es inovadoras nas v\u00e1rias vertentes da gest\u00e3o socioambiental, compartilhando assim este valioso patrim\u00f4nio corporativo \u2013 o conhecimento aplicado. As apresenta\u00e7\u00f5es t\u00e9cnicas dos cases foram filmadas e ser\u00e3o disponibilizadas na internet no formato e-learning para livre acesso. Assim, o Benchmarking cumpre seu papel de compartilhar para crescer, e atingir\u00e1 um universo maior de profissionais no \u00e2mbito nacional e em pa\u00edses de l\u00edngua portuguesa. <\/p>\n<p>Os cases vencedores passaram pelo crivo da analise e pontua\u00e7\u00e3o de uma comiss\u00e3o t\u00e9cnica multidisciplinar, formada por especialistas com atua\u00e7\u00e3o nacional e internacional. Em 2007, a comiss\u00e3o t\u00e9cnica contou com a participa\u00e7\u00e3o de integrantes do Brasil, M\u00e9xico e Estados Unidos. <\/p>\n<p>Em comemora\u00e7\u00e3o aos 5 anos do Programa Benchmarking foi lan\u00e7ado no Dia Benchmarking \u2013 Compartilhar para crescer, o livro BenchMais, as 85 melhores pr\u00e1ticas em gest\u00e3o socioambiental do Brasil, que re\u00fane os cases vencedores das edi\u00e7\u00f5es anteriores. Os 5 mil exemplares da primeira edi\u00e7\u00e3o ser\u00e1 distribu\u00eddo gratuitamente \u00e0s universidades e entidades representativas do pa\u00eds. O livro BenchMais \u00e9 uma realiza\u00e7\u00e3o da MaisProjetos em conjunto com o Instituto Envolverde e Ruschel &#038; Associados Marketing Ecol\u00f3gico. <\/p>\n<p>Conhe\u00e7a o Ranking e a personalidade Benchmarking 2007: <br \/>\nPersonalidade Benchmarking: <br \/>\n\u2022 Dr. Paulo Nogueira Neto, professor titular em\u00e9rito da USP e Presidente da C\u00e2mara T\u00e9cnica de Biodiversidade e Fauna do CONAMA, considerado a mem\u00f3ria viva do ambientalismo brasileiro, e reconhecido mundialmente pelo <br \/>\n\u2022 seu trabalho em defesa do desenvolvimento sustent\u00e1vel. Dr. Paulo foi criador do primeiro \u00f3rg\u00e3o ambiental do Brasil, e integrou a Comiss\u00e3o Brundtland, das Na\u00e7\u00f5es Unidas, que elaborou o conceito de desenvolvimento sustent\u00e1vel nos anos 80. <\/p>\n<p>Institui\u00e7\u00f5es Benchmarking: <\/p>\n<p>Categoria Premiada: <\/p>\n<p>1. Itaipu &#8211; Cultivando \u00c1gua Boa na Bacia Hidrogr\u00e1fica do Rio Paran\u00e1 III <br \/>\n2. Faber-Castell &#8211; 15 anos Projeto Animalis \u2013 Conhecimento e Conserva\u00e7\u00e3o da Fauna do Cerrado <br \/>\n3. Philips &#8211; Aprendendo com a Natureza <br \/>\n4. Copebras &#8211; Estudo da Biodiversidade <br \/>\n5. Itautec &#8211; Redu\u00e7\u00e3o de Subst\u00e2ncias Nocivas ao Meio Ambiente em Equipamentos de Automa\u00e7\u00e3o e Inform\u00e1tica \u2013 Projeto ATM CX3 <br \/>\n6. Duratex &#8211; ARM &#8211; \u00c1rea de Recupera\u00e7\u00e3o de Materiais <br \/>\n7. Celulose Irani &#8211; Mecanismo de desenvolvimento limpo \u2013 Usina de co-gera\u00e7\u00e3o <br \/>\n8. Duke Energy &#8211; Controle de Plantas Aqu\u00e1ticas por meio da manipula\u00e7\u00e3o do meio ambiente <br \/>\n9. Sabesp &#8211; Gest\u00e3o Participativa no Processo de Tratamento de Esgoto <br \/>\n10. Klabin &#8211; Programa de Fomento Florestal Klabin: Semeando o Desenvolvimento Sustent\u00e1vel <br \/>\n11. Souza Cruz\/MG &#8211; Gerenciamento de Res\u00edduos \u2013 Aproveitamento Energ\u00e9tico de Res\u00edduo de P\u00f3 de Fumo <br \/>\n12. Bayer CropScience \u2013 Projeto Biodiversidade <br \/>\n13. Braskem &#8211; Projeto Ecobraskem <br \/>\n14. Unimed &#8211; Programa Consumo Consciente Unimed <br \/>\n15. AGCO &#8211; Gest\u00e3o Sustent\u00e1vel de Recursos H\u00eddricos: Reuso da \u00c1gua <\/p>\n<p>Categoria Men\u00e7\u00e3o Honrosa <\/p>\n<p>1. Alcoa &#8211; Gerenciamento Ambiental nas obras do projeto ALREF U2 <br \/>\n2. Johnson &#038; Johnson &#8211; Res\u00edduo: mat\u00e9ria-prima da transforma\u00e7\u00e3o social <br \/>\n3. Bayer &#8211; Escola Verde <br \/>\n4. AREVA &#8211; Eco-Atitude &#8211; Um passo para recupera\u00e7\u00e3o da \u00e1gua <br \/>\n5. Correios &#8211; Confec\u00e7\u00e3o de Caixas de Correspond\u00eancia com Material Reciclado <br \/>\n6. INPEV &#8211; Campanha Educativa A Natureza Agradece <br \/>\n7. Bradesco &#8211; Clickarvore e Florestas do Futuro \u2013 Programas de Reflorestamento e Recupera\u00e7\u00e3o da Mata Atl\u00e2ntica <br \/>\n8. Vianorte &#8211; Neutraliza\u00e7\u00e3o de Carbono em Posto de Pesagem de Ve\u00edculos de Cargas <br \/>\n9. Souza Cruz\/RS- Parque Ambiental Souza Cruz <br \/>\n10. Cons\u00f3rcio Propeno &#8211; A Import\u00e2ncia do Sistema de Gest\u00e3o S\u00f3cio-Ambiental na Constru\u00e7\u00e3o e Montagem em Obras Petroqu\u00edmicas <br \/>\n11. ArcelorMittal &#8211; O Valor da Biodiversidade da ArcelorMittal Tubar\u00e3o <\/p>\n<p>Apoio: <\/p>\n<p>A edi\u00e7\u00e3o 2007 contou com o apoio institucional das seguintes organiza\u00e7\u00f5es: ABAL \u2013 Associa\u00e7\u00e3o Brasileira do Aluminio, ABESCO \u2013 Associa\u00e7\u00e3o Brasileira de Empresas de Servi\u00e7os de Conserva\u00e7\u00e3o de Energia, ABIQUIM &#8211; Associa\u00e7\u00e3o Brasileira da Ind\u00fastria Qu\u00edmica, ABIT &#8211; Associa\u00e7\u00e3o Brasileira da Industria Textil, ABPA \u2013 Associa\u00e7\u00e3o Brasileira de Preven\u00e7\u00e3o a acidentes, ABQV \u2013 Associa\u00e7\u00e3o Brasileira de Qualidade de Vida , ABS \u2013 Ag\u00eancia Brasil de Seguran\u00e7a, ABTG &#8211; Associa\u00e7\u00e3o Brasileira de Tecnologia Gr\u00e1fica, AHK \u2013 C\u00e2mara Brasil Alemanha, Acionista, Brasindoor\u2013 Sociedade Brasileira do Meio Ambiente e Qualidade do Ar, CAMP &#8211; Centro de Forma\u00e7\u00e3o e Integra\u00e7\u00e3o Social, CRASP &#8211; Conselho Regional de Administra\u00e7\u00e3o de S\u00e3o Paulo , Eco Terra Brasil, Envolverde, \u00c9tica Empresarial, Fundacentro, IAPMEI &#8211; Benchmarking e Boas Pr\u00e1ticas de Portugal, IE- Instituto de Engenharia, MASP &#8211; Museu de Arte de S\u00e3o Paulo, Meio Ambiente Industrial, Mercado Ambiental, Petrobras, Pnuma Brasil &#8211; Comit\u00ea Brasileito do Programa das Na\u00e7\u00f5es Unidas para o Meio Ambiente, SESC-SP, SEESP &#8211; Sindicato dos Engenheiros no Estado de S\u00e3o Paulo, Sinditextil-SP, Sistema FIEMG, Sistema FIESP <\/p>\n<p>Programa Benchmarking &#8211; H\u00e1 05 anos trilhando os caminhos da sustentabilidade <\/p>\n<p>\u2022 Origem e Resultados <\/p>\n<p>O programa Benchmarking Ambiental Brasileiro completa 5 anos e comemora com livro e arte sua hist\u00f3ria de sucesso. Em 2003, ap\u00f3s uma r\u00e1pida enquete com aproximadamente 300 empresas, foi identificada demanda pelo Benchmarking Ambiental. A partir da\u00ed, a MAIS PROJETOS empresa de gest\u00e3o e capacita\u00e7\u00e3o socioambiental, desenvolveu um programa sob medida para identificar, selecionar e compartilhar o melhor do conhecimento aplicado nesta \u00e1rea. <\/p>\n<p>Nasceu assim uma iniciativa independente, apoiada pelas principais entidades representativas do pa\u00eds. Com uma metodologia inovadora e uma comiss\u00e3o t\u00e9cnica multidisciplinar renovada, anualmente contabilizou n\u00fameros significativos de ades\u00f5es, ou seja, selecionou 111 modelos gerenciais de excel\u00eancia, de 97 institui\u00e7\u00f5es, em 12 estados. Neste per\u00edodo, contou com 50 especialistas na comiss\u00e3o t\u00e9cnica e apoio de mais de 40 entidades representativas, nacionais e internacionais.\u00a0<\/p>\n<p>\u2022 Metodologia <br \/>\nO Programa Benchmarking Ambiental Brasileiro \u00e9 independente e supra-representativo &#8211; n\u00e3o pertence a uma entidade especifica e sim congrega as mais significativas delas em sua comiss\u00e3o t\u00e9cnica e grupo de apoiadores. Com uma metodologia pr\u00f3pria e exclusiva seleciona e compartilha as melhores pr\u00e1ticas gerenciais (Cases) adotadas por empresas e institui\u00e7\u00f5es com potencial de replicabilidade. O processo de avalia\u00e7\u00e3o e pontua\u00e7\u00e3o que define o Ranking das Empresas Benchmarking consiste na pontua\u00e7\u00e3o de todos os quesitos do case por todos os integrantes da comiss\u00e3o t\u00e9cnica. Eles avaliam individualmente cada case, sem ter acesso ao nome da institui\u00e7\u00e3o. O foco exclusivo \u00e9 na qualidade gerencial da pr\u00e1tica adotada. Este formato assegura total isen\u00e7\u00e3o e imparcialidade na avalia\u00e7\u00e3o e pontua\u00e7\u00e3o que define o Ranking Benchmarking, gestores e institui\u00e7\u00f5es que pela excel\u00eancia de suas pr\u00e1ticas s\u00e3o reconhecidos como refer\u00eancia e exemplos a serem seguidos. <\/p>\n","protected":false},"excerpt":{"rendered":"<p>Ranking Benchmarking 2007 No dia 26 de setembro, no grande audit\u00f3rio do MASP, em S\u00e3o Paulo, aconteceu o Dia Benchmarking \u2013 Compartilhar para crescer. Um seleto p\u00fablico, formado por executivos, gestores, especialistas e jornalistas, compartilhou o melhor da gest\u00e3o socioambiental brasileira, apresentando os cases vencedores selecionados na 5\u00aa edi\u00e7\u00e3o do Programa Benchmarking Ambiental Brasileiro. Institui\u00e7\u00f5es, [&hellip;]<\/p>\n","protected":false},"author":1,"featured_media":14492,"comment_status":"open","ping_status":"open","sticky":false,"template":"","format":"standard","meta":{"footnotes":""},"categories":[31,6],"tags":[],"class_list":{"0":"post-14491","1":"post","2":"type-post","3":"status-publish","4":"format-standard","5":"has-post-thumbnail","7":"category-meio-ambiente","8":"category-noticias"},"yoast_head":"<!-- This site is optimized with the Yoast SEO plugin v27.2 - https:\/\/yoast.com\/product\/yoast-seo-wordpress\/ -->\n<title>Ranking Benchmarking 2007 - Instituto de Engenharia<\/title>\n<meta name=\"robots\" content=\"index, follow, max-snippet:-1, max-image-preview:large, max-video-preview:-1\" \/>\n<link rel=\"canonical\" href=\"https:\/\/www.institutodeengenharia.org.br\/site\/2007\/09\/28\/ranking-benchmarking-2007\/\" \/>\n<meta property=\"og:locale\" content=\"pt_BR\" \/>\n<meta property=\"og:type\" content=\"article\" \/>\n<meta property=\"og:title\" content=\"Ranking Benchmarking 2007 - Instituto de Engenharia\" \/>\n<meta property=\"og:description\" content=\"Ranking Benchmarking 2007 No dia 26 de setembro, no grande audit\u00f3rio do MASP, em S\u00e3o Paulo, aconteceu o Dia Benchmarking \u2013 Compartilhar para crescer. Um seleto p\u00fablico, formado por executivos, gestores, especialistas e jornalistas, compartilhou o melhor da gest\u00e3o socioambiental brasileira, apresentando os cases vencedores selecionados na 5\u00aa edi\u00e7\u00e3o do Programa Benchmarking Ambiental Brasileiro. Institui\u00e7\u00f5es, [&hellip;]\" \/>\n<meta property=\"og:url\" content=\"https:\/\/www.institutodeengenharia.org.br\/site\/2007\/09\/28\/ranking-benchmarking-2007\/\" \/>\n<meta property=\"og:site_name\" content=\"Instituto de Engenharia\" \/>\n<meta property=\"article:publisher\" content=\"https:\/\/www.facebook.com\/institutodeengenharia\" \/>\n<meta property=\"article:published_time\" content=\"2007-09-28T21:46:14+00:00\" \/>\n<meta property=\"og:image\" content=\"https:\/\/www.institutodeengenharia.org.br\/site\/wp-content\/uploads\/2017\/10\/noticia149.jpg\" \/>\n\t<meta property=\"og:image:width\" content=\"195\" \/>\n\t<meta property=\"og:image:height\" content=\"129\" \/>\n\t<meta property=\"og:image:type\" content=\"image\/jpeg\" \/>\n<meta name=\"author\" content=\"TMax Tecnologia\" \/>\n<meta name=\"twitter:card\" content=\"summary_large_image\" \/>\n<meta name=\"twitter:creator\" content=\"@iengenharia\" \/>\n<meta name=\"twitter:site\" content=\"@iengenharia\" \/>\n<meta name=\"twitter:label1\" content=\"Escrito por\" \/>\n\t<meta name=\"twitter:data1\" content=\"TMax Tecnologia\" \/>\n\t<meta name=\"twitter:label2\" content=\"Est. tempo de leitura\" \/>\n\t<meta name=\"twitter:data2\" content=\"6 minutos\" \/>\n<script type=\"application\/ld+json\" class=\"yoast-schema-graph\">{\"@context\":\"https:\/\/schema.org\",\"@graph\":[{\"@type\":\"Article\",\"@id\":\"https:\/\/www.institutodeengenharia.org.br\/site\/2007\/09\/28\/ranking-benchmarking-2007\/#article\",\"isPartOf\":{\"@id\":\"https:\/\/www.institutodeengenharia.org.br\/site\/2007\/09\/28\/ranking-benchmarking-2007\/\"},\"author\":{\"name\":\"TMax Tecnologia\",\"@id\":\"https:\/\/www.institutodeengenharia.org.br\/site\/#\/schema\/person\/3b1ff109facef084739fc2edcb9a127f\"},\"headline\":\"Ranking Benchmarking 2007\",\"datePublished\":\"2007-09-28T21:46:14+00:00\",\"mainEntityOfPage\":{\"@id\":\"https:\/\/www.institutodeengenharia.org.br\/site\/2007\/09\/28\/ranking-benchmarking-2007\/\"},\"wordCount\":1154,\"commentCount\":0,\"publisher\":{\"@id\":\"https:\/\/www.institutodeengenharia.org.br\/site\/#organization\"},\"image\":{\"@id\":\"https:\/\/www.institutodeengenharia.org.br\/site\/2007\/09\/28\/ranking-benchmarking-2007\/#primaryimage\"},\"thumbnailUrl\":\"https:\/\/www.institutodeengenharia.org.br\/site\/wp-content\/uploads\/2017\/10\/noticia149.jpg\",\"articleSection\":[\"Meio Ambiente\",\"Not\u00edcias\"],\"inLanguage\":\"pt-BR\",\"potentialAction\":[{\"@type\":\"CommentAction\",\"name\":\"Comment\",\"target\":[\"https:\/\/www.institutodeengenharia.org.br\/site\/2007\/09\/28\/ranking-benchmarking-2007\/#respond\"]}]},{\"@type\":\"WebPage\",\"@id\":\"https:\/\/www.institutodeengenharia.org.br\/site\/2007\/09\/28\/ranking-benchmarking-2007\/\",\"url\":\"https:\/\/www.institutodeengenharia.org.br\/site\/2007\/09\/28\/ranking-benchmarking-2007\/\",\"name\":\"Ranking Benchmarking 2007 - Instituto de Engenharia\",\"isPartOf\":{\"@id\":\"https:\/\/www.institutodeengenharia.org.br\/site\/#website\"},\"primaryImageOfPage\":{\"@id\":\"https:\/\/www.institutodeengenharia.org.br\/site\/2007\/09\/28\/ranking-benchmarking-2007\/#primaryimage\"},\"image\":{\"@id\":\"https:\/\/www.institutodeengenharia.org.br\/site\/2007\/09\/28\/ranking-benchmarking-2007\/#primaryimage\"},\"thumbnailUrl\":\"https:\/\/www.institutodeengenharia.org.br\/site\/wp-content\/uploads\/2017\/10\/noticia149.jpg\",\"datePublished\":\"2007-09-28T21:46:14+00:00\",\"breadcrumb\":{\"@id\":\"https:\/\/www.institutodeengenharia.org.br\/site\/2007\/09\/28\/ranking-benchmarking-2007\/#breadcrumb\"},\"inLanguage\":\"pt-BR\",\"potentialAction\":[{\"@type\":\"ReadAction\",\"target\":[\"https:\/\/www.institutodeengenharia.org.br\/site\/2007\/09\/28\/ranking-benchmarking-2007\/\"]}]},{\"@type\":\"ImageObject\",\"inLanguage\":\"pt-BR\",\"@id\":\"https:\/\/www.institutodeengenharia.org.br\/site\/2007\/09\/28\/ranking-benchmarking-2007\/#primaryimage\",\"url\":\"https:\/\/www.institutodeengenharia.org.br\/site\/wp-content\/uploads\/2017\/10\/noticia149.jpg\",\"contentUrl\":\"https:\/\/www.institutodeengenharia.org.br\/site\/wp-content\/uploads\/2017\/10\/noticia149.jpg\",\"width\":195,\"height\":129,\"caption\":\"Os engenheiros do Instituto de Engenharia: Marcos Moliterno, diretor; Paulo Ferreira, vice-presidente; Edemar de Spouza Amorim, presidente e Jefferson Deodoro Teixeira da Costa \u2013 Coordenador da Divis\u00e3o de Seguran\u00e7a no Trabalho, prestigiaram o evento\"},{\"@type\":\"BreadcrumbList\",\"@id\":\"https:\/\/www.institutodeengenharia.org.br\/site\/2007\/09\/28\/ranking-benchmarking-2007\/#breadcrumb\",\"itemListElement\":[{\"@type\":\"ListItem\",\"position\":1,\"name\":\"In\u00edcio\",\"item\":\"https:\/\/www.institutodeengenharia.org.br\/site\/\"},{\"@type\":\"ListItem\",\"position\":2,\"name\":\"Ranking Benchmarking 2007\"}]},{\"@type\":\"WebSite\",\"@id\":\"https:\/\/www.institutodeengenharia.org.br\/site\/#website\",\"url\":\"https:\/\/www.institutodeengenharia.org.br\/site\/\",\"name\":\"Instituto de Engenharia\",\"description\":\"O Instituto de Engenharia promove a Engenharia em benef\u00edcio do desenvolvimento e da qualidade de vida da sociedade.\",\"publisher\":{\"@id\":\"https:\/\/www.institutodeengenharia.org.br\/site\/#organization\"},\"potentialAction\":[{\"@type\":\"SearchAction\",\"target\":{\"@type\":\"EntryPoint\",\"urlTemplate\":\"https:\/\/www.institutodeengenharia.org.br\/site\/?s={search_term_string}\"},\"query-input\":{\"@type\":\"PropertyValueSpecification\",\"valueRequired\":true,\"valueName\":\"search_term_string\"}}],\"inLanguage\":\"pt-BR\"},{\"@type\":\"Organization\",\"@id\":\"https:\/\/www.institutodeengenharia.org.br\/site\/#organization\",\"name\":\"Instituto de Engenharia\",\"url\":\"https:\/\/www.institutodeengenharia.org.br\/site\/\",\"logo\":{\"@type\":\"ImageObject\",\"inLanguage\":\"pt-BR\",\"@id\":\"https:\/\/www.institutodeengenharia.org.br\/site\/#\/schema\/logo\/image\/\",\"url\":\"https:\/\/www.institutodeengenharia.org.br\/site\/wp-content\/uploads\/2019\/03\/logo-novo-IE2018-1.jpg\",\"contentUrl\":\"https:\/\/www.institutodeengenharia.org.br\/site\/wp-content\/uploads\/2019\/03\/logo-novo-IE2018-1.jpg\",\"width\":1486,\"height\":1879,\"caption\":\"Instituto de Engenharia\"},\"image\":{\"@id\":\"https:\/\/www.institutodeengenharia.org.br\/site\/#\/schema\/logo\/image\/\"},\"sameAs\":[\"https:\/\/www.facebook.com\/institutodeengenharia\",\"https:\/\/x.com\/iengenharia\",\"https:\/\/www.instagram.com\/institutodeengenharia\/\",\"https:\/\/www.linkedin.com\/company\/instituto-de-engenharia\/\",\"https:\/\/www.youtube.com\/channel\/UCXiCAlsSMe977vamW915HxA\"]},{\"@type\":\"Person\",\"@id\":\"https:\/\/www.institutodeengenharia.org.br\/site\/#\/schema\/person\/3b1ff109facef084739fc2edcb9a127f\",\"name\":\"TMax Tecnologia\",\"image\":{\"@type\":\"ImageObject\",\"inLanguage\":\"pt-BR\",\"@id\":\"https:\/\/secure.gravatar.com\/avatar\/f912434ef7f389c92cb311fcdae346af848465d638912574b3c669070f797701?s=96&d=mm&r=g\",\"url\":\"https:\/\/secure.gravatar.com\/avatar\/f912434ef7f389c92cb311fcdae346af848465d638912574b3c669070f797701?s=96&d=mm&r=g\",\"contentUrl\":\"https:\/\/secure.gravatar.com\/avatar\/f912434ef7f389c92cb311fcdae346af848465d638912574b3c669070f797701?s=96&d=mm&r=g\",\"caption\":\"TMax Tecnologia\"},\"url\":\"https:\/\/www.institutodeengenharia.org.br\/site\/author\/tmax\/\"}]}<\/script>\n<!-- \/ Yoast SEO plugin. -->","yoast_head_json":{"title":"Ranking Benchmarking 2007 - Instituto de Engenharia","robots":{"index":"index","follow":"follow","max-snippet":"max-snippet:-1","max-image-preview":"max-image-preview:large","max-video-preview":"max-video-preview:-1"},"canonical":"https:\/\/www.institutodeengenharia.org.br\/site\/2007\/09\/28\/ranking-benchmarking-2007\/","og_locale":"pt_BR","og_type":"article","og_title":"Ranking Benchmarking 2007 - Instituto de Engenharia","og_description":"Ranking Benchmarking 2007 No dia 26 de setembro, no grande audit\u00f3rio do MASP, em S\u00e3o Paulo, aconteceu o Dia Benchmarking \u2013 Compartilhar para crescer. Um seleto p\u00fablico, formado por executivos, gestores, especialistas e jornalistas, compartilhou o melhor da gest\u00e3o socioambiental brasileira, apresentando os cases vencedores selecionados na 5\u00aa edi\u00e7\u00e3o do Programa Benchmarking Ambiental Brasileiro. Institui\u00e7\u00f5es, [&hellip;]","og_url":"https:\/\/www.institutodeengenharia.org.br\/site\/2007\/09\/28\/ranking-benchmarking-2007\/","og_site_name":"Instituto de Engenharia","article_publisher":"https:\/\/www.facebook.com\/institutodeengenharia","article_published_time":"2007-09-28T21:46:14+00:00","og_image":[{"width":195,"height":129,"url":"https:\/\/www.institutodeengenharia.org.br\/site\/wp-content\/uploads\/2017\/10\/noticia149.jpg","type":"image\/jpeg"}],"author":"TMax Tecnologia","twitter_card":"summary_large_image","twitter_creator":"@iengenharia","twitter_site":"@iengenharia","twitter_misc":{"Escrito por":"TMax Tecnologia","Est. tempo de leitura":"6 minutos"},"schema":{"@context":"https:\/\/schema.org","@graph":[{"@type":"Article","@id":"https:\/\/www.institutodeengenharia.org.br\/site\/2007\/09\/28\/ranking-benchmarking-2007\/#article","isPartOf":{"@id":"https:\/\/www.institutodeengenharia.org.br\/site\/2007\/09\/28\/ranking-benchmarking-2007\/"},"author":{"name":"TMax Tecnologia","@id":"https:\/\/www.institutodeengenharia.org.br\/site\/#\/schema\/person\/3b1ff109facef084739fc2edcb9a127f"},"headline":"Ranking Benchmarking 2007","datePublished":"2007-09-28T21:46:14+00:00","mainEntityOfPage":{"@id":"https:\/\/www.institutodeengenharia.org.br\/site\/2007\/09\/28\/ranking-benchmarking-2007\/"},"wordCount":1154,"commentCount":0,"publisher":{"@id":"https:\/\/www.institutodeengenharia.org.br\/site\/#organization"},"image":{"@id":"https:\/\/www.institutodeengenharia.org.br\/site\/2007\/09\/28\/ranking-benchmarking-2007\/#primaryimage"},"thumbnailUrl":"https:\/\/www.institutodeengenharia.org.br\/site\/wp-content\/uploads\/2017\/10\/noticia149.jpg","articleSection":["Meio Ambiente","Not\u00edcias"],"inLanguage":"pt-BR","potentialAction":[{"@type":"CommentAction","name":"Comment","target":["https:\/\/www.institutodeengenharia.org.br\/site\/2007\/09\/28\/ranking-benchmarking-2007\/#respond"]}]},{"@type":"WebPage","@id":"https:\/\/www.institutodeengenharia.org.br\/site\/2007\/09\/28\/ranking-benchmarking-2007\/","url":"https:\/\/www.institutodeengenharia.org.br\/site\/2007\/09\/28\/ranking-benchmarking-2007\/","name":"Ranking Benchmarking 2007 - Instituto de Engenharia","isPartOf":{"@id":"https:\/\/www.institutodeengenharia.org.br\/site\/#website"},"primaryImageOfPage":{"@id":"https:\/\/www.institutodeengenharia.org.br\/site\/2007\/09\/28\/ranking-benchmarking-2007\/#primaryimage"},"image":{"@id":"https:\/\/www.institutodeengenharia.org.br\/site\/2007\/09\/28\/ranking-benchmarking-2007\/#primaryimage"},"thumbnailUrl":"https:\/\/www.institutodeengenharia.org.br\/site\/wp-content\/uploads\/2017\/10\/noticia149.jpg","datePublished":"2007-09-28T21:46:14+00:00","breadcrumb":{"@id":"https:\/\/www.institutodeengenharia.org.br\/site\/2007\/09\/28\/ranking-benchmarking-2007\/#breadcrumb"},"inLanguage":"pt-BR","potentialAction":[{"@type":"ReadAction","target":["https:\/\/www.institutodeengenharia.org.br\/site\/2007\/09\/28\/ranking-benchmarking-2007\/"]}]},{"@type":"ImageObject","inLanguage":"pt-BR","@id":"https:\/\/www.institutodeengenharia.org.br\/site\/2007\/09\/28\/ranking-benchmarking-2007\/#primaryimage","url":"https:\/\/www.institutodeengenharia.org.br\/site\/wp-content\/uploads\/2017\/10\/noticia149.jpg","contentUrl":"https:\/\/www.institutodeengenharia.org.br\/site\/wp-content\/uploads\/2017\/10\/noticia149.jpg","width":195,"height":129,"caption":"Os engenheiros do Instituto de Engenharia: Marcos Moliterno, diretor; Paulo Ferreira, vice-presidente; Edemar de Spouza Amorim, presidente e Jefferson Deodoro Teixeira da Costa \u2013 Coordenador da Divis\u00e3o de Seguran\u00e7a no Trabalho, prestigiaram o evento"},{"@type":"BreadcrumbList","@id":"https:\/\/www.institutodeengenharia.org.br\/site\/2007\/09\/28\/ranking-benchmarking-2007\/#breadcrumb","itemListElement":[{"@type":"ListItem","position":1,"name":"In\u00edcio","item":"https:\/\/www.institutodeengenharia.org.br\/site\/"},{"@type":"ListItem","position":2,"name":"Ranking Benchmarking 2007"}]},{"@type":"WebSite","@id":"https:\/\/www.institutodeengenharia.org.br\/site\/#website","url":"https:\/\/www.institutodeengenharia.org.br\/site\/","name":"Instituto de Engenharia","description":"O Instituto de Engenharia promove a Engenharia em benef\u00edcio do desenvolvimento e da qualidade de vida da sociedade.","publisher":{"@id":"https:\/\/www.institutodeengenharia.org.br\/site\/#organization"},"potentialAction":[{"@type":"SearchAction","target":{"@type":"EntryPoint","urlTemplate":"https:\/\/www.institutodeengenharia.org.br\/site\/?s={search_term_string}"},"query-input":{"@type":"PropertyValueSpecification","valueRequired":true,"valueName":"search_term_string"}}],"inLanguage":"pt-BR"},{"@type":"Organization","@id":"https:\/\/www.institutodeengenharia.org.br\/site\/#organization","name":"Instituto de Engenharia","url":"https:\/\/www.institutodeengenharia.org.br\/site\/","logo":{"@type":"ImageObject","inLanguage":"pt-BR","@id":"https:\/\/www.institutodeengenharia.org.br\/site\/#\/schema\/logo\/image\/","url":"https:\/\/www.institutodeengenharia.org.br\/site\/wp-content\/uploads\/2019\/03\/logo-novo-IE2018-1.jpg","contentUrl":"https:\/\/www.institutodeengenharia.org.br\/site\/wp-content\/uploads\/2019\/03\/logo-novo-IE2018-1.jpg","width":1486,"height":1879,"caption":"Instituto de Engenharia"},"image":{"@id":"https:\/\/www.institutodeengenharia.org.br\/site\/#\/schema\/logo\/image\/"},"sameAs":["https:\/\/www.facebook.com\/institutodeengenharia","https:\/\/x.com\/iengenharia","https:\/\/www.instagram.com\/institutodeengenharia\/","https:\/\/www.linkedin.com\/company\/instituto-de-engenharia\/","https:\/\/www.youtube.com\/channel\/UCXiCAlsSMe977vamW915HxA"]},{"@type":"Person","@id":"https:\/\/www.institutodeengenharia.org.br\/site\/#\/schema\/person\/3b1ff109facef084739fc2edcb9a127f","name":"TMax Tecnologia","image":{"@type":"ImageObject","inLanguage":"pt-BR","@id":"https:\/\/secure.gravatar.com\/avatar\/f912434ef7f389c92cb311fcdae346af848465d638912574b3c669070f797701?s=96&d=mm&r=g","url":"https:\/\/secure.gravatar.com\/avatar\/f912434ef7f389c92cb311fcdae346af848465d638912574b3c669070f797701?s=96&d=mm&r=g","contentUrl":"https:\/\/secure.gravatar.com\/avatar\/f912434ef7f389c92cb311fcdae346af848465d638912574b3c669070f797701?s=96&d=mm&r=g","caption":"TMax Tecnologia"},"url":"https:\/\/www.institutodeengenharia.org.br\/site\/author\/tmax\/"}]}},"_links":{"self":[{"href":"https:\/\/www.institutodeengenharia.org.br\/site\/wp-json\/wp\/v2\/posts\/14491","targetHints":{"allow":["GET"]}}],"collection":[{"href":"https:\/\/www.institutodeengenharia.org.br\/site\/wp-json\/wp\/v2\/posts"}],"about":[{"href":"https:\/\/www.institutodeengenharia.org.br\/site\/wp-json\/wp\/v2\/types\/post"}],"author":[{"embeddable":true,"href":"https:\/\/www.institutodeengenharia.org.br\/site\/wp-json\/wp\/v2\/users\/1"}],"replies":[{"embeddable":true,"href":"https:\/\/www.institutodeengenharia.org.br\/site\/wp-json\/wp\/v2\/comments?post=14491"}],"version-history":[{"count":0,"href":"https:\/\/www.institutodeengenharia.org.br\/site\/wp-json\/wp\/v2\/posts\/14491\/revisions"}],"wp:featuredmedia":[{"embeddable":true,"href":"https:\/\/www.institutodeengenharia.org.br\/site\/wp-json\/wp\/v2\/media\/14492"}],"wp:attachment":[{"href":"https:\/\/www.institutodeengenharia.org.br\/site\/wp-json\/wp\/v2\/media?parent=14491"}],"wp:term":[{"taxonomy":"category","embeddable":true,"href":"https:\/\/www.institutodeengenharia.org.br\/site\/wp-json\/wp\/v2\/categories?post=14491"},{"taxonomy":"post_tag","embeddable":true,"href":"https:\/\/www.institutodeengenharia.org.br\/site\/wp-json\/wp\/v2\/tags?post=14491"}],"curies":[{"name":"wp","href":"https:\/\/api.w.org\/{rel}","templated":true}]}}