{"id":14490,"date":"2007-08-23T21:46:13","date_gmt":"2007-08-23T21:46:13","guid":{"rendered":"https:\/\/www.institutodeengenharia.org.br\/?p=14490"},"modified":"2007-09-26T17:44:58","modified_gmt":"2007-09-26T17:44:58","slug":"edemar-de-souza-amorim-agradece-titulo-de-cidadao-paulistano","status":"publish","type":"post","link":"https:\/\/www.institutodeengenharia.org.br\/site\/2007\/08\/23\/edemar-de-souza-amorim-agradece-titulo-de-cidadao-paulistano\/","title":{"rendered":"Edemar de Souza Amorim agradece t\u00edtulo de cidad\u00e3o paulistano"},"content":{"rendered":"<p>Discurso de agradecimento feito pelo Engenheiro Edemar de Souza Amorim, durante a solenidade que lhe concedeu o T\u00edtulo de Cidad\u00e3o Paulistano.<\/p>\n<p>Agradecimentos&#8230;. <br \/>\n&#8230;Num domingo, em julho de 1950, enquanto caminhava ao lado de meu pai voltando do est\u00e1dio do Pacaembu onde assistimos o, infelizmente, futuro campe\u00e3o mundial de futebol bater de virada o time da Su\u00e9cia. Come\u00e7ou minha caminhada at\u00e9 o dia de hoje.\u00a0<\/p>\n<p>Naquele dia, ent\u00e3o com 14 anos, deslumbrado com o movimento, as luzes e a vida de S\u00e3o Paulo, foi plantada a semente da decis\u00e3o de morar aqui.\u00a0<\/p>\n<p>Alguns anos mais tarde, estudante de engenharia, morando com meu irm\u00e3o, numa esquina do Bexiga, ouvi, com inveja na antiga Radio Pan Americana, hoje, Jovem Pan, o discurso do Presidente Juscelino Kubitschek ao receber o t\u00edtulo de cidad\u00e3o paulistano. Eu j\u00e1 havia adotado esta cidade fant\u00e1stica e comecei a sonhar com o dia em que ela me adotaria.\u00a0<\/p>\n<p>Pois este sonho se concretizou nas m\u00e3os do vereador Toninho Paiva, algu\u00e9m com quem me identifiquei logo no primeiro momento. Ele, como eu, come\u00e7ou de baixo e, pelo trabalho, venceu na Cidade de S\u00e3o Paulo, foi esportista amador, \u00e9 apaixonado pelo seu Clube de Futebol e incans\u00e1vel em sua dedica\u00e7\u00e3o \u00e0 cidade.\u00a0<\/p>\n<p>Meu caro Toninho, mesmo considerando uma pequena discord\u00e2ncia nas cores de nossos times de cora\u00e7\u00e3o, Deus n\u00e3o poderia ter enviado um mensageiro melhor para uma not\u00edcia tanto esperada. Obrigado mais uma vez.\u00a0<\/p>\n<p>Senhores, posso, neste dia, dizer que aceito este t\u00edtulo com muito orgulho, garantindo-lhes t\u00ea-lo merecido por a\u00e7\u00f5es e decis\u00f5es que comprovam meu amor por S\u00e3o Paulo,\u00a0<\/p>\n<p>Decis\u00f5es como no dia em que troquei a matr\u00edcula no Instituto Tecnol\u00f3gico de Aeron\u00e1utica em S\u00e3o Jos\u00e9 dos Campos, com casa e comida inclu\u00eddos, pela Escola de Engenharia da Universidade Mackenzie, onde teria de, al\u00e9m de estudar muito para n\u00e3o perder a bolsa de estudos, trabalhar para pagar as contas de casa.\u00a0<\/p>\n<p>Ou na ocasi\u00e3o onde deixei um excelente emprego na constru\u00e7\u00e3o da Ponte Rio Niter\u00f3i, para n\u00e3o ter de me mudar, com minha fam\u00edlia, para o Rio de Janeiro.\u00a0<\/p>\n<p>A\u00e7\u00f5es como a participa\u00e7\u00e3o em diversas obras de infra-estrutura da cidade, pontes, viadutos, canaliza\u00e7\u00e3o de c\u00f3rregos, escolas e tantas outras que, apesar de me orgulhar em nome\u00e1-las, n\u00e3o farei, evitando algumas compara\u00e7\u00f5es com o hor\u00e1rio eleitoral.\u00a0<\/p>\n<p>Mas, a vida n\u00e3o \u00e9 um campeonato esportivo, onde o t\u00edtulo conquistado encerra um ciclo, termina uma jornada e remetendo imediatamente todo o trabalho realizado para o passado, exigindo um novo come\u00e7o da estaca zero.\u00a0<\/p>\n<p>Agora \u00e9 preciso fazer mais, justificando assim a homenagem recebida. Guardando os louros da vit\u00f3ria, manterei as mangas arrega\u00e7adas e o prop\u00f3sito firme de trabalhar diariamente por esta cidade e seus habitantes.\u00a0<\/p>\n<p>Esta tem sido minha miss\u00e3o desde que assumi a presid\u00eancia do Instituto de Engenharia em mar\u00e7o deste ano. N\u00e3o \u00e9 poss\u00edvel ignorar os graves problemas de S\u00e3o Paulo e sua desesperadora necessidade de cuidados.\u00a0<\/p>\n<p>Obras p\u00fablicas abandonadas, sem qualquer manuten\u00e7\u00e3o, oferecendo riscos graves a seus usu\u00e1rios. Problemas que precisam ser debatidos para uma solu\u00e7\u00e3o adequada. Pol\u00edticas de gest\u00e3o que devem ser desenvolvidas, implantadas, acompanhadas e melhoradas para atender as necessidades dos cidad\u00e3os.\u00a0<\/p>\n<p>Enfim, n\u00e3o h\u00e1 descanso quando ainda resta tanto a fazer e, como forma de honrar e agradecer por esta homenagem, s\u00f3 posso prometer fazer mais do mesmo.\u00a0<\/p>\n<p>Dedicando todo meu tempo, meu conhecimento e minha disposi\u00e7\u00e3o a MINHA cidade e servindo como exemplo do que \u00e9 ser um verdadeiro Cidad\u00e3o Paulistano. <br \/>\nObrigado. <\/p>\n<p><b>Autor: Edemar de Souza Amorim<\/b><\/p>\n","protected":false},"excerpt":{"rendered":"<p>Discurso de agradecimento feito pelo Engenheiro Edemar de Souza Amorim, durante a solenidade que lhe concedeu o T\u00edtulo de Cidad\u00e3o Paulistano. Agradecimentos&#8230;. &#8230;Num domingo, em julho de 1950, enquanto caminhava ao lado de meu pai voltando do est\u00e1dio do Pacaembu onde assistimos o, infelizmente, futuro campe\u00e3o mundial de futebol bater de virada o time da [&hellip;]<\/p>\n","protected":false},"author":1,"featured_media":0,"comment_status":"open","ping_status":"open","sticky":false,"template":"","format":"standard","meta":{"footnotes":""},"categories":[114,27],"tags":[],"class_list":{"0":"post-14490","1":"post","2":"type-post","3":"status-publish","4":"format-standard","6":"category-artigos","7":"category-instituto-de-engenharia"},"yoast_head":"<!-- This site is optimized with the Yoast SEO plugin v27.2 - https:\/\/yoast.com\/product\/yoast-seo-wordpress\/ -->\n<title>Edemar de Souza Amorim agradece t\u00edtulo de cidad\u00e3o paulistano - Instituto de Engenharia<\/title>\n<meta name=\"robots\" content=\"index, follow, max-snippet:-1, max-image-preview:large, max-video-preview:-1\" \/>\n<link rel=\"canonical\" href=\"https:\/\/www.institutodeengenharia.org.br\/site\/2007\/08\/23\/edemar-de-souza-amorim-agradece-titulo-de-cidadao-paulistano\/\" \/>\n<meta property=\"og:locale\" content=\"pt_BR\" \/>\n<meta property=\"og:type\" content=\"article\" \/>\n<meta property=\"og:title\" content=\"Edemar de Souza Amorim agradece t\u00edtulo de cidad\u00e3o paulistano - Instituto de Engenharia\" \/>\n<meta property=\"og:description\" content=\"Discurso de agradecimento feito pelo Engenheiro Edemar de Souza Amorim, durante a solenidade que lhe concedeu o T\u00edtulo de Cidad\u00e3o Paulistano. Agradecimentos&#8230;. &#8230;Num domingo, em julho de 1950, enquanto caminhava ao lado de meu pai voltando do est\u00e1dio do Pacaembu onde assistimos o, infelizmente, futuro campe\u00e3o mundial de futebol bater de virada o time da [&hellip;]\" \/>\n<meta property=\"og:url\" content=\"https:\/\/www.institutodeengenharia.org.br\/site\/2007\/08\/23\/edemar-de-souza-amorim-agradece-titulo-de-cidadao-paulistano\/\" \/>\n<meta property=\"og:site_name\" content=\"Instituto de Engenharia\" \/>\n<meta property=\"article:publisher\" content=\"https:\/\/www.facebook.com\/institutodeengenharia\" \/>\n<meta property=\"article:published_time\" content=\"2007-08-23T21:46:13+00:00\" \/>\n<meta property=\"article:modified_time\" content=\"2007-09-26T17:44:58+00:00\" \/>\n<meta name=\"author\" content=\"TMax Tecnologia\" \/>\n<meta name=\"twitter:card\" content=\"summary_large_image\" \/>\n<meta name=\"twitter:creator\" content=\"@iengenharia\" \/>\n<meta name=\"twitter:site\" content=\"@iengenharia\" \/>\n<meta name=\"twitter:label1\" content=\"Escrito por\" \/>\n\t<meta name=\"twitter:data1\" content=\"TMax Tecnologia\" \/>\n\t<meta name=\"twitter:label2\" content=\"Est. tempo de leitura\" \/>\n\t<meta name=\"twitter:data2\" content=\"3 minutos\" \/>\n<script type=\"application\/ld+json\" class=\"yoast-schema-graph\">{\"@context\":\"https:\/\/schema.org\",\"@graph\":[{\"@type\":\"Article\",\"@id\":\"https:\/\/www.institutodeengenharia.org.br\/site\/2007\/08\/23\/edemar-de-souza-amorim-agradece-titulo-de-cidadao-paulistano\/#article\",\"isPartOf\":{\"@id\":\"https:\/\/www.institutodeengenharia.org.br\/site\/2007\/08\/23\/edemar-de-souza-amorim-agradece-titulo-de-cidadao-paulistano\/\"},\"author\":{\"name\":\"TMax Tecnologia\",\"@id\":\"https:\/\/www.institutodeengenharia.org.br\/site\/#\/schema\/person\/3b1ff109facef084739fc2edcb9a127f\"},\"headline\":\"Edemar de Souza Amorim agradece t\u00edtulo de cidad\u00e3o paulistano\",\"datePublished\":\"2007-08-23T21:46:13+00:00\",\"dateModified\":\"2007-09-26T17:44:58+00:00\",\"mainEntityOfPage\":{\"@id\":\"https:\/\/www.institutodeengenharia.org.br\/site\/2007\/08\/23\/edemar-de-souza-amorim-agradece-titulo-de-cidadao-paulistano\/\"},\"wordCount\":645,\"commentCount\":0,\"publisher\":{\"@id\":\"https:\/\/www.institutodeengenharia.org.br\/site\/#organization\"},\"articleSection\":[\"Artigos\",\"Instituto de Engenharia\"],\"inLanguage\":\"pt-BR\",\"potentialAction\":[{\"@type\":\"CommentAction\",\"name\":\"Comment\",\"target\":[\"https:\/\/www.institutodeengenharia.org.br\/site\/2007\/08\/23\/edemar-de-souza-amorim-agradece-titulo-de-cidadao-paulistano\/#respond\"]}]},{\"@type\":\"WebPage\",\"@id\":\"https:\/\/www.institutodeengenharia.org.br\/site\/2007\/08\/23\/edemar-de-souza-amorim-agradece-titulo-de-cidadao-paulistano\/\",\"url\":\"https:\/\/www.institutodeengenharia.org.br\/site\/2007\/08\/23\/edemar-de-souza-amorim-agradece-titulo-de-cidadao-paulistano\/\",\"name\":\"Edemar de Souza Amorim agradece t\u00edtulo de cidad\u00e3o paulistano - Instituto de Engenharia\",\"isPartOf\":{\"@id\":\"https:\/\/www.institutodeengenharia.org.br\/site\/#website\"},\"datePublished\":\"2007-08-23T21:46:13+00:00\",\"dateModified\":\"2007-09-26T17:44:58+00:00\",\"breadcrumb\":{\"@id\":\"https:\/\/www.institutodeengenharia.org.br\/site\/2007\/08\/23\/edemar-de-souza-amorim-agradece-titulo-de-cidadao-paulistano\/#breadcrumb\"},\"inLanguage\":\"pt-BR\",\"potentialAction\":[{\"@type\":\"ReadAction\",\"target\":[\"https:\/\/www.institutodeengenharia.org.br\/site\/2007\/08\/23\/edemar-de-souza-amorim-agradece-titulo-de-cidadao-paulistano\/\"]}]},{\"@type\":\"BreadcrumbList\",\"@id\":\"https:\/\/www.institutodeengenharia.org.br\/site\/2007\/08\/23\/edemar-de-souza-amorim-agradece-titulo-de-cidadao-paulistano\/#breadcrumb\",\"itemListElement\":[{\"@type\":\"ListItem\",\"position\":1,\"name\":\"In\u00edcio\",\"item\":\"https:\/\/www.institutodeengenharia.org.br\/site\/\"},{\"@type\":\"ListItem\",\"position\":2,\"name\":\"Edemar de Souza Amorim agradece t\u00edtulo de cidad\u00e3o paulistano\"}]},{\"@type\":\"WebSite\",\"@id\":\"https:\/\/www.institutodeengenharia.org.br\/site\/#website\",\"url\":\"https:\/\/www.institutodeengenharia.org.br\/site\/\",\"name\":\"Instituto de Engenharia\",\"description\":\"O Instituto de Engenharia promove a Engenharia em benef\u00edcio do desenvolvimento e da qualidade de vida da sociedade.\",\"publisher\":{\"@id\":\"https:\/\/www.institutodeengenharia.org.br\/site\/#organization\"},\"potentialAction\":[{\"@type\":\"SearchAction\",\"target\":{\"@type\":\"EntryPoint\",\"urlTemplate\":\"https:\/\/www.institutodeengenharia.org.br\/site\/?s={search_term_string}\"},\"query-input\":{\"@type\":\"PropertyValueSpecification\",\"valueRequired\":true,\"valueName\":\"search_term_string\"}}],\"inLanguage\":\"pt-BR\"},{\"@type\":\"Organization\",\"@id\":\"https:\/\/www.institutodeengenharia.org.br\/site\/#organization\",\"name\":\"Instituto de Engenharia\",\"url\":\"https:\/\/www.institutodeengenharia.org.br\/site\/\",\"logo\":{\"@type\":\"ImageObject\",\"inLanguage\":\"pt-BR\",\"@id\":\"https:\/\/www.institutodeengenharia.org.br\/site\/#\/schema\/logo\/image\/\",\"url\":\"https:\/\/www.institutodeengenharia.org.br\/site\/wp-content\/uploads\/2019\/03\/logo-novo-IE2018-1.jpg\",\"contentUrl\":\"https:\/\/www.institutodeengenharia.org.br\/site\/wp-content\/uploads\/2019\/03\/logo-novo-IE2018-1.jpg\",\"width\":1486,\"height\":1879,\"caption\":\"Instituto de Engenharia\"},\"image\":{\"@id\":\"https:\/\/www.institutodeengenharia.org.br\/site\/#\/schema\/logo\/image\/\"},\"sameAs\":[\"https:\/\/www.facebook.com\/institutodeengenharia\",\"https:\/\/x.com\/iengenharia\",\"https:\/\/www.instagram.com\/institutodeengenharia\/\",\"https:\/\/www.linkedin.com\/company\/instituto-de-engenharia\/\",\"https:\/\/www.youtube.com\/channel\/UCXiCAlsSMe977vamW915HxA\"]},{\"@type\":\"Person\",\"@id\":\"https:\/\/www.institutodeengenharia.org.br\/site\/#\/schema\/person\/3b1ff109facef084739fc2edcb9a127f\",\"name\":\"TMax Tecnologia\",\"image\":{\"@type\":\"ImageObject\",\"inLanguage\":\"pt-BR\",\"@id\":\"https:\/\/secure.gravatar.com\/avatar\/f912434ef7f389c92cb311fcdae346af848465d638912574b3c669070f797701?s=96&d=mm&r=g\",\"url\":\"https:\/\/secure.gravatar.com\/avatar\/f912434ef7f389c92cb311fcdae346af848465d638912574b3c669070f797701?s=96&d=mm&r=g\",\"contentUrl\":\"https:\/\/secure.gravatar.com\/avatar\/f912434ef7f389c92cb311fcdae346af848465d638912574b3c669070f797701?s=96&d=mm&r=g\",\"caption\":\"TMax Tecnologia\"},\"url\":\"https:\/\/www.institutodeengenharia.org.br\/site\/author\/tmax\/\"}]}<\/script>\n<!-- \/ Yoast SEO plugin. -->","yoast_head_json":{"title":"Edemar de Souza Amorim agradece t\u00edtulo de cidad\u00e3o paulistano - Instituto de Engenharia","robots":{"index":"index","follow":"follow","max-snippet":"max-snippet:-1","max-image-preview":"max-image-preview:large","max-video-preview":"max-video-preview:-1"},"canonical":"https:\/\/www.institutodeengenharia.org.br\/site\/2007\/08\/23\/edemar-de-souza-amorim-agradece-titulo-de-cidadao-paulistano\/","og_locale":"pt_BR","og_type":"article","og_title":"Edemar de Souza Amorim agradece t\u00edtulo de cidad\u00e3o paulistano - Instituto de Engenharia","og_description":"Discurso de agradecimento feito pelo Engenheiro Edemar de Souza Amorim, durante a solenidade que lhe concedeu o T\u00edtulo de Cidad\u00e3o Paulistano. Agradecimentos&#8230;. &#8230;Num domingo, em julho de 1950, enquanto caminhava ao lado de meu pai voltando do est\u00e1dio do Pacaembu onde assistimos o, infelizmente, futuro campe\u00e3o mundial de futebol bater de virada o time da [&hellip;]","og_url":"https:\/\/www.institutodeengenharia.org.br\/site\/2007\/08\/23\/edemar-de-souza-amorim-agradece-titulo-de-cidadao-paulistano\/","og_site_name":"Instituto de Engenharia","article_publisher":"https:\/\/www.facebook.com\/institutodeengenharia","article_published_time":"2007-08-23T21:46:13+00:00","article_modified_time":"2007-09-26T17:44:58+00:00","author":"TMax Tecnologia","twitter_card":"summary_large_image","twitter_creator":"@iengenharia","twitter_site":"@iengenharia","twitter_misc":{"Escrito por":"TMax Tecnologia","Est. tempo de leitura":"3 minutos"},"schema":{"@context":"https:\/\/schema.org","@graph":[{"@type":"Article","@id":"https:\/\/www.institutodeengenharia.org.br\/site\/2007\/08\/23\/edemar-de-souza-amorim-agradece-titulo-de-cidadao-paulistano\/#article","isPartOf":{"@id":"https:\/\/www.institutodeengenharia.org.br\/site\/2007\/08\/23\/edemar-de-souza-amorim-agradece-titulo-de-cidadao-paulistano\/"},"author":{"name":"TMax Tecnologia","@id":"https:\/\/www.institutodeengenharia.org.br\/site\/#\/schema\/person\/3b1ff109facef084739fc2edcb9a127f"},"headline":"Edemar de Souza Amorim agradece t\u00edtulo de cidad\u00e3o paulistano","datePublished":"2007-08-23T21:46:13+00:00","dateModified":"2007-09-26T17:44:58+00:00","mainEntityOfPage":{"@id":"https:\/\/www.institutodeengenharia.org.br\/site\/2007\/08\/23\/edemar-de-souza-amorim-agradece-titulo-de-cidadao-paulistano\/"},"wordCount":645,"commentCount":0,"publisher":{"@id":"https:\/\/www.institutodeengenharia.org.br\/site\/#organization"},"articleSection":["Artigos","Instituto de Engenharia"],"inLanguage":"pt-BR","potentialAction":[{"@type":"CommentAction","name":"Comment","target":["https:\/\/www.institutodeengenharia.org.br\/site\/2007\/08\/23\/edemar-de-souza-amorim-agradece-titulo-de-cidadao-paulistano\/#respond"]}]},{"@type":"WebPage","@id":"https:\/\/www.institutodeengenharia.org.br\/site\/2007\/08\/23\/edemar-de-souza-amorim-agradece-titulo-de-cidadao-paulistano\/","url":"https:\/\/www.institutodeengenharia.org.br\/site\/2007\/08\/23\/edemar-de-souza-amorim-agradece-titulo-de-cidadao-paulistano\/","name":"Edemar de Souza Amorim agradece t\u00edtulo de cidad\u00e3o paulistano - Instituto de Engenharia","isPartOf":{"@id":"https:\/\/www.institutodeengenharia.org.br\/site\/#website"},"datePublished":"2007-08-23T21:46:13+00:00","dateModified":"2007-09-26T17:44:58+00:00","breadcrumb":{"@id":"https:\/\/www.institutodeengenharia.org.br\/site\/2007\/08\/23\/edemar-de-souza-amorim-agradece-titulo-de-cidadao-paulistano\/#breadcrumb"},"inLanguage":"pt-BR","potentialAction":[{"@type":"ReadAction","target":["https:\/\/www.institutodeengenharia.org.br\/site\/2007\/08\/23\/edemar-de-souza-amorim-agradece-titulo-de-cidadao-paulistano\/"]}]},{"@type":"BreadcrumbList","@id":"https:\/\/www.institutodeengenharia.org.br\/site\/2007\/08\/23\/edemar-de-souza-amorim-agradece-titulo-de-cidadao-paulistano\/#breadcrumb","itemListElement":[{"@type":"ListItem","position":1,"name":"In\u00edcio","item":"https:\/\/www.institutodeengenharia.org.br\/site\/"},{"@type":"ListItem","position":2,"name":"Edemar de Souza Amorim agradece t\u00edtulo de cidad\u00e3o paulistano"}]},{"@type":"WebSite","@id":"https:\/\/www.institutodeengenharia.org.br\/site\/#website","url":"https:\/\/www.institutodeengenharia.org.br\/site\/","name":"Instituto de Engenharia","description":"O Instituto de Engenharia promove a Engenharia em benef\u00edcio do desenvolvimento e da qualidade de vida da sociedade.","publisher":{"@id":"https:\/\/www.institutodeengenharia.org.br\/site\/#organization"},"potentialAction":[{"@type":"SearchAction","target":{"@type":"EntryPoint","urlTemplate":"https:\/\/www.institutodeengenharia.org.br\/site\/?s={search_term_string}"},"query-input":{"@type":"PropertyValueSpecification","valueRequired":true,"valueName":"search_term_string"}}],"inLanguage":"pt-BR"},{"@type":"Organization","@id":"https:\/\/www.institutodeengenharia.org.br\/site\/#organization","name":"Instituto de Engenharia","url":"https:\/\/www.institutodeengenharia.org.br\/site\/","logo":{"@type":"ImageObject","inLanguage":"pt-BR","@id":"https:\/\/www.institutodeengenharia.org.br\/site\/#\/schema\/logo\/image\/","url":"https:\/\/www.institutodeengenharia.org.br\/site\/wp-content\/uploads\/2019\/03\/logo-novo-IE2018-1.jpg","contentUrl":"https:\/\/www.institutodeengenharia.org.br\/site\/wp-content\/uploads\/2019\/03\/logo-novo-IE2018-1.jpg","width":1486,"height":1879,"caption":"Instituto de Engenharia"},"image":{"@id":"https:\/\/www.institutodeengenharia.org.br\/site\/#\/schema\/logo\/image\/"},"sameAs":["https:\/\/www.facebook.com\/institutodeengenharia","https:\/\/x.com\/iengenharia","https:\/\/www.instagram.com\/institutodeengenharia\/","https:\/\/www.linkedin.com\/company\/instituto-de-engenharia\/","https:\/\/www.youtube.com\/channel\/UCXiCAlsSMe977vamW915HxA"]},{"@type":"Person","@id":"https:\/\/www.institutodeengenharia.org.br\/site\/#\/schema\/person\/3b1ff109facef084739fc2edcb9a127f","name":"TMax Tecnologia","image":{"@type":"ImageObject","inLanguage":"pt-BR","@id":"https:\/\/secure.gravatar.com\/avatar\/f912434ef7f389c92cb311fcdae346af848465d638912574b3c669070f797701?s=96&d=mm&r=g","url":"https:\/\/secure.gravatar.com\/avatar\/f912434ef7f389c92cb311fcdae346af848465d638912574b3c669070f797701?s=96&d=mm&r=g","contentUrl":"https:\/\/secure.gravatar.com\/avatar\/f912434ef7f389c92cb311fcdae346af848465d638912574b3c669070f797701?s=96&d=mm&r=g","caption":"TMax Tecnologia"},"url":"https:\/\/www.institutodeengenharia.org.br\/site\/author\/tmax\/"}]}},"_links":{"self":[{"href":"https:\/\/www.institutodeengenharia.org.br\/site\/wp-json\/wp\/v2\/posts\/14490","targetHints":{"allow":["GET"]}}],"collection":[{"href":"https:\/\/www.institutodeengenharia.org.br\/site\/wp-json\/wp\/v2\/posts"}],"about":[{"href":"https:\/\/www.institutodeengenharia.org.br\/site\/wp-json\/wp\/v2\/types\/post"}],"author":[{"embeddable":true,"href":"https:\/\/www.institutodeengenharia.org.br\/site\/wp-json\/wp\/v2\/users\/1"}],"replies":[{"embeddable":true,"href":"https:\/\/www.institutodeengenharia.org.br\/site\/wp-json\/wp\/v2\/comments?post=14490"}],"version-history":[{"count":0,"href":"https:\/\/www.institutodeengenharia.org.br\/site\/wp-json\/wp\/v2\/posts\/14490\/revisions"}],"wp:attachment":[{"href":"https:\/\/www.institutodeengenharia.org.br\/site\/wp-json\/wp\/v2\/media?parent=14490"}],"wp:term":[{"taxonomy":"category","embeddable":true,"href":"https:\/\/www.institutodeengenharia.org.br\/site\/wp-json\/wp\/v2\/categories?post=14490"},{"taxonomy":"post_tag","embeddable":true,"href":"https:\/\/www.institutodeengenharia.org.br\/site\/wp-json\/wp\/v2\/tags?post=14490"}],"curies":[{"name":"wp","href":"https:\/\/api.w.org\/{rel}","templated":true}]}}