{"id":14489,"date":"2007-06-18T21:46:12","date_gmt":"2007-06-18T21:46:12","guid":{"rendered":"https:\/\/www.institutodeengenharia.org.br\/?p=14489"},"modified":"2007-09-26T17:38:23","modified_gmt":"2007-09-26T17:38:23","slug":"os-verdadeiros-culpados","status":"publish","type":"post","link":"https:\/\/www.institutodeengenharia.org.br\/site\/2007\/06\/18\/os-verdadeiros-culpados\/","title":{"rendered":"Os verdadeiros culpados"},"content":{"rendered":"<p>Ainda sob o impacto da destrui\u00e7\u00e3o dos planos e sonhos de 200 fam\u00edlias, come\u00e7am as discuss\u00f5es sobre quem ser\u00e1 escolhido o bode expiat\u00f3rio da vez, em mais uma opera\u00e7\u00e3o de salvamento dos verdadeiros culpados da trag\u00e9dia do v\u00f4o 3054.\u00a0<\/p>\n<p>Antes de mais nada se deve reconhecer que a execu\u00e7\u00e3o das ranhuras no pavimento (grooving), que se d\u00e1 45 dias ap\u00f3s o t\u00e9rmino do pavimento, est\u00e1 rigorosamente dentro do prazo, sendo necess\u00e1ria apenas em tempo chuvoso.\u00a0<\/p>\n<p>A decis\u00e3o de manter a pista aberta para pousos e decolagens ap\u00f3s dois dias de chuvas em S\u00e3o Paulo, n\u00e3o \u00e9 da engenharia, nem t\u00e3o pouco das companhias a\u00e9reas. \u00c9 da Infraero, da aeron\u00e1utica, do ministro da defesa, do Presidente da Rep\u00fablica, enfim dos respons\u00e1veis pela avia\u00e7\u00e3o brasileira.\u00a0<\/p>\n<p>Por isto que o acidente do V\u00f4o 3054 n\u00e3o \u00e9 decorrente de problema t\u00e9cnico. \u00c9 uma conseq\u00fc\u00eancia grav\u00edssima da m\u00e1 gest\u00e3o p\u00fablica, pois se a pista n\u00e3o reunia condi\u00e7\u00f5es de pouso, porque os investimentos em infra-estrutura s\u00e3o insuficientes, os gestores n\u00e3o re\u00fanem compet\u00eancia m\u00ednima para realizar as obras necess\u00e1rias e a corrup\u00e7\u00e3o impede que o pouco dinheiro dispon\u00edvel seja utilizado da melhor forma.\u00a0<\/p>\n<p>Mas que o cidad\u00e3o comum n\u00e3o se engane ao acreditar que esta \u00e9 uma situa\u00e7\u00e3o excepcional. \u00c9 apenas mais uma trag\u00e9dia di\u00e1ria comum que marca a vida dos brasileiros. Sua notoriedade se d\u00e1 pela concentra\u00e7\u00e3o de vidas envolvidas em um s\u00f3 epis\u00f3dio. Pois, dos 56 mil brasileiros \u2013 o equivalente a 280 acidentes como o de ter\u00e7a-feira &#8211; que morrem anualmente nas estradas, ou das 1336 pessoas (6,5 vezes mais que o v\u00f4o 3054), que foram mortas a tiros na cidade do Rio de Janeiro nos \u00faltimos seis meses, nada \u00e9 dito ou feito.\u00a0<\/p>\n<p>\u00c9 hora de se encarar os fatos e aceitar a verdade nua e crua. O culpado \u00e9 o poder p\u00fablico e todos aqueles eleitos para cuidar do patrim\u00f4nio p\u00fablico e dos servi\u00e7os aos cidad\u00e3os, que n\u00e3o conseguem cumprir com suas obriga\u00e7\u00f5es, n\u00e3o atendem as necessidades de uma na\u00e7\u00e3o de 200 milh\u00f5es de habitantes, ou sequer honram seus mandatos conquistados \u00e0 custa do mais puro populismo.\u00a0<\/p>\n<p>Por\u00e9m, enquanto os gabinetes dedicam seus dias discutindo as vaias recebidas nas solenidades, o cidad\u00e3o comum arrisca sua vida num pa\u00eds que cai aos peda\u00e7os porque seu dinheiro \u00e9 gasto em atitudes eleitoreiras e irrespons\u00e1veis. <\/p>\n<p><b>Autor: Edemar de Souza Amorim<\/b><\/p>\n","protected":false},"excerpt":{"rendered":"<p>Ainda sob o impacto da destrui\u00e7\u00e3o dos planos e sonhos de 200 fam\u00edlias, come\u00e7am as discuss\u00f5es sobre quem ser\u00e1 escolhido o bode expiat\u00f3rio da vez, em mais uma opera\u00e7\u00e3o de salvamento dos verdadeiros culpados da trag\u00e9dia do v\u00f4o 3054.\u00a0 Antes de mais nada se deve reconhecer que a execu\u00e7\u00e3o das ranhuras no pavimento (grooving), que [&hellip;]<\/p>\n","protected":false},"author":1,"featured_media":0,"comment_status":"open","ping_status":"open","sticky":false,"template":"","format":"standard","meta":{"footnotes":""},"categories":[114,41],"tags":[],"class_list":{"0":"post-14489","1":"post","2":"type-post","3":"status-publish","4":"format-standard","6":"category-artigos","7":"category-transportes"},"yoast_head":"<!-- This site is optimized with the Yoast SEO plugin v27.2 - https:\/\/yoast.com\/product\/yoast-seo-wordpress\/ -->\n<title>Os verdadeiros culpados - Instituto de Engenharia<\/title>\n<meta name=\"robots\" content=\"index, follow, max-snippet:-1, max-image-preview:large, max-video-preview:-1\" \/>\n<link rel=\"canonical\" href=\"https:\/\/www.institutodeengenharia.org.br\/site\/2007\/06\/18\/os-verdadeiros-culpados\/\" \/>\n<meta property=\"og:locale\" content=\"pt_BR\" \/>\n<meta property=\"og:type\" content=\"article\" \/>\n<meta property=\"og:title\" content=\"Os verdadeiros culpados - Instituto de Engenharia\" \/>\n<meta property=\"og:description\" content=\"Ainda sob o impacto da destrui\u00e7\u00e3o dos planos e sonhos de 200 fam\u00edlias, come\u00e7am as discuss\u00f5es sobre quem ser\u00e1 escolhido o bode expiat\u00f3rio da vez, em mais uma opera\u00e7\u00e3o de salvamento dos verdadeiros culpados da trag\u00e9dia do v\u00f4o 3054.\u00a0 Antes de mais nada se deve reconhecer que a execu\u00e7\u00e3o das ranhuras no pavimento (grooving), que [&hellip;]\" \/>\n<meta property=\"og:url\" content=\"https:\/\/www.institutodeengenharia.org.br\/site\/2007\/06\/18\/os-verdadeiros-culpados\/\" \/>\n<meta property=\"og:site_name\" content=\"Instituto de Engenharia\" \/>\n<meta property=\"article:publisher\" content=\"https:\/\/www.facebook.com\/institutodeengenharia\" \/>\n<meta property=\"article:published_time\" content=\"2007-06-18T21:46:12+00:00\" \/>\n<meta property=\"article:modified_time\" content=\"2007-09-26T17:38:23+00:00\" \/>\n<meta name=\"author\" content=\"TMax Tecnologia\" \/>\n<meta name=\"twitter:card\" content=\"summary_large_image\" \/>\n<meta name=\"twitter:creator\" content=\"@iengenharia\" \/>\n<meta name=\"twitter:site\" content=\"@iengenharia\" \/>\n<meta name=\"twitter:label1\" content=\"Escrito por\" \/>\n\t<meta name=\"twitter:data1\" content=\"TMax Tecnologia\" \/>\n\t<meta name=\"twitter:label2\" content=\"Est. tempo de leitura\" \/>\n\t<meta name=\"twitter:data2\" content=\"2 minutos\" \/>\n<script type=\"application\/ld+json\" class=\"yoast-schema-graph\">{\"@context\":\"https:\/\/schema.org\",\"@graph\":[{\"@type\":\"Article\",\"@id\":\"https:\/\/www.institutodeengenharia.org.br\/site\/2007\/06\/18\/os-verdadeiros-culpados\/#article\",\"isPartOf\":{\"@id\":\"https:\/\/www.institutodeengenharia.org.br\/site\/2007\/06\/18\/os-verdadeiros-culpados\/\"},\"author\":{\"name\":\"TMax Tecnologia\",\"@id\":\"https:\/\/www.institutodeengenharia.org.br\/site\/#\/schema\/person\/3b1ff109facef084739fc2edcb9a127f\"},\"headline\":\"Os verdadeiros culpados\",\"datePublished\":\"2007-06-18T21:46:12+00:00\",\"dateModified\":\"2007-09-26T17:38:23+00:00\",\"mainEntityOfPage\":{\"@id\":\"https:\/\/www.institutodeengenharia.org.br\/site\/2007\/06\/18\/os-verdadeiros-culpados\/\"},\"wordCount\":429,\"commentCount\":0,\"publisher\":{\"@id\":\"https:\/\/www.institutodeengenharia.org.br\/site\/#organization\"},\"articleSection\":[\"Artigos\",\"Transportes\"],\"inLanguage\":\"pt-BR\",\"potentialAction\":[{\"@type\":\"CommentAction\",\"name\":\"Comment\",\"target\":[\"https:\/\/www.institutodeengenharia.org.br\/site\/2007\/06\/18\/os-verdadeiros-culpados\/#respond\"]}]},{\"@type\":\"WebPage\",\"@id\":\"https:\/\/www.institutodeengenharia.org.br\/site\/2007\/06\/18\/os-verdadeiros-culpados\/\",\"url\":\"https:\/\/www.institutodeengenharia.org.br\/site\/2007\/06\/18\/os-verdadeiros-culpados\/\",\"name\":\"Os verdadeiros culpados - Instituto de Engenharia\",\"isPartOf\":{\"@id\":\"https:\/\/www.institutodeengenharia.org.br\/site\/#website\"},\"datePublished\":\"2007-06-18T21:46:12+00:00\",\"dateModified\":\"2007-09-26T17:38:23+00:00\",\"breadcrumb\":{\"@id\":\"https:\/\/www.institutodeengenharia.org.br\/site\/2007\/06\/18\/os-verdadeiros-culpados\/#breadcrumb\"},\"inLanguage\":\"pt-BR\",\"potentialAction\":[{\"@type\":\"ReadAction\",\"target\":[\"https:\/\/www.institutodeengenharia.org.br\/site\/2007\/06\/18\/os-verdadeiros-culpados\/\"]}]},{\"@type\":\"BreadcrumbList\",\"@id\":\"https:\/\/www.institutodeengenharia.org.br\/site\/2007\/06\/18\/os-verdadeiros-culpados\/#breadcrumb\",\"itemListElement\":[{\"@type\":\"ListItem\",\"position\":1,\"name\":\"In\u00edcio\",\"item\":\"https:\/\/www.institutodeengenharia.org.br\/site\/\"},{\"@type\":\"ListItem\",\"position\":2,\"name\":\"Os verdadeiros culpados\"}]},{\"@type\":\"WebSite\",\"@id\":\"https:\/\/www.institutodeengenharia.org.br\/site\/#website\",\"url\":\"https:\/\/www.institutodeengenharia.org.br\/site\/\",\"name\":\"Instituto de Engenharia\",\"description\":\"O Instituto de Engenharia promove a Engenharia em benef\u00edcio do desenvolvimento e da qualidade de vida da sociedade.\",\"publisher\":{\"@id\":\"https:\/\/www.institutodeengenharia.org.br\/site\/#organization\"},\"potentialAction\":[{\"@type\":\"SearchAction\",\"target\":{\"@type\":\"EntryPoint\",\"urlTemplate\":\"https:\/\/www.institutodeengenharia.org.br\/site\/?s={search_term_string}\"},\"query-input\":{\"@type\":\"PropertyValueSpecification\",\"valueRequired\":true,\"valueName\":\"search_term_string\"}}],\"inLanguage\":\"pt-BR\"},{\"@type\":\"Organization\",\"@id\":\"https:\/\/www.institutodeengenharia.org.br\/site\/#organization\",\"name\":\"Instituto de Engenharia\",\"url\":\"https:\/\/www.institutodeengenharia.org.br\/site\/\",\"logo\":{\"@type\":\"ImageObject\",\"inLanguage\":\"pt-BR\",\"@id\":\"https:\/\/www.institutodeengenharia.org.br\/site\/#\/schema\/logo\/image\/\",\"url\":\"https:\/\/www.institutodeengenharia.org.br\/site\/wp-content\/uploads\/2019\/03\/logo-novo-IE2018-1.jpg\",\"contentUrl\":\"https:\/\/www.institutodeengenharia.org.br\/site\/wp-content\/uploads\/2019\/03\/logo-novo-IE2018-1.jpg\",\"width\":1486,\"height\":1879,\"caption\":\"Instituto de Engenharia\"},\"image\":{\"@id\":\"https:\/\/www.institutodeengenharia.org.br\/site\/#\/schema\/logo\/image\/\"},\"sameAs\":[\"https:\/\/www.facebook.com\/institutodeengenharia\",\"https:\/\/x.com\/iengenharia\",\"https:\/\/www.instagram.com\/institutodeengenharia\/\",\"https:\/\/www.linkedin.com\/company\/instituto-de-engenharia\/\",\"https:\/\/www.youtube.com\/channel\/UCXiCAlsSMe977vamW915HxA\"]},{\"@type\":\"Person\",\"@id\":\"https:\/\/www.institutodeengenharia.org.br\/site\/#\/schema\/person\/3b1ff109facef084739fc2edcb9a127f\",\"name\":\"TMax Tecnologia\",\"image\":{\"@type\":\"ImageObject\",\"inLanguage\":\"pt-BR\",\"@id\":\"https:\/\/secure.gravatar.com\/avatar\/f912434ef7f389c92cb311fcdae346af848465d638912574b3c669070f797701?s=96&d=mm&r=g\",\"url\":\"https:\/\/secure.gravatar.com\/avatar\/f912434ef7f389c92cb311fcdae346af848465d638912574b3c669070f797701?s=96&d=mm&r=g\",\"contentUrl\":\"https:\/\/secure.gravatar.com\/avatar\/f912434ef7f389c92cb311fcdae346af848465d638912574b3c669070f797701?s=96&d=mm&r=g\",\"caption\":\"TMax Tecnologia\"},\"url\":\"https:\/\/www.institutodeengenharia.org.br\/site\/author\/tmax\/\"}]}<\/script>\n<!-- \/ Yoast SEO plugin. -->","yoast_head_json":{"title":"Os verdadeiros culpados - Instituto de Engenharia","robots":{"index":"index","follow":"follow","max-snippet":"max-snippet:-1","max-image-preview":"max-image-preview:large","max-video-preview":"max-video-preview:-1"},"canonical":"https:\/\/www.institutodeengenharia.org.br\/site\/2007\/06\/18\/os-verdadeiros-culpados\/","og_locale":"pt_BR","og_type":"article","og_title":"Os verdadeiros culpados - Instituto de Engenharia","og_description":"Ainda sob o impacto da destrui\u00e7\u00e3o dos planos e sonhos de 200 fam\u00edlias, come\u00e7am as discuss\u00f5es sobre quem ser\u00e1 escolhido o bode expiat\u00f3rio da vez, em mais uma opera\u00e7\u00e3o de salvamento dos verdadeiros culpados da trag\u00e9dia do v\u00f4o 3054.\u00a0 Antes de mais nada se deve reconhecer que a execu\u00e7\u00e3o das ranhuras no pavimento (grooving), que [&hellip;]","og_url":"https:\/\/www.institutodeengenharia.org.br\/site\/2007\/06\/18\/os-verdadeiros-culpados\/","og_site_name":"Instituto de Engenharia","article_publisher":"https:\/\/www.facebook.com\/institutodeengenharia","article_published_time":"2007-06-18T21:46:12+00:00","article_modified_time":"2007-09-26T17:38:23+00:00","author":"TMax Tecnologia","twitter_card":"summary_large_image","twitter_creator":"@iengenharia","twitter_site":"@iengenharia","twitter_misc":{"Escrito por":"TMax Tecnologia","Est. tempo de leitura":"2 minutos"},"schema":{"@context":"https:\/\/schema.org","@graph":[{"@type":"Article","@id":"https:\/\/www.institutodeengenharia.org.br\/site\/2007\/06\/18\/os-verdadeiros-culpados\/#article","isPartOf":{"@id":"https:\/\/www.institutodeengenharia.org.br\/site\/2007\/06\/18\/os-verdadeiros-culpados\/"},"author":{"name":"TMax Tecnologia","@id":"https:\/\/www.institutodeengenharia.org.br\/site\/#\/schema\/person\/3b1ff109facef084739fc2edcb9a127f"},"headline":"Os verdadeiros culpados","datePublished":"2007-06-18T21:46:12+00:00","dateModified":"2007-09-26T17:38:23+00:00","mainEntityOfPage":{"@id":"https:\/\/www.institutodeengenharia.org.br\/site\/2007\/06\/18\/os-verdadeiros-culpados\/"},"wordCount":429,"commentCount":0,"publisher":{"@id":"https:\/\/www.institutodeengenharia.org.br\/site\/#organization"},"articleSection":["Artigos","Transportes"],"inLanguage":"pt-BR","potentialAction":[{"@type":"CommentAction","name":"Comment","target":["https:\/\/www.institutodeengenharia.org.br\/site\/2007\/06\/18\/os-verdadeiros-culpados\/#respond"]}]},{"@type":"WebPage","@id":"https:\/\/www.institutodeengenharia.org.br\/site\/2007\/06\/18\/os-verdadeiros-culpados\/","url":"https:\/\/www.institutodeengenharia.org.br\/site\/2007\/06\/18\/os-verdadeiros-culpados\/","name":"Os verdadeiros culpados - Instituto de Engenharia","isPartOf":{"@id":"https:\/\/www.institutodeengenharia.org.br\/site\/#website"},"datePublished":"2007-06-18T21:46:12+00:00","dateModified":"2007-09-26T17:38:23+00:00","breadcrumb":{"@id":"https:\/\/www.institutodeengenharia.org.br\/site\/2007\/06\/18\/os-verdadeiros-culpados\/#breadcrumb"},"inLanguage":"pt-BR","potentialAction":[{"@type":"ReadAction","target":["https:\/\/www.institutodeengenharia.org.br\/site\/2007\/06\/18\/os-verdadeiros-culpados\/"]}]},{"@type":"BreadcrumbList","@id":"https:\/\/www.institutodeengenharia.org.br\/site\/2007\/06\/18\/os-verdadeiros-culpados\/#breadcrumb","itemListElement":[{"@type":"ListItem","position":1,"name":"In\u00edcio","item":"https:\/\/www.institutodeengenharia.org.br\/site\/"},{"@type":"ListItem","position":2,"name":"Os verdadeiros culpados"}]},{"@type":"WebSite","@id":"https:\/\/www.institutodeengenharia.org.br\/site\/#website","url":"https:\/\/www.institutodeengenharia.org.br\/site\/","name":"Instituto de Engenharia","description":"O Instituto de Engenharia promove a Engenharia em benef\u00edcio do desenvolvimento e da qualidade de vida da sociedade.","publisher":{"@id":"https:\/\/www.institutodeengenharia.org.br\/site\/#organization"},"potentialAction":[{"@type":"SearchAction","target":{"@type":"EntryPoint","urlTemplate":"https:\/\/www.institutodeengenharia.org.br\/site\/?s={search_term_string}"},"query-input":{"@type":"PropertyValueSpecification","valueRequired":true,"valueName":"search_term_string"}}],"inLanguage":"pt-BR"},{"@type":"Organization","@id":"https:\/\/www.institutodeengenharia.org.br\/site\/#organization","name":"Instituto de Engenharia","url":"https:\/\/www.institutodeengenharia.org.br\/site\/","logo":{"@type":"ImageObject","inLanguage":"pt-BR","@id":"https:\/\/www.institutodeengenharia.org.br\/site\/#\/schema\/logo\/image\/","url":"https:\/\/www.institutodeengenharia.org.br\/site\/wp-content\/uploads\/2019\/03\/logo-novo-IE2018-1.jpg","contentUrl":"https:\/\/www.institutodeengenharia.org.br\/site\/wp-content\/uploads\/2019\/03\/logo-novo-IE2018-1.jpg","width":1486,"height":1879,"caption":"Instituto de Engenharia"},"image":{"@id":"https:\/\/www.institutodeengenharia.org.br\/site\/#\/schema\/logo\/image\/"},"sameAs":["https:\/\/www.facebook.com\/institutodeengenharia","https:\/\/x.com\/iengenharia","https:\/\/www.instagram.com\/institutodeengenharia\/","https:\/\/www.linkedin.com\/company\/instituto-de-engenharia\/","https:\/\/www.youtube.com\/channel\/UCXiCAlsSMe977vamW915HxA"]},{"@type":"Person","@id":"https:\/\/www.institutodeengenharia.org.br\/site\/#\/schema\/person\/3b1ff109facef084739fc2edcb9a127f","name":"TMax Tecnologia","image":{"@type":"ImageObject","inLanguage":"pt-BR","@id":"https:\/\/secure.gravatar.com\/avatar\/f912434ef7f389c92cb311fcdae346af848465d638912574b3c669070f797701?s=96&d=mm&r=g","url":"https:\/\/secure.gravatar.com\/avatar\/f912434ef7f389c92cb311fcdae346af848465d638912574b3c669070f797701?s=96&d=mm&r=g","contentUrl":"https:\/\/secure.gravatar.com\/avatar\/f912434ef7f389c92cb311fcdae346af848465d638912574b3c669070f797701?s=96&d=mm&r=g","caption":"TMax Tecnologia"},"url":"https:\/\/www.institutodeengenharia.org.br\/site\/author\/tmax\/"}]}},"_links":{"self":[{"href":"https:\/\/www.institutodeengenharia.org.br\/site\/wp-json\/wp\/v2\/posts\/14489","targetHints":{"allow":["GET"]}}],"collection":[{"href":"https:\/\/www.institutodeengenharia.org.br\/site\/wp-json\/wp\/v2\/posts"}],"about":[{"href":"https:\/\/www.institutodeengenharia.org.br\/site\/wp-json\/wp\/v2\/types\/post"}],"author":[{"embeddable":true,"href":"https:\/\/www.institutodeengenharia.org.br\/site\/wp-json\/wp\/v2\/users\/1"}],"replies":[{"embeddable":true,"href":"https:\/\/www.institutodeengenharia.org.br\/site\/wp-json\/wp\/v2\/comments?post=14489"}],"version-history":[{"count":0,"href":"https:\/\/www.institutodeengenharia.org.br\/site\/wp-json\/wp\/v2\/posts\/14489\/revisions"}],"wp:attachment":[{"href":"https:\/\/www.institutodeengenharia.org.br\/site\/wp-json\/wp\/v2\/media?parent=14489"}],"wp:term":[{"taxonomy":"category","embeddable":true,"href":"https:\/\/www.institutodeengenharia.org.br\/site\/wp-json\/wp\/v2\/categories?post=14489"},{"taxonomy":"post_tag","embeddable":true,"href":"https:\/\/www.institutodeengenharia.org.br\/site\/wp-json\/wp\/v2\/tags?post=14489"}],"curies":[{"name":"wp","href":"https:\/\/api.w.org\/{rel}","templated":true}]}}