{"id":14479,"date":"2007-09-14T21:46:03","date_gmt":"2007-09-14T21:46:03","guid":{"rendered":"https:\/\/www.institutodeengenharia.org.br\/?p=14479"},"modified":"2007-09-14T14:35:24","modified_gmt":"2007-09-14T14:35:24","slug":"planejar-para-melhor-decidir","status":"publish","type":"post","link":"https:\/\/www.institutodeengenharia.org.br\/site\/2007\/09\/14\/planejar-para-melhor-decidir\/","title":{"rendered":"Planejar para melhor decidir"},"content":{"rendered":"<p>No passado, costumava-se dizer que para administrar uma organiza\u00e7\u00e3o, fosse ela p\u00fablica ou privada, era contar com um pouco de sorte e decidir, usando um m\u00ednimo de bom senso. De l\u00e1 para c\u00e1, o empirismo e a intui\u00e7\u00e3o foram dando lugar a m\u00e9todos e processos, cada vez mais sofisticados, na gest\u00e3o dos neg\u00f3cios e das pr\u00f3prias organiza\u00e7\u00f5es. Em especial nas \u00faltimas d\u00e9cadas, a maioria das institui\u00e7\u00f5es \u2013 querendo ou n\u00e3o &#8211; teve que se adequar aos novos conceitos e \u00e0s pr\u00e1ticas modernas, no campo da administra\u00e7\u00e3o. Para tanto, as empresas e os \u00f3rg\u00e3os p\u00fablicos passaram a utilizar o planejamento como ferramenta essencial e imprescind\u00edvel nos processos de tomada de decis\u00e3o.\u00a0<\/p>\n<p>O planejamento pode ser entendido, de forma simplificada, como a aplica\u00e7\u00e3o de um conjunto de t\u00e9cnicas que racionalizam o uso dos recursos \u2013 humanos, materiais e financeiros \u2013 e otimizam os resultados esperados. O planejamento \u00e9 uma ferramenta administrativa, que possibilita perceber a realidade, avaliar os caminhos, construir um referencial futuro, estruturar o tr\u00e2mite adequado, permitindo a defini\u00e7\u00e3o das a\u00e7\u00f5es mais apropriadas para a elabora\u00e7\u00e3o dos projetos.\u00a0<\/p>\n<p>Na iniciativa privada, boa parte das empresas que resistiram \u00e0 implanta\u00e7\u00e3o dessas novas t\u00e9cnicas acabou por fechar as suas portas. No setor p\u00fablico, o conservadorismo foi, quase sempre, o grande respons\u00e1vel pela perda de identidade ou pela extin\u00e7\u00e3o de v\u00e1rios \u00f3rg\u00e3os. Em alguns casos, a falta de uma vis\u00e3o sist\u00eamica e hol\u00edstica das institui\u00e7\u00f5es criou um verdadeiro caos organizacional ou um vazio institucional, com sobreposi\u00e7\u00e3o de atividades e dilui\u00e7\u00e3o de responsabilidades.\u00a0<\/p>\n<p>A situa\u00e7\u00e3o do sistema a\u00e9reo nacional \u00e9 um bom exemplo disso. Com muitos \u00f3rg\u00e3os opinando e nenhum fiscalizando, com muita gente discutindo e nada sendo decidido, com muita autoridade mandando e ningu\u00e9m obedecendo, s\u00f3 podia dar no que deu.\u00a0<\/p>\n<p>Nos \u00faltimos meses, os dois piores acidentes a\u00e9reos j\u00e1 ocorridos em territ\u00f3rio nacional ceifaram centenas de vidas e chamaram a aten\u00e7\u00e3o de toda a sociedade para a triste situa\u00e7\u00e3o da avia\u00e7\u00e3o civil e da infra-estrutura aeron\u00e1utica brasileira.\u00a0<\/p>\n<p>A falta de planejamento e de organiza\u00e7\u00e3o fez com que tiv\u00e9ssemos aeroportos com excesso de tr\u00e1fego a\u00e9reo, operando com pessoal insuficiente ou mal preparado e utilizando equipamentos inadequados.\u00a0<\/p>\n<p>Por outro lado, h\u00e1 v\u00e1rios aer\u00f3dromos mal localizados e pouco utilizados, com instala\u00e7\u00f5es ociosas e usando instrumentos de \u00faltima gera\u00e7\u00e3o.\u00a0<\/p>\n<p>No que se refere \u00e0 malha a\u00e9rea nacional, ou seja, o conjunto de linhas existentes para atender \u00e0 demanda de v\u00f4os, a situa\u00e7\u00e3o tamb\u00e9m n\u00e3o \u00e9 diferente. A malha foi definida muito mais para atender aos interesses das empresas de avia\u00e7\u00e3o do que a necessidade de deslocamento dos usu\u00e1rios.\u00a0<\/p>\n<p>Mas, a falta de um plano de a\u00e7\u00e3o, a aus\u00eancia de no\u00e7\u00e3o de prioridade e bem pouco discernimento podem levar a situa\u00e7\u00f5es esdr\u00faxulas, para dizer o m\u00ednimo. Quando n\u00e3o se sabe o qu\u00ea e como decidir, decide-se pelo que primeiro aparece.\u00a0<\/p>\n<p>Nesse momento, com tanta coisa s\u00e9ria por fazer e com tanta decis\u00e3o importante para se tomar, h\u00e1 quem fique discutindo a dist\u00e2ncia entre os bancos das aeronaves ou o tamanho das letras e o tipo de mensagem veiculada nos pain\u00e9is de comunica\u00e7\u00e3o das salas de embarque. O problema n\u00e3o est\u00e1 na import\u00e2ncia desses itens para o conforto do viajante, e sim, na oportunidade e relev\u00e2ncia que eles t\u00eam, vis-\u00e0-vis \u00e0s quest\u00f5es relacionadas \u00e0 regularidade e pontualidade dos v\u00f4os e \u00e0 seguran\u00e7a dos aeroportos e das aeronaves.\u00a0<\/p>\n<p>Que se tire proveito do descaso e da incompet\u00eancia demonstrados at\u00e9 hoje \u00e9 at\u00e9 compreens\u00edvel. Por\u00e9m, \u00e9 intoler\u00e1vel achar que a sociedade deve abdicar de seu senso cr\u00edtico ou que as pessoas devem acreditar que os problemas se resolvem com rompantes e arroubos.\u00a0<\/p>\n<p>H\u00e1 um ditado que diz: \u201cQuando a situa\u00e7\u00e3o \u00e9 cr\u00edtica, \u00e9 preciso planejar em pleno v\u00f4o\u201d. No caso em tela, seria muito desej\u00e1vel que as autoridades respons\u00e1veis estivessem a bordo do avi\u00e3o utilizado para elaborar o planejamento do sistema a\u00e9reo brasileiro.<\/p>\n<p><b>Autor: Francisco Christovam<\/b><\/p>\n","protected":false},"excerpt":{"rendered":"<p>No passado, costumava-se dizer que para administrar uma organiza\u00e7\u00e3o, fosse ela p\u00fablica ou privada, era contar com um pouco de sorte e decidir, usando um m\u00ednimo de bom senso. De l\u00e1 para c\u00e1, o empirismo e a intui\u00e7\u00e3o foram dando lugar a m\u00e9todos e processos, cada vez mais sofisticados, na gest\u00e3o dos neg\u00f3cios e das [&hellip;]<\/p>\n","protected":false},"author":1,"featured_media":0,"comment_status":"open","ping_status":"open","sticky":false,"template":"","format":"standard","meta":{"footnotes":""},"categories":[114,41],"tags":[],"class_list":{"0":"post-14479","1":"post","2":"type-post","3":"status-publish","4":"format-standard","6":"category-artigos","7":"category-transportes"},"yoast_head":"<!-- This site is optimized with the Yoast SEO plugin v27.2 - https:\/\/yoast.com\/product\/yoast-seo-wordpress\/ -->\n<title>Planejar para melhor decidir - Instituto de Engenharia<\/title>\n<meta name=\"robots\" content=\"index, follow, max-snippet:-1, max-image-preview:large, max-video-preview:-1\" \/>\n<link rel=\"canonical\" href=\"https:\/\/www.institutodeengenharia.org.br\/site\/2007\/09\/14\/planejar-para-melhor-decidir\/\" \/>\n<meta property=\"og:locale\" content=\"pt_BR\" \/>\n<meta property=\"og:type\" content=\"article\" \/>\n<meta property=\"og:title\" content=\"Planejar para melhor decidir - Instituto de Engenharia\" \/>\n<meta property=\"og:description\" content=\"No passado, costumava-se dizer que para administrar uma organiza\u00e7\u00e3o, fosse ela p\u00fablica ou privada, era contar com um pouco de sorte e decidir, usando um m\u00ednimo de bom senso. De l\u00e1 para c\u00e1, o empirismo e a intui\u00e7\u00e3o foram dando lugar a m\u00e9todos e processos, cada vez mais sofisticados, na gest\u00e3o dos neg\u00f3cios e das [&hellip;]\" \/>\n<meta property=\"og:url\" content=\"https:\/\/www.institutodeengenharia.org.br\/site\/2007\/09\/14\/planejar-para-melhor-decidir\/\" \/>\n<meta property=\"og:site_name\" content=\"Instituto de Engenharia\" \/>\n<meta property=\"article:publisher\" content=\"https:\/\/www.facebook.com\/institutodeengenharia\" \/>\n<meta property=\"article:published_time\" content=\"2007-09-14T21:46:03+00:00\" \/>\n<meta name=\"author\" content=\"TMax Tecnologia\" \/>\n<meta name=\"twitter:card\" content=\"summary_large_image\" \/>\n<meta name=\"twitter:creator\" content=\"@iengenharia\" \/>\n<meta name=\"twitter:site\" content=\"@iengenharia\" \/>\n<meta name=\"twitter:label1\" content=\"Escrito por\" \/>\n\t<meta name=\"twitter:data1\" content=\"TMax Tecnologia\" \/>\n\t<meta name=\"twitter:label2\" content=\"Est. tempo de leitura\" \/>\n\t<meta name=\"twitter:data2\" content=\"4 minutos\" \/>\n<script type=\"application\/ld+json\" class=\"yoast-schema-graph\">{\"@context\":\"https:\/\/schema.org\",\"@graph\":[{\"@type\":\"Article\",\"@id\":\"https:\/\/www.institutodeengenharia.org.br\/site\/2007\/09\/14\/planejar-para-melhor-decidir\/#article\",\"isPartOf\":{\"@id\":\"https:\/\/www.institutodeengenharia.org.br\/site\/2007\/09\/14\/planejar-para-melhor-decidir\/\"},\"author\":{\"name\":\"TMax Tecnologia\",\"@id\":\"https:\/\/www.institutodeengenharia.org.br\/site\/#\/schema\/person\/3b1ff109facef084739fc2edcb9a127f\"},\"headline\":\"Planejar para melhor decidir\",\"datePublished\":\"2007-09-14T21:46:03+00:00\",\"mainEntityOfPage\":{\"@id\":\"https:\/\/www.institutodeengenharia.org.br\/site\/2007\/09\/14\/planejar-para-melhor-decidir\/\"},\"wordCount\":718,\"commentCount\":0,\"publisher\":{\"@id\":\"https:\/\/www.institutodeengenharia.org.br\/site\/#organization\"},\"articleSection\":[\"Artigos\",\"Transportes\"],\"inLanguage\":\"pt-BR\",\"potentialAction\":[{\"@type\":\"CommentAction\",\"name\":\"Comment\",\"target\":[\"https:\/\/www.institutodeengenharia.org.br\/site\/2007\/09\/14\/planejar-para-melhor-decidir\/#respond\"]}]},{\"@type\":\"WebPage\",\"@id\":\"https:\/\/www.institutodeengenharia.org.br\/site\/2007\/09\/14\/planejar-para-melhor-decidir\/\",\"url\":\"https:\/\/www.institutodeengenharia.org.br\/site\/2007\/09\/14\/planejar-para-melhor-decidir\/\",\"name\":\"Planejar para melhor decidir - Instituto de Engenharia\",\"isPartOf\":{\"@id\":\"https:\/\/www.institutodeengenharia.org.br\/site\/#website\"},\"datePublished\":\"2007-09-14T21:46:03+00:00\",\"breadcrumb\":{\"@id\":\"https:\/\/www.institutodeengenharia.org.br\/site\/2007\/09\/14\/planejar-para-melhor-decidir\/#breadcrumb\"},\"inLanguage\":\"pt-BR\",\"potentialAction\":[{\"@type\":\"ReadAction\",\"target\":[\"https:\/\/www.institutodeengenharia.org.br\/site\/2007\/09\/14\/planejar-para-melhor-decidir\/\"]}]},{\"@type\":\"BreadcrumbList\",\"@id\":\"https:\/\/www.institutodeengenharia.org.br\/site\/2007\/09\/14\/planejar-para-melhor-decidir\/#breadcrumb\",\"itemListElement\":[{\"@type\":\"ListItem\",\"position\":1,\"name\":\"In\u00edcio\",\"item\":\"https:\/\/www.institutodeengenharia.org.br\/site\/\"},{\"@type\":\"ListItem\",\"position\":2,\"name\":\"Planejar para melhor decidir\"}]},{\"@type\":\"WebSite\",\"@id\":\"https:\/\/www.institutodeengenharia.org.br\/site\/#website\",\"url\":\"https:\/\/www.institutodeengenharia.org.br\/site\/\",\"name\":\"Instituto de Engenharia\",\"description\":\"O Instituto de Engenharia promove a Engenharia em benef\u00edcio do desenvolvimento e da qualidade de vida da sociedade.\",\"publisher\":{\"@id\":\"https:\/\/www.institutodeengenharia.org.br\/site\/#organization\"},\"potentialAction\":[{\"@type\":\"SearchAction\",\"target\":{\"@type\":\"EntryPoint\",\"urlTemplate\":\"https:\/\/www.institutodeengenharia.org.br\/site\/?s={search_term_string}\"},\"query-input\":{\"@type\":\"PropertyValueSpecification\",\"valueRequired\":true,\"valueName\":\"search_term_string\"}}],\"inLanguage\":\"pt-BR\"},{\"@type\":\"Organization\",\"@id\":\"https:\/\/www.institutodeengenharia.org.br\/site\/#organization\",\"name\":\"Instituto de Engenharia\",\"url\":\"https:\/\/www.institutodeengenharia.org.br\/site\/\",\"logo\":{\"@type\":\"ImageObject\",\"inLanguage\":\"pt-BR\",\"@id\":\"https:\/\/www.institutodeengenharia.org.br\/site\/#\/schema\/logo\/image\/\",\"url\":\"https:\/\/www.institutodeengenharia.org.br\/site\/wp-content\/uploads\/2019\/03\/logo-novo-IE2018-1.jpg\",\"contentUrl\":\"https:\/\/www.institutodeengenharia.org.br\/site\/wp-content\/uploads\/2019\/03\/logo-novo-IE2018-1.jpg\",\"width\":1486,\"height\":1879,\"caption\":\"Instituto de Engenharia\"},\"image\":{\"@id\":\"https:\/\/www.institutodeengenharia.org.br\/site\/#\/schema\/logo\/image\/\"},\"sameAs\":[\"https:\/\/www.facebook.com\/institutodeengenharia\",\"https:\/\/x.com\/iengenharia\",\"https:\/\/www.instagram.com\/institutodeengenharia\/\",\"https:\/\/www.linkedin.com\/company\/instituto-de-engenharia\/\",\"https:\/\/www.youtube.com\/channel\/UCXiCAlsSMe977vamW915HxA\"]},{\"@type\":\"Person\",\"@id\":\"https:\/\/www.institutodeengenharia.org.br\/site\/#\/schema\/person\/3b1ff109facef084739fc2edcb9a127f\",\"name\":\"TMax Tecnologia\",\"image\":{\"@type\":\"ImageObject\",\"inLanguage\":\"pt-BR\",\"@id\":\"https:\/\/secure.gravatar.com\/avatar\/f912434ef7f389c92cb311fcdae346af848465d638912574b3c669070f797701?s=96&d=mm&r=g\",\"url\":\"https:\/\/secure.gravatar.com\/avatar\/f912434ef7f389c92cb311fcdae346af848465d638912574b3c669070f797701?s=96&d=mm&r=g\",\"contentUrl\":\"https:\/\/secure.gravatar.com\/avatar\/f912434ef7f389c92cb311fcdae346af848465d638912574b3c669070f797701?s=96&d=mm&r=g\",\"caption\":\"TMax Tecnologia\"},\"url\":\"https:\/\/www.institutodeengenharia.org.br\/site\/author\/tmax\/\"}]}<\/script>\n<!-- \/ Yoast SEO plugin. -->","yoast_head_json":{"title":"Planejar para melhor decidir - Instituto de Engenharia","robots":{"index":"index","follow":"follow","max-snippet":"max-snippet:-1","max-image-preview":"max-image-preview:large","max-video-preview":"max-video-preview:-1"},"canonical":"https:\/\/www.institutodeengenharia.org.br\/site\/2007\/09\/14\/planejar-para-melhor-decidir\/","og_locale":"pt_BR","og_type":"article","og_title":"Planejar para melhor decidir - Instituto de Engenharia","og_description":"No passado, costumava-se dizer que para administrar uma organiza\u00e7\u00e3o, fosse ela p\u00fablica ou privada, era contar com um pouco de sorte e decidir, usando um m\u00ednimo de bom senso. De l\u00e1 para c\u00e1, o empirismo e a intui\u00e7\u00e3o foram dando lugar a m\u00e9todos e processos, cada vez mais sofisticados, na gest\u00e3o dos neg\u00f3cios e das [&hellip;]","og_url":"https:\/\/www.institutodeengenharia.org.br\/site\/2007\/09\/14\/planejar-para-melhor-decidir\/","og_site_name":"Instituto de Engenharia","article_publisher":"https:\/\/www.facebook.com\/institutodeengenharia","article_published_time":"2007-09-14T21:46:03+00:00","author":"TMax Tecnologia","twitter_card":"summary_large_image","twitter_creator":"@iengenharia","twitter_site":"@iengenharia","twitter_misc":{"Escrito por":"TMax Tecnologia","Est. tempo de leitura":"4 minutos"},"schema":{"@context":"https:\/\/schema.org","@graph":[{"@type":"Article","@id":"https:\/\/www.institutodeengenharia.org.br\/site\/2007\/09\/14\/planejar-para-melhor-decidir\/#article","isPartOf":{"@id":"https:\/\/www.institutodeengenharia.org.br\/site\/2007\/09\/14\/planejar-para-melhor-decidir\/"},"author":{"name":"TMax Tecnologia","@id":"https:\/\/www.institutodeengenharia.org.br\/site\/#\/schema\/person\/3b1ff109facef084739fc2edcb9a127f"},"headline":"Planejar para melhor decidir","datePublished":"2007-09-14T21:46:03+00:00","mainEntityOfPage":{"@id":"https:\/\/www.institutodeengenharia.org.br\/site\/2007\/09\/14\/planejar-para-melhor-decidir\/"},"wordCount":718,"commentCount":0,"publisher":{"@id":"https:\/\/www.institutodeengenharia.org.br\/site\/#organization"},"articleSection":["Artigos","Transportes"],"inLanguage":"pt-BR","potentialAction":[{"@type":"CommentAction","name":"Comment","target":["https:\/\/www.institutodeengenharia.org.br\/site\/2007\/09\/14\/planejar-para-melhor-decidir\/#respond"]}]},{"@type":"WebPage","@id":"https:\/\/www.institutodeengenharia.org.br\/site\/2007\/09\/14\/planejar-para-melhor-decidir\/","url":"https:\/\/www.institutodeengenharia.org.br\/site\/2007\/09\/14\/planejar-para-melhor-decidir\/","name":"Planejar para melhor decidir - Instituto de Engenharia","isPartOf":{"@id":"https:\/\/www.institutodeengenharia.org.br\/site\/#website"},"datePublished":"2007-09-14T21:46:03+00:00","breadcrumb":{"@id":"https:\/\/www.institutodeengenharia.org.br\/site\/2007\/09\/14\/planejar-para-melhor-decidir\/#breadcrumb"},"inLanguage":"pt-BR","potentialAction":[{"@type":"ReadAction","target":["https:\/\/www.institutodeengenharia.org.br\/site\/2007\/09\/14\/planejar-para-melhor-decidir\/"]}]},{"@type":"BreadcrumbList","@id":"https:\/\/www.institutodeengenharia.org.br\/site\/2007\/09\/14\/planejar-para-melhor-decidir\/#breadcrumb","itemListElement":[{"@type":"ListItem","position":1,"name":"In\u00edcio","item":"https:\/\/www.institutodeengenharia.org.br\/site\/"},{"@type":"ListItem","position":2,"name":"Planejar para melhor decidir"}]},{"@type":"WebSite","@id":"https:\/\/www.institutodeengenharia.org.br\/site\/#website","url":"https:\/\/www.institutodeengenharia.org.br\/site\/","name":"Instituto de Engenharia","description":"O Instituto de Engenharia promove a Engenharia em benef\u00edcio do desenvolvimento e da qualidade de vida da sociedade.","publisher":{"@id":"https:\/\/www.institutodeengenharia.org.br\/site\/#organization"},"potentialAction":[{"@type":"SearchAction","target":{"@type":"EntryPoint","urlTemplate":"https:\/\/www.institutodeengenharia.org.br\/site\/?s={search_term_string}"},"query-input":{"@type":"PropertyValueSpecification","valueRequired":true,"valueName":"search_term_string"}}],"inLanguage":"pt-BR"},{"@type":"Organization","@id":"https:\/\/www.institutodeengenharia.org.br\/site\/#organization","name":"Instituto de Engenharia","url":"https:\/\/www.institutodeengenharia.org.br\/site\/","logo":{"@type":"ImageObject","inLanguage":"pt-BR","@id":"https:\/\/www.institutodeengenharia.org.br\/site\/#\/schema\/logo\/image\/","url":"https:\/\/www.institutodeengenharia.org.br\/site\/wp-content\/uploads\/2019\/03\/logo-novo-IE2018-1.jpg","contentUrl":"https:\/\/www.institutodeengenharia.org.br\/site\/wp-content\/uploads\/2019\/03\/logo-novo-IE2018-1.jpg","width":1486,"height":1879,"caption":"Instituto de Engenharia"},"image":{"@id":"https:\/\/www.institutodeengenharia.org.br\/site\/#\/schema\/logo\/image\/"},"sameAs":["https:\/\/www.facebook.com\/institutodeengenharia","https:\/\/x.com\/iengenharia","https:\/\/www.instagram.com\/institutodeengenharia\/","https:\/\/www.linkedin.com\/company\/instituto-de-engenharia\/","https:\/\/www.youtube.com\/channel\/UCXiCAlsSMe977vamW915HxA"]},{"@type":"Person","@id":"https:\/\/www.institutodeengenharia.org.br\/site\/#\/schema\/person\/3b1ff109facef084739fc2edcb9a127f","name":"TMax Tecnologia","image":{"@type":"ImageObject","inLanguage":"pt-BR","@id":"https:\/\/secure.gravatar.com\/avatar\/f912434ef7f389c92cb311fcdae346af848465d638912574b3c669070f797701?s=96&d=mm&r=g","url":"https:\/\/secure.gravatar.com\/avatar\/f912434ef7f389c92cb311fcdae346af848465d638912574b3c669070f797701?s=96&d=mm&r=g","contentUrl":"https:\/\/secure.gravatar.com\/avatar\/f912434ef7f389c92cb311fcdae346af848465d638912574b3c669070f797701?s=96&d=mm&r=g","caption":"TMax Tecnologia"},"url":"https:\/\/www.institutodeengenharia.org.br\/site\/author\/tmax\/"}]}},"_links":{"self":[{"href":"https:\/\/www.institutodeengenharia.org.br\/site\/wp-json\/wp\/v2\/posts\/14479","targetHints":{"allow":["GET"]}}],"collection":[{"href":"https:\/\/www.institutodeengenharia.org.br\/site\/wp-json\/wp\/v2\/posts"}],"about":[{"href":"https:\/\/www.institutodeengenharia.org.br\/site\/wp-json\/wp\/v2\/types\/post"}],"author":[{"embeddable":true,"href":"https:\/\/www.institutodeengenharia.org.br\/site\/wp-json\/wp\/v2\/users\/1"}],"replies":[{"embeddable":true,"href":"https:\/\/www.institutodeengenharia.org.br\/site\/wp-json\/wp\/v2\/comments?post=14479"}],"version-history":[{"count":0,"href":"https:\/\/www.institutodeengenharia.org.br\/site\/wp-json\/wp\/v2\/posts\/14479\/revisions"}],"wp:attachment":[{"href":"https:\/\/www.institutodeengenharia.org.br\/site\/wp-json\/wp\/v2\/media?parent=14479"}],"wp:term":[{"taxonomy":"category","embeddable":true,"href":"https:\/\/www.institutodeengenharia.org.br\/site\/wp-json\/wp\/v2\/categories?post=14479"},{"taxonomy":"post_tag","embeddable":true,"href":"https:\/\/www.institutodeengenharia.org.br\/site\/wp-json\/wp\/v2\/tags?post=14479"}],"curies":[{"name":"wp","href":"https:\/\/api.w.org\/{rel}","templated":true}]}}