{"id":14474,"date":"2007-08-20T21:45:58","date_gmt":"2007-08-20T21:45:58","guid":{"rendered":"https:\/\/www.institutodeengenharia.org.br\/?p=14474"},"modified":"2007-08-31T16:43:51","modified_gmt":"2007-08-31T16:43:51","slug":"sobre-os-congestionamentos-em-sao-paulo","status":"publish","type":"post","link":"https:\/\/www.institutodeengenharia.org.br\/site\/2007\/08\/20\/sobre-os-congestionamentos-em-sao-paulo\/","title":{"rendered":"Sobre os congestionamentos em S\u00e3o Paulo"},"content":{"rendered":"<p>Est\u00e1 na raiz dos congestionamentos das grandes cidades o cl\u00e1ssico dilema social causado pelo conflito entre o individual e o coletivo. A decis\u00e3o individual de usar um carro pode trazer benef\u00edcios ao seu usu\u00e1rio; no entanto, se muitos indiv\u00edduos se comportam da mesma maneira, resulta uma situa\u00e7\u00e3o que \u00e9 indesej\u00e1vel para todos (os congestionamentos), j\u00e1 que o espa\u00e7o vi\u00e1rio \u00e9 limitado. O fato \u00e9 que o autom\u00f3vel \u00e9 um grande consumidor de espa\u00e7o &#8211; cerca de 10 vezes mais, per capita, que um \u00f4nibus. O problema \u00e9 que \u00e9 um bem desejado pela maioria das pessoas e que est\u00e1 cada vez mais acess\u00edvel. Com isso a frota de cidade, j\u00e1 superando os quatro milh\u00f5es de ve\u00edculos, gera como resultado os problemas de todos os dias. <\/p>\n<p>A amplia\u00e7\u00e3o de vias, ou de suas capacidades, apenas libera mais espa\u00e7o para a demanda reprimida. Da mesma forma, a gest\u00e3o operacional, fundamental para o ordenamento da circula\u00e7\u00e3o, poderia (ou deveria) ser ampliada, mas ainda assim n\u00e3o conseguiria resolver o problema de demandas superiores \u00e0 capacidade vi\u00e1ria e congestionamentos ainda persistiriam. <\/p>\n<p>Duas vertentes de solu\u00e7\u00f5es principais s\u00e3o muito claras: a primeira \u00e9 ampliar e melhorar a qualidade dos transportes coletivos, priorizando para ele o uso do escasso espa\u00e7o vi\u00e1rio; a segunda \u00e9 gerir a demanda. <br \/>\nA gest\u00e3o da demanda tem como objetivo b\u00e1sico reduzir as viagens dos autom\u00f3veis, especialmente nos picos. Hoje a maioria deles trafega vazia \u2013 em m\u00e9dia menos de 1,5 pessoas por carro. Se se ampliasse para, digamos, 2,5 pessoas por carro, se reduziria a circula\u00e7\u00e3o desses ve\u00edculos em 40%. <\/p>\n<p>O arsenal para esta gest\u00e3o \u00e9 extenso e variado, como s\u00e3o variadas as dificuldades de implanta\u00e7\u00e3o e os graus de efetividade das medidas. Entre eles, alguns j\u00e1 implantados em S\u00e3o Paulo, pode-se citar o escalonamento de hor\u00e1rios de trabalho, a carona programada, a redu\u00e7\u00e3o da oferta ou taxa\u00e7\u00e3o de estacionamentos nas \u00e1reas mais congestionadas da cidade, a proibi\u00e7\u00e3o parcial de circula\u00e7\u00e3o de ve\u00edculos (rod\u00edzio), a cobran\u00e7a pelo uso das vias (ped\u00e1gio urbano). Desses, os dois \u00faltimos &#8211; rod\u00edzio e ped\u00e1gio urbano &#8211; s\u00e3o os mais efetivos. <\/p>\n<p>O rod\u00edzio \u00e9 de implanta\u00e7\u00e3o barata (para o Poder P\u00fablico) e com efic\u00e1cia proporcional ao n\u00famero de placas proibidas por dia. A desvantagem \u00e9 que os benef\u00edcios se diluem com o tempo, por adapta\u00e7\u00f5es que a sociedade vai adotando, especialmente ao adquirir mais ve\u00edculos. Por esta raz\u00e3o, a medida j\u00e1 poderia ser ampliada para quatro placas por dia, como acontece em Bogot\u00e1 e na Cidade do M\u00e9xico. Em Santiago a proibi\u00e7\u00e3o pode chegar a seis placas por dia, em situa\u00e7\u00f5es graves de polui\u00e7\u00e3o \u2013 raz\u00e3o principal do rod\u00edzio -, ainda que limitada aos autom\u00f3veis que n\u00e3o tenham conversor catal\u00edtico. Uma vantagem dessa medida \u00e9 que a popula\u00e7\u00e3o j\u00e1 a absorveu, e at\u00e9 mesmo reclama por ela, como aconteceu no recente epis\u00f3dio da suspens\u00e3o do rod\u00edzio por alguns dias de julho passado. <\/p>\n<p>Solu\u00e7\u00e3o mais pol\u00eamica, mas que inexoravelmente ser\u00e1 implantada, mais dia menos dia, \u00e9 o ped\u00e1gio urbano aplicado em vias ou \u00e1reas congestionadas, especialmente as \u00e1reas centrais da cidade. As dificuldades tecnol\u00f3gicas j\u00e1 h\u00e1 algum tempo foram superadas, tornando poss\u00edvel monitorar os ve\u00edculos, viabilizando o controle e a cobran\u00e7a. Este esquema sempre deveria ser implantado com a condi\u00e7\u00e3o de que os recursos arrecadados sejam vinculados obrigatoriamente ao aperfei\u00e7oamento do transporte coletivo. Esta vincula\u00e7\u00e3o uniria sinergicamente as duas medidas. E isso poderia criar condi\u00e7\u00f5es para que os congestionamentos pudessem, oxal\u00e1, ser domados. <\/p>\n<p>Eng. Elmir Germani \u00e9 diretor da TTC Engenharia de Tr\u00e1fego e Transportes <\/p>\n","protected":false},"excerpt":{"rendered":"<p>Est\u00e1 na raiz dos congestionamentos das grandes cidades o cl\u00e1ssico dilema social causado pelo conflito entre o individual e o coletivo. A decis\u00e3o individual de usar um carro pode trazer benef\u00edcios ao seu usu\u00e1rio; no entanto, se muitos indiv\u00edduos se comportam da mesma maneira, resulta uma situa\u00e7\u00e3o que \u00e9 indesej\u00e1vel para todos (os congestionamentos), j\u00e1 [&hellip;]<\/p>\n","protected":false},"author":1,"featured_media":0,"comment_status":"open","ping_status":"open","sticky":false,"template":"","format":"standard","meta":{"footnotes":""},"categories":[114],"tags":[],"class_list":{"0":"post-14474","1":"post","2":"type-post","3":"status-publish","4":"format-standard","6":"category-artigos"},"yoast_head":"<!-- This site is optimized with the Yoast SEO plugin v27.2 - https:\/\/yoast.com\/product\/yoast-seo-wordpress\/ -->\n<title>Sobre os congestionamentos em S\u00e3o Paulo - Instituto de Engenharia<\/title>\n<meta name=\"robots\" content=\"index, follow, max-snippet:-1, max-image-preview:large, max-video-preview:-1\" \/>\n<link rel=\"canonical\" href=\"https:\/\/www.institutodeengenharia.org.br\/site\/2007\/08\/20\/sobre-os-congestionamentos-em-sao-paulo\/\" \/>\n<meta property=\"og:locale\" content=\"pt_BR\" \/>\n<meta property=\"og:type\" content=\"article\" \/>\n<meta property=\"og:title\" content=\"Sobre os congestionamentos em S\u00e3o Paulo - Instituto de Engenharia\" \/>\n<meta property=\"og:description\" content=\"Est\u00e1 na raiz dos congestionamentos das grandes cidades o cl\u00e1ssico dilema social causado pelo conflito entre o individual e o coletivo. A decis\u00e3o individual de usar um carro pode trazer benef\u00edcios ao seu usu\u00e1rio; no entanto, se muitos indiv\u00edduos se comportam da mesma maneira, resulta uma situa\u00e7\u00e3o que \u00e9 indesej\u00e1vel para todos (os congestionamentos), j\u00e1 [&hellip;]\" \/>\n<meta property=\"og:url\" content=\"https:\/\/www.institutodeengenharia.org.br\/site\/2007\/08\/20\/sobre-os-congestionamentos-em-sao-paulo\/\" \/>\n<meta property=\"og:site_name\" content=\"Instituto de Engenharia\" \/>\n<meta property=\"article:publisher\" content=\"https:\/\/www.facebook.com\/institutodeengenharia\" \/>\n<meta property=\"article:published_time\" content=\"2007-08-20T21:45:58+00:00\" \/>\n<meta property=\"article:modified_time\" content=\"2007-08-31T16:43:51+00:00\" \/>\n<meta name=\"author\" content=\"TMax Tecnologia\" \/>\n<meta name=\"twitter:card\" content=\"summary_large_image\" \/>\n<meta name=\"twitter:creator\" content=\"@iengenharia\" \/>\n<meta name=\"twitter:site\" content=\"@iengenharia\" \/>\n<meta name=\"twitter:label1\" content=\"Escrito por\" \/>\n\t<meta name=\"twitter:data1\" content=\"TMax Tecnologia\" \/>\n\t<meta name=\"twitter:label2\" content=\"Est. tempo de leitura\" \/>\n\t<meta name=\"twitter:data2\" content=\"3 minutos\" \/>\n<script type=\"application\/ld+json\" class=\"yoast-schema-graph\">{\"@context\":\"https:\/\/schema.org\",\"@graph\":[{\"@type\":\"Article\",\"@id\":\"https:\/\/www.institutodeengenharia.org.br\/site\/2007\/08\/20\/sobre-os-congestionamentos-em-sao-paulo\/#article\",\"isPartOf\":{\"@id\":\"https:\/\/www.institutodeengenharia.org.br\/site\/2007\/08\/20\/sobre-os-congestionamentos-em-sao-paulo\/\"},\"author\":{\"name\":\"TMax Tecnologia\",\"@id\":\"https:\/\/www.institutodeengenharia.org.br\/site\/#\/schema\/person\/3b1ff109facef084739fc2edcb9a127f\"},\"headline\":\"Sobre os congestionamentos em S\u00e3o Paulo\",\"datePublished\":\"2007-08-20T21:45:58+00:00\",\"dateModified\":\"2007-08-31T16:43:51+00:00\",\"mainEntityOfPage\":{\"@id\":\"https:\/\/www.institutodeengenharia.org.br\/site\/2007\/08\/20\/sobre-os-congestionamentos-em-sao-paulo\/\"},\"wordCount\":643,\"commentCount\":0,\"publisher\":{\"@id\":\"https:\/\/www.institutodeengenharia.org.br\/site\/#organization\"},\"articleSection\":[\"Artigos\"],\"inLanguage\":\"pt-BR\",\"potentialAction\":[{\"@type\":\"CommentAction\",\"name\":\"Comment\",\"target\":[\"https:\/\/www.institutodeengenharia.org.br\/site\/2007\/08\/20\/sobre-os-congestionamentos-em-sao-paulo\/#respond\"]}]},{\"@type\":\"WebPage\",\"@id\":\"https:\/\/www.institutodeengenharia.org.br\/site\/2007\/08\/20\/sobre-os-congestionamentos-em-sao-paulo\/\",\"url\":\"https:\/\/www.institutodeengenharia.org.br\/site\/2007\/08\/20\/sobre-os-congestionamentos-em-sao-paulo\/\",\"name\":\"Sobre os congestionamentos em S\u00e3o Paulo - Instituto de Engenharia\",\"isPartOf\":{\"@id\":\"https:\/\/www.institutodeengenharia.org.br\/site\/#website\"},\"datePublished\":\"2007-08-20T21:45:58+00:00\",\"dateModified\":\"2007-08-31T16:43:51+00:00\",\"breadcrumb\":{\"@id\":\"https:\/\/www.institutodeengenharia.org.br\/site\/2007\/08\/20\/sobre-os-congestionamentos-em-sao-paulo\/#breadcrumb\"},\"inLanguage\":\"pt-BR\",\"potentialAction\":[{\"@type\":\"ReadAction\",\"target\":[\"https:\/\/www.institutodeengenharia.org.br\/site\/2007\/08\/20\/sobre-os-congestionamentos-em-sao-paulo\/\"]}]},{\"@type\":\"BreadcrumbList\",\"@id\":\"https:\/\/www.institutodeengenharia.org.br\/site\/2007\/08\/20\/sobre-os-congestionamentos-em-sao-paulo\/#breadcrumb\",\"itemListElement\":[{\"@type\":\"ListItem\",\"position\":1,\"name\":\"In\u00edcio\",\"item\":\"https:\/\/www.institutodeengenharia.org.br\/site\/\"},{\"@type\":\"ListItem\",\"position\":2,\"name\":\"Sobre os congestionamentos em S\u00e3o Paulo\"}]},{\"@type\":\"WebSite\",\"@id\":\"https:\/\/www.institutodeengenharia.org.br\/site\/#website\",\"url\":\"https:\/\/www.institutodeengenharia.org.br\/site\/\",\"name\":\"Instituto de Engenharia\",\"description\":\"O Instituto de Engenharia promove a Engenharia em benef\u00edcio do desenvolvimento e da qualidade de vida da sociedade.\",\"publisher\":{\"@id\":\"https:\/\/www.institutodeengenharia.org.br\/site\/#organization\"},\"potentialAction\":[{\"@type\":\"SearchAction\",\"target\":{\"@type\":\"EntryPoint\",\"urlTemplate\":\"https:\/\/www.institutodeengenharia.org.br\/site\/?s={search_term_string}\"},\"query-input\":{\"@type\":\"PropertyValueSpecification\",\"valueRequired\":true,\"valueName\":\"search_term_string\"}}],\"inLanguage\":\"pt-BR\"},{\"@type\":\"Organization\",\"@id\":\"https:\/\/www.institutodeengenharia.org.br\/site\/#organization\",\"name\":\"Instituto de Engenharia\",\"url\":\"https:\/\/www.institutodeengenharia.org.br\/site\/\",\"logo\":{\"@type\":\"ImageObject\",\"inLanguage\":\"pt-BR\",\"@id\":\"https:\/\/www.institutodeengenharia.org.br\/site\/#\/schema\/logo\/image\/\",\"url\":\"https:\/\/www.institutodeengenharia.org.br\/site\/wp-content\/uploads\/2019\/03\/logo-novo-IE2018-1.jpg\",\"contentUrl\":\"https:\/\/www.institutodeengenharia.org.br\/site\/wp-content\/uploads\/2019\/03\/logo-novo-IE2018-1.jpg\",\"width\":1486,\"height\":1879,\"caption\":\"Instituto de Engenharia\"},\"image\":{\"@id\":\"https:\/\/www.institutodeengenharia.org.br\/site\/#\/schema\/logo\/image\/\"},\"sameAs\":[\"https:\/\/www.facebook.com\/institutodeengenharia\",\"https:\/\/x.com\/iengenharia\",\"https:\/\/www.instagram.com\/institutodeengenharia\/\",\"https:\/\/www.linkedin.com\/company\/instituto-de-engenharia\/\",\"https:\/\/www.youtube.com\/channel\/UCXiCAlsSMe977vamW915HxA\"]},{\"@type\":\"Person\",\"@id\":\"https:\/\/www.institutodeengenharia.org.br\/site\/#\/schema\/person\/3b1ff109facef084739fc2edcb9a127f\",\"name\":\"TMax Tecnologia\",\"image\":{\"@type\":\"ImageObject\",\"inLanguage\":\"pt-BR\",\"@id\":\"https:\/\/secure.gravatar.com\/avatar\/f912434ef7f389c92cb311fcdae346af848465d638912574b3c669070f797701?s=96&d=mm&r=g\",\"url\":\"https:\/\/secure.gravatar.com\/avatar\/f912434ef7f389c92cb311fcdae346af848465d638912574b3c669070f797701?s=96&d=mm&r=g\",\"contentUrl\":\"https:\/\/secure.gravatar.com\/avatar\/f912434ef7f389c92cb311fcdae346af848465d638912574b3c669070f797701?s=96&d=mm&r=g\",\"caption\":\"TMax Tecnologia\"},\"url\":\"https:\/\/www.institutodeengenharia.org.br\/site\/author\/tmax\/\"}]}<\/script>\n<!-- \/ Yoast SEO plugin. -->","yoast_head_json":{"title":"Sobre os congestionamentos em S\u00e3o Paulo - Instituto de Engenharia","robots":{"index":"index","follow":"follow","max-snippet":"max-snippet:-1","max-image-preview":"max-image-preview:large","max-video-preview":"max-video-preview:-1"},"canonical":"https:\/\/www.institutodeengenharia.org.br\/site\/2007\/08\/20\/sobre-os-congestionamentos-em-sao-paulo\/","og_locale":"pt_BR","og_type":"article","og_title":"Sobre os congestionamentos em S\u00e3o Paulo - Instituto de Engenharia","og_description":"Est\u00e1 na raiz dos congestionamentos das grandes cidades o cl\u00e1ssico dilema social causado pelo conflito entre o individual e o coletivo. A decis\u00e3o individual de usar um carro pode trazer benef\u00edcios ao seu usu\u00e1rio; no entanto, se muitos indiv\u00edduos se comportam da mesma maneira, resulta uma situa\u00e7\u00e3o que \u00e9 indesej\u00e1vel para todos (os congestionamentos), j\u00e1 [&hellip;]","og_url":"https:\/\/www.institutodeengenharia.org.br\/site\/2007\/08\/20\/sobre-os-congestionamentos-em-sao-paulo\/","og_site_name":"Instituto de Engenharia","article_publisher":"https:\/\/www.facebook.com\/institutodeengenharia","article_published_time":"2007-08-20T21:45:58+00:00","article_modified_time":"2007-08-31T16:43:51+00:00","author":"TMax Tecnologia","twitter_card":"summary_large_image","twitter_creator":"@iengenharia","twitter_site":"@iengenharia","twitter_misc":{"Escrito por":"TMax Tecnologia","Est. tempo de leitura":"3 minutos"},"schema":{"@context":"https:\/\/schema.org","@graph":[{"@type":"Article","@id":"https:\/\/www.institutodeengenharia.org.br\/site\/2007\/08\/20\/sobre-os-congestionamentos-em-sao-paulo\/#article","isPartOf":{"@id":"https:\/\/www.institutodeengenharia.org.br\/site\/2007\/08\/20\/sobre-os-congestionamentos-em-sao-paulo\/"},"author":{"name":"TMax Tecnologia","@id":"https:\/\/www.institutodeengenharia.org.br\/site\/#\/schema\/person\/3b1ff109facef084739fc2edcb9a127f"},"headline":"Sobre os congestionamentos em S\u00e3o Paulo","datePublished":"2007-08-20T21:45:58+00:00","dateModified":"2007-08-31T16:43:51+00:00","mainEntityOfPage":{"@id":"https:\/\/www.institutodeengenharia.org.br\/site\/2007\/08\/20\/sobre-os-congestionamentos-em-sao-paulo\/"},"wordCount":643,"commentCount":0,"publisher":{"@id":"https:\/\/www.institutodeengenharia.org.br\/site\/#organization"},"articleSection":["Artigos"],"inLanguage":"pt-BR","potentialAction":[{"@type":"CommentAction","name":"Comment","target":["https:\/\/www.institutodeengenharia.org.br\/site\/2007\/08\/20\/sobre-os-congestionamentos-em-sao-paulo\/#respond"]}]},{"@type":"WebPage","@id":"https:\/\/www.institutodeengenharia.org.br\/site\/2007\/08\/20\/sobre-os-congestionamentos-em-sao-paulo\/","url":"https:\/\/www.institutodeengenharia.org.br\/site\/2007\/08\/20\/sobre-os-congestionamentos-em-sao-paulo\/","name":"Sobre os congestionamentos em S\u00e3o Paulo - Instituto de Engenharia","isPartOf":{"@id":"https:\/\/www.institutodeengenharia.org.br\/site\/#website"},"datePublished":"2007-08-20T21:45:58+00:00","dateModified":"2007-08-31T16:43:51+00:00","breadcrumb":{"@id":"https:\/\/www.institutodeengenharia.org.br\/site\/2007\/08\/20\/sobre-os-congestionamentos-em-sao-paulo\/#breadcrumb"},"inLanguage":"pt-BR","potentialAction":[{"@type":"ReadAction","target":["https:\/\/www.institutodeengenharia.org.br\/site\/2007\/08\/20\/sobre-os-congestionamentos-em-sao-paulo\/"]}]},{"@type":"BreadcrumbList","@id":"https:\/\/www.institutodeengenharia.org.br\/site\/2007\/08\/20\/sobre-os-congestionamentos-em-sao-paulo\/#breadcrumb","itemListElement":[{"@type":"ListItem","position":1,"name":"In\u00edcio","item":"https:\/\/www.institutodeengenharia.org.br\/site\/"},{"@type":"ListItem","position":2,"name":"Sobre os congestionamentos em S\u00e3o Paulo"}]},{"@type":"WebSite","@id":"https:\/\/www.institutodeengenharia.org.br\/site\/#website","url":"https:\/\/www.institutodeengenharia.org.br\/site\/","name":"Instituto de Engenharia","description":"O Instituto de Engenharia promove a Engenharia em benef\u00edcio do desenvolvimento e da qualidade de vida da sociedade.","publisher":{"@id":"https:\/\/www.institutodeengenharia.org.br\/site\/#organization"},"potentialAction":[{"@type":"SearchAction","target":{"@type":"EntryPoint","urlTemplate":"https:\/\/www.institutodeengenharia.org.br\/site\/?s={search_term_string}"},"query-input":{"@type":"PropertyValueSpecification","valueRequired":true,"valueName":"search_term_string"}}],"inLanguage":"pt-BR"},{"@type":"Organization","@id":"https:\/\/www.institutodeengenharia.org.br\/site\/#organization","name":"Instituto de Engenharia","url":"https:\/\/www.institutodeengenharia.org.br\/site\/","logo":{"@type":"ImageObject","inLanguage":"pt-BR","@id":"https:\/\/www.institutodeengenharia.org.br\/site\/#\/schema\/logo\/image\/","url":"https:\/\/www.institutodeengenharia.org.br\/site\/wp-content\/uploads\/2019\/03\/logo-novo-IE2018-1.jpg","contentUrl":"https:\/\/www.institutodeengenharia.org.br\/site\/wp-content\/uploads\/2019\/03\/logo-novo-IE2018-1.jpg","width":1486,"height":1879,"caption":"Instituto de Engenharia"},"image":{"@id":"https:\/\/www.institutodeengenharia.org.br\/site\/#\/schema\/logo\/image\/"},"sameAs":["https:\/\/www.facebook.com\/institutodeengenharia","https:\/\/x.com\/iengenharia","https:\/\/www.instagram.com\/institutodeengenharia\/","https:\/\/www.linkedin.com\/company\/instituto-de-engenharia\/","https:\/\/www.youtube.com\/channel\/UCXiCAlsSMe977vamW915HxA"]},{"@type":"Person","@id":"https:\/\/www.institutodeengenharia.org.br\/site\/#\/schema\/person\/3b1ff109facef084739fc2edcb9a127f","name":"TMax Tecnologia","image":{"@type":"ImageObject","inLanguage":"pt-BR","@id":"https:\/\/secure.gravatar.com\/avatar\/f912434ef7f389c92cb311fcdae346af848465d638912574b3c669070f797701?s=96&d=mm&r=g","url":"https:\/\/secure.gravatar.com\/avatar\/f912434ef7f389c92cb311fcdae346af848465d638912574b3c669070f797701?s=96&d=mm&r=g","contentUrl":"https:\/\/secure.gravatar.com\/avatar\/f912434ef7f389c92cb311fcdae346af848465d638912574b3c669070f797701?s=96&d=mm&r=g","caption":"TMax Tecnologia"},"url":"https:\/\/www.institutodeengenharia.org.br\/site\/author\/tmax\/"}]}},"_links":{"self":[{"href":"https:\/\/www.institutodeengenharia.org.br\/site\/wp-json\/wp\/v2\/posts\/14474","targetHints":{"allow":["GET"]}}],"collection":[{"href":"https:\/\/www.institutodeengenharia.org.br\/site\/wp-json\/wp\/v2\/posts"}],"about":[{"href":"https:\/\/www.institutodeengenharia.org.br\/site\/wp-json\/wp\/v2\/types\/post"}],"author":[{"embeddable":true,"href":"https:\/\/www.institutodeengenharia.org.br\/site\/wp-json\/wp\/v2\/users\/1"}],"replies":[{"embeddable":true,"href":"https:\/\/www.institutodeengenharia.org.br\/site\/wp-json\/wp\/v2\/comments?post=14474"}],"version-history":[{"count":0,"href":"https:\/\/www.institutodeengenharia.org.br\/site\/wp-json\/wp\/v2\/posts\/14474\/revisions"}],"wp:attachment":[{"href":"https:\/\/www.institutodeengenharia.org.br\/site\/wp-json\/wp\/v2\/media?parent=14474"}],"wp:term":[{"taxonomy":"category","embeddable":true,"href":"https:\/\/www.institutodeengenharia.org.br\/site\/wp-json\/wp\/v2\/categories?post=14474"},{"taxonomy":"post_tag","embeddable":true,"href":"https:\/\/www.institutodeengenharia.org.br\/site\/wp-json\/wp\/v2\/tags?post=14474"}],"curies":[{"name":"wp","href":"https:\/\/api.w.org\/{rel}","templated":true}]}}