{"id":14472,"date":"2007-07-28T21:45:57","date_gmt":"2007-07-28T21:45:57","guid":{"rendered":"https:\/\/www.institutodeengenharia.org.br\/?p=14472"},"modified":"2007-08-29T17:56:54","modified_gmt":"2007-08-29T17:56:54","slug":"brasil-tem-maior-mina-de-ferro-do-mundo","status":"publish","type":"post","link":"https:\/\/www.institutodeengenharia.org.br\/site\/2007\/07\/28\/brasil-tem-maior-mina-de-ferro-do-mundo\/","title":{"rendered":"Brasil tem maior mina de ferro do Mundo"},"content":{"rendered":"<p>O maior complexo minerador de ferro de alto teor do Mundo est\u00e1 em Caraj\u00e1s, no Par\u00e1, cerca de 17 bilh\u00f5es de toneladas, exploradas a c\u00e9u aberto &#8211; N4E, N4W-N, N5W e N5E. A descoberta foi realizada em 1965, quando a US Steel iniciou suas pesquisas minerais na serra em busca de mangan\u00eas.<br \/>\n\u00a0<br \/>\nA abertura da mina de N4E aconteceu em 1984. No final do ano seguinte, a produ\u00e7\u00e3o chegou a um milh\u00e3o de toneladas de min\u00e9rio de ferro produzidas em uma usina de beneficiamento semi-industrial.\u00a0<br \/>\nNo terceiro ano de opera\u00e7\u00e3o, em 1986, com a entrada da usina de beneficiamento em escala industrial, com capacidade instalada de 30 milh\u00f5es de toneladas\/ano, foram produzidos em Caraj\u00e1s 13,5 milh\u00f5es de toneladas de produto final, exclusivamente com o min\u00e9rio da mina de N4E.<br \/>\n\u00a0<br \/>\nPara realizar o transporte do min\u00e9rio da mina at\u00e9 a usina de beneficiamento s\u00e3o utilizados caminh\u00f5es fora-de-estrada, com sete metros de altura, oito de largura, treze de comprimento. S\u00f3 o pneu mede tr\u00eas metros de altura. Os fora-de-estrada t\u00eam capacidade para transportar 252 toneladas de carga, 10 vezes mais do que um caminh\u00e3o utilizado na constru\u00e7\u00e3o civil.\u00a0<\/p>\n<p>As opera\u00e7\u00f5es de lavra em Caraj\u00e1s s\u00e3o executadas pelo m\u00e9todo a c\u00e9u aberto com bancadas de 15 metros de altura, pela Companhia Vale do Rio Doce (CVRD). O min\u00e9rio \u00e9 levado para uma instala\u00e7\u00e3o de britagem prim\u00e1ria fixa e outras tr\u00eas instala\u00e7\u00f5es semi-m\u00f3veis, em caminh\u00f5es. J\u00e1 o transporte das britagens que ficam pr\u00f3ximas \u00e0s frentes de lavra at\u00e9 a usina industrial \u00e9 realizado por meio de correias transportadoras que reduzem os custos de transporte.\u00a0<\/p>\n<p>O material descartado para produ\u00e7\u00e3o \u00e9 disposto em dep\u00f3sitos apropriados, convenientemente monitorados, e localizados em \u00e1reas que circundam as minas. Durante o processo de beneficiamento, o min\u00e9rio \u00e9 britado e classificado por meio de peneiras, ciclones e classificadores espirais. O resultado s\u00e3o tr\u00eas tipos de produtos diferentes: o granulado, sinter-feed e pellet feed.\u00a0<\/p>\n<p>2006 \u2013 No ano passado foram produzidos 81,7 milh\u00f5es de toneladas e a previs\u00e3o \u00e9 que, este ano, a produ\u00e7\u00e3o alcance 100 milh\u00f5es de toneladas de min\u00e9rio. N\u00fameros que fazem com que a CVRD ocupe a posi\u00e7\u00e3o de maior exportadora global de min\u00e9rio de ferro e pelotas, comercializando seus produtos para ind\u00fastrias sider\u00fargicas do mundo inteiro e, principalmente, para os grandes produtores de a\u00e7o do Brasil, Europa e \u00c1sia.\u00a0<\/p>\n<p>Programas ambientais &#8211; A responsabilidade ambiental \u00e9 uma das prioridades da CVRD, que mant\u00e9m diversos programas na \u00e1rea ambiental. Um deles \u00e9 o Plano de Recupera\u00e7\u00e3o de \u00c1reas Degradadas visando a recupera\u00e7\u00e3o imediata das \u00e1reas mineradas, onde o min\u00e9rio j\u00e1 tenha sido esgotado, bem como em \u00e1reas de pilha de est\u00e9ril j\u00e1 finalizada. A cada ano, ap\u00f3s a conforma\u00e7\u00e3o do terreno, a Ger\u00eancia de Opera\u00e7\u00f5es de Minas disponibiliza as \u00e1reas a serem revegetadas, onde \u00e9 feito o plantio de esp\u00e9cies nativas de r\u00e1pido recobrimento.\u00a0<\/p>\n<p>Ligado \u00e0 recupera\u00e7\u00e3o de \u00e1reas degradadas, \u00e9 feito o resgate de ep\u00edfitas (orqu\u00eddeas e brom\u00e9lias) nas \u00e1reas de avan\u00e7o de lavra &#8211; todas autorizadas pelo Ibama &#8211; bem como o salvamento de animais encontrados durante a supress\u00e3o da vegeta\u00e7\u00e3o. J\u00e1 foram resgatadas cerca de 30 mil ep\u00edfitas. Isso \u00e9 feito para evitar a extin\u00e7\u00e3o das esp\u00e9cies que s\u00e3o muito ricas na floresta. Ap\u00f3s o resgate, as ep\u00edfitas s\u00e3o incorporadas ao orquid\u00e1rio, em \u00e1reas j\u00e1 revegetadas e no Parque Zoobot\u00e2nico.\u00a0<\/p>\n<p>Responsabilidade &#8211; A responsabilidade de uso adequado dos recursos naturais renov\u00e1veis vai al\u00e9m da explora\u00e7\u00e3o de minerais. A gest\u00e3o ambiental da Vale tamb\u00e9m atua junto \u00e0s Ger\u00eancias de Opera\u00e7\u00f5es na supress\u00e3o de vegeta\u00e7\u00e3o em \u00e1reas destinadas ao avan\u00e7o das frentes de minera\u00e7\u00e3o. Todo o produto florestal com potencial madeireiro retirado dessas \u00e1reas s\u00e3o quantificados e valorados e submetidos \u00e0 venda ou doa\u00e7\u00e3o \u00e0s comunidades locais, sempre em parceria com os \u00f3rg\u00e3os ambientais competentes.\u00a0<\/p>\n<p>A empresa tamb\u00e9m realiza o monitoramento ambiental da qualidade da \u00e1gua e do ar em suas \u00e1reas de influ\u00eancia, como as minas de ferro e o n\u00facleo urbano. Para cada \u00e1rea h\u00e1 um plano de monitoramento espec\u00edfico. \u00c9 supervisionada a qualidade da \u00e1gua superficial, pot\u00e1vel e de efluentes l\u00edquidos, atrav\u00e9s de an\u00e1lises f\u00edsico-qu\u00edmicas e bacteriol\u00f3gicas que identificam se a \u00e1gua segue os padr\u00f5es da legisla\u00e7\u00e3o ambiental, sendo que essas a\u00e7\u00f5es est\u00e3o todas alinhadas dentro do Programa de Gest\u00e3o Integrada de Recursos H\u00eddricos.\u00a0<\/p>\n<p>Reaproveitamento &#8211; Parte do res\u00edduo dom\u00e9stico gerado em Caraj\u00e1s \u00e9 aproveitado. Todo detrito org\u00e2nico coletado dos restaurantes do n\u00facleo e tamb\u00e9m da mina s\u00e3o levados para a Central de Materiais Descartados e depois para a Usina de Compostagem. O res\u00edduo industrial tamb\u00e9m \u00e9 tratado. <br \/>\nS\u00e3o coletados sucata met\u00e1lica, sucata de borracha, baterias, roletes, \u00f3leo usado etc. Ap\u00f3s a coleta, s\u00e3o encaminhados para estocagem tempor\u00e1ria e, posteriormente, vendidos para empresas especializadas em reciclagem, tratamento e disposi\u00e7\u00e3o final adequada desses materiais. Detalhe: a aquisi\u00e7\u00e3o desse material s\u00f3 \u00e9 efetuada por empresas que estejam dentro dos padr\u00f5es ambientais legais e sejam\u00a0<br \/>\ncredenciadas pela Vale.\u00a0<\/p>\n<p>As opera\u00e7\u00f5es nas Minas de Ferro de Caraj\u00e1s s\u00e3o baseadas em um Sistema de Gest\u00e3o da Qualidade Ambiental &#8211; SGQA, implementado e certificado dentro dos padr\u00f5es e procedimentos da Norma ISO 14001.\u00a0<\/p>\n<p>Seguran\u00e7a: A companhia recebeu a certifica\u00e7\u00e3o do OHSAS 18001, comprovando o cumprimento de requisitos em sa\u00fade e seguran\u00e7a ocupacional.\u00a0<\/p>\n<p>Curiosidade\u00a0<br \/>\n&#8211; Em rela\u00e7\u00e3o \u00e0 dureza e abund\u00e2ncia de jazidas, o ferro \u00e9 considerado um metal superior ao bronze, formado por uma s\u00e9rie de ligas met\u00e1licas que tem como base o cobre.\u00a0<br \/>\n&#8211; A primeira obra importante com a utiliza\u00e7\u00e3o de ferro ocorreu em 1779, com a constru\u00e7\u00e3o da ponte sobre o Severn em Coalbrookdale, na Inglaterra, projetada por Abraham Darby com v\u00e3o de 30m.\u00a0<br \/>\n&#8211; J\u00e1 o primeiro edif\u00edcio industrial em ferro foi feito em Manchester, em 1801. <\/p>\n<p><b>Autor: Viviane Nunes<\/b><\/p>\n","protected":false},"excerpt":{"rendered":"<p>O maior complexo minerador de ferro de alto teor do Mundo est\u00e1 em Caraj\u00e1s, no Par\u00e1, cerca de 17 bilh\u00f5es de toneladas, exploradas a c\u00e9u aberto &#8211; N4E, N4W-N, N5W e N5E. A descoberta foi realizada em 1965, quando a US Steel iniciou suas pesquisas minerais na serra em busca de mangan\u00eas. \u00a0 A abertura [&hellip;]<\/p>\n","protected":false},"author":1,"featured_media":14473,"comment_status":"open","ping_status":"open","sticky":false,"template":"","format":"standard","meta":{"footnotes":""},"categories":[33,6],"tags":[],"class_list":{"0":"post-14472","1":"post","2":"type-post","3":"status-publish","4":"format-standard","5":"has-post-thumbnail","7":"category-minas-e-metalurgia","8":"category-noticias"},"yoast_head":"<!-- This site is optimized with the Yoast SEO plugin v27.2 - https:\/\/yoast.com\/product\/yoast-seo-wordpress\/ -->\n<title>Brasil tem maior mina de ferro do Mundo - Instituto de Engenharia<\/title>\n<meta name=\"robots\" content=\"index, follow, max-snippet:-1, max-image-preview:large, max-video-preview:-1\" \/>\n<link rel=\"canonical\" href=\"https:\/\/www.institutodeengenharia.org.br\/site\/2007\/07\/28\/brasil-tem-maior-mina-de-ferro-do-mundo\/\" \/>\n<meta property=\"og:locale\" content=\"pt_BR\" \/>\n<meta property=\"og:type\" content=\"article\" \/>\n<meta property=\"og:title\" content=\"Brasil tem maior mina de ferro do Mundo - Instituto de Engenharia\" \/>\n<meta property=\"og:description\" content=\"O maior complexo minerador de ferro de alto teor do Mundo est\u00e1 em Caraj\u00e1s, no Par\u00e1, cerca de 17 bilh\u00f5es de toneladas, exploradas a c\u00e9u aberto &#8211; N4E, N4W-N, N5W e N5E. A descoberta foi realizada em 1965, quando a US Steel iniciou suas pesquisas minerais na serra em busca de mangan\u00eas. \u00a0 A abertura [&hellip;]\" \/>\n<meta property=\"og:url\" content=\"https:\/\/www.institutodeengenharia.org.br\/site\/2007\/07\/28\/brasil-tem-maior-mina-de-ferro-do-mundo\/\" \/>\n<meta property=\"og:site_name\" content=\"Instituto de Engenharia\" \/>\n<meta property=\"article:publisher\" content=\"https:\/\/www.facebook.com\/institutodeengenharia\" \/>\n<meta property=\"article:published_time\" content=\"2007-07-28T21:45:57+00:00\" \/>\n<meta property=\"article:modified_time\" content=\"2007-08-29T17:56:54+00:00\" \/>\n<meta property=\"og:image\" content=\"https:\/\/www.institutodeengenharia.org.br\/site\/wp-content\/uploads\/2017\/10\/noticia73.jpg\" \/>\n\t<meta property=\"og:image:width\" content=\"195\" \/>\n\t<meta property=\"og:image:height\" content=\"129\" \/>\n\t<meta property=\"og:image:type\" content=\"image\/jpeg\" \/>\n<meta name=\"author\" content=\"TMax Tecnologia\" \/>\n<meta name=\"twitter:card\" content=\"summary_large_image\" \/>\n<meta name=\"twitter:creator\" content=\"@iengenharia\" \/>\n<meta name=\"twitter:site\" content=\"@iengenharia\" \/>\n<meta name=\"twitter:label1\" content=\"Escrito por\" \/>\n\t<meta name=\"twitter:data1\" content=\"TMax Tecnologia\" \/>\n\t<meta name=\"twitter:label2\" content=\"Est. tempo de leitura\" \/>\n\t<meta name=\"twitter:data2\" content=\"5 minutos\" \/>\n<script type=\"application\/ld+json\" class=\"yoast-schema-graph\">{\"@context\":\"https:\/\/schema.org\",\"@graph\":[{\"@type\":\"Article\",\"@id\":\"https:\/\/www.institutodeengenharia.org.br\/site\/2007\/07\/28\/brasil-tem-maior-mina-de-ferro-do-mundo\/#article\",\"isPartOf\":{\"@id\":\"https:\/\/www.institutodeengenharia.org.br\/site\/2007\/07\/28\/brasil-tem-maior-mina-de-ferro-do-mundo\/\"},\"author\":{\"name\":\"TMax Tecnologia\",\"@id\":\"https:\/\/www.institutodeengenharia.org.br\/site\/#\/schema\/person\/3b1ff109facef084739fc2edcb9a127f\"},\"headline\":\"Brasil tem maior mina de ferro do Mundo\",\"datePublished\":\"2007-07-28T21:45:57+00:00\",\"dateModified\":\"2007-08-29T17:56:54+00:00\",\"mainEntityOfPage\":{\"@id\":\"https:\/\/www.institutodeengenharia.org.br\/site\/2007\/07\/28\/brasil-tem-maior-mina-de-ferro-do-mundo\/\"},\"wordCount\":1053,\"commentCount\":0,\"publisher\":{\"@id\":\"https:\/\/www.institutodeengenharia.org.br\/site\/#organization\"},\"image\":{\"@id\":\"https:\/\/www.institutodeengenharia.org.br\/site\/2007\/07\/28\/brasil-tem-maior-mina-de-ferro-do-mundo\/#primaryimage\"},\"thumbnailUrl\":\"https:\/\/www.institutodeengenharia.org.br\/site\/wp-content\/uploads\/2017\/10\/noticia73.jpg\",\"articleSection\":[\"Minas e Metalurgia\",\"Not\u00edcias\"],\"inLanguage\":\"pt-BR\",\"potentialAction\":[{\"@type\":\"CommentAction\",\"name\":\"Comment\",\"target\":[\"https:\/\/www.institutodeengenharia.org.br\/site\/2007\/07\/28\/brasil-tem-maior-mina-de-ferro-do-mundo\/#respond\"]}]},{\"@type\":\"WebPage\",\"@id\":\"https:\/\/www.institutodeengenharia.org.br\/site\/2007\/07\/28\/brasil-tem-maior-mina-de-ferro-do-mundo\/\",\"url\":\"https:\/\/www.institutodeengenharia.org.br\/site\/2007\/07\/28\/brasil-tem-maior-mina-de-ferro-do-mundo\/\",\"name\":\"Brasil tem maior mina de ferro do Mundo - Instituto de Engenharia\",\"isPartOf\":{\"@id\":\"https:\/\/www.institutodeengenharia.org.br\/site\/#website\"},\"primaryImageOfPage\":{\"@id\":\"https:\/\/www.institutodeengenharia.org.br\/site\/2007\/07\/28\/brasil-tem-maior-mina-de-ferro-do-mundo\/#primaryimage\"},\"image\":{\"@id\":\"https:\/\/www.institutodeengenharia.org.br\/site\/2007\/07\/28\/brasil-tem-maior-mina-de-ferro-do-mundo\/#primaryimage\"},\"thumbnailUrl\":\"https:\/\/www.institutodeengenharia.org.br\/site\/wp-content\/uploads\/2017\/10\/noticia73.jpg\",\"datePublished\":\"2007-07-28T21:45:57+00:00\",\"dateModified\":\"2007-08-29T17:56:54+00:00\",\"breadcrumb\":{\"@id\":\"https:\/\/www.institutodeengenharia.org.br\/site\/2007\/07\/28\/brasil-tem-maior-mina-de-ferro-do-mundo\/#breadcrumb\"},\"inLanguage\":\"pt-BR\",\"potentialAction\":[{\"@type\":\"ReadAction\",\"target\":[\"https:\/\/www.institutodeengenharia.org.br\/site\/2007\/07\/28\/brasil-tem-maior-mina-de-ferro-do-mundo\/\"]}]},{\"@type\":\"ImageObject\",\"inLanguage\":\"pt-BR\",\"@id\":\"https:\/\/www.institutodeengenharia.org.br\/site\/2007\/07\/28\/brasil-tem-maior-mina-de-ferro-do-mundo\/#primaryimage\",\"url\":\"https:\/\/www.institutodeengenharia.org.br\/site\/wp-content\/uploads\/2017\/10\/noticia73.jpg\",\"contentUrl\":\"https:\/\/www.institutodeengenharia.org.br\/site\/wp-content\/uploads\/2017\/10\/noticia73.jpg\",\"width\":195,\"height\":129,\"caption\":\"Caraj\u00e1s, a maior mina de ferro de alto teor do Mundo\"},{\"@type\":\"BreadcrumbList\",\"@id\":\"https:\/\/www.institutodeengenharia.org.br\/site\/2007\/07\/28\/brasil-tem-maior-mina-de-ferro-do-mundo\/#breadcrumb\",\"itemListElement\":[{\"@type\":\"ListItem\",\"position\":1,\"name\":\"In\u00edcio\",\"item\":\"https:\/\/www.institutodeengenharia.org.br\/site\/\"},{\"@type\":\"ListItem\",\"position\":2,\"name\":\"Brasil tem maior mina de ferro do Mundo\"}]},{\"@type\":\"WebSite\",\"@id\":\"https:\/\/www.institutodeengenharia.org.br\/site\/#website\",\"url\":\"https:\/\/www.institutodeengenharia.org.br\/site\/\",\"name\":\"Instituto de Engenharia\",\"description\":\"O Instituto de Engenharia promove a Engenharia em benef\u00edcio do desenvolvimento e da qualidade de vida da sociedade.\",\"publisher\":{\"@id\":\"https:\/\/www.institutodeengenharia.org.br\/site\/#organization\"},\"potentialAction\":[{\"@type\":\"SearchAction\",\"target\":{\"@type\":\"EntryPoint\",\"urlTemplate\":\"https:\/\/www.institutodeengenharia.org.br\/site\/?s={search_term_string}\"},\"query-input\":{\"@type\":\"PropertyValueSpecification\",\"valueRequired\":true,\"valueName\":\"search_term_string\"}}],\"inLanguage\":\"pt-BR\"},{\"@type\":\"Organization\",\"@id\":\"https:\/\/www.institutodeengenharia.org.br\/site\/#organization\",\"name\":\"Instituto de Engenharia\",\"url\":\"https:\/\/www.institutodeengenharia.org.br\/site\/\",\"logo\":{\"@type\":\"ImageObject\",\"inLanguage\":\"pt-BR\",\"@id\":\"https:\/\/www.institutodeengenharia.org.br\/site\/#\/schema\/logo\/image\/\",\"url\":\"https:\/\/www.institutodeengenharia.org.br\/site\/wp-content\/uploads\/2019\/03\/logo-novo-IE2018-1.jpg\",\"contentUrl\":\"https:\/\/www.institutodeengenharia.org.br\/site\/wp-content\/uploads\/2019\/03\/logo-novo-IE2018-1.jpg\",\"width\":1486,\"height\":1879,\"caption\":\"Instituto de Engenharia\"},\"image\":{\"@id\":\"https:\/\/www.institutodeengenharia.org.br\/site\/#\/schema\/logo\/image\/\"},\"sameAs\":[\"https:\/\/www.facebook.com\/institutodeengenharia\",\"https:\/\/x.com\/iengenharia\",\"https:\/\/www.instagram.com\/institutodeengenharia\/\",\"https:\/\/www.linkedin.com\/company\/instituto-de-engenharia\/\",\"https:\/\/www.youtube.com\/channel\/UCXiCAlsSMe977vamW915HxA\"]},{\"@type\":\"Person\",\"@id\":\"https:\/\/www.institutodeengenharia.org.br\/site\/#\/schema\/person\/3b1ff109facef084739fc2edcb9a127f\",\"name\":\"TMax Tecnologia\",\"image\":{\"@type\":\"ImageObject\",\"inLanguage\":\"pt-BR\",\"@id\":\"https:\/\/secure.gravatar.com\/avatar\/f912434ef7f389c92cb311fcdae346af848465d638912574b3c669070f797701?s=96&d=mm&r=g\",\"url\":\"https:\/\/secure.gravatar.com\/avatar\/f912434ef7f389c92cb311fcdae346af848465d638912574b3c669070f797701?s=96&d=mm&r=g\",\"contentUrl\":\"https:\/\/secure.gravatar.com\/avatar\/f912434ef7f389c92cb311fcdae346af848465d638912574b3c669070f797701?s=96&d=mm&r=g\",\"caption\":\"TMax Tecnologia\"},\"url\":\"https:\/\/www.institutodeengenharia.org.br\/site\/author\/tmax\/\"}]}<\/script>\n<!-- \/ Yoast SEO plugin. -->","yoast_head_json":{"title":"Brasil tem maior mina de ferro do Mundo - Instituto de Engenharia","robots":{"index":"index","follow":"follow","max-snippet":"max-snippet:-1","max-image-preview":"max-image-preview:large","max-video-preview":"max-video-preview:-1"},"canonical":"https:\/\/www.institutodeengenharia.org.br\/site\/2007\/07\/28\/brasil-tem-maior-mina-de-ferro-do-mundo\/","og_locale":"pt_BR","og_type":"article","og_title":"Brasil tem maior mina de ferro do Mundo - Instituto de Engenharia","og_description":"O maior complexo minerador de ferro de alto teor do Mundo est\u00e1 em Caraj\u00e1s, no Par\u00e1, cerca de 17 bilh\u00f5es de toneladas, exploradas a c\u00e9u aberto &#8211; N4E, N4W-N, N5W e N5E. A descoberta foi realizada em 1965, quando a US Steel iniciou suas pesquisas minerais na serra em busca de mangan\u00eas. \u00a0 A abertura [&hellip;]","og_url":"https:\/\/www.institutodeengenharia.org.br\/site\/2007\/07\/28\/brasil-tem-maior-mina-de-ferro-do-mundo\/","og_site_name":"Instituto de Engenharia","article_publisher":"https:\/\/www.facebook.com\/institutodeengenharia","article_published_time":"2007-07-28T21:45:57+00:00","article_modified_time":"2007-08-29T17:56:54+00:00","og_image":[{"width":195,"height":129,"url":"https:\/\/www.institutodeengenharia.org.br\/site\/wp-content\/uploads\/2017\/10\/noticia73.jpg","type":"image\/jpeg"}],"author":"TMax Tecnologia","twitter_card":"summary_large_image","twitter_creator":"@iengenharia","twitter_site":"@iengenharia","twitter_misc":{"Escrito por":"TMax Tecnologia","Est. tempo de leitura":"5 minutos"},"schema":{"@context":"https:\/\/schema.org","@graph":[{"@type":"Article","@id":"https:\/\/www.institutodeengenharia.org.br\/site\/2007\/07\/28\/brasil-tem-maior-mina-de-ferro-do-mundo\/#article","isPartOf":{"@id":"https:\/\/www.institutodeengenharia.org.br\/site\/2007\/07\/28\/brasil-tem-maior-mina-de-ferro-do-mundo\/"},"author":{"name":"TMax Tecnologia","@id":"https:\/\/www.institutodeengenharia.org.br\/site\/#\/schema\/person\/3b1ff109facef084739fc2edcb9a127f"},"headline":"Brasil tem maior mina de ferro do Mundo","datePublished":"2007-07-28T21:45:57+00:00","dateModified":"2007-08-29T17:56:54+00:00","mainEntityOfPage":{"@id":"https:\/\/www.institutodeengenharia.org.br\/site\/2007\/07\/28\/brasil-tem-maior-mina-de-ferro-do-mundo\/"},"wordCount":1053,"commentCount":0,"publisher":{"@id":"https:\/\/www.institutodeengenharia.org.br\/site\/#organization"},"image":{"@id":"https:\/\/www.institutodeengenharia.org.br\/site\/2007\/07\/28\/brasil-tem-maior-mina-de-ferro-do-mundo\/#primaryimage"},"thumbnailUrl":"https:\/\/www.institutodeengenharia.org.br\/site\/wp-content\/uploads\/2017\/10\/noticia73.jpg","articleSection":["Minas e Metalurgia","Not\u00edcias"],"inLanguage":"pt-BR","potentialAction":[{"@type":"CommentAction","name":"Comment","target":["https:\/\/www.institutodeengenharia.org.br\/site\/2007\/07\/28\/brasil-tem-maior-mina-de-ferro-do-mundo\/#respond"]}]},{"@type":"WebPage","@id":"https:\/\/www.institutodeengenharia.org.br\/site\/2007\/07\/28\/brasil-tem-maior-mina-de-ferro-do-mundo\/","url":"https:\/\/www.institutodeengenharia.org.br\/site\/2007\/07\/28\/brasil-tem-maior-mina-de-ferro-do-mundo\/","name":"Brasil tem maior mina de ferro do Mundo - Instituto de Engenharia","isPartOf":{"@id":"https:\/\/www.institutodeengenharia.org.br\/site\/#website"},"primaryImageOfPage":{"@id":"https:\/\/www.institutodeengenharia.org.br\/site\/2007\/07\/28\/brasil-tem-maior-mina-de-ferro-do-mundo\/#primaryimage"},"image":{"@id":"https:\/\/www.institutodeengenharia.org.br\/site\/2007\/07\/28\/brasil-tem-maior-mina-de-ferro-do-mundo\/#primaryimage"},"thumbnailUrl":"https:\/\/www.institutodeengenharia.org.br\/site\/wp-content\/uploads\/2017\/10\/noticia73.jpg","datePublished":"2007-07-28T21:45:57+00:00","dateModified":"2007-08-29T17:56:54+00:00","breadcrumb":{"@id":"https:\/\/www.institutodeengenharia.org.br\/site\/2007\/07\/28\/brasil-tem-maior-mina-de-ferro-do-mundo\/#breadcrumb"},"inLanguage":"pt-BR","potentialAction":[{"@type":"ReadAction","target":["https:\/\/www.institutodeengenharia.org.br\/site\/2007\/07\/28\/brasil-tem-maior-mina-de-ferro-do-mundo\/"]}]},{"@type":"ImageObject","inLanguage":"pt-BR","@id":"https:\/\/www.institutodeengenharia.org.br\/site\/2007\/07\/28\/brasil-tem-maior-mina-de-ferro-do-mundo\/#primaryimage","url":"https:\/\/www.institutodeengenharia.org.br\/site\/wp-content\/uploads\/2017\/10\/noticia73.jpg","contentUrl":"https:\/\/www.institutodeengenharia.org.br\/site\/wp-content\/uploads\/2017\/10\/noticia73.jpg","width":195,"height":129,"caption":"Caraj\u00e1s, a maior mina de ferro de alto teor do Mundo"},{"@type":"BreadcrumbList","@id":"https:\/\/www.institutodeengenharia.org.br\/site\/2007\/07\/28\/brasil-tem-maior-mina-de-ferro-do-mundo\/#breadcrumb","itemListElement":[{"@type":"ListItem","position":1,"name":"In\u00edcio","item":"https:\/\/www.institutodeengenharia.org.br\/site\/"},{"@type":"ListItem","position":2,"name":"Brasil tem maior mina de ferro do Mundo"}]},{"@type":"WebSite","@id":"https:\/\/www.institutodeengenharia.org.br\/site\/#website","url":"https:\/\/www.institutodeengenharia.org.br\/site\/","name":"Instituto de Engenharia","description":"O Instituto de Engenharia promove a Engenharia em benef\u00edcio do desenvolvimento e da qualidade de vida da sociedade.","publisher":{"@id":"https:\/\/www.institutodeengenharia.org.br\/site\/#organization"},"potentialAction":[{"@type":"SearchAction","target":{"@type":"EntryPoint","urlTemplate":"https:\/\/www.institutodeengenharia.org.br\/site\/?s={search_term_string}"},"query-input":{"@type":"PropertyValueSpecification","valueRequired":true,"valueName":"search_term_string"}}],"inLanguage":"pt-BR"},{"@type":"Organization","@id":"https:\/\/www.institutodeengenharia.org.br\/site\/#organization","name":"Instituto de Engenharia","url":"https:\/\/www.institutodeengenharia.org.br\/site\/","logo":{"@type":"ImageObject","inLanguage":"pt-BR","@id":"https:\/\/www.institutodeengenharia.org.br\/site\/#\/schema\/logo\/image\/","url":"https:\/\/www.institutodeengenharia.org.br\/site\/wp-content\/uploads\/2019\/03\/logo-novo-IE2018-1.jpg","contentUrl":"https:\/\/www.institutodeengenharia.org.br\/site\/wp-content\/uploads\/2019\/03\/logo-novo-IE2018-1.jpg","width":1486,"height":1879,"caption":"Instituto de Engenharia"},"image":{"@id":"https:\/\/www.institutodeengenharia.org.br\/site\/#\/schema\/logo\/image\/"},"sameAs":["https:\/\/www.facebook.com\/institutodeengenharia","https:\/\/x.com\/iengenharia","https:\/\/www.instagram.com\/institutodeengenharia\/","https:\/\/www.linkedin.com\/company\/instituto-de-engenharia\/","https:\/\/www.youtube.com\/channel\/UCXiCAlsSMe977vamW915HxA"]},{"@type":"Person","@id":"https:\/\/www.institutodeengenharia.org.br\/site\/#\/schema\/person\/3b1ff109facef084739fc2edcb9a127f","name":"TMax Tecnologia","image":{"@type":"ImageObject","inLanguage":"pt-BR","@id":"https:\/\/secure.gravatar.com\/avatar\/f912434ef7f389c92cb311fcdae346af848465d638912574b3c669070f797701?s=96&d=mm&r=g","url":"https:\/\/secure.gravatar.com\/avatar\/f912434ef7f389c92cb311fcdae346af848465d638912574b3c669070f797701?s=96&d=mm&r=g","contentUrl":"https:\/\/secure.gravatar.com\/avatar\/f912434ef7f389c92cb311fcdae346af848465d638912574b3c669070f797701?s=96&d=mm&r=g","caption":"TMax Tecnologia"},"url":"https:\/\/www.institutodeengenharia.org.br\/site\/author\/tmax\/"}]}},"_links":{"self":[{"href":"https:\/\/www.institutodeengenharia.org.br\/site\/wp-json\/wp\/v2\/posts\/14472","targetHints":{"allow":["GET"]}}],"collection":[{"href":"https:\/\/www.institutodeengenharia.org.br\/site\/wp-json\/wp\/v2\/posts"}],"about":[{"href":"https:\/\/www.institutodeengenharia.org.br\/site\/wp-json\/wp\/v2\/types\/post"}],"author":[{"embeddable":true,"href":"https:\/\/www.institutodeengenharia.org.br\/site\/wp-json\/wp\/v2\/users\/1"}],"replies":[{"embeddable":true,"href":"https:\/\/www.institutodeengenharia.org.br\/site\/wp-json\/wp\/v2\/comments?post=14472"}],"version-history":[{"count":0,"href":"https:\/\/www.institutodeengenharia.org.br\/site\/wp-json\/wp\/v2\/posts\/14472\/revisions"}],"wp:featuredmedia":[{"embeddable":true,"href":"https:\/\/www.institutodeengenharia.org.br\/site\/wp-json\/wp\/v2\/media\/14473"}],"wp:attachment":[{"href":"https:\/\/www.institutodeengenharia.org.br\/site\/wp-json\/wp\/v2\/media?parent=14472"}],"wp:term":[{"taxonomy":"category","embeddable":true,"href":"https:\/\/www.institutodeengenharia.org.br\/site\/wp-json\/wp\/v2\/categories?post=14472"},{"taxonomy":"post_tag","embeddable":true,"href":"https:\/\/www.institutodeengenharia.org.br\/site\/wp-json\/wp\/v2\/tags?post=14472"}],"curies":[{"name":"wp","href":"https:\/\/api.w.org\/{rel}","templated":true}]}}