{"id":14470,"date":"2007-09-10T21:45:55","date_gmt":"2007-09-10T21:45:55","guid":{"rendered":"https:\/\/www.institutodeengenharia.org.br\/?p=14470"},"modified":"2007-09-12T14:06:46","modified_gmt":"2007-09-12T14:06:46","slug":"rodizio-veicular-sao-paulo-nao-vive-mais-sem-ele","status":"publish","type":"post","link":"https:\/\/www.institutodeengenharia.org.br\/site\/2007\/09\/10\/rodizio-veicular-sao-paulo-nao-vive-mais-sem-ele\/","title":{"rendered":"Rod\u00edzio Veicular: S\u00e3o Paulo n\u00e3o vive mais sem ele!"},"content":{"rendered":"<p>A suspens\u00e3o do rod\u00edzio de ve\u00edculos no \u00faltimo per\u00edodo de f\u00e9rias escolares n\u00e3o se mostrou vi\u00e1vel, mas permitiu uma avalia\u00e7\u00e3o bem oportuna e realista sobre as atuais condi\u00e7\u00f5es do tr\u00e2nsito na cidade. S\u00e3o Paulo n\u00e3o disp\u00f5e de um sistema de transporte coletivo eficiente, possui um \u00edndice de mobilidade de 2,2 viagens\/dia por habitante e uma das maiores frotas urbanas do mundo. <\/p>\n<p>Em outubro de 1997, com base na Lei Municipal N\u00ba 12.490, foi institu\u00eddo no Munic\u00edpio de S\u00e3o Paulo, o Programa de Restri\u00e7\u00e3o ao Tr\u00e2nsito de Ve\u00edculos Automotores. O principal objetivo do rod\u00edzio veicular era, e continua sendo, retirar das ruas e avenidas do centro expandido, nos dias \u00fateis e nos hor\u00e1rios de pico, 20% do volume de ve\u00edculos em circula\u00e7\u00e3o. <\/p>\n<p>Apesar de bastante criticada e, nos \u00faltimos tempos, bem menos eficiente do que j\u00e1 foi no passado, essa medida ainda garante uma certa condi\u00e7\u00e3o de fluidez ao saturado e conturbado tr\u00e2nsito da cidade. Isso ficou perfeitamente claro quando o rod\u00edzio de ve\u00edculos foi suspenso, em um m\u00eas de f\u00e9rias escolares, por conta de uma poss\u00edvel redu\u00e7\u00e3o do n\u00famero de carros que saem \u00e0s ruas para o transporte de estudantes. <\/p>\n<p>O resultado foi bem pior do que se esperava. Os paulistanos enfrentaram os maiores congestionamentos j\u00e1 vistos e chegou-se \u00e0 conclus\u00e3o de que o sistema vi\u00e1rio de S\u00e3o Paulo n\u00e3o comporta a quantidade de ve\u00edculos que deseja utiliz\u00e1-lo. Infelizmente, a cidade n\u00e3o vive mais sem essa medida operacional e, em breve, ter\u00e1 que adotar outras a\u00e7\u00f5es restritivas para poder gerenciar a necessidade de deslocamento de sua popula\u00e7\u00e3o. <\/p>\n<p>O n\u00famero de ve\u00edculos registrados na cidade \u00e9 de quase 6 milh\u00f5es e, a cada dia, cerca de 600 novos carros s\u00e3o incorporados \u00e0 frota existente. \u00c9 muito carro para t\u00e3o pouco espa\u00e7o. <\/p>\n<p>Em S\u00e3o Paulo, s\u00e3o realizadas mais de 15,5 milh\u00f5es de viagens motorizadas por dia, das quais cerca de 53% s\u00e3o feitas no modo individual. Isso mostra o quanto \u00e9 preciso investir em transporte coletivo \u2013 metr\u00f4, trem e \u00f4nibus \u2013 para alterar, de maneira gradativa, uma divis\u00e3o modal que torna a movimenta\u00e7\u00e3o do paulistano t\u00e3o complexa e onerosa. <\/p>\n<p>Dentre as propostas mais estudadas para aumentar a capacidade do sistema vi\u00e1rio cabe destacar a implanta\u00e7\u00e3o do ped\u00e1gio urbano, a proibi\u00e7\u00e3o de estacionamento no sistema vi\u00e1rio principal ou, pelo menos, em vias por onde circulam os \u00f4nibus e o aumento do percentual de ve\u00edculos que deve ser inclu\u00eddo na opera\u00e7\u00e3o rod\u00edzio, nos dias \u00fateis e nos hor\u00e1rios de pico. <\/p>\n<p>Mas, apesar dos incontest\u00e1veis ganhos de efici\u00eancia previstos para o sistema vi\u00e1rio, sem a constru\u00e7\u00e3o de grandes obras e com a ado\u00e7\u00e3o de medidas operacionais, as cr\u00edticas n\u00e3o s\u00e3o poucas. Quanto ao ped\u00e1gio urbano, h\u00e1 quem o considere discriminat\u00f3rio e elitista. Proibir estacionamento em vias de grande circula\u00e7\u00e3o \u00e9 medida rejeitada pelos comerciantes instalados nas \u00e1reas atingidas e ampliar a abrang\u00eancia do rod\u00edzio pode at\u00e9 levar as fam\u00edlias \u00e0 aquisi\u00e7\u00e3o de um carro adicional. <\/p>\n<p>Assim, a melhoria das condi\u00e7\u00f5es de deslocamento da popula\u00e7\u00e3o de S\u00e3o Paulo passa, inevitavelmente, pelo aumento da oferta de transporte coletivo e da qualidade dos servi\u00e7os prestados, bem como pela ado\u00e7\u00e3o de medidas ainda mais restritivas ao uso do transporte individual. Nem \u00e9 preciso mencionar que restringir o uso do autom\u00f3vel sempre desagrada uma parcela significativa da nossa sociedade.<\/p>\n<p><b>Autor: Francisco Christovam<\/b><\/p>\n","protected":false},"excerpt":{"rendered":"<p>A suspens\u00e3o do rod\u00edzio de ve\u00edculos no \u00faltimo per\u00edodo de f\u00e9rias escolares n\u00e3o se mostrou vi\u00e1vel, mas permitiu uma avalia\u00e7\u00e3o bem oportuna e realista sobre as atuais condi\u00e7\u00f5es do tr\u00e2nsito na cidade. S\u00e3o Paulo n\u00e3o disp\u00f5e de um sistema de transporte coletivo eficiente, possui um \u00edndice de mobilidade de 2,2 viagens\/dia por habitante e uma [&hellip;]<\/p>\n","protected":false},"author":1,"featured_media":0,"comment_status":"open","ping_status":"open","sticky":false,"template":"","format":"standard","meta":{"footnotes":""},"categories":[114,41],"tags":[],"class_list":{"0":"post-14470","1":"post","2":"type-post","3":"status-publish","4":"format-standard","6":"category-artigos","7":"category-transportes"},"yoast_head":"<!-- This site is optimized with the Yoast SEO plugin v27.2 - https:\/\/yoast.com\/product\/yoast-seo-wordpress\/ -->\n<title>Rod\u00edzio Veicular: S\u00e3o Paulo n\u00e3o vive mais sem ele! - Instituto de Engenharia<\/title>\n<meta name=\"robots\" content=\"index, follow, max-snippet:-1, max-image-preview:large, max-video-preview:-1\" \/>\n<link rel=\"canonical\" href=\"https:\/\/www.institutodeengenharia.org.br\/site\/2007\/09\/10\/rodizio-veicular-sao-paulo-nao-vive-mais-sem-ele\/\" \/>\n<meta property=\"og:locale\" content=\"pt_BR\" \/>\n<meta property=\"og:type\" content=\"article\" \/>\n<meta property=\"og:title\" content=\"Rod\u00edzio Veicular: S\u00e3o Paulo n\u00e3o vive mais sem ele! - Instituto de Engenharia\" \/>\n<meta property=\"og:description\" content=\"A suspens\u00e3o do rod\u00edzio de ve\u00edculos no \u00faltimo per\u00edodo de f\u00e9rias escolares n\u00e3o se mostrou vi\u00e1vel, mas permitiu uma avalia\u00e7\u00e3o bem oportuna e realista sobre as atuais condi\u00e7\u00f5es do tr\u00e2nsito na cidade. S\u00e3o Paulo n\u00e3o disp\u00f5e de um sistema de transporte coletivo eficiente, possui um \u00edndice de mobilidade de 2,2 viagens\/dia por habitante e uma [&hellip;]\" \/>\n<meta property=\"og:url\" content=\"https:\/\/www.institutodeengenharia.org.br\/site\/2007\/09\/10\/rodizio-veicular-sao-paulo-nao-vive-mais-sem-ele\/\" \/>\n<meta property=\"og:site_name\" content=\"Instituto de Engenharia\" \/>\n<meta property=\"article:publisher\" content=\"https:\/\/www.facebook.com\/institutodeengenharia\" \/>\n<meta property=\"article:published_time\" content=\"2007-09-10T21:45:55+00:00\" \/>\n<meta property=\"article:modified_time\" content=\"2007-09-12T14:06:46+00:00\" \/>\n<meta name=\"author\" content=\"TMax Tecnologia\" \/>\n<meta name=\"twitter:card\" content=\"summary_large_image\" \/>\n<meta name=\"twitter:creator\" content=\"@iengenharia\" \/>\n<meta name=\"twitter:site\" content=\"@iengenharia\" \/>\n<meta name=\"twitter:label1\" content=\"Escrito por\" \/>\n\t<meta name=\"twitter:data1\" content=\"TMax Tecnologia\" \/>\n\t<meta name=\"twitter:label2\" content=\"Est. tempo de leitura\" \/>\n\t<meta name=\"twitter:data2\" content=\"3 minutos\" \/>\n<script type=\"application\/ld+json\" class=\"yoast-schema-graph\">{\"@context\":\"https:\/\/schema.org\",\"@graph\":[{\"@type\":\"Article\",\"@id\":\"https:\/\/www.institutodeengenharia.org.br\/site\/2007\/09\/10\/rodizio-veicular-sao-paulo-nao-vive-mais-sem-ele\/#article\",\"isPartOf\":{\"@id\":\"https:\/\/www.institutodeengenharia.org.br\/site\/2007\/09\/10\/rodizio-veicular-sao-paulo-nao-vive-mais-sem-ele\/\"},\"author\":{\"name\":\"TMax Tecnologia\",\"@id\":\"https:\/\/www.institutodeengenharia.org.br\/site\/#\/schema\/person\/3b1ff109facef084739fc2edcb9a127f\"},\"headline\":\"Rod\u00edzio Veicular: S\u00e3o Paulo n\u00e3o vive mais sem ele!\",\"datePublished\":\"2007-09-10T21:45:55+00:00\",\"dateModified\":\"2007-09-12T14:06:46+00:00\",\"mainEntityOfPage\":{\"@id\":\"https:\/\/www.institutodeengenharia.org.br\/site\/2007\/09\/10\/rodizio-veicular-sao-paulo-nao-vive-mais-sem-ele\/\"},\"wordCount\":623,\"commentCount\":0,\"publisher\":{\"@id\":\"https:\/\/www.institutodeengenharia.org.br\/site\/#organization\"},\"articleSection\":[\"Artigos\",\"Transportes\"],\"inLanguage\":\"pt-BR\",\"potentialAction\":[{\"@type\":\"CommentAction\",\"name\":\"Comment\",\"target\":[\"https:\/\/www.institutodeengenharia.org.br\/site\/2007\/09\/10\/rodizio-veicular-sao-paulo-nao-vive-mais-sem-ele\/#respond\"]}]},{\"@type\":\"WebPage\",\"@id\":\"https:\/\/www.institutodeengenharia.org.br\/site\/2007\/09\/10\/rodizio-veicular-sao-paulo-nao-vive-mais-sem-ele\/\",\"url\":\"https:\/\/www.institutodeengenharia.org.br\/site\/2007\/09\/10\/rodizio-veicular-sao-paulo-nao-vive-mais-sem-ele\/\",\"name\":\"Rod\u00edzio Veicular: S\u00e3o Paulo n\u00e3o vive mais sem ele! - Instituto de Engenharia\",\"isPartOf\":{\"@id\":\"https:\/\/www.institutodeengenharia.org.br\/site\/#website\"},\"datePublished\":\"2007-09-10T21:45:55+00:00\",\"dateModified\":\"2007-09-12T14:06:46+00:00\",\"breadcrumb\":{\"@id\":\"https:\/\/www.institutodeengenharia.org.br\/site\/2007\/09\/10\/rodizio-veicular-sao-paulo-nao-vive-mais-sem-ele\/#breadcrumb\"},\"inLanguage\":\"pt-BR\",\"potentialAction\":[{\"@type\":\"ReadAction\",\"target\":[\"https:\/\/www.institutodeengenharia.org.br\/site\/2007\/09\/10\/rodizio-veicular-sao-paulo-nao-vive-mais-sem-ele\/\"]}]},{\"@type\":\"BreadcrumbList\",\"@id\":\"https:\/\/www.institutodeengenharia.org.br\/site\/2007\/09\/10\/rodizio-veicular-sao-paulo-nao-vive-mais-sem-ele\/#breadcrumb\",\"itemListElement\":[{\"@type\":\"ListItem\",\"position\":1,\"name\":\"In\u00edcio\",\"item\":\"https:\/\/www.institutodeengenharia.org.br\/site\/\"},{\"@type\":\"ListItem\",\"position\":2,\"name\":\"Rod\u00edzio Veicular: S\u00e3o Paulo n\u00e3o vive mais sem ele!\"}]},{\"@type\":\"WebSite\",\"@id\":\"https:\/\/www.institutodeengenharia.org.br\/site\/#website\",\"url\":\"https:\/\/www.institutodeengenharia.org.br\/site\/\",\"name\":\"Instituto de Engenharia\",\"description\":\"O Instituto de Engenharia promove a Engenharia em benef\u00edcio do desenvolvimento e da qualidade de vida da sociedade.\",\"publisher\":{\"@id\":\"https:\/\/www.institutodeengenharia.org.br\/site\/#organization\"},\"potentialAction\":[{\"@type\":\"SearchAction\",\"target\":{\"@type\":\"EntryPoint\",\"urlTemplate\":\"https:\/\/www.institutodeengenharia.org.br\/site\/?s={search_term_string}\"},\"query-input\":{\"@type\":\"PropertyValueSpecification\",\"valueRequired\":true,\"valueName\":\"search_term_string\"}}],\"inLanguage\":\"pt-BR\"},{\"@type\":\"Organization\",\"@id\":\"https:\/\/www.institutodeengenharia.org.br\/site\/#organization\",\"name\":\"Instituto de Engenharia\",\"url\":\"https:\/\/www.institutodeengenharia.org.br\/site\/\",\"logo\":{\"@type\":\"ImageObject\",\"inLanguage\":\"pt-BR\",\"@id\":\"https:\/\/www.institutodeengenharia.org.br\/site\/#\/schema\/logo\/image\/\",\"url\":\"https:\/\/www.institutodeengenharia.org.br\/site\/wp-content\/uploads\/2019\/03\/logo-novo-IE2018-1.jpg\",\"contentUrl\":\"https:\/\/www.institutodeengenharia.org.br\/site\/wp-content\/uploads\/2019\/03\/logo-novo-IE2018-1.jpg\",\"width\":1486,\"height\":1879,\"caption\":\"Instituto de Engenharia\"},\"image\":{\"@id\":\"https:\/\/www.institutodeengenharia.org.br\/site\/#\/schema\/logo\/image\/\"},\"sameAs\":[\"https:\/\/www.facebook.com\/institutodeengenharia\",\"https:\/\/x.com\/iengenharia\",\"https:\/\/www.instagram.com\/institutodeengenharia\/\",\"https:\/\/www.linkedin.com\/company\/instituto-de-engenharia\/\",\"https:\/\/www.youtube.com\/channel\/UCXiCAlsSMe977vamW915HxA\"]},{\"@type\":\"Person\",\"@id\":\"https:\/\/www.institutodeengenharia.org.br\/site\/#\/schema\/person\/3b1ff109facef084739fc2edcb9a127f\",\"name\":\"TMax Tecnologia\",\"image\":{\"@type\":\"ImageObject\",\"inLanguage\":\"pt-BR\",\"@id\":\"https:\/\/secure.gravatar.com\/avatar\/f912434ef7f389c92cb311fcdae346af848465d638912574b3c669070f797701?s=96&d=mm&r=g\",\"url\":\"https:\/\/secure.gravatar.com\/avatar\/f912434ef7f389c92cb311fcdae346af848465d638912574b3c669070f797701?s=96&d=mm&r=g\",\"contentUrl\":\"https:\/\/secure.gravatar.com\/avatar\/f912434ef7f389c92cb311fcdae346af848465d638912574b3c669070f797701?s=96&d=mm&r=g\",\"caption\":\"TMax Tecnologia\"},\"url\":\"https:\/\/www.institutodeengenharia.org.br\/site\/author\/tmax\/\"}]}<\/script>\n<!-- \/ Yoast SEO plugin. -->","yoast_head_json":{"title":"Rod\u00edzio Veicular: S\u00e3o Paulo n\u00e3o vive mais sem ele! - Instituto de Engenharia","robots":{"index":"index","follow":"follow","max-snippet":"max-snippet:-1","max-image-preview":"max-image-preview:large","max-video-preview":"max-video-preview:-1"},"canonical":"https:\/\/www.institutodeengenharia.org.br\/site\/2007\/09\/10\/rodizio-veicular-sao-paulo-nao-vive-mais-sem-ele\/","og_locale":"pt_BR","og_type":"article","og_title":"Rod\u00edzio Veicular: S\u00e3o Paulo n\u00e3o vive mais sem ele! - Instituto de Engenharia","og_description":"A suspens\u00e3o do rod\u00edzio de ve\u00edculos no \u00faltimo per\u00edodo de f\u00e9rias escolares n\u00e3o se mostrou vi\u00e1vel, mas permitiu uma avalia\u00e7\u00e3o bem oportuna e realista sobre as atuais condi\u00e7\u00f5es do tr\u00e2nsito na cidade. S\u00e3o Paulo n\u00e3o disp\u00f5e de um sistema de transporte coletivo eficiente, possui um \u00edndice de mobilidade de 2,2 viagens\/dia por habitante e uma [&hellip;]","og_url":"https:\/\/www.institutodeengenharia.org.br\/site\/2007\/09\/10\/rodizio-veicular-sao-paulo-nao-vive-mais-sem-ele\/","og_site_name":"Instituto de Engenharia","article_publisher":"https:\/\/www.facebook.com\/institutodeengenharia","article_published_time":"2007-09-10T21:45:55+00:00","article_modified_time":"2007-09-12T14:06:46+00:00","author":"TMax Tecnologia","twitter_card":"summary_large_image","twitter_creator":"@iengenharia","twitter_site":"@iengenharia","twitter_misc":{"Escrito por":"TMax Tecnologia","Est. tempo de leitura":"3 minutos"},"schema":{"@context":"https:\/\/schema.org","@graph":[{"@type":"Article","@id":"https:\/\/www.institutodeengenharia.org.br\/site\/2007\/09\/10\/rodizio-veicular-sao-paulo-nao-vive-mais-sem-ele\/#article","isPartOf":{"@id":"https:\/\/www.institutodeengenharia.org.br\/site\/2007\/09\/10\/rodizio-veicular-sao-paulo-nao-vive-mais-sem-ele\/"},"author":{"name":"TMax Tecnologia","@id":"https:\/\/www.institutodeengenharia.org.br\/site\/#\/schema\/person\/3b1ff109facef084739fc2edcb9a127f"},"headline":"Rod\u00edzio Veicular: S\u00e3o Paulo n\u00e3o vive mais sem ele!","datePublished":"2007-09-10T21:45:55+00:00","dateModified":"2007-09-12T14:06:46+00:00","mainEntityOfPage":{"@id":"https:\/\/www.institutodeengenharia.org.br\/site\/2007\/09\/10\/rodizio-veicular-sao-paulo-nao-vive-mais-sem-ele\/"},"wordCount":623,"commentCount":0,"publisher":{"@id":"https:\/\/www.institutodeengenharia.org.br\/site\/#organization"},"articleSection":["Artigos","Transportes"],"inLanguage":"pt-BR","potentialAction":[{"@type":"CommentAction","name":"Comment","target":["https:\/\/www.institutodeengenharia.org.br\/site\/2007\/09\/10\/rodizio-veicular-sao-paulo-nao-vive-mais-sem-ele\/#respond"]}]},{"@type":"WebPage","@id":"https:\/\/www.institutodeengenharia.org.br\/site\/2007\/09\/10\/rodizio-veicular-sao-paulo-nao-vive-mais-sem-ele\/","url":"https:\/\/www.institutodeengenharia.org.br\/site\/2007\/09\/10\/rodizio-veicular-sao-paulo-nao-vive-mais-sem-ele\/","name":"Rod\u00edzio Veicular: S\u00e3o Paulo n\u00e3o vive mais sem ele! - Instituto de Engenharia","isPartOf":{"@id":"https:\/\/www.institutodeengenharia.org.br\/site\/#website"},"datePublished":"2007-09-10T21:45:55+00:00","dateModified":"2007-09-12T14:06:46+00:00","breadcrumb":{"@id":"https:\/\/www.institutodeengenharia.org.br\/site\/2007\/09\/10\/rodizio-veicular-sao-paulo-nao-vive-mais-sem-ele\/#breadcrumb"},"inLanguage":"pt-BR","potentialAction":[{"@type":"ReadAction","target":["https:\/\/www.institutodeengenharia.org.br\/site\/2007\/09\/10\/rodizio-veicular-sao-paulo-nao-vive-mais-sem-ele\/"]}]},{"@type":"BreadcrumbList","@id":"https:\/\/www.institutodeengenharia.org.br\/site\/2007\/09\/10\/rodizio-veicular-sao-paulo-nao-vive-mais-sem-ele\/#breadcrumb","itemListElement":[{"@type":"ListItem","position":1,"name":"In\u00edcio","item":"https:\/\/www.institutodeengenharia.org.br\/site\/"},{"@type":"ListItem","position":2,"name":"Rod\u00edzio Veicular: S\u00e3o Paulo n\u00e3o vive mais sem ele!"}]},{"@type":"WebSite","@id":"https:\/\/www.institutodeengenharia.org.br\/site\/#website","url":"https:\/\/www.institutodeengenharia.org.br\/site\/","name":"Instituto de Engenharia","description":"O Instituto de Engenharia promove a Engenharia em benef\u00edcio do desenvolvimento e da qualidade de vida da sociedade.","publisher":{"@id":"https:\/\/www.institutodeengenharia.org.br\/site\/#organization"},"potentialAction":[{"@type":"SearchAction","target":{"@type":"EntryPoint","urlTemplate":"https:\/\/www.institutodeengenharia.org.br\/site\/?s={search_term_string}"},"query-input":{"@type":"PropertyValueSpecification","valueRequired":true,"valueName":"search_term_string"}}],"inLanguage":"pt-BR"},{"@type":"Organization","@id":"https:\/\/www.institutodeengenharia.org.br\/site\/#organization","name":"Instituto de Engenharia","url":"https:\/\/www.institutodeengenharia.org.br\/site\/","logo":{"@type":"ImageObject","inLanguage":"pt-BR","@id":"https:\/\/www.institutodeengenharia.org.br\/site\/#\/schema\/logo\/image\/","url":"https:\/\/www.institutodeengenharia.org.br\/site\/wp-content\/uploads\/2019\/03\/logo-novo-IE2018-1.jpg","contentUrl":"https:\/\/www.institutodeengenharia.org.br\/site\/wp-content\/uploads\/2019\/03\/logo-novo-IE2018-1.jpg","width":1486,"height":1879,"caption":"Instituto de Engenharia"},"image":{"@id":"https:\/\/www.institutodeengenharia.org.br\/site\/#\/schema\/logo\/image\/"},"sameAs":["https:\/\/www.facebook.com\/institutodeengenharia","https:\/\/x.com\/iengenharia","https:\/\/www.instagram.com\/institutodeengenharia\/","https:\/\/www.linkedin.com\/company\/instituto-de-engenharia\/","https:\/\/www.youtube.com\/channel\/UCXiCAlsSMe977vamW915HxA"]},{"@type":"Person","@id":"https:\/\/www.institutodeengenharia.org.br\/site\/#\/schema\/person\/3b1ff109facef084739fc2edcb9a127f","name":"TMax Tecnologia","image":{"@type":"ImageObject","inLanguage":"pt-BR","@id":"https:\/\/secure.gravatar.com\/avatar\/f912434ef7f389c92cb311fcdae346af848465d638912574b3c669070f797701?s=96&d=mm&r=g","url":"https:\/\/secure.gravatar.com\/avatar\/f912434ef7f389c92cb311fcdae346af848465d638912574b3c669070f797701?s=96&d=mm&r=g","contentUrl":"https:\/\/secure.gravatar.com\/avatar\/f912434ef7f389c92cb311fcdae346af848465d638912574b3c669070f797701?s=96&d=mm&r=g","caption":"TMax Tecnologia"},"url":"https:\/\/www.institutodeengenharia.org.br\/site\/author\/tmax\/"}]}},"_links":{"self":[{"href":"https:\/\/www.institutodeengenharia.org.br\/site\/wp-json\/wp\/v2\/posts\/14470","targetHints":{"allow":["GET"]}}],"collection":[{"href":"https:\/\/www.institutodeengenharia.org.br\/site\/wp-json\/wp\/v2\/posts"}],"about":[{"href":"https:\/\/www.institutodeengenharia.org.br\/site\/wp-json\/wp\/v2\/types\/post"}],"author":[{"embeddable":true,"href":"https:\/\/www.institutodeengenharia.org.br\/site\/wp-json\/wp\/v2\/users\/1"}],"replies":[{"embeddable":true,"href":"https:\/\/www.institutodeengenharia.org.br\/site\/wp-json\/wp\/v2\/comments?post=14470"}],"version-history":[{"count":0,"href":"https:\/\/www.institutodeengenharia.org.br\/site\/wp-json\/wp\/v2\/posts\/14470\/revisions"}],"wp:attachment":[{"href":"https:\/\/www.institutodeengenharia.org.br\/site\/wp-json\/wp\/v2\/media?parent=14470"}],"wp:term":[{"taxonomy":"category","embeddable":true,"href":"https:\/\/www.institutodeengenharia.org.br\/site\/wp-json\/wp\/v2\/categories?post=14470"},{"taxonomy":"post_tag","embeddable":true,"href":"https:\/\/www.institutodeengenharia.org.br\/site\/wp-json\/wp\/v2\/tags?post=14470"}],"curies":[{"name":"wp","href":"https:\/\/api.w.org\/{rel}","templated":true}]}}