{"id":14456,"date":"2005-10-04T21:45:48","date_gmt":"2005-10-04T21:45:48","guid":{"rendered":"https:\/\/www.institutodeengenharia.org.br\/?p=14456"},"modified":"2007-09-10T13:55:08","modified_gmt":"2007-09-10T13:55:08","slug":"simposio-o-subterraneo-da-cidade-e-as-redes-de-infraestrutura","status":"publish","type":"post","link":"https:\/\/www.institutodeengenharia.org.br\/site\/2005\/10\/04\/simposio-o-subterraneo-da-cidade-e-as-redes-de-infraestrutura\/","title":{"rendered":"Simp\u00f3sio &#8211; O subterr\u00e2neo da cidade e as redes de infra-estrutura"},"content":{"rendered":"<p>\u00a0A complexidade do subterr\u00e2neo da cidade e suas redes de infra-estrutura exigem a\u00e7\u00f5es planejadas e convergentes no sentido de promover o conhecimento dessas redes, o adequado planejamento das obras e licen\u00e7as para execu\u00e7\u00e3o. A partir dos v\u00e1rios projetos em planejamento ou em execu\u00e7\u00e3o apresentados pelo poder p\u00fablico e pelas empresas concession\u00e1rias chega-se a um ponto de converg\u00eancia: alternativas imediatas para a cria\u00e7\u00e3o deste cadastro \u00fanico. Um cadastro atualizado, \u00e1gil e compat\u00edvel com o crescimento acelerado da cidade e que permita que as v\u00e1rias redes existentes <br \/>\n(energia el\u00e9trica, telefonia, g\u00e1s, \u00e1gua, \u00e1guas pluviais, esgoto, ilumina\u00e7\u00e3o p\u00fablica, metr\u00f4, TV a cabo e cabos de fibra \u00f3tica e outras concession\u00e1rias) tenham informa\u00e7\u00f5es interligadas. O Instituto de Engenharia, atrav\u00e9s do oportuno debate sobre o assunto, reuniu especialistas, empres\u00e1rios, autoridades p\u00fablicas e privadas. Conclu\u00eddas as apresenta\u00e7\u00f5es, o IE analisou, discutiu e elaborou esse relat\u00f3rio com suas considera\u00e7\u00f5es e recomenda\u00e7\u00f5es que ser\u00e3o amplamente divulgadas. Desse modo, <br \/>\nacreditamos estar contribuindo para a desej\u00e1vel e necess\u00e1ria otimiza\u00e7\u00e3o de recursos e gest\u00e3o dos servi\u00e7os p\u00fablicos.<\/p>\n<p><a href=\"https:\/\/www.institutodeengenharia.org.br\/site\/wp-content\/uploads\/2017\/10\/arqnot127.pdf\">arqnot127.pdf<\/a><\/p>\n<p><b>Autor: Instituto de Engenharia<\/b><\/p>\n","protected":false},"excerpt":{"rendered":"<p>\u00a0A complexidade do subterr\u00e2neo da cidade e suas redes de infra-estrutura exigem a\u00e7\u00f5es planejadas e convergentes no sentido de promover o conhecimento dessas redes, o adequado planejamento das obras e licen\u00e7as para execu\u00e7\u00e3o. A partir dos v\u00e1rios projetos em planejamento ou em execu\u00e7\u00e3o apresentados pelo poder p\u00fablico e pelas empresas concession\u00e1rias chega-se a um ponto [&hellip;]<\/p>\n","protected":false},"author":1,"featured_media":0,"comment_status":"open","ping_status":"open","sticky":false,"template":"","format":"standard","meta":{"footnotes":""},"categories":[119],"tags":[],"class_list":{"0":"post-14456","1":"post","2":"type-post","3":"status-publish","4":"format-standard","6":"category-publicacoes-tecnicas"},"yoast_head":"<!-- This site is optimized with the Yoast SEO plugin v27.2 - https:\/\/yoast.com\/product\/yoast-seo-wordpress\/ -->\n<title>Simp\u00f3sio - O subterr\u00e2neo da cidade e as redes de infra-estrutura - Instituto de Engenharia<\/title>\n<meta name=\"robots\" content=\"index, follow, max-snippet:-1, max-image-preview:large, max-video-preview:-1\" \/>\n<link rel=\"canonical\" href=\"https:\/\/www.institutodeengenharia.org.br\/site\/2005\/10\/04\/simposio-o-subterraneo-da-cidade-e-as-redes-de-infraestrutura\/\" \/>\n<meta property=\"og:locale\" content=\"pt_BR\" \/>\n<meta property=\"og:type\" content=\"article\" \/>\n<meta property=\"og:title\" content=\"Simp\u00f3sio - O subterr\u00e2neo da cidade e as redes de infra-estrutura - Instituto de Engenharia\" \/>\n<meta property=\"og:description\" content=\"\u00a0A complexidade do subterr\u00e2neo da cidade e suas redes de infra-estrutura exigem a\u00e7\u00f5es planejadas e convergentes no sentido de promover o conhecimento dessas redes, o adequado planejamento das obras e licen\u00e7as para execu\u00e7\u00e3o. A partir dos v\u00e1rios projetos em planejamento ou em execu\u00e7\u00e3o apresentados pelo poder p\u00fablico e pelas empresas concession\u00e1rias chega-se a um ponto [&hellip;]\" \/>\n<meta property=\"og:url\" content=\"https:\/\/www.institutodeengenharia.org.br\/site\/2005\/10\/04\/simposio-o-subterraneo-da-cidade-e-as-redes-de-infraestrutura\/\" \/>\n<meta property=\"og:site_name\" content=\"Instituto de Engenharia\" \/>\n<meta property=\"article:publisher\" content=\"https:\/\/www.facebook.com\/institutodeengenharia\" \/>\n<meta property=\"article:published_time\" content=\"2005-10-04T21:45:48+00:00\" \/>\n<meta property=\"article:modified_time\" content=\"2007-09-10T13:55:08+00:00\" \/>\n<meta name=\"author\" content=\"TMax Tecnologia\" \/>\n<meta name=\"twitter:card\" content=\"summary_large_image\" \/>\n<meta name=\"twitter:creator\" content=\"@iengenharia\" \/>\n<meta name=\"twitter:site\" content=\"@iengenharia\" \/>\n<meta name=\"twitter:label1\" content=\"Escrito por\" \/>\n\t<meta name=\"twitter:data1\" content=\"TMax Tecnologia\" \/>\n\t<meta name=\"twitter:label2\" content=\"Est. tempo de leitura\" \/>\n\t<meta name=\"twitter:data2\" content=\"1 minuto\" \/>\n<script type=\"application\/ld+json\" class=\"yoast-schema-graph\">{\"@context\":\"https:\/\/schema.org\",\"@graph\":[{\"@type\":\"Article\",\"@id\":\"https:\/\/www.institutodeengenharia.org.br\/site\/2005\/10\/04\/simposio-o-subterraneo-da-cidade-e-as-redes-de-infraestrutura\/#article\",\"isPartOf\":{\"@id\":\"https:\/\/www.institutodeengenharia.org.br\/site\/2005\/10\/04\/simposio-o-subterraneo-da-cidade-e-as-redes-de-infraestrutura\/\"},\"author\":{\"name\":\"TMax Tecnologia\",\"@id\":\"https:\/\/www.institutodeengenharia.org.br\/site\/#\/schema\/person\/3b1ff109facef084739fc2edcb9a127f\"},\"headline\":\"Simp\u00f3sio &#8211; O subterr\u00e2neo da cidade e as redes de infra-estrutura\",\"datePublished\":\"2005-10-04T21:45:48+00:00\",\"dateModified\":\"2007-09-10T13:55:08+00:00\",\"mainEntityOfPage\":{\"@id\":\"https:\/\/www.institutodeengenharia.org.br\/site\/2005\/10\/04\/simposio-o-subterraneo-da-cidade-e-as-redes-de-infraestrutura\/\"},\"wordCount\":218,\"commentCount\":0,\"publisher\":{\"@id\":\"https:\/\/www.institutodeengenharia.org.br\/site\/#organization\"},\"articleSection\":[\"Publica\u00e7\u00f5es T\u00e9cnicas\"],\"inLanguage\":\"pt-BR\",\"potentialAction\":[{\"@type\":\"CommentAction\",\"name\":\"Comment\",\"target\":[\"https:\/\/www.institutodeengenharia.org.br\/site\/2005\/10\/04\/simposio-o-subterraneo-da-cidade-e-as-redes-de-infraestrutura\/#respond\"]}]},{\"@type\":\"WebPage\",\"@id\":\"https:\/\/www.institutodeengenharia.org.br\/site\/2005\/10\/04\/simposio-o-subterraneo-da-cidade-e-as-redes-de-infraestrutura\/\",\"url\":\"https:\/\/www.institutodeengenharia.org.br\/site\/2005\/10\/04\/simposio-o-subterraneo-da-cidade-e-as-redes-de-infraestrutura\/\",\"name\":\"Simp\u00f3sio - O subterr\u00e2neo da cidade e as redes de infra-estrutura - Instituto de Engenharia\",\"isPartOf\":{\"@id\":\"https:\/\/www.institutodeengenharia.org.br\/site\/#website\"},\"datePublished\":\"2005-10-04T21:45:48+00:00\",\"dateModified\":\"2007-09-10T13:55:08+00:00\",\"breadcrumb\":{\"@id\":\"https:\/\/www.institutodeengenharia.org.br\/site\/2005\/10\/04\/simposio-o-subterraneo-da-cidade-e-as-redes-de-infraestrutura\/#breadcrumb\"},\"inLanguage\":\"pt-BR\",\"potentialAction\":[{\"@type\":\"ReadAction\",\"target\":[\"https:\/\/www.institutodeengenharia.org.br\/site\/2005\/10\/04\/simposio-o-subterraneo-da-cidade-e-as-redes-de-infraestrutura\/\"]}]},{\"@type\":\"BreadcrumbList\",\"@id\":\"https:\/\/www.institutodeengenharia.org.br\/site\/2005\/10\/04\/simposio-o-subterraneo-da-cidade-e-as-redes-de-infraestrutura\/#breadcrumb\",\"itemListElement\":[{\"@type\":\"ListItem\",\"position\":1,\"name\":\"In\u00edcio\",\"item\":\"https:\/\/www.institutodeengenharia.org.br\/site\/\"},{\"@type\":\"ListItem\",\"position\":2,\"name\":\"Simp\u00f3sio &#8211; O subterr\u00e2neo da cidade e as redes de infra-estrutura\"}]},{\"@type\":\"WebSite\",\"@id\":\"https:\/\/www.institutodeengenharia.org.br\/site\/#website\",\"url\":\"https:\/\/www.institutodeengenharia.org.br\/site\/\",\"name\":\"Instituto de Engenharia\",\"description\":\"O Instituto de Engenharia promove a Engenharia em benef\u00edcio do desenvolvimento e da qualidade de vida da sociedade.\",\"publisher\":{\"@id\":\"https:\/\/www.institutodeengenharia.org.br\/site\/#organization\"},\"potentialAction\":[{\"@type\":\"SearchAction\",\"target\":{\"@type\":\"EntryPoint\",\"urlTemplate\":\"https:\/\/www.institutodeengenharia.org.br\/site\/?s={search_term_string}\"},\"query-input\":{\"@type\":\"PropertyValueSpecification\",\"valueRequired\":true,\"valueName\":\"search_term_string\"}}],\"inLanguage\":\"pt-BR\"},{\"@type\":\"Organization\",\"@id\":\"https:\/\/www.institutodeengenharia.org.br\/site\/#organization\",\"name\":\"Instituto de Engenharia\",\"url\":\"https:\/\/www.institutodeengenharia.org.br\/site\/\",\"logo\":{\"@type\":\"ImageObject\",\"inLanguage\":\"pt-BR\",\"@id\":\"https:\/\/www.institutodeengenharia.org.br\/site\/#\/schema\/logo\/image\/\",\"url\":\"https:\/\/www.institutodeengenharia.org.br\/site\/wp-content\/uploads\/2019\/03\/logo-novo-IE2018-1.jpg\",\"contentUrl\":\"https:\/\/www.institutodeengenharia.org.br\/site\/wp-content\/uploads\/2019\/03\/logo-novo-IE2018-1.jpg\",\"width\":1486,\"height\":1879,\"caption\":\"Instituto de Engenharia\"},\"image\":{\"@id\":\"https:\/\/www.institutodeengenharia.org.br\/site\/#\/schema\/logo\/image\/\"},\"sameAs\":[\"https:\/\/www.facebook.com\/institutodeengenharia\",\"https:\/\/x.com\/iengenharia\",\"https:\/\/www.instagram.com\/institutodeengenharia\/\",\"https:\/\/www.linkedin.com\/company\/instituto-de-engenharia\/\",\"https:\/\/www.youtube.com\/channel\/UCXiCAlsSMe977vamW915HxA\"]},{\"@type\":\"Person\",\"@id\":\"https:\/\/www.institutodeengenharia.org.br\/site\/#\/schema\/person\/3b1ff109facef084739fc2edcb9a127f\",\"name\":\"TMax Tecnologia\",\"image\":{\"@type\":\"ImageObject\",\"inLanguage\":\"pt-BR\",\"@id\":\"https:\/\/secure.gravatar.com\/avatar\/f912434ef7f389c92cb311fcdae346af848465d638912574b3c669070f797701?s=96&d=mm&r=g\",\"url\":\"https:\/\/secure.gravatar.com\/avatar\/f912434ef7f389c92cb311fcdae346af848465d638912574b3c669070f797701?s=96&d=mm&r=g\",\"contentUrl\":\"https:\/\/secure.gravatar.com\/avatar\/f912434ef7f389c92cb311fcdae346af848465d638912574b3c669070f797701?s=96&d=mm&r=g\",\"caption\":\"TMax Tecnologia\"},\"url\":\"https:\/\/www.institutodeengenharia.org.br\/site\/author\/tmax\/\"}]}<\/script>\n<!-- \/ Yoast SEO plugin. -->","yoast_head_json":{"title":"Simp\u00f3sio - O subterr\u00e2neo da cidade e as redes de infra-estrutura - Instituto de Engenharia","robots":{"index":"index","follow":"follow","max-snippet":"max-snippet:-1","max-image-preview":"max-image-preview:large","max-video-preview":"max-video-preview:-1"},"canonical":"https:\/\/www.institutodeengenharia.org.br\/site\/2005\/10\/04\/simposio-o-subterraneo-da-cidade-e-as-redes-de-infraestrutura\/","og_locale":"pt_BR","og_type":"article","og_title":"Simp\u00f3sio - O subterr\u00e2neo da cidade e as redes de infra-estrutura - Instituto de Engenharia","og_description":"\u00a0A complexidade do subterr\u00e2neo da cidade e suas redes de infra-estrutura exigem a\u00e7\u00f5es planejadas e convergentes no sentido de promover o conhecimento dessas redes, o adequado planejamento das obras e licen\u00e7as para execu\u00e7\u00e3o. A partir dos v\u00e1rios projetos em planejamento ou em execu\u00e7\u00e3o apresentados pelo poder p\u00fablico e pelas empresas concession\u00e1rias chega-se a um ponto [&hellip;]","og_url":"https:\/\/www.institutodeengenharia.org.br\/site\/2005\/10\/04\/simposio-o-subterraneo-da-cidade-e-as-redes-de-infraestrutura\/","og_site_name":"Instituto de Engenharia","article_publisher":"https:\/\/www.facebook.com\/institutodeengenharia","article_published_time":"2005-10-04T21:45:48+00:00","article_modified_time":"2007-09-10T13:55:08+00:00","author":"TMax Tecnologia","twitter_card":"summary_large_image","twitter_creator":"@iengenharia","twitter_site":"@iengenharia","twitter_misc":{"Escrito por":"TMax Tecnologia","Est. tempo de leitura":"1 minuto"},"schema":{"@context":"https:\/\/schema.org","@graph":[{"@type":"Article","@id":"https:\/\/www.institutodeengenharia.org.br\/site\/2005\/10\/04\/simposio-o-subterraneo-da-cidade-e-as-redes-de-infraestrutura\/#article","isPartOf":{"@id":"https:\/\/www.institutodeengenharia.org.br\/site\/2005\/10\/04\/simposio-o-subterraneo-da-cidade-e-as-redes-de-infraestrutura\/"},"author":{"name":"TMax Tecnologia","@id":"https:\/\/www.institutodeengenharia.org.br\/site\/#\/schema\/person\/3b1ff109facef084739fc2edcb9a127f"},"headline":"Simp\u00f3sio &#8211; O subterr\u00e2neo da cidade e as redes de infra-estrutura","datePublished":"2005-10-04T21:45:48+00:00","dateModified":"2007-09-10T13:55:08+00:00","mainEntityOfPage":{"@id":"https:\/\/www.institutodeengenharia.org.br\/site\/2005\/10\/04\/simposio-o-subterraneo-da-cidade-e-as-redes-de-infraestrutura\/"},"wordCount":218,"commentCount":0,"publisher":{"@id":"https:\/\/www.institutodeengenharia.org.br\/site\/#organization"},"articleSection":["Publica\u00e7\u00f5es T\u00e9cnicas"],"inLanguage":"pt-BR","potentialAction":[{"@type":"CommentAction","name":"Comment","target":["https:\/\/www.institutodeengenharia.org.br\/site\/2005\/10\/04\/simposio-o-subterraneo-da-cidade-e-as-redes-de-infraestrutura\/#respond"]}]},{"@type":"WebPage","@id":"https:\/\/www.institutodeengenharia.org.br\/site\/2005\/10\/04\/simposio-o-subterraneo-da-cidade-e-as-redes-de-infraestrutura\/","url":"https:\/\/www.institutodeengenharia.org.br\/site\/2005\/10\/04\/simposio-o-subterraneo-da-cidade-e-as-redes-de-infraestrutura\/","name":"Simp\u00f3sio - O subterr\u00e2neo da cidade e as redes de infra-estrutura - Instituto de Engenharia","isPartOf":{"@id":"https:\/\/www.institutodeengenharia.org.br\/site\/#website"},"datePublished":"2005-10-04T21:45:48+00:00","dateModified":"2007-09-10T13:55:08+00:00","breadcrumb":{"@id":"https:\/\/www.institutodeengenharia.org.br\/site\/2005\/10\/04\/simposio-o-subterraneo-da-cidade-e-as-redes-de-infraestrutura\/#breadcrumb"},"inLanguage":"pt-BR","potentialAction":[{"@type":"ReadAction","target":["https:\/\/www.institutodeengenharia.org.br\/site\/2005\/10\/04\/simposio-o-subterraneo-da-cidade-e-as-redes-de-infraestrutura\/"]}]},{"@type":"BreadcrumbList","@id":"https:\/\/www.institutodeengenharia.org.br\/site\/2005\/10\/04\/simposio-o-subterraneo-da-cidade-e-as-redes-de-infraestrutura\/#breadcrumb","itemListElement":[{"@type":"ListItem","position":1,"name":"In\u00edcio","item":"https:\/\/www.institutodeengenharia.org.br\/site\/"},{"@type":"ListItem","position":2,"name":"Simp\u00f3sio &#8211; O subterr\u00e2neo da cidade e as redes de infra-estrutura"}]},{"@type":"WebSite","@id":"https:\/\/www.institutodeengenharia.org.br\/site\/#website","url":"https:\/\/www.institutodeengenharia.org.br\/site\/","name":"Instituto de Engenharia","description":"O Instituto de Engenharia promove a Engenharia em benef\u00edcio do desenvolvimento e da qualidade de vida da sociedade.","publisher":{"@id":"https:\/\/www.institutodeengenharia.org.br\/site\/#organization"},"potentialAction":[{"@type":"SearchAction","target":{"@type":"EntryPoint","urlTemplate":"https:\/\/www.institutodeengenharia.org.br\/site\/?s={search_term_string}"},"query-input":{"@type":"PropertyValueSpecification","valueRequired":true,"valueName":"search_term_string"}}],"inLanguage":"pt-BR"},{"@type":"Organization","@id":"https:\/\/www.institutodeengenharia.org.br\/site\/#organization","name":"Instituto de Engenharia","url":"https:\/\/www.institutodeengenharia.org.br\/site\/","logo":{"@type":"ImageObject","inLanguage":"pt-BR","@id":"https:\/\/www.institutodeengenharia.org.br\/site\/#\/schema\/logo\/image\/","url":"https:\/\/www.institutodeengenharia.org.br\/site\/wp-content\/uploads\/2019\/03\/logo-novo-IE2018-1.jpg","contentUrl":"https:\/\/www.institutodeengenharia.org.br\/site\/wp-content\/uploads\/2019\/03\/logo-novo-IE2018-1.jpg","width":1486,"height":1879,"caption":"Instituto de Engenharia"},"image":{"@id":"https:\/\/www.institutodeengenharia.org.br\/site\/#\/schema\/logo\/image\/"},"sameAs":["https:\/\/www.facebook.com\/institutodeengenharia","https:\/\/x.com\/iengenharia","https:\/\/www.instagram.com\/institutodeengenharia\/","https:\/\/www.linkedin.com\/company\/instituto-de-engenharia\/","https:\/\/www.youtube.com\/channel\/UCXiCAlsSMe977vamW915HxA"]},{"@type":"Person","@id":"https:\/\/www.institutodeengenharia.org.br\/site\/#\/schema\/person\/3b1ff109facef084739fc2edcb9a127f","name":"TMax Tecnologia","image":{"@type":"ImageObject","inLanguage":"pt-BR","@id":"https:\/\/secure.gravatar.com\/avatar\/f912434ef7f389c92cb311fcdae346af848465d638912574b3c669070f797701?s=96&d=mm&r=g","url":"https:\/\/secure.gravatar.com\/avatar\/f912434ef7f389c92cb311fcdae346af848465d638912574b3c669070f797701?s=96&d=mm&r=g","contentUrl":"https:\/\/secure.gravatar.com\/avatar\/f912434ef7f389c92cb311fcdae346af848465d638912574b3c669070f797701?s=96&d=mm&r=g","caption":"TMax Tecnologia"},"url":"https:\/\/www.institutodeengenharia.org.br\/site\/author\/tmax\/"}]}},"_links":{"self":[{"href":"https:\/\/www.institutodeengenharia.org.br\/site\/wp-json\/wp\/v2\/posts\/14456","targetHints":{"allow":["GET"]}}],"collection":[{"href":"https:\/\/www.institutodeengenharia.org.br\/site\/wp-json\/wp\/v2\/posts"}],"about":[{"href":"https:\/\/www.institutodeengenharia.org.br\/site\/wp-json\/wp\/v2\/types\/post"}],"author":[{"embeddable":true,"href":"https:\/\/www.institutodeengenharia.org.br\/site\/wp-json\/wp\/v2\/users\/1"}],"replies":[{"embeddable":true,"href":"https:\/\/www.institutodeengenharia.org.br\/site\/wp-json\/wp\/v2\/comments?post=14456"}],"version-history":[{"count":0,"href":"https:\/\/www.institutodeengenharia.org.br\/site\/wp-json\/wp\/v2\/posts\/14456\/revisions"}],"wp:attachment":[{"href":"https:\/\/www.institutodeengenharia.org.br\/site\/wp-json\/wp\/v2\/media?parent=14456"}],"wp:term":[{"taxonomy":"category","embeddable":true,"href":"https:\/\/www.institutodeengenharia.org.br\/site\/wp-json\/wp\/v2\/categories?post=14456"},{"taxonomy":"post_tag","embeddable":true,"href":"https:\/\/www.institutodeengenharia.org.br\/site\/wp-json\/wp\/v2\/tags?post=14456"}],"curies":[{"name":"wp","href":"https:\/\/api.w.org\/{rel}","templated":true}]}}