{"id":14452,"date":"2007-09-10T21:45:46","date_gmt":"2007-09-10T21:45:46","guid":{"rendered":"https:\/\/www.institutodeengenharia.org.br\/?p=14452"},"modified":"2007-09-10T13:39:33","modified_gmt":"2007-09-10T13:39:33","slug":"instituto-de-engenharia-comemora-primeiro-aniversario-da-escola-de-construcao-naval","status":"publish","type":"post","link":"https:\/\/www.institutodeengenharia.org.br\/site\/2007\/09\/10\/instituto-de-engenharia-comemora-primeiro-aniversario-da-escola-de-construcao-naval\/","title":{"rendered":"Instituto de Engenharia comemora primeiro anivers\u00e1rio da Escola de Constru\u00e7\u00e3o Naval"},"content":{"rendered":"<p>No dia 7 de outubro, a partir das 11 horas da manh\u00e3, na Sede de Campo do Instituto de Engenharia vai acontecer uma palestra, com o tema Constru\u00e7\u00e3o e manuten\u00e7\u00e3o de barcos. Promovida pelo N\u00facleo Pr\u00f3 Vela, ser\u00e1 poss\u00edvel tomar conhecimento das t\u00e9cnicas de constru\u00e7\u00e3o e manuten\u00e7\u00e3o de barcos. Quem quiser, tamb\u00e9m poder\u00e1 fazer uma visita t\u00e9cnica \u00e0 escola.\u00a0<\/p>\n<p>Na escola de constru\u00e7\u00e3o naval da Sede de Campo do Instituto de Engenharia, voc\u00ea pode construir o barco dos seus sonhos em local abrigado e com todas as ferramentas e m\u00e1quinas necess\u00e1rias \u00e0 sua disposi\u00e7\u00e3o.\u00a0<\/p>\n<p><strong>Hist\u00f3ria<\/strong> &#8211; A constru\u00e7\u00e3o naval, inicialmente era s\u00f3 de madeira, t\u00e9cnica que foi posta de lado com o surgimento dos pl\u00e1sticos refor\u00e7ados com fibra de vidro. Mas ficou a saudade do charme dos barcos de madeira, inclusive pela facilidade de constru\u00e7\u00e3o amadora, versatilidade e baixo custo.\u00a0<\/p>\n<p>A ind\u00fastria de barcos de fibra buscou baixar custos e hoje associa as vantagens das duas t\u00e9cnicas. As pesquisas mais modernas est\u00e3o desenvolvendo procedimentos de constru\u00e7\u00e3o como as de madeira e resina, ep\u00f3xi e outros compostos. Estas t\u00e9cnicas s\u00e3o ensinadas por Jackson Bergamo na Escola de Constru\u00e7\u00e3o Naval da Sede de Campo do Instituto de Engenharia.\u00a0<\/p>\n<p>S\u00f3cios engenheiros, empres\u00e1rios, profissionais liberais, al\u00e9m de ver seus sonhos realizados experimentam horas de lazer e descontra\u00e7\u00e3o no galp\u00e3o ao lado da represa. Tudo isto adquirindo conhecimento das tecnologias de ponta.\u00a0<\/p>\n<p><strong>Custo<\/strong> &#8211; Barco \u00e9 um hobby caro. \u00c9 a impress\u00e3o que temos quando olhamos numa loja ou exposi\u00e7\u00e3o. <br \/>\nMas na verdade o maior componente de custo de um barco \u00e9 a m\u00e3o de obra. <br \/>\nQuando se constr\u00f3i o pr\u00f3prio barco, torna-se menos oneroso, com desembolso parcelado. Construir um barco \u00e9 tamb\u00e9m uma das mais saud\u00e1veis terapias. \u00c9 indescrit\u00edvel a sensa\u00e7\u00e3o que se tem no dia da inaugura\u00e7\u00e3o.\u00a0<\/p>\n<p><strong>A Escola<\/strong> &#8211; Modesta a principio, mas pelo trabalho s\u00e9rio ali desenvolvido, tem recebido ampla divulga\u00e7\u00e3o nas primeiras p\u00e1ginas dos jornais da regi\u00e3o. Autoridades t\u00eam prestigiado o projeto. Hoje maduro e consolidado, prepara-se para oferecer mais vagas aos associados neste ver\u00e3o. \u00danica no Brasil \u00e9 motivo de orgulho do Instituto de Engenharia e referencia tecnol\u00f3gica para outros p\u00f3los n\u00e1uticos. <\/p>\n<p><b>Autor: Bira<\/b><\/p>\n","protected":false},"excerpt":{"rendered":"<p>No dia 7 de outubro, a partir das 11 horas da manh\u00e3, na Sede de Campo do Instituto de Engenharia vai acontecer uma palestra, com o tema Constru\u00e7\u00e3o e manuten\u00e7\u00e3o de barcos. Promovida pelo N\u00facleo Pr\u00f3 Vela, ser\u00e1 poss\u00edvel tomar conhecimento das t\u00e9cnicas de constru\u00e7\u00e3o e manuten\u00e7\u00e3o de barcos. Quem quiser, tamb\u00e9m poder\u00e1 fazer uma [&hellip;]<\/p>\n","protected":false},"author":1,"featured_media":14453,"comment_status":"open","ping_status":"open","sticky":false,"template":"","format":"standard","meta":{"footnotes":""},"categories":[27,6],"tags":[],"class_list":{"0":"post-14452","1":"post","2":"type-post","3":"status-publish","4":"format-standard","5":"has-post-thumbnail","7":"category-instituto-de-engenharia","8":"category-noticias"},"yoast_head":"<!-- This site is optimized with the Yoast SEO plugin v27.2 - https:\/\/yoast.com\/product\/yoast-seo-wordpress\/ -->\n<title>Instituto de Engenharia comemora primeiro anivers\u00e1rio da Escola de Constru\u00e7\u00e3o Naval - Instituto de Engenharia<\/title>\n<meta name=\"robots\" content=\"index, follow, max-snippet:-1, max-image-preview:large, max-video-preview:-1\" \/>\n<link rel=\"canonical\" href=\"https:\/\/www.institutodeengenharia.org.br\/site\/2007\/09\/10\/instituto-de-engenharia-comemora-primeiro-aniversario-da-escola-de-construcao-naval\/\" \/>\n<meta property=\"og:locale\" content=\"pt_BR\" \/>\n<meta property=\"og:type\" content=\"article\" \/>\n<meta property=\"og:title\" content=\"Instituto de Engenharia comemora primeiro anivers\u00e1rio da Escola de Constru\u00e7\u00e3o Naval - Instituto de Engenharia\" \/>\n<meta property=\"og:description\" content=\"No dia 7 de outubro, a partir das 11 horas da manh\u00e3, na Sede de Campo do Instituto de Engenharia vai acontecer uma palestra, com o tema Constru\u00e7\u00e3o e manuten\u00e7\u00e3o de barcos. Promovida pelo N\u00facleo Pr\u00f3 Vela, ser\u00e1 poss\u00edvel tomar conhecimento das t\u00e9cnicas de constru\u00e7\u00e3o e manuten\u00e7\u00e3o de barcos. Quem quiser, tamb\u00e9m poder\u00e1 fazer uma [&hellip;]\" \/>\n<meta property=\"og:url\" content=\"https:\/\/www.institutodeengenharia.org.br\/site\/2007\/09\/10\/instituto-de-engenharia-comemora-primeiro-aniversario-da-escola-de-construcao-naval\/\" \/>\n<meta property=\"og:site_name\" content=\"Instituto de Engenharia\" \/>\n<meta property=\"article:publisher\" content=\"https:\/\/www.facebook.com\/institutodeengenharia\" \/>\n<meta property=\"article:published_time\" content=\"2007-09-10T21:45:46+00:00\" \/>\n<meta property=\"og:image\" content=\"https:\/\/www.institutodeengenharia.org.br\/site\/wp-content\/uploads\/2017\/10\/noticia125.jpg\" \/>\n\t<meta property=\"og:image:width\" content=\"195\" \/>\n\t<meta property=\"og:image:height\" content=\"146\" \/>\n\t<meta property=\"og:image:type\" content=\"image\/jpeg\" \/>\n<meta name=\"author\" content=\"TMax Tecnologia\" \/>\n<meta name=\"twitter:card\" content=\"summary_large_image\" \/>\n<meta name=\"twitter:creator\" content=\"@iengenharia\" \/>\n<meta name=\"twitter:site\" content=\"@iengenharia\" \/>\n<meta name=\"twitter:label1\" content=\"Escrito por\" \/>\n\t<meta name=\"twitter:data1\" content=\"TMax Tecnologia\" \/>\n\t<meta name=\"twitter:label2\" content=\"Est. tempo de leitura\" \/>\n\t<meta name=\"twitter:data2\" content=\"2 minutos\" \/>\n<script type=\"application\/ld+json\" class=\"yoast-schema-graph\">{\"@context\":\"https:\/\/schema.org\",\"@graph\":[{\"@type\":\"Article\",\"@id\":\"https:\/\/www.institutodeengenharia.org.br\/site\/2007\/09\/10\/instituto-de-engenharia-comemora-primeiro-aniversario-da-escola-de-construcao-naval\/#article\",\"isPartOf\":{\"@id\":\"https:\/\/www.institutodeengenharia.org.br\/site\/2007\/09\/10\/instituto-de-engenharia-comemora-primeiro-aniversario-da-escola-de-construcao-naval\/\"},\"author\":{\"name\":\"TMax Tecnologia\",\"@id\":\"https:\/\/www.institutodeengenharia.org.br\/site\/#\/schema\/person\/3b1ff109facef084739fc2edcb9a127f\"},\"headline\":\"Instituto de Engenharia comemora primeiro anivers\u00e1rio da Escola de Constru\u00e7\u00e3o Naval\",\"datePublished\":\"2007-09-10T21:45:46+00:00\",\"mainEntityOfPage\":{\"@id\":\"https:\/\/www.institutodeengenharia.org.br\/site\/2007\/09\/10\/instituto-de-engenharia-comemora-primeiro-aniversario-da-escola-de-construcao-naval\/\"},\"wordCount\":409,\"commentCount\":0,\"publisher\":{\"@id\":\"https:\/\/www.institutodeengenharia.org.br\/site\/#organization\"},\"image\":{\"@id\":\"https:\/\/www.institutodeengenharia.org.br\/site\/2007\/09\/10\/instituto-de-engenharia-comemora-primeiro-aniversario-da-escola-de-construcao-naval\/#primaryimage\"},\"thumbnailUrl\":\"https:\/\/www.institutodeengenharia.org.br\/site\/wp-content\/uploads\/2017\/10\/noticia125.jpg\",\"articleSection\":[\"Instituto de Engenharia\",\"Not\u00edcias\"],\"inLanguage\":\"pt-BR\",\"potentialAction\":[{\"@type\":\"CommentAction\",\"name\":\"Comment\",\"target\":[\"https:\/\/www.institutodeengenharia.org.br\/site\/2007\/09\/10\/instituto-de-engenharia-comemora-primeiro-aniversario-da-escola-de-construcao-naval\/#respond\"]}]},{\"@type\":\"WebPage\",\"@id\":\"https:\/\/www.institutodeengenharia.org.br\/site\/2007\/09\/10\/instituto-de-engenharia-comemora-primeiro-aniversario-da-escola-de-construcao-naval\/\",\"url\":\"https:\/\/www.institutodeengenharia.org.br\/site\/2007\/09\/10\/instituto-de-engenharia-comemora-primeiro-aniversario-da-escola-de-construcao-naval\/\",\"name\":\"Instituto de Engenharia comemora primeiro anivers\u00e1rio da Escola de Constru\u00e7\u00e3o Naval - Instituto de Engenharia\",\"isPartOf\":{\"@id\":\"https:\/\/www.institutodeengenharia.org.br\/site\/#website\"},\"primaryImageOfPage\":{\"@id\":\"https:\/\/www.institutodeengenharia.org.br\/site\/2007\/09\/10\/instituto-de-engenharia-comemora-primeiro-aniversario-da-escola-de-construcao-naval\/#primaryimage\"},\"image\":{\"@id\":\"https:\/\/www.institutodeengenharia.org.br\/site\/2007\/09\/10\/instituto-de-engenharia-comemora-primeiro-aniversario-da-escola-de-construcao-naval\/#primaryimage\"},\"thumbnailUrl\":\"https:\/\/www.institutodeengenharia.org.br\/site\/wp-content\/uploads\/2017\/10\/noticia125.jpg\",\"datePublished\":\"2007-09-10T21:45:46+00:00\",\"breadcrumb\":{\"@id\":\"https:\/\/www.institutodeengenharia.org.br\/site\/2007\/09\/10\/instituto-de-engenharia-comemora-primeiro-aniversario-da-escola-de-construcao-naval\/#breadcrumb\"},\"inLanguage\":\"pt-BR\",\"potentialAction\":[{\"@type\":\"ReadAction\",\"target\":[\"https:\/\/www.institutodeengenharia.org.br\/site\/2007\/09\/10\/instituto-de-engenharia-comemora-primeiro-aniversario-da-escola-de-construcao-naval\/\"]}]},{\"@type\":\"ImageObject\",\"inLanguage\":\"pt-BR\",\"@id\":\"https:\/\/www.institutodeengenharia.org.br\/site\/2007\/09\/10\/instituto-de-engenharia-comemora-primeiro-aniversario-da-escola-de-construcao-naval\/#primaryimage\",\"url\":\"https:\/\/www.institutodeengenharia.org.br\/site\/wp-content\/uploads\/2017\/10\/noticia125.jpg\",\"contentUrl\":\"https:\/\/www.institutodeengenharia.org.br\/site\/wp-content\/uploads\/2017\/10\/noticia125.jpg\",\"width\":195,\"height\":146,\"caption\":\"Tert\u00falias Marinheiras re\u00fanem apreciadores da navega\u00e7\u00e3o\"},{\"@type\":\"BreadcrumbList\",\"@id\":\"https:\/\/www.institutodeengenharia.org.br\/site\/2007\/09\/10\/instituto-de-engenharia-comemora-primeiro-aniversario-da-escola-de-construcao-naval\/#breadcrumb\",\"itemListElement\":[{\"@type\":\"ListItem\",\"position\":1,\"name\":\"In\u00edcio\",\"item\":\"https:\/\/www.institutodeengenharia.org.br\/site\/\"},{\"@type\":\"ListItem\",\"position\":2,\"name\":\"Instituto de Engenharia comemora primeiro anivers\u00e1rio da Escola de Constru\u00e7\u00e3o Naval\"}]},{\"@type\":\"WebSite\",\"@id\":\"https:\/\/www.institutodeengenharia.org.br\/site\/#website\",\"url\":\"https:\/\/www.institutodeengenharia.org.br\/site\/\",\"name\":\"Instituto de Engenharia\",\"description\":\"O Instituto de Engenharia promove a Engenharia em benef\u00edcio do desenvolvimento e da qualidade de vida da sociedade.\",\"publisher\":{\"@id\":\"https:\/\/www.institutodeengenharia.org.br\/site\/#organization\"},\"potentialAction\":[{\"@type\":\"SearchAction\",\"target\":{\"@type\":\"EntryPoint\",\"urlTemplate\":\"https:\/\/www.institutodeengenharia.org.br\/site\/?s={search_term_string}\"},\"query-input\":{\"@type\":\"PropertyValueSpecification\",\"valueRequired\":true,\"valueName\":\"search_term_string\"}}],\"inLanguage\":\"pt-BR\"},{\"@type\":\"Organization\",\"@id\":\"https:\/\/www.institutodeengenharia.org.br\/site\/#organization\",\"name\":\"Instituto de Engenharia\",\"url\":\"https:\/\/www.institutodeengenharia.org.br\/site\/\",\"logo\":{\"@type\":\"ImageObject\",\"inLanguage\":\"pt-BR\",\"@id\":\"https:\/\/www.institutodeengenharia.org.br\/site\/#\/schema\/logo\/image\/\",\"url\":\"https:\/\/www.institutodeengenharia.org.br\/site\/wp-content\/uploads\/2019\/03\/logo-novo-IE2018-1.jpg\",\"contentUrl\":\"https:\/\/www.institutodeengenharia.org.br\/site\/wp-content\/uploads\/2019\/03\/logo-novo-IE2018-1.jpg\",\"width\":1486,\"height\":1879,\"caption\":\"Instituto de Engenharia\"},\"image\":{\"@id\":\"https:\/\/www.institutodeengenharia.org.br\/site\/#\/schema\/logo\/image\/\"},\"sameAs\":[\"https:\/\/www.facebook.com\/institutodeengenharia\",\"https:\/\/x.com\/iengenharia\",\"https:\/\/www.instagram.com\/institutodeengenharia\/\",\"https:\/\/www.linkedin.com\/company\/instituto-de-engenharia\/\",\"https:\/\/www.youtube.com\/channel\/UCXiCAlsSMe977vamW915HxA\"]},{\"@type\":\"Person\",\"@id\":\"https:\/\/www.institutodeengenharia.org.br\/site\/#\/schema\/person\/3b1ff109facef084739fc2edcb9a127f\",\"name\":\"TMax Tecnologia\",\"image\":{\"@type\":\"ImageObject\",\"inLanguage\":\"pt-BR\",\"@id\":\"https:\/\/secure.gravatar.com\/avatar\/f912434ef7f389c92cb311fcdae346af848465d638912574b3c669070f797701?s=96&d=mm&r=g\",\"url\":\"https:\/\/secure.gravatar.com\/avatar\/f912434ef7f389c92cb311fcdae346af848465d638912574b3c669070f797701?s=96&d=mm&r=g\",\"contentUrl\":\"https:\/\/secure.gravatar.com\/avatar\/f912434ef7f389c92cb311fcdae346af848465d638912574b3c669070f797701?s=96&d=mm&r=g\",\"caption\":\"TMax Tecnologia\"},\"url\":\"https:\/\/www.institutodeengenharia.org.br\/site\/author\/tmax\/\"}]}<\/script>\n<!-- \/ Yoast SEO plugin. -->","yoast_head_json":{"title":"Instituto de Engenharia comemora primeiro anivers\u00e1rio da Escola de Constru\u00e7\u00e3o Naval - Instituto de Engenharia","robots":{"index":"index","follow":"follow","max-snippet":"max-snippet:-1","max-image-preview":"max-image-preview:large","max-video-preview":"max-video-preview:-1"},"canonical":"https:\/\/www.institutodeengenharia.org.br\/site\/2007\/09\/10\/instituto-de-engenharia-comemora-primeiro-aniversario-da-escola-de-construcao-naval\/","og_locale":"pt_BR","og_type":"article","og_title":"Instituto de Engenharia comemora primeiro anivers\u00e1rio da Escola de Constru\u00e7\u00e3o Naval - Instituto de Engenharia","og_description":"No dia 7 de outubro, a partir das 11 horas da manh\u00e3, na Sede de Campo do Instituto de Engenharia vai acontecer uma palestra, com o tema Constru\u00e7\u00e3o e manuten\u00e7\u00e3o de barcos. Promovida pelo N\u00facleo Pr\u00f3 Vela, ser\u00e1 poss\u00edvel tomar conhecimento das t\u00e9cnicas de constru\u00e7\u00e3o e manuten\u00e7\u00e3o de barcos. Quem quiser, tamb\u00e9m poder\u00e1 fazer uma [&hellip;]","og_url":"https:\/\/www.institutodeengenharia.org.br\/site\/2007\/09\/10\/instituto-de-engenharia-comemora-primeiro-aniversario-da-escola-de-construcao-naval\/","og_site_name":"Instituto de Engenharia","article_publisher":"https:\/\/www.facebook.com\/institutodeengenharia","article_published_time":"2007-09-10T21:45:46+00:00","og_image":[{"width":195,"height":146,"url":"https:\/\/www.institutodeengenharia.org.br\/site\/wp-content\/uploads\/2017\/10\/noticia125.jpg","type":"image\/jpeg"}],"author":"TMax Tecnologia","twitter_card":"summary_large_image","twitter_creator":"@iengenharia","twitter_site":"@iengenharia","twitter_misc":{"Escrito por":"TMax Tecnologia","Est. tempo de leitura":"2 minutos"},"schema":{"@context":"https:\/\/schema.org","@graph":[{"@type":"Article","@id":"https:\/\/www.institutodeengenharia.org.br\/site\/2007\/09\/10\/instituto-de-engenharia-comemora-primeiro-aniversario-da-escola-de-construcao-naval\/#article","isPartOf":{"@id":"https:\/\/www.institutodeengenharia.org.br\/site\/2007\/09\/10\/instituto-de-engenharia-comemora-primeiro-aniversario-da-escola-de-construcao-naval\/"},"author":{"name":"TMax Tecnologia","@id":"https:\/\/www.institutodeengenharia.org.br\/site\/#\/schema\/person\/3b1ff109facef084739fc2edcb9a127f"},"headline":"Instituto de Engenharia comemora primeiro anivers\u00e1rio da Escola de Constru\u00e7\u00e3o Naval","datePublished":"2007-09-10T21:45:46+00:00","mainEntityOfPage":{"@id":"https:\/\/www.institutodeengenharia.org.br\/site\/2007\/09\/10\/instituto-de-engenharia-comemora-primeiro-aniversario-da-escola-de-construcao-naval\/"},"wordCount":409,"commentCount":0,"publisher":{"@id":"https:\/\/www.institutodeengenharia.org.br\/site\/#organization"},"image":{"@id":"https:\/\/www.institutodeengenharia.org.br\/site\/2007\/09\/10\/instituto-de-engenharia-comemora-primeiro-aniversario-da-escola-de-construcao-naval\/#primaryimage"},"thumbnailUrl":"https:\/\/www.institutodeengenharia.org.br\/site\/wp-content\/uploads\/2017\/10\/noticia125.jpg","articleSection":["Instituto de Engenharia","Not\u00edcias"],"inLanguage":"pt-BR","potentialAction":[{"@type":"CommentAction","name":"Comment","target":["https:\/\/www.institutodeengenharia.org.br\/site\/2007\/09\/10\/instituto-de-engenharia-comemora-primeiro-aniversario-da-escola-de-construcao-naval\/#respond"]}]},{"@type":"WebPage","@id":"https:\/\/www.institutodeengenharia.org.br\/site\/2007\/09\/10\/instituto-de-engenharia-comemora-primeiro-aniversario-da-escola-de-construcao-naval\/","url":"https:\/\/www.institutodeengenharia.org.br\/site\/2007\/09\/10\/instituto-de-engenharia-comemora-primeiro-aniversario-da-escola-de-construcao-naval\/","name":"Instituto de Engenharia comemora primeiro anivers\u00e1rio da Escola de Constru\u00e7\u00e3o Naval - Instituto de Engenharia","isPartOf":{"@id":"https:\/\/www.institutodeengenharia.org.br\/site\/#website"},"primaryImageOfPage":{"@id":"https:\/\/www.institutodeengenharia.org.br\/site\/2007\/09\/10\/instituto-de-engenharia-comemora-primeiro-aniversario-da-escola-de-construcao-naval\/#primaryimage"},"image":{"@id":"https:\/\/www.institutodeengenharia.org.br\/site\/2007\/09\/10\/instituto-de-engenharia-comemora-primeiro-aniversario-da-escola-de-construcao-naval\/#primaryimage"},"thumbnailUrl":"https:\/\/www.institutodeengenharia.org.br\/site\/wp-content\/uploads\/2017\/10\/noticia125.jpg","datePublished":"2007-09-10T21:45:46+00:00","breadcrumb":{"@id":"https:\/\/www.institutodeengenharia.org.br\/site\/2007\/09\/10\/instituto-de-engenharia-comemora-primeiro-aniversario-da-escola-de-construcao-naval\/#breadcrumb"},"inLanguage":"pt-BR","potentialAction":[{"@type":"ReadAction","target":["https:\/\/www.institutodeengenharia.org.br\/site\/2007\/09\/10\/instituto-de-engenharia-comemora-primeiro-aniversario-da-escola-de-construcao-naval\/"]}]},{"@type":"ImageObject","inLanguage":"pt-BR","@id":"https:\/\/www.institutodeengenharia.org.br\/site\/2007\/09\/10\/instituto-de-engenharia-comemora-primeiro-aniversario-da-escola-de-construcao-naval\/#primaryimage","url":"https:\/\/www.institutodeengenharia.org.br\/site\/wp-content\/uploads\/2017\/10\/noticia125.jpg","contentUrl":"https:\/\/www.institutodeengenharia.org.br\/site\/wp-content\/uploads\/2017\/10\/noticia125.jpg","width":195,"height":146,"caption":"Tert\u00falias Marinheiras re\u00fanem apreciadores da navega\u00e7\u00e3o"},{"@type":"BreadcrumbList","@id":"https:\/\/www.institutodeengenharia.org.br\/site\/2007\/09\/10\/instituto-de-engenharia-comemora-primeiro-aniversario-da-escola-de-construcao-naval\/#breadcrumb","itemListElement":[{"@type":"ListItem","position":1,"name":"In\u00edcio","item":"https:\/\/www.institutodeengenharia.org.br\/site\/"},{"@type":"ListItem","position":2,"name":"Instituto de Engenharia comemora primeiro anivers\u00e1rio da Escola de Constru\u00e7\u00e3o Naval"}]},{"@type":"WebSite","@id":"https:\/\/www.institutodeengenharia.org.br\/site\/#website","url":"https:\/\/www.institutodeengenharia.org.br\/site\/","name":"Instituto de Engenharia","description":"O Instituto de Engenharia promove a Engenharia em benef\u00edcio do desenvolvimento e da qualidade de vida da sociedade.","publisher":{"@id":"https:\/\/www.institutodeengenharia.org.br\/site\/#organization"},"potentialAction":[{"@type":"SearchAction","target":{"@type":"EntryPoint","urlTemplate":"https:\/\/www.institutodeengenharia.org.br\/site\/?s={search_term_string}"},"query-input":{"@type":"PropertyValueSpecification","valueRequired":true,"valueName":"search_term_string"}}],"inLanguage":"pt-BR"},{"@type":"Organization","@id":"https:\/\/www.institutodeengenharia.org.br\/site\/#organization","name":"Instituto de Engenharia","url":"https:\/\/www.institutodeengenharia.org.br\/site\/","logo":{"@type":"ImageObject","inLanguage":"pt-BR","@id":"https:\/\/www.institutodeengenharia.org.br\/site\/#\/schema\/logo\/image\/","url":"https:\/\/www.institutodeengenharia.org.br\/site\/wp-content\/uploads\/2019\/03\/logo-novo-IE2018-1.jpg","contentUrl":"https:\/\/www.institutodeengenharia.org.br\/site\/wp-content\/uploads\/2019\/03\/logo-novo-IE2018-1.jpg","width":1486,"height":1879,"caption":"Instituto de Engenharia"},"image":{"@id":"https:\/\/www.institutodeengenharia.org.br\/site\/#\/schema\/logo\/image\/"},"sameAs":["https:\/\/www.facebook.com\/institutodeengenharia","https:\/\/x.com\/iengenharia","https:\/\/www.instagram.com\/institutodeengenharia\/","https:\/\/www.linkedin.com\/company\/instituto-de-engenharia\/","https:\/\/www.youtube.com\/channel\/UCXiCAlsSMe977vamW915HxA"]},{"@type":"Person","@id":"https:\/\/www.institutodeengenharia.org.br\/site\/#\/schema\/person\/3b1ff109facef084739fc2edcb9a127f","name":"TMax Tecnologia","image":{"@type":"ImageObject","inLanguage":"pt-BR","@id":"https:\/\/secure.gravatar.com\/avatar\/f912434ef7f389c92cb311fcdae346af848465d638912574b3c669070f797701?s=96&d=mm&r=g","url":"https:\/\/secure.gravatar.com\/avatar\/f912434ef7f389c92cb311fcdae346af848465d638912574b3c669070f797701?s=96&d=mm&r=g","contentUrl":"https:\/\/secure.gravatar.com\/avatar\/f912434ef7f389c92cb311fcdae346af848465d638912574b3c669070f797701?s=96&d=mm&r=g","caption":"TMax Tecnologia"},"url":"https:\/\/www.institutodeengenharia.org.br\/site\/author\/tmax\/"}]}},"_links":{"self":[{"href":"https:\/\/www.institutodeengenharia.org.br\/site\/wp-json\/wp\/v2\/posts\/14452","targetHints":{"allow":["GET"]}}],"collection":[{"href":"https:\/\/www.institutodeengenharia.org.br\/site\/wp-json\/wp\/v2\/posts"}],"about":[{"href":"https:\/\/www.institutodeengenharia.org.br\/site\/wp-json\/wp\/v2\/types\/post"}],"author":[{"embeddable":true,"href":"https:\/\/www.institutodeengenharia.org.br\/site\/wp-json\/wp\/v2\/users\/1"}],"replies":[{"embeddable":true,"href":"https:\/\/www.institutodeengenharia.org.br\/site\/wp-json\/wp\/v2\/comments?post=14452"}],"version-history":[{"count":0,"href":"https:\/\/www.institutodeengenharia.org.br\/site\/wp-json\/wp\/v2\/posts\/14452\/revisions"}],"wp:featuredmedia":[{"embeddable":true,"href":"https:\/\/www.institutodeengenharia.org.br\/site\/wp-json\/wp\/v2\/media\/14453"}],"wp:attachment":[{"href":"https:\/\/www.institutodeengenharia.org.br\/site\/wp-json\/wp\/v2\/media?parent=14452"}],"wp:term":[{"taxonomy":"category","embeddable":true,"href":"https:\/\/www.institutodeengenharia.org.br\/site\/wp-json\/wp\/v2\/categories?post=14452"},{"taxonomy":"post_tag","embeddable":true,"href":"https:\/\/www.institutodeengenharia.org.br\/site\/wp-json\/wp\/v2\/tags?post=14452"}],"curies":[{"name":"wp","href":"https:\/\/api.w.org\/{rel}","templated":true}]}}