{"id":14448,"date":"2007-07-25T21:45:40","date_gmt":"2007-07-25T21:45:40","guid":{"rendered":"https:\/\/www.institutodeengenharia.org.br\/?p=14448"},"modified":"2007-08-31T16:34:23","modified_gmt":"2007-08-31T16:34:23","slug":"a-funcao-dos-impostos","status":"publish","type":"post","link":"https:\/\/www.institutodeengenharia.org.br\/site\/2007\/07\/25\/a-funcao-dos-impostos\/","title":{"rendered":"A fun\u00e7\u00e3o dos impostos"},"content":{"rendered":"<p>Os cr\u00edticos dos impostos n\u00e3o-declarat\u00f3rios sobre movimenta\u00e7\u00e3o financeira, mais especificamente ao projeto do Imposto \u00danico, afirmam que por serem gerais, universais e com estrutura simplificada de al\u00edquotas o governo perde a capacidade de calibrar o sistema de acordo com seus prop\u00f3sitos e de praticar pol\u00edticas econ\u00f4micas seletivas. Da\u00ed surge uma quest\u00e3o: afinal, qual \u00e9 a fun\u00e7\u00e3o dos impostos?\u00a0<\/p>\n<p>Ao longo dos tempos os tributos passaram a ter fun\u00e7\u00f5es extra-fiscais. Passou-se a acreditar que a redistribui\u00e7\u00e3o de renda e de riqueza, atrav\u00e9s da cobran\u00e7a punitiva de impostos dos mais eficientes e mais poderosos, seria sua fun\u00e7\u00e3o essencial. O ativismo governamental e a pol\u00edtica econ\u00f4mica keynesiana enfatizaram o papel dos impostos, e da isen\u00e7\u00e3o deles, como meios para alcan\u00e7ar o desenvolvimento econ\u00f4mico. Ecologistas e sanitaristas passaram a usar o sistema tribut\u00e1rio como forma de prote\u00e7\u00e3o do meio ambiente, e de puni\u00e7\u00e3o para infratores. Planejadores urbanos e regionais enxergam no sistema tribut\u00e1rio mecanismos de indu\u00e7\u00e3o para alcan\u00e7ar objetivos socialmente desej\u00e1veis. Agricultores, querem a reforma agr\u00e1ria pela tributa\u00e7\u00e3o dos latif\u00fandios. Institui\u00e7\u00f5es policiais enxergam nos impostos uma forma de identificar meliantes.\u00a0<\/p>\n<p>Em suma, todos procuram no sistema tribut\u00e1rio a solu\u00e7\u00e3o para seus problemas. Em 2001, o ent\u00e3o secret\u00e1rio da Receita Federal, Everardo Maciel, afirmou: \u201cisso serve apenas para demonstrar que o debate sobre mat\u00e9ria tribut\u00e1ria pode tomar rumos imprevis\u00edveis, ditados por raz\u00f5es fortuitas ou motivos insond\u00e1veis.\u201d\u00a0<\/p>\n<p>A \u00eanfase na extra-fiscalidade dos tributos, ainda que leg\u00edtima, vem se sobrepondo aos objetivos fiscais, tornando o sistema tribut\u00e1rio brasileiro complexo e pouco funcional em sua fun\u00e7\u00e3o essencial que \u00e9 a de arrecadar recursos para financiar o Estado. A estrutura tornou-se cara, ineficiente, corrupta e indutora das mais variadas formas de evas\u00e3o.\u00a0<\/p>\n<p>O formalismo te\u00f3rico, t\u00edpico da burocracia p\u00fablica e da academia, que busca identificar os impactos alocativos e distributivos dos tributos com milim\u00e9trica precis\u00e3o, revela-se cada vez mais ilus\u00f3rio, dado que constru\u00eddo no campo da alta abstra\u00e7\u00e3o. No artigo \u201cImpostos e paradoxos\u201d, publicado na Folha de S.Paulo em 28\/4\/98, Mangabeira Unger, atual ministro-chefe da Secretaria de Planejamento de A\u00e7\u00f5es de Longo Prazo, abrange a necessidade de se resgatar a fun\u00e7\u00e3o fiscal do sistema tribut\u00e1rio, afirmando que a vis\u00e3o acad\u00eamica desdobra-se em meio a \u201cilus\u00f5es edificantes e tranq\u00fcilizadoras\u201d, mas \u201co mundo \u00e9 selvagem e obscuro\u201d. O autor afirma que mesmo impostos indiretos, e porque n\u00e3o cumulativos, podem \u201cgerar muito dinheiro com pouco desarranjo econ\u00f4mico\u201d, ao passo que impostos diretos e progressivos, t\u00e3o caros aos economistas de gabinete, \u201ccomo o Imposto de Renda sobre a pessoa f\u00edsica, n\u00e3o produz a receita necess\u00e1ria. Nem pode faz\u00ea-lo, por enquanto, sem acarretar desincentivos, fugas e evas\u00f5es devastadoras\u201d. Unger vai al\u00e9m, e diz que o essencial \u00e9 gerar \u201cdinheiro para o Estado investir no social\u201d.\u00a0<\/p>\n<p>\u00c9 preciso resgatar a fun\u00e7\u00e3o arrecadat\u00f3ria dos impostos no Brasil. Criar exce\u00e7\u00f5es beneficiando esse ou aquele segmento deforma cada vez mais o atual \u201cFrankenstein\u201c tribut\u00e1rio brasileiro. Ademais, a \u00eanfase neste princ\u00edpio b\u00e1sico das finan\u00e7as p\u00fablicas deve estar em sintonia com a realidade da estrutura do pa\u00eds, onde predominam a absurda complexidade, a brutal sonega\u00e7\u00e3o e o elevado custo para os agentes p\u00fablicos e privados.\u00a0<\/p>\n<p>Marcos Cintra Cavalcanti de Albuquerque \u00e9 doutor em Economia pela Universidade Harvard (EUA), professor titular e vice-presidente da Funda\u00e7\u00e3o Getulio Vargas. <br \/>\nInternet: www.marcoscintra.org \/ E-mail &#8211; mcintra@marcoscintra.org <\/p>\n<p><b>Autor: Marcos Cintra<\/b><\/p>\n","protected":false},"excerpt":{"rendered":"<p>Os cr\u00edticos dos impostos n\u00e3o-declarat\u00f3rios sobre movimenta\u00e7\u00e3o financeira, mais especificamente ao projeto do Imposto \u00danico, afirmam que por serem gerais, universais e com estrutura simplificada de al\u00edquotas o governo perde a capacidade de calibrar o sistema de acordo com seus prop\u00f3sitos e de praticar pol\u00edticas econ\u00f4micas seletivas. Da\u00ed surge uma quest\u00e3o: afinal, qual \u00e9 a [&hellip;]<\/p>\n","protected":false},"author":1,"featured_media":0,"comment_status":"open","ping_status":"open","sticky":false,"template":"","format":"standard","meta":{"footnotes":""},"categories":[114],"tags":[],"class_list":{"0":"post-14448","1":"post","2":"type-post","3":"status-publish","4":"format-standard","6":"category-artigos"},"yoast_head":"<!-- This site is optimized with the Yoast SEO plugin v27.2 - https:\/\/yoast.com\/product\/yoast-seo-wordpress\/ -->\n<title>A fun\u00e7\u00e3o dos impostos - Instituto de Engenharia<\/title>\n<meta name=\"robots\" content=\"index, follow, max-snippet:-1, max-image-preview:large, max-video-preview:-1\" \/>\n<link rel=\"canonical\" href=\"https:\/\/www.institutodeengenharia.org.br\/site\/2007\/07\/25\/a-funcao-dos-impostos\/\" \/>\n<meta property=\"og:locale\" content=\"pt_BR\" \/>\n<meta property=\"og:type\" content=\"article\" \/>\n<meta property=\"og:title\" content=\"A fun\u00e7\u00e3o dos impostos - Instituto de Engenharia\" \/>\n<meta property=\"og:description\" content=\"Os cr\u00edticos dos impostos n\u00e3o-declarat\u00f3rios sobre movimenta\u00e7\u00e3o financeira, mais especificamente ao projeto do Imposto \u00danico, afirmam que por serem gerais, universais e com estrutura simplificada de al\u00edquotas o governo perde a capacidade de calibrar o sistema de acordo com seus prop\u00f3sitos e de praticar pol\u00edticas econ\u00f4micas seletivas. Da\u00ed surge uma quest\u00e3o: afinal, qual \u00e9 a [&hellip;]\" \/>\n<meta property=\"og:url\" content=\"https:\/\/www.institutodeengenharia.org.br\/site\/2007\/07\/25\/a-funcao-dos-impostos\/\" \/>\n<meta property=\"og:site_name\" content=\"Instituto de Engenharia\" \/>\n<meta property=\"article:publisher\" content=\"https:\/\/www.facebook.com\/institutodeengenharia\" \/>\n<meta property=\"article:published_time\" content=\"2007-07-25T21:45:40+00:00\" \/>\n<meta property=\"article:modified_time\" content=\"2007-08-31T16:34:23+00:00\" \/>\n<meta name=\"author\" content=\"TMax Tecnologia\" \/>\n<meta name=\"twitter:card\" content=\"summary_large_image\" \/>\n<meta name=\"twitter:creator\" content=\"@iengenharia\" \/>\n<meta name=\"twitter:site\" content=\"@iengenharia\" \/>\n<meta name=\"twitter:label1\" content=\"Escrito por\" \/>\n\t<meta name=\"twitter:data1\" content=\"TMax Tecnologia\" \/>\n\t<meta name=\"twitter:label2\" content=\"Est. tempo de leitura\" \/>\n\t<meta name=\"twitter:data2\" content=\"3 minutos\" \/>\n<script type=\"application\/ld+json\" class=\"yoast-schema-graph\">{\"@context\":\"https:\/\/schema.org\",\"@graph\":[{\"@type\":\"Article\",\"@id\":\"https:\/\/www.institutodeengenharia.org.br\/site\/2007\/07\/25\/a-funcao-dos-impostos\/#article\",\"isPartOf\":{\"@id\":\"https:\/\/www.institutodeengenharia.org.br\/site\/2007\/07\/25\/a-funcao-dos-impostos\/\"},\"author\":{\"name\":\"TMax Tecnologia\",\"@id\":\"https:\/\/www.institutodeengenharia.org.br\/site\/#\/schema\/person\/3b1ff109facef084739fc2edcb9a127f\"},\"headline\":\"A fun\u00e7\u00e3o dos impostos\",\"datePublished\":\"2007-07-25T21:45:40+00:00\",\"dateModified\":\"2007-08-31T16:34:23+00:00\",\"mainEntityOfPage\":{\"@id\":\"https:\/\/www.institutodeengenharia.org.br\/site\/2007\/07\/25\/a-funcao-dos-impostos\/\"},\"wordCount\":616,\"commentCount\":0,\"publisher\":{\"@id\":\"https:\/\/www.institutodeengenharia.org.br\/site\/#organization\"},\"articleSection\":[\"Artigos\"],\"inLanguage\":\"pt-BR\",\"potentialAction\":[{\"@type\":\"CommentAction\",\"name\":\"Comment\",\"target\":[\"https:\/\/www.institutodeengenharia.org.br\/site\/2007\/07\/25\/a-funcao-dos-impostos\/#respond\"]}]},{\"@type\":\"WebPage\",\"@id\":\"https:\/\/www.institutodeengenharia.org.br\/site\/2007\/07\/25\/a-funcao-dos-impostos\/\",\"url\":\"https:\/\/www.institutodeengenharia.org.br\/site\/2007\/07\/25\/a-funcao-dos-impostos\/\",\"name\":\"A fun\u00e7\u00e3o dos impostos - Instituto de Engenharia\",\"isPartOf\":{\"@id\":\"https:\/\/www.institutodeengenharia.org.br\/site\/#website\"},\"datePublished\":\"2007-07-25T21:45:40+00:00\",\"dateModified\":\"2007-08-31T16:34:23+00:00\",\"breadcrumb\":{\"@id\":\"https:\/\/www.institutodeengenharia.org.br\/site\/2007\/07\/25\/a-funcao-dos-impostos\/#breadcrumb\"},\"inLanguage\":\"pt-BR\",\"potentialAction\":[{\"@type\":\"ReadAction\",\"target\":[\"https:\/\/www.institutodeengenharia.org.br\/site\/2007\/07\/25\/a-funcao-dos-impostos\/\"]}]},{\"@type\":\"BreadcrumbList\",\"@id\":\"https:\/\/www.institutodeengenharia.org.br\/site\/2007\/07\/25\/a-funcao-dos-impostos\/#breadcrumb\",\"itemListElement\":[{\"@type\":\"ListItem\",\"position\":1,\"name\":\"In\u00edcio\",\"item\":\"https:\/\/www.institutodeengenharia.org.br\/site\/\"},{\"@type\":\"ListItem\",\"position\":2,\"name\":\"A fun\u00e7\u00e3o dos impostos\"}]},{\"@type\":\"WebSite\",\"@id\":\"https:\/\/www.institutodeengenharia.org.br\/site\/#website\",\"url\":\"https:\/\/www.institutodeengenharia.org.br\/site\/\",\"name\":\"Instituto de Engenharia\",\"description\":\"O Instituto de Engenharia promove a Engenharia em benef\u00edcio do desenvolvimento e da qualidade de vida da sociedade.\",\"publisher\":{\"@id\":\"https:\/\/www.institutodeengenharia.org.br\/site\/#organization\"},\"potentialAction\":[{\"@type\":\"SearchAction\",\"target\":{\"@type\":\"EntryPoint\",\"urlTemplate\":\"https:\/\/www.institutodeengenharia.org.br\/site\/?s={search_term_string}\"},\"query-input\":{\"@type\":\"PropertyValueSpecification\",\"valueRequired\":true,\"valueName\":\"search_term_string\"}}],\"inLanguage\":\"pt-BR\"},{\"@type\":\"Organization\",\"@id\":\"https:\/\/www.institutodeengenharia.org.br\/site\/#organization\",\"name\":\"Instituto de Engenharia\",\"url\":\"https:\/\/www.institutodeengenharia.org.br\/site\/\",\"logo\":{\"@type\":\"ImageObject\",\"inLanguage\":\"pt-BR\",\"@id\":\"https:\/\/www.institutodeengenharia.org.br\/site\/#\/schema\/logo\/image\/\",\"url\":\"https:\/\/www.institutodeengenharia.org.br\/site\/wp-content\/uploads\/2019\/03\/logo-novo-IE2018-1.jpg\",\"contentUrl\":\"https:\/\/www.institutodeengenharia.org.br\/site\/wp-content\/uploads\/2019\/03\/logo-novo-IE2018-1.jpg\",\"width\":1486,\"height\":1879,\"caption\":\"Instituto de Engenharia\"},\"image\":{\"@id\":\"https:\/\/www.institutodeengenharia.org.br\/site\/#\/schema\/logo\/image\/\"},\"sameAs\":[\"https:\/\/www.facebook.com\/institutodeengenharia\",\"https:\/\/x.com\/iengenharia\",\"https:\/\/www.instagram.com\/institutodeengenharia\/\",\"https:\/\/www.linkedin.com\/company\/instituto-de-engenharia\/\",\"https:\/\/www.youtube.com\/channel\/UCXiCAlsSMe977vamW915HxA\"]},{\"@type\":\"Person\",\"@id\":\"https:\/\/www.institutodeengenharia.org.br\/site\/#\/schema\/person\/3b1ff109facef084739fc2edcb9a127f\",\"name\":\"TMax Tecnologia\",\"image\":{\"@type\":\"ImageObject\",\"inLanguage\":\"pt-BR\",\"@id\":\"https:\/\/secure.gravatar.com\/avatar\/f912434ef7f389c92cb311fcdae346af848465d638912574b3c669070f797701?s=96&d=mm&r=g\",\"url\":\"https:\/\/secure.gravatar.com\/avatar\/f912434ef7f389c92cb311fcdae346af848465d638912574b3c669070f797701?s=96&d=mm&r=g\",\"contentUrl\":\"https:\/\/secure.gravatar.com\/avatar\/f912434ef7f389c92cb311fcdae346af848465d638912574b3c669070f797701?s=96&d=mm&r=g\",\"caption\":\"TMax Tecnologia\"},\"url\":\"https:\/\/www.institutodeengenharia.org.br\/site\/author\/tmax\/\"}]}<\/script>\n<!-- \/ Yoast SEO plugin. -->","yoast_head_json":{"title":"A fun\u00e7\u00e3o dos impostos - Instituto de Engenharia","robots":{"index":"index","follow":"follow","max-snippet":"max-snippet:-1","max-image-preview":"max-image-preview:large","max-video-preview":"max-video-preview:-1"},"canonical":"https:\/\/www.institutodeengenharia.org.br\/site\/2007\/07\/25\/a-funcao-dos-impostos\/","og_locale":"pt_BR","og_type":"article","og_title":"A fun\u00e7\u00e3o dos impostos - Instituto de Engenharia","og_description":"Os cr\u00edticos dos impostos n\u00e3o-declarat\u00f3rios sobre movimenta\u00e7\u00e3o financeira, mais especificamente ao projeto do Imposto \u00danico, afirmam que por serem gerais, universais e com estrutura simplificada de al\u00edquotas o governo perde a capacidade de calibrar o sistema de acordo com seus prop\u00f3sitos e de praticar pol\u00edticas econ\u00f4micas seletivas. Da\u00ed surge uma quest\u00e3o: afinal, qual \u00e9 a [&hellip;]","og_url":"https:\/\/www.institutodeengenharia.org.br\/site\/2007\/07\/25\/a-funcao-dos-impostos\/","og_site_name":"Instituto de Engenharia","article_publisher":"https:\/\/www.facebook.com\/institutodeengenharia","article_published_time":"2007-07-25T21:45:40+00:00","article_modified_time":"2007-08-31T16:34:23+00:00","author":"TMax Tecnologia","twitter_card":"summary_large_image","twitter_creator":"@iengenharia","twitter_site":"@iengenharia","twitter_misc":{"Escrito por":"TMax Tecnologia","Est. tempo de leitura":"3 minutos"},"schema":{"@context":"https:\/\/schema.org","@graph":[{"@type":"Article","@id":"https:\/\/www.institutodeengenharia.org.br\/site\/2007\/07\/25\/a-funcao-dos-impostos\/#article","isPartOf":{"@id":"https:\/\/www.institutodeengenharia.org.br\/site\/2007\/07\/25\/a-funcao-dos-impostos\/"},"author":{"name":"TMax Tecnologia","@id":"https:\/\/www.institutodeengenharia.org.br\/site\/#\/schema\/person\/3b1ff109facef084739fc2edcb9a127f"},"headline":"A fun\u00e7\u00e3o dos impostos","datePublished":"2007-07-25T21:45:40+00:00","dateModified":"2007-08-31T16:34:23+00:00","mainEntityOfPage":{"@id":"https:\/\/www.institutodeengenharia.org.br\/site\/2007\/07\/25\/a-funcao-dos-impostos\/"},"wordCount":616,"commentCount":0,"publisher":{"@id":"https:\/\/www.institutodeengenharia.org.br\/site\/#organization"},"articleSection":["Artigos"],"inLanguage":"pt-BR","potentialAction":[{"@type":"CommentAction","name":"Comment","target":["https:\/\/www.institutodeengenharia.org.br\/site\/2007\/07\/25\/a-funcao-dos-impostos\/#respond"]}]},{"@type":"WebPage","@id":"https:\/\/www.institutodeengenharia.org.br\/site\/2007\/07\/25\/a-funcao-dos-impostos\/","url":"https:\/\/www.institutodeengenharia.org.br\/site\/2007\/07\/25\/a-funcao-dos-impostos\/","name":"A fun\u00e7\u00e3o dos impostos - Instituto de Engenharia","isPartOf":{"@id":"https:\/\/www.institutodeengenharia.org.br\/site\/#website"},"datePublished":"2007-07-25T21:45:40+00:00","dateModified":"2007-08-31T16:34:23+00:00","breadcrumb":{"@id":"https:\/\/www.institutodeengenharia.org.br\/site\/2007\/07\/25\/a-funcao-dos-impostos\/#breadcrumb"},"inLanguage":"pt-BR","potentialAction":[{"@type":"ReadAction","target":["https:\/\/www.institutodeengenharia.org.br\/site\/2007\/07\/25\/a-funcao-dos-impostos\/"]}]},{"@type":"BreadcrumbList","@id":"https:\/\/www.institutodeengenharia.org.br\/site\/2007\/07\/25\/a-funcao-dos-impostos\/#breadcrumb","itemListElement":[{"@type":"ListItem","position":1,"name":"In\u00edcio","item":"https:\/\/www.institutodeengenharia.org.br\/site\/"},{"@type":"ListItem","position":2,"name":"A fun\u00e7\u00e3o dos impostos"}]},{"@type":"WebSite","@id":"https:\/\/www.institutodeengenharia.org.br\/site\/#website","url":"https:\/\/www.institutodeengenharia.org.br\/site\/","name":"Instituto de Engenharia","description":"O Instituto de Engenharia promove a Engenharia em benef\u00edcio do desenvolvimento e da qualidade de vida da sociedade.","publisher":{"@id":"https:\/\/www.institutodeengenharia.org.br\/site\/#organization"},"potentialAction":[{"@type":"SearchAction","target":{"@type":"EntryPoint","urlTemplate":"https:\/\/www.institutodeengenharia.org.br\/site\/?s={search_term_string}"},"query-input":{"@type":"PropertyValueSpecification","valueRequired":true,"valueName":"search_term_string"}}],"inLanguage":"pt-BR"},{"@type":"Organization","@id":"https:\/\/www.institutodeengenharia.org.br\/site\/#organization","name":"Instituto de Engenharia","url":"https:\/\/www.institutodeengenharia.org.br\/site\/","logo":{"@type":"ImageObject","inLanguage":"pt-BR","@id":"https:\/\/www.institutodeengenharia.org.br\/site\/#\/schema\/logo\/image\/","url":"https:\/\/www.institutodeengenharia.org.br\/site\/wp-content\/uploads\/2019\/03\/logo-novo-IE2018-1.jpg","contentUrl":"https:\/\/www.institutodeengenharia.org.br\/site\/wp-content\/uploads\/2019\/03\/logo-novo-IE2018-1.jpg","width":1486,"height":1879,"caption":"Instituto de Engenharia"},"image":{"@id":"https:\/\/www.institutodeengenharia.org.br\/site\/#\/schema\/logo\/image\/"},"sameAs":["https:\/\/www.facebook.com\/institutodeengenharia","https:\/\/x.com\/iengenharia","https:\/\/www.instagram.com\/institutodeengenharia\/","https:\/\/www.linkedin.com\/company\/instituto-de-engenharia\/","https:\/\/www.youtube.com\/channel\/UCXiCAlsSMe977vamW915HxA"]},{"@type":"Person","@id":"https:\/\/www.institutodeengenharia.org.br\/site\/#\/schema\/person\/3b1ff109facef084739fc2edcb9a127f","name":"TMax Tecnologia","image":{"@type":"ImageObject","inLanguage":"pt-BR","@id":"https:\/\/secure.gravatar.com\/avatar\/f912434ef7f389c92cb311fcdae346af848465d638912574b3c669070f797701?s=96&d=mm&r=g","url":"https:\/\/secure.gravatar.com\/avatar\/f912434ef7f389c92cb311fcdae346af848465d638912574b3c669070f797701?s=96&d=mm&r=g","contentUrl":"https:\/\/secure.gravatar.com\/avatar\/f912434ef7f389c92cb311fcdae346af848465d638912574b3c669070f797701?s=96&d=mm&r=g","caption":"TMax Tecnologia"},"url":"https:\/\/www.institutodeengenharia.org.br\/site\/author\/tmax\/"}]}},"_links":{"self":[{"href":"https:\/\/www.institutodeengenharia.org.br\/site\/wp-json\/wp\/v2\/posts\/14448","targetHints":{"allow":["GET"]}}],"collection":[{"href":"https:\/\/www.institutodeengenharia.org.br\/site\/wp-json\/wp\/v2\/posts"}],"about":[{"href":"https:\/\/www.institutodeengenharia.org.br\/site\/wp-json\/wp\/v2\/types\/post"}],"author":[{"embeddable":true,"href":"https:\/\/www.institutodeengenharia.org.br\/site\/wp-json\/wp\/v2\/users\/1"}],"replies":[{"embeddable":true,"href":"https:\/\/www.institutodeengenharia.org.br\/site\/wp-json\/wp\/v2\/comments?post=14448"}],"version-history":[{"count":0,"href":"https:\/\/www.institutodeengenharia.org.br\/site\/wp-json\/wp\/v2\/posts\/14448\/revisions"}],"wp:attachment":[{"href":"https:\/\/www.institutodeengenharia.org.br\/site\/wp-json\/wp\/v2\/media?parent=14448"}],"wp:term":[{"taxonomy":"category","embeddable":true,"href":"https:\/\/www.institutodeengenharia.org.br\/site\/wp-json\/wp\/v2\/categories?post=14448"},{"taxonomy":"post_tag","embeddable":true,"href":"https:\/\/www.institutodeengenharia.org.br\/site\/wp-json\/wp\/v2\/tags?post=14448"}],"curies":[{"name":"wp","href":"https:\/\/api.w.org\/{rel}","templated":true}]}}