{"id":14444,"date":"2007-05-18T21:45:36","date_gmt":"2007-05-18T21:45:36","guid":{"rendered":"https:\/\/www.institutodeengenharia.org.br\/?p=14444"},"modified":"2007-08-31T16:05:41","modified_gmt":"2007-08-31T16:05:41","slug":"a-mediacao-seu-projeto-de-lei-e-a-pratica-mundial","status":"publish","type":"post","link":"https:\/\/www.institutodeengenharia.org.br\/site\/2007\/05\/18\/a-mediacao-seu-projeto-de-lei-e-a-pratica-mundial\/","title":{"rendered":"A Media\u00e7\u00e3o, seu Projeto de Lei e a pr\u00e1tica mundial"},"content":{"rendered":"<p>O tema media\u00e7\u00e3o est\u00e1 na pauta dos grandes jornais atualmente. Isso porque existe um Projeto de Lei para a quest\u00e3o, que em breve ser\u00e1 sancionado pelo presidente da Rep\u00fablica.\u00a0No entanto, a media\u00e7\u00e3o \u00e9 uma pr\u00e1tica muito antiga. Os chineses, influenciados pelas id\u00e9ias de Conf\u00facio, j\u00e1 exerciam a media\u00e7\u00e3o como principal meio de solucionar contendas. Conf\u00facio acreditava que existia uma harmonia natural nas quest\u00f5es humanas que n\u00e3o deveria ser desfeita por procedimentos do \u201cganha-perde\u201d. Seu pensamento estabelecia que a melhor e mais justa maneira de consolidar essa paz seria atrav\u00e9s da persuas\u00e3o moral e acordos e nunca atrav\u00e9s da coer\u00e7\u00e3o ou mediante qualquer tipo de poder.\u00a0<\/p>\n<p>As religi\u00f5es por sua vez t\u00eam representado um importante papel na hist\u00f3ria dos conflitos e suas resolu\u00e7\u00f5es. N\u00e3o raro encontramos refer\u00eancias de interven\u00e7\u00f5es de pastores, p\u00e1rocos, rabinos, chamados a sugerir caminhos para impasses entre pessoas e mesmo para reorganizar seus relacionamentos.\u00a0<\/p>\n<p>Em sua carta aos Cor\u00edntios, o ap\u00f3stolo Paulo conclama as congrega\u00e7\u00f5es a se afastarem dos tribunais e a resolverem suas contendas dentro do \u00e2mbito privado. Para isso, Paulo incentiva a organiza\u00e7\u00e3o de comiss\u00f5es, atrav\u00e9s das quais os problemas possam ser discutidos com pondera\u00e7\u00e3o e terminem em bom acordo.\u00a0<\/p>\n<p>V\u00e1rios grupos \u00e9tnicos tamb\u00e9m t\u00eam formado, de maneira independente e muitas vezes secretamente, seus pr\u00f3prios sistemas de resolu\u00e7\u00e3o de disputas. Para preservar seus valores \u00e9ticos e seus costumes, amea\u00e7ados pelo preconceito de determinados governantes, eles desenvolveram a arbitragem e a media\u00e7\u00e3o no seu meio. A informalidade desses processos se constitu\u00eda em manter o poder dentro do seu pr\u00f3prio c\u00edrculo.\u00a0<\/p>\n<p>A media\u00e7\u00e3o se espalhou e, hoje em dia, \u00e9 praticada em todo o mundo &#8211; Estados Unidos, Reino Unido, Canad\u00e1, Fran\u00e7a, Espanha, Austr\u00e1lia, China, \u00c1frica do Sul, Nova Zel\u00e2ndia, Oriente M\u00e9dio e alguns pa\u00edses da Am\u00e9rica Latina.\u00a0<\/p>\n<p>Em virtude dessa expans\u00e3o, o Brasil sentiu necessidade de entrar nesse campo com a finalidade de obter um \u00f3rg\u00e3o \u00e1gil e eficaz para administrar poss\u00edveis conflitos. Foi com esse pensamento que a Deputada Federal Zulai\u00ea Cobra iniciou a elabora\u00e7\u00e3o do Projeto de Lei de Media\u00e7\u00e3o.\u00a0<\/p>\n<p>No dia 21 de junho de 2006, a Comiss\u00e3o de Constitui\u00e7\u00e3o e Cidadania (CCJ) do Senado aprovou o Projeto e, posteriormente, o Plen\u00e1rio do Senado Federal confirmou a aprova\u00e7\u00e3o do texto. Agora, o Projeto seguir\u00e1 para san\u00e7\u00e3o presidencial.\u00a0<\/p>\n<p>A C\u00e2mara de Media\u00e7\u00e3o e Arbitragem do Instituto de Engenharia adiantando-se a Lei, que est\u00e1 em vias de ser promulgada, acaba de elaborar o Regulamento de Media\u00e7\u00e3o. Com isso, a C\u00e2mara pretende em breve ter os servi\u00e7os de media\u00e7\u00e3o dispon\u00edveis para oferec\u00ea-los \u00e0 sociedade da engenharia nacional e dessa forma colaborar para solucionar os conflitos do setor de forma r\u00e1pida, eficaz, sigilosa e menos onerosa.\u00a0<\/p>\n<p>Caroline Costa \u00e9 coordenadora t\u00e9cnica da C\u00e2mara de Media\u00e7\u00e3o e Arbitragem do Instituto de Engenharia. <\/p>\n<p><b>Autor: Caroline Costa<\/b><\/p>\n","protected":false},"excerpt":{"rendered":"<p>O tema media\u00e7\u00e3o est\u00e1 na pauta dos grandes jornais atualmente. Isso porque existe um Projeto de Lei para a quest\u00e3o, que em breve ser\u00e1 sancionado pelo presidente da Rep\u00fablica.\u00a0No entanto, a media\u00e7\u00e3o \u00e9 uma pr\u00e1tica muito antiga. Os chineses, influenciados pelas id\u00e9ias de Conf\u00facio, j\u00e1 exerciam a media\u00e7\u00e3o como principal meio de solucionar contendas. Conf\u00facio [&hellip;]<\/p>\n","protected":false},"author":1,"featured_media":0,"comment_status":"open","ping_status":"open","sticky":false,"template":"","format":"standard","meta":{"footnotes":""},"categories":[114],"tags":[],"class_list":{"0":"post-14444","1":"post","2":"type-post","3":"status-publish","4":"format-standard","6":"category-artigos"},"yoast_head":"<!-- This site is optimized with the Yoast SEO plugin v27.2 - https:\/\/yoast.com\/product\/yoast-seo-wordpress\/ -->\n<title>A Media\u00e7\u00e3o, seu Projeto de Lei e a pr\u00e1tica mundial - Instituto de Engenharia<\/title>\n<meta name=\"robots\" content=\"index, follow, max-snippet:-1, max-image-preview:large, max-video-preview:-1\" \/>\n<link rel=\"canonical\" href=\"https:\/\/www.institutodeengenharia.org.br\/site\/2007\/05\/18\/a-mediacao-seu-projeto-de-lei-e-a-pratica-mundial\/\" \/>\n<meta property=\"og:locale\" content=\"pt_BR\" \/>\n<meta property=\"og:type\" content=\"article\" \/>\n<meta property=\"og:title\" content=\"A Media\u00e7\u00e3o, seu Projeto de Lei e a pr\u00e1tica mundial - Instituto de Engenharia\" \/>\n<meta property=\"og:description\" content=\"O tema media\u00e7\u00e3o est\u00e1 na pauta dos grandes jornais atualmente. Isso porque existe um Projeto de Lei para a quest\u00e3o, que em breve ser\u00e1 sancionado pelo presidente da Rep\u00fablica.\u00a0No entanto, a media\u00e7\u00e3o \u00e9 uma pr\u00e1tica muito antiga. Os chineses, influenciados pelas id\u00e9ias de Conf\u00facio, j\u00e1 exerciam a media\u00e7\u00e3o como principal meio de solucionar contendas. Conf\u00facio [&hellip;]\" \/>\n<meta property=\"og:url\" content=\"https:\/\/www.institutodeengenharia.org.br\/site\/2007\/05\/18\/a-mediacao-seu-projeto-de-lei-e-a-pratica-mundial\/\" \/>\n<meta property=\"og:site_name\" content=\"Instituto de Engenharia\" \/>\n<meta property=\"article:publisher\" content=\"https:\/\/www.facebook.com\/institutodeengenharia\" \/>\n<meta property=\"article:published_time\" content=\"2007-05-18T21:45:36+00:00\" \/>\n<meta property=\"article:modified_time\" content=\"2007-08-31T16:05:41+00:00\" \/>\n<meta name=\"author\" content=\"TMax Tecnologia\" \/>\n<meta name=\"twitter:card\" content=\"summary_large_image\" \/>\n<meta name=\"twitter:creator\" content=\"@iengenharia\" \/>\n<meta name=\"twitter:site\" content=\"@iengenharia\" \/>\n<meta name=\"twitter:label1\" content=\"Escrito por\" \/>\n\t<meta name=\"twitter:data1\" content=\"TMax Tecnologia\" \/>\n\t<meta name=\"twitter:label2\" content=\"Est. tempo de leitura\" \/>\n\t<meta name=\"twitter:data2\" content=\"3 minutos\" \/>\n<script type=\"application\/ld+json\" class=\"yoast-schema-graph\">{\"@context\":\"https:\/\/schema.org\",\"@graph\":[{\"@type\":\"Article\",\"@id\":\"https:\/\/www.institutodeengenharia.org.br\/site\/2007\/05\/18\/a-mediacao-seu-projeto-de-lei-e-a-pratica-mundial\/#article\",\"isPartOf\":{\"@id\":\"https:\/\/www.institutodeengenharia.org.br\/site\/2007\/05\/18\/a-mediacao-seu-projeto-de-lei-e-a-pratica-mundial\/\"},\"author\":{\"name\":\"TMax Tecnologia\",\"@id\":\"https:\/\/www.institutodeengenharia.org.br\/site\/#\/schema\/person\/3b1ff109facef084739fc2edcb9a127f\"},\"headline\":\"A Media\u00e7\u00e3o, seu Projeto de Lei e a pr\u00e1tica mundial\",\"datePublished\":\"2007-05-18T21:45:36+00:00\",\"dateModified\":\"2007-08-31T16:05:41+00:00\",\"mainEntityOfPage\":{\"@id\":\"https:\/\/www.institutodeengenharia.org.br\/site\/2007\/05\/18\/a-mediacao-seu-projeto-de-lei-e-a-pratica-mundial\/\"},\"wordCount\":532,\"commentCount\":0,\"publisher\":{\"@id\":\"https:\/\/www.institutodeengenharia.org.br\/site\/#organization\"},\"articleSection\":[\"Artigos\"],\"inLanguage\":\"pt-BR\",\"potentialAction\":[{\"@type\":\"CommentAction\",\"name\":\"Comment\",\"target\":[\"https:\/\/www.institutodeengenharia.org.br\/site\/2007\/05\/18\/a-mediacao-seu-projeto-de-lei-e-a-pratica-mundial\/#respond\"]}]},{\"@type\":\"WebPage\",\"@id\":\"https:\/\/www.institutodeengenharia.org.br\/site\/2007\/05\/18\/a-mediacao-seu-projeto-de-lei-e-a-pratica-mundial\/\",\"url\":\"https:\/\/www.institutodeengenharia.org.br\/site\/2007\/05\/18\/a-mediacao-seu-projeto-de-lei-e-a-pratica-mundial\/\",\"name\":\"A Media\u00e7\u00e3o, seu Projeto de Lei e a pr\u00e1tica mundial - Instituto de Engenharia\",\"isPartOf\":{\"@id\":\"https:\/\/www.institutodeengenharia.org.br\/site\/#website\"},\"datePublished\":\"2007-05-18T21:45:36+00:00\",\"dateModified\":\"2007-08-31T16:05:41+00:00\",\"breadcrumb\":{\"@id\":\"https:\/\/www.institutodeengenharia.org.br\/site\/2007\/05\/18\/a-mediacao-seu-projeto-de-lei-e-a-pratica-mundial\/#breadcrumb\"},\"inLanguage\":\"pt-BR\",\"potentialAction\":[{\"@type\":\"ReadAction\",\"target\":[\"https:\/\/www.institutodeengenharia.org.br\/site\/2007\/05\/18\/a-mediacao-seu-projeto-de-lei-e-a-pratica-mundial\/\"]}]},{\"@type\":\"BreadcrumbList\",\"@id\":\"https:\/\/www.institutodeengenharia.org.br\/site\/2007\/05\/18\/a-mediacao-seu-projeto-de-lei-e-a-pratica-mundial\/#breadcrumb\",\"itemListElement\":[{\"@type\":\"ListItem\",\"position\":1,\"name\":\"In\u00edcio\",\"item\":\"https:\/\/www.institutodeengenharia.org.br\/site\/\"},{\"@type\":\"ListItem\",\"position\":2,\"name\":\"A Media\u00e7\u00e3o, seu Projeto de Lei e a pr\u00e1tica mundial\"}]},{\"@type\":\"WebSite\",\"@id\":\"https:\/\/www.institutodeengenharia.org.br\/site\/#website\",\"url\":\"https:\/\/www.institutodeengenharia.org.br\/site\/\",\"name\":\"Instituto de Engenharia\",\"description\":\"O Instituto de Engenharia promove a Engenharia em benef\u00edcio do desenvolvimento e da qualidade de vida da sociedade.\",\"publisher\":{\"@id\":\"https:\/\/www.institutodeengenharia.org.br\/site\/#organization\"},\"potentialAction\":[{\"@type\":\"SearchAction\",\"target\":{\"@type\":\"EntryPoint\",\"urlTemplate\":\"https:\/\/www.institutodeengenharia.org.br\/site\/?s={search_term_string}\"},\"query-input\":{\"@type\":\"PropertyValueSpecification\",\"valueRequired\":true,\"valueName\":\"search_term_string\"}}],\"inLanguage\":\"pt-BR\"},{\"@type\":\"Organization\",\"@id\":\"https:\/\/www.institutodeengenharia.org.br\/site\/#organization\",\"name\":\"Instituto de Engenharia\",\"url\":\"https:\/\/www.institutodeengenharia.org.br\/site\/\",\"logo\":{\"@type\":\"ImageObject\",\"inLanguage\":\"pt-BR\",\"@id\":\"https:\/\/www.institutodeengenharia.org.br\/site\/#\/schema\/logo\/image\/\",\"url\":\"https:\/\/www.institutodeengenharia.org.br\/site\/wp-content\/uploads\/2019\/03\/logo-novo-IE2018-1.jpg\",\"contentUrl\":\"https:\/\/www.institutodeengenharia.org.br\/site\/wp-content\/uploads\/2019\/03\/logo-novo-IE2018-1.jpg\",\"width\":1486,\"height\":1879,\"caption\":\"Instituto de Engenharia\"},\"image\":{\"@id\":\"https:\/\/www.institutodeengenharia.org.br\/site\/#\/schema\/logo\/image\/\"},\"sameAs\":[\"https:\/\/www.facebook.com\/institutodeengenharia\",\"https:\/\/x.com\/iengenharia\",\"https:\/\/www.instagram.com\/institutodeengenharia\/\",\"https:\/\/www.linkedin.com\/company\/instituto-de-engenharia\/\",\"https:\/\/www.youtube.com\/channel\/UCXiCAlsSMe977vamW915HxA\"]},{\"@type\":\"Person\",\"@id\":\"https:\/\/www.institutodeengenharia.org.br\/site\/#\/schema\/person\/3b1ff109facef084739fc2edcb9a127f\",\"name\":\"TMax Tecnologia\",\"image\":{\"@type\":\"ImageObject\",\"inLanguage\":\"pt-BR\",\"@id\":\"https:\/\/secure.gravatar.com\/avatar\/f912434ef7f389c92cb311fcdae346af848465d638912574b3c669070f797701?s=96&d=mm&r=g\",\"url\":\"https:\/\/secure.gravatar.com\/avatar\/f912434ef7f389c92cb311fcdae346af848465d638912574b3c669070f797701?s=96&d=mm&r=g\",\"contentUrl\":\"https:\/\/secure.gravatar.com\/avatar\/f912434ef7f389c92cb311fcdae346af848465d638912574b3c669070f797701?s=96&d=mm&r=g\",\"caption\":\"TMax Tecnologia\"},\"url\":\"https:\/\/www.institutodeengenharia.org.br\/site\/author\/tmax\/\"}]}<\/script>\n<!-- \/ Yoast SEO plugin. -->","yoast_head_json":{"title":"A Media\u00e7\u00e3o, seu Projeto de Lei e a pr\u00e1tica mundial - Instituto de Engenharia","robots":{"index":"index","follow":"follow","max-snippet":"max-snippet:-1","max-image-preview":"max-image-preview:large","max-video-preview":"max-video-preview:-1"},"canonical":"https:\/\/www.institutodeengenharia.org.br\/site\/2007\/05\/18\/a-mediacao-seu-projeto-de-lei-e-a-pratica-mundial\/","og_locale":"pt_BR","og_type":"article","og_title":"A Media\u00e7\u00e3o, seu Projeto de Lei e a pr\u00e1tica mundial - Instituto de Engenharia","og_description":"O tema media\u00e7\u00e3o est\u00e1 na pauta dos grandes jornais atualmente. Isso porque existe um Projeto de Lei para a quest\u00e3o, que em breve ser\u00e1 sancionado pelo presidente da Rep\u00fablica.\u00a0No entanto, a media\u00e7\u00e3o \u00e9 uma pr\u00e1tica muito antiga. Os chineses, influenciados pelas id\u00e9ias de Conf\u00facio, j\u00e1 exerciam a media\u00e7\u00e3o como principal meio de solucionar contendas. Conf\u00facio [&hellip;]","og_url":"https:\/\/www.institutodeengenharia.org.br\/site\/2007\/05\/18\/a-mediacao-seu-projeto-de-lei-e-a-pratica-mundial\/","og_site_name":"Instituto de Engenharia","article_publisher":"https:\/\/www.facebook.com\/institutodeengenharia","article_published_time":"2007-05-18T21:45:36+00:00","article_modified_time":"2007-08-31T16:05:41+00:00","author":"TMax Tecnologia","twitter_card":"summary_large_image","twitter_creator":"@iengenharia","twitter_site":"@iengenharia","twitter_misc":{"Escrito por":"TMax Tecnologia","Est. tempo de leitura":"3 minutos"},"schema":{"@context":"https:\/\/schema.org","@graph":[{"@type":"Article","@id":"https:\/\/www.institutodeengenharia.org.br\/site\/2007\/05\/18\/a-mediacao-seu-projeto-de-lei-e-a-pratica-mundial\/#article","isPartOf":{"@id":"https:\/\/www.institutodeengenharia.org.br\/site\/2007\/05\/18\/a-mediacao-seu-projeto-de-lei-e-a-pratica-mundial\/"},"author":{"name":"TMax Tecnologia","@id":"https:\/\/www.institutodeengenharia.org.br\/site\/#\/schema\/person\/3b1ff109facef084739fc2edcb9a127f"},"headline":"A Media\u00e7\u00e3o, seu Projeto de Lei e a pr\u00e1tica mundial","datePublished":"2007-05-18T21:45:36+00:00","dateModified":"2007-08-31T16:05:41+00:00","mainEntityOfPage":{"@id":"https:\/\/www.institutodeengenharia.org.br\/site\/2007\/05\/18\/a-mediacao-seu-projeto-de-lei-e-a-pratica-mundial\/"},"wordCount":532,"commentCount":0,"publisher":{"@id":"https:\/\/www.institutodeengenharia.org.br\/site\/#organization"},"articleSection":["Artigos"],"inLanguage":"pt-BR","potentialAction":[{"@type":"CommentAction","name":"Comment","target":["https:\/\/www.institutodeengenharia.org.br\/site\/2007\/05\/18\/a-mediacao-seu-projeto-de-lei-e-a-pratica-mundial\/#respond"]}]},{"@type":"WebPage","@id":"https:\/\/www.institutodeengenharia.org.br\/site\/2007\/05\/18\/a-mediacao-seu-projeto-de-lei-e-a-pratica-mundial\/","url":"https:\/\/www.institutodeengenharia.org.br\/site\/2007\/05\/18\/a-mediacao-seu-projeto-de-lei-e-a-pratica-mundial\/","name":"A Media\u00e7\u00e3o, seu Projeto de Lei e a pr\u00e1tica mundial - Instituto de Engenharia","isPartOf":{"@id":"https:\/\/www.institutodeengenharia.org.br\/site\/#website"},"datePublished":"2007-05-18T21:45:36+00:00","dateModified":"2007-08-31T16:05:41+00:00","breadcrumb":{"@id":"https:\/\/www.institutodeengenharia.org.br\/site\/2007\/05\/18\/a-mediacao-seu-projeto-de-lei-e-a-pratica-mundial\/#breadcrumb"},"inLanguage":"pt-BR","potentialAction":[{"@type":"ReadAction","target":["https:\/\/www.institutodeengenharia.org.br\/site\/2007\/05\/18\/a-mediacao-seu-projeto-de-lei-e-a-pratica-mundial\/"]}]},{"@type":"BreadcrumbList","@id":"https:\/\/www.institutodeengenharia.org.br\/site\/2007\/05\/18\/a-mediacao-seu-projeto-de-lei-e-a-pratica-mundial\/#breadcrumb","itemListElement":[{"@type":"ListItem","position":1,"name":"In\u00edcio","item":"https:\/\/www.institutodeengenharia.org.br\/site\/"},{"@type":"ListItem","position":2,"name":"A Media\u00e7\u00e3o, seu Projeto de Lei e a pr\u00e1tica mundial"}]},{"@type":"WebSite","@id":"https:\/\/www.institutodeengenharia.org.br\/site\/#website","url":"https:\/\/www.institutodeengenharia.org.br\/site\/","name":"Instituto de Engenharia","description":"O Instituto de Engenharia promove a Engenharia em benef\u00edcio do desenvolvimento e da qualidade de vida da sociedade.","publisher":{"@id":"https:\/\/www.institutodeengenharia.org.br\/site\/#organization"},"potentialAction":[{"@type":"SearchAction","target":{"@type":"EntryPoint","urlTemplate":"https:\/\/www.institutodeengenharia.org.br\/site\/?s={search_term_string}"},"query-input":{"@type":"PropertyValueSpecification","valueRequired":true,"valueName":"search_term_string"}}],"inLanguage":"pt-BR"},{"@type":"Organization","@id":"https:\/\/www.institutodeengenharia.org.br\/site\/#organization","name":"Instituto de Engenharia","url":"https:\/\/www.institutodeengenharia.org.br\/site\/","logo":{"@type":"ImageObject","inLanguage":"pt-BR","@id":"https:\/\/www.institutodeengenharia.org.br\/site\/#\/schema\/logo\/image\/","url":"https:\/\/www.institutodeengenharia.org.br\/site\/wp-content\/uploads\/2019\/03\/logo-novo-IE2018-1.jpg","contentUrl":"https:\/\/www.institutodeengenharia.org.br\/site\/wp-content\/uploads\/2019\/03\/logo-novo-IE2018-1.jpg","width":1486,"height":1879,"caption":"Instituto de Engenharia"},"image":{"@id":"https:\/\/www.institutodeengenharia.org.br\/site\/#\/schema\/logo\/image\/"},"sameAs":["https:\/\/www.facebook.com\/institutodeengenharia","https:\/\/x.com\/iengenharia","https:\/\/www.instagram.com\/institutodeengenharia\/","https:\/\/www.linkedin.com\/company\/instituto-de-engenharia\/","https:\/\/www.youtube.com\/channel\/UCXiCAlsSMe977vamW915HxA"]},{"@type":"Person","@id":"https:\/\/www.institutodeengenharia.org.br\/site\/#\/schema\/person\/3b1ff109facef084739fc2edcb9a127f","name":"TMax Tecnologia","image":{"@type":"ImageObject","inLanguage":"pt-BR","@id":"https:\/\/secure.gravatar.com\/avatar\/f912434ef7f389c92cb311fcdae346af848465d638912574b3c669070f797701?s=96&d=mm&r=g","url":"https:\/\/secure.gravatar.com\/avatar\/f912434ef7f389c92cb311fcdae346af848465d638912574b3c669070f797701?s=96&d=mm&r=g","contentUrl":"https:\/\/secure.gravatar.com\/avatar\/f912434ef7f389c92cb311fcdae346af848465d638912574b3c669070f797701?s=96&d=mm&r=g","caption":"TMax Tecnologia"},"url":"https:\/\/www.institutodeengenharia.org.br\/site\/author\/tmax\/"}]}},"_links":{"self":[{"href":"https:\/\/www.institutodeengenharia.org.br\/site\/wp-json\/wp\/v2\/posts\/14444","targetHints":{"allow":["GET"]}}],"collection":[{"href":"https:\/\/www.institutodeengenharia.org.br\/site\/wp-json\/wp\/v2\/posts"}],"about":[{"href":"https:\/\/www.institutodeengenharia.org.br\/site\/wp-json\/wp\/v2\/types\/post"}],"author":[{"embeddable":true,"href":"https:\/\/www.institutodeengenharia.org.br\/site\/wp-json\/wp\/v2\/users\/1"}],"replies":[{"embeddable":true,"href":"https:\/\/www.institutodeengenharia.org.br\/site\/wp-json\/wp\/v2\/comments?post=14444"}],"version-history":[{"count":0,"href":"https:\/\/www.institutodeengenharia.org.br\/site\/wp-json\/wp\/v2\/posts\/14444\/revisions"}],"wp:attachment":[{"href":"https:\/\/www.institutodeengenharia.org.br\/site\/wp-json\/wp\/v2\/media?parent=14444"}],"wp:term":[{"taxonomy":"category","embeddable":true,"href":"https:\/\/www.institutodeengenharia.org.br\/site\/wp-json\/wp\/v2\/categories?post=14444"},{"taxonomy":"post_tag","embeddable":true,"href":"https:\/\/www.institutodeengenharia.org.br\/site\/wp-json\/wp\/v2\/tags?post=14444"}],"curies":[{"name":"wp","href":"https:\/\/api.w.org\/{rel}","templated":true}]}}