{"id":14433,"date":"2007-07-18T21:45:26","date_gmt":"2007-07-18T21:45:26","guid":{"rendered":"https:\/\/www.institutodeengenharia.org.br\/?p=14433"},"modified":"2007-08-31T12:04:50","modified_gmt":"2007-08-31T12:04:50","slug":"engenheiro-americo-bove-recebe-o-premio-paula-souza","status":"publish","type":"post","link":"https:\/\/www.institutodeengenharia.org.br\/site\/2007\/07\/18\/engenheiro-americo-bove-recebe-o-premio-paula-souza\/","title":{"rendered":"Engenheiro Americo Bove recebe o pr\u00eamio Paula Souza"},"content":{"rendered":"<p>O Instituto de Engenharia concedeu, no dia 18 de julho, ao engenheiro Americo Bove o Pr\u00eamio Engenheiro Antonio Francisco de Paula Souza. A escolha de Bove foi uma homenagem ao profissional exemplar que dedicou sua vida \u00e0 engenharia e que exerceu sua atividade de maneira digna e com grande brilhantismo.\u00a0<\/p>\n<p>Nascido em 29 de dezembro de 1906, Americo Bove diplomou-se em Engenharia Civil pela Escola Polit\u00e9cnica da Universidade de S\u00e3o Paulo (USP) em 1933. Come\u00e7ou sua carreira na Prefeitura de S\u00e3o Paulo exercendo suas fun\u00e7\u00f5es na Divis\u00e3o de Projetos do Departamento de Obras. Participou na constru\u00e7\u00e3o de diversas pontes e viadutos na cidade de S\u00e3o Paulo, entre elas: Casa Verde, Lim\u00e3o, Pequena e Lapa. Fez os anteprojetos dos viadutos Pacaembu, Lapa e Esta\u00e7\u00e3o da Luz.\u00a0<\/p>\n<p>Institu\u00eddo em 2003, o Pr\u00eamio Engenheiro Antonio Francisco de Paula Souza expressa o reconhecimento do Instituto de Engenharia ao engenheiro que, pelo conjunto de realiza\u00e7\u00f5es profissionais, tenha oferecido destacada contribui\u00e7\u00e3o para o desenvolvimento da engenharia. <\/p>\n<p><b>Autor: Fernanda Nagatomi<\/b><\/p>\n","protected":false},"excerpt":{"rendered":"<p>O Instituto de Engenharia concedeu, no dia 18 de julho, ao engenheiro Americo Bove o Pr\u00eamio Engenheiro Antonio Francisco de Paula Souza. A escolha de Bove foi uma homenagem ao profissional exemplar que dedicou sua vida \u00e0 engenharia e que exerceu sua atividade de maneira digna e com grande brilhantismo.\u00a0 Nascido em 29 de dezembro [&hellip;]<\/p>\n","protected":false},"author":1,"featured_media":0,"comment_status":"open","ping_status":"open","sticky":false,"template":"","format":"standard","meta":{"footnotes":""},"categories":[27,6],"tags":[],"class_list":{"0":"post-14433","1":"post","2":"type-post","3":"status-publish","4":"format-standard","6":"category-instituto-de-engenharia","7":"category-noticias"},"yoast_head":"<!-- This site is optimized with the Yoast SEO plugin v27.2 - https:\/\/yoast.com\/product\/yoast-seo-wordpress\/ -->\n<title>Engenheiro Americo Bove recebe o pr\u00eamio Paula Souza - Instituto de Engenharia<\/title>\n<meta name=\"robots\" content=\"index, follow, max-snippet:-1, max-image-preview:large, max-video-preview:-1\" \/>\n<link rel=\"canonical\" href=\"https:\/\/www.institutodeengenharia.org.br\/site\/2007\/07\/18\/engenheiro-americo-bove-recebe-o-premio-paula-souza\/\" \/>\n<meta property=\"og:locale\" content=\"pt_BR\" \/>\n<meta property=\"og:type\" content=\"article\" \/>\n<meta property=\"og:title\" content=\"Engenheiro Americo Bove recebe o pr\u00eamio Paula Souza - Instituto de Engenharia\" \/>\n<meta property=\"og:description\" content=\"O Instituto de Engenharia concedeu, no dia 18 de julho, ao engenheiro Americo Bove o Pr\u00eamio Engenheiro Antonio Francisco de Paula Souza. A escolha de Bove foi uma homenagem ao profissional exemplar que dedicou sua vida \u00e0 engenharia e que exerceu sua atividade de maneira digna e com grande brilhantismo.\u00a0 Nascido em 29 de dezembro [&hellip;]\" \/>\n<meta property=\"og:url\" content=\"https:\/\/www.institutodeengenharia.org.br\/site\/2007\/07\/18\/engenheiro-americo-bove-recebe-o-premio-paula-souza\/\" \/>\n<meta property=\"og:site_name\" content=\"Instituto de Engenharia\" \/>\n<meta property=\"article:publisher\" content=\"https:\/\/www.facebook.com\/institutodeengenharia\" \/>\n<meta property=\"article:published_time\" content=\"2007-07-18T21:45:26+00:00\" \/>\n<meta property=\"article:modified_time\" content=\"2007-08-31T12:04:50+00:00\" \/>\n<meta name=\"author\" content=\"TMax Tecnologia\" \/>\n<meta name=\"twitter:card\" content=\"summary_large_image\" \/>\n<meta name=\"twitter:creator\" content=\"@iengenharia\" \/>\n<meta name=\"twitter:site\" content=\"@iengenharia\" \/>\n<meta name=\"twitter:label1\" content=\"Escrito por\" \/>\n\t<meta name=\"twitter:data1\" content=\"TMax Tecnologia\" \/>\n\t<meta name=\"twitter:label2\" content=\"Est. tempo de leitura\" \/>\n\t<meta name=\"twitter:data2\" content=\"1 minuto\" \/>\n<script type=\"application\/ld+json\" class=\"yoast-schema-graph\">{\"@context\":\"https:\/\/schema.org\",\"@graph\":[{\"@type\":\"Article\",\"@id\":\"https:\/\/www.institutodeengenharia.org.br\/site\/2007\/07\/18\/engenheiro-americo-bove-recebe-o-premio-paula-souza\/#article\",\"isPartOf\":{\"@id\":\"https:\/\/www.institutodeengenharia.org.br\/site\/2007\/07\/18\/engenheiro-americo-bove-recebe-o-premio-paula-souza\/\"},\"author\":{\"name\":\"TMax Tecnologia\",\"@id\":\"https:\/\/www.institutodeengenharia.org.br\/site\/#\/schema\/person\/3b1ff109facef084739fc2edcb9a127f\"},\"headline\":\"Engenheiro Americo Bove recebe o pr\u00eamio Paula Souza\",\"datePublished\":\"2007-07-18T21:45:26+00:00\",\"dateModified\":\"2007-08-31T12:04:50+00:00\",\"mainEntityOfPage\":{\"@id\":\"https:\/\/www.institutodeengenharia.org.br\/site\/2007\/07\/18\/engenheiro-americo-bove-recebe-o-premio-paula-souza\/\"},\"wordCount\":181,\"commentCount\":0,\"publisher\":{\"@id\":\"https:\/\/www.institutodeengenharia.org.br\/site\/#organization\"},\"articleSection\":[\"Instituto de Engenharia\",\"Not\u00edcias\"],\"inLanguage\":\"pt-BR\",\"potentialAction\":[{\"@type\":\"CommentAction\",\"name\":\"Comment\",\"target\":[\"https:\/\/www.institutodeengenharia.org.br\/site\/2007\/07\/18\/engenheiro-americo-bove-recebe-o-premio-paula-souza\/#respond\"]}]},{\"@type\":\"WebPage\",\"@id\":\"https:\/\/www.institutodeengenharia.org.br\/site\/2007\/07\/18\/engenheiro-americo-bove-recebe-o-premio-paula-souza\/\",\"url\":\"https:\/\/www.institutodeengenharia.org.br\/site\/2007\/07\/18\/engenheiro-americo-bove-recebe-o-premio-paula-souza\/\",\"name\":\"Engenheiro Americo Bove recebe o pr\u00eamio Paula Souza - Instituto de Engenharia\",\"isPartOf\":{\"@id\":\"https:\/\/www.institutodeengenharia.org.br\/site\/#website\"},\"datePublished\":\"2007-07-18T21:45:26+00:00\",\"dateModified\":\"2007-08-31T12:04:50+00:00\",\"breadcrumb\":{\"@id\":\"https:\/\/www.institutodeengenharia.org.br\/site\/2007\/07\/18\/engenheiro-americo-bove-recebe-o-premio-paula-souza\/#breadcrumb\"},\"inLanguage\":\"pt-BR\",\"potentialAction\":[{\"@type\":\"ReadAction\",\"target\":[\"https:\/\/www.institutodeengenharia.org.br\/site\/2007\/07\/18\/engenheiro-americo-bove-recebe-o-premio-paula-souza\/\"]}]},{\"@type\":\"BreadcrumbList\",\"@id\":\"https:\/\/www.institutodeengenharia.org.br\/site\/2007\/07\/18\/engenheiro-americo-bove-recebe-o-premio-paula-souza\/#breadcrumb\",\"itemListElement\":[{\"@type\":\"ListItem\",\"position\":1,\"name\":\"In\u00edcio\",\"item\":\"https:\/\/www.institutodeengenharia.org.br\/site\/\"},{\"@type\":\"ListItem\",\"position\":2,\"name\":\"Engenheiro Americo Bove recebe o pr\u00eamio Paula Souza\"}]},{\"@type\":\"WebSite\",\"@id\":\"https:\/\/www.institutodeengenharia.org.br\/site\/#website\",\"url\":\"https:\/\/www.institutodeengenharia.org.br\/site\/\",\"name\":\"Instituto de Engenharia\",\"description\":\"O Instituto de Engenharia promove a Engenharia em benef\u00edcio do desenvolvimento e da qualidade de vida da sociedade.\",\"publisher\":{\"@id\":\"https:\/\/www.institutodeengenharia.org.br\/site\/#organization\"},\"potentialAction\":[{\"@type\":\"SearchAction\",\"target\":{\"@type\":\"EntryPoint\",\"urlTemplate\":\"https:\/\/www.institutodeengenharia.org.br\/site\/?s={search_term_string}\"},\"query-input\":{\"@type\":\"PropertyValueSpecification\",\"valueRequired\":true,\"valueName\":\"search_term_string\"}}],\"inLanguage\":\"pt-BR\"},{\"@type\":\"Organization\",\"@id\":\"https:\/\/www.institutodeengenharia.org.br\/site\/#organization\",\"name\":\"Instituto de Engenharia\",\"url\":\"https:\/\/www.institutodeengenharia.org.br\/site\/\",\"logo\":{\"@type\":\"ImageObject\",\"inLanguage\":\"pt-BR\",\"@id\":\"https:\/\/www.institutodeengenharia.org.br\/site\/#\/schema\/logo\/image\/\",\"url\":\"https:\/\/www.institutodeengenharia.org.br\/site\/wp-content\/uploads\/2019\/03\/logo-novo-IE2018-1.jpg\",\"contentUrl\":\"https:\/\/www.institutodeengenharia.org.br\/site\/wp-content\/uploads\/2019\/03\/logo-novo-IE2018-1.jpg\",\"width\":1486,\"height\":1879,\"caption\":\"Instituto de Engenharia\"},\"image\":{\"@id\":\"https:\/\/www.institutodeengenharia.org.br\/site\/#\/schema\/logo\/image\/\"},\"sameAs\":[\"https:\/\/www.facebook.com\/institutodeengenharia\",\"https:\/\/x.com\/iengenharia\",\"https:\/\/www.instagram.com\/institutodeengenharia\/\",\"https:\/\/www.linkedin.com\/company\/instituto-de-engenharia\/\",\"https:\/\/www.youtube.com\/channel\/UCXiCAlsSMe977vamW915HxA\"]},{\"@type\":\"Person\",\"@id\":\"https:\/\/www.institutodeengenharia.org.br\/site\/#\/schema\/person\/3b1ff109facef084739fc2edcb9a127f\",\"name\":\"TMax Tecnologia\",\"image\":{\"@type\":\"ImageObject\",\"inLanguage\":\"pt-BR\",\"@id\":\"https:\/\/secure.gravatar.com\/avatar\/f912434ef7f389c92cb311fcdae346af848465d638912574b3c669070f797701?s=96&d=mm&r=g\",\"url\":\"https:\/\/secure.gravatar.com\/avatar\/f912434ef7f389c92cb311fcdae346af848465d638912574b3c669070f797701?s=96&d=mm&r=g\",\"contentUrl\":\"https:\/\/secure.gravatar.com\/avatar\/f912434ef7f389c92cb311fcdae346af848465d638912574b3c669070f797701?s=96&d=mm&r=g\",\"caption\":\"TMax Tecnologia\"},\"url\":\"https:\/\/www.institutodeengenharia.org.br\/site\/author\/tmax\/\"}]}<\/script>\n<!-- \/ Yoast SEO plugin. -->","yoast_head_json":{"title":"Engenheiro Americo Bove recebe o pr\u00eamio Paula Souza - Instituto de Engenharia","robots":{"index":"index","follow":"follow","max-snippet":"max-snippet:-1","max-image-preview":"max-image-preview:large","max-video-preview":"max-video-preview:-1"},"canonical":"https:\/\/www.institutodeengenharia.org.br\/site\/2007\/07\/18\/engenheiro-americo-bove-recebe-o-premio-paula-souza\/","og_locale":"pt_BR","og_type":"article","og_title":"Engenheiro Americo Bove recebe o pr\u00eamio Paula Souza - Instituto de Engenharia","og_description":"O Instituto de Engenharia concedeu, no dia 18 de julho, ao engenheiro Americo Bove o Pr\u00eamio Engenheiro Antonio Francisco de Paula Souza. A escolha de Bove foi uma homenagem ao profissional exemplar que dedicou sua vida \u00e0 engenharia e que exerceu sua atividade de maneira digna e com grande brilhantismo.\u00a0 Nascido em 29 de dezembro [&hellip;]","og_url":"https:\/\/www.institutodeengenharia.org.br\/site\/2007\/07\/18\/engenheiro-americo-bove-recebe-o-premio-paula-souza\/","og_site_name":"Instituto de Engenharia","article_publisher":"https:\/\/www.facebook.com\/institutodeengenharia","article_published_time":"2007-07-18T21:45:26+00:00","article_modified_time":"2007-08-31T12:04:50+00:00","author":"TMax Tecnologia","twitter_card":"summary_large_image","twitter_creator":"@iengenharia","twitter_site":"@iengenharia","twitter_misc":{"Escrito por":"TMax Tecnologia","Est. tempo de leitura":"1 minuto"},"schema":{"@context":"https:\/\/schema.org","@graph":[{"@type":"Article","@id":"https:\/\/www.institutodeengenharia.org.br\/site\/2007\/07\/18\/engenheiro-americo-bove-recebe-o-premio-paula-souza\/#article","isPartOf":{"@id":"https:\/\/www.institutodeengenharia.org.br\/site\/2007\/07\/18\/engenheiro-americo-bove-recebe-o-premio-paula-souza\/"},"author":{"name":"TMax Tecnologia","@id":"https:\/\/www.institutodeengenharia.org.br\/site\/#\/schema\/person\/3b1ff109facef084739fc2edcb9a127f"},"headline":"Engenheiro Americo Bove recebe o pr\u00eamio Paula Souza","datePublished":"2007-07-18T21:45:26+00:00","dateModified":"2007-08-31T12:04:50+00:00","mainEntityOfPage":{"@id":"https:\/\/www.institutodeengenharia.org.br\/site\/2007\/07\/18\/engenheiro-americo-bove-recebe-o-premio-paula-souza\/"},"wordCount":181,"commentCount":0,"publisher":{"@id":"https:\/\/www.institutodeengenharia.org.br\/site\/#organization"},"articleSection":["Instituto de Engenharia","Not\u00edcias"],"inLanguage":"pt-BR","potentialAction":[{"@type":"CommentAction","name":"Comment","target":["https:\/\/www.institutodeengenharia.org.br\/site\/2007\/07\/18\/engenheiro-americo-bove-recebe-o-premio-paula-souza\/#respond"]}]},{"@type":"WebPage","@id":"https:\/\/www.institutodeengenharia.org.br\/site\/2007\/07\/18\/engenheiro-americo-bove-recebe-o-premio-paula-souza\/","url":"https:\/\/www.institutodeengenharia.org.br\/site\/2007\/07\/18\/engenheiro-americo-bove-recebe-o-premio-paula-souza\/","name":"Engenheiro Americo Bove recebe o pr\u00eamio Paula Souza - Instituto de Engenharia","isPartOf":{"@id":"https:\/\/www.institutodeengenharia.org.br\/site\/#website"},"datePublished":"2007-07-18T21:45:26+00:00","dateModified":"2007-08-31T12:04:50+00:00","breadcrumb":{"@id":"https:\/\/www.institutodeengenharia.org.br\/site\/2007\/07\/18\/engenheiro-americo-bove-recebe-o-premio-paula-souza\/#breadcrumb"},"inLanguage":"pt-BR","potentialAction":[{"@type":"ReadAction","target":["https:\/\/www.institutodeengenharia.org.br\/site\/2007\/07\/18\/engenheiro-americo-bove-recebe-o-premio-paula-souza\/"]}]},{"@type":"BreadcrumbList","@id":"https:\/\/www.institutodeengenharia.org.br\/site\/2007\/07\/18\/engenheiro-americo-bove-recebe-o-premio-paula-souza\/#breadcrumb","itemListElement":[{"@type":"ListItem","position":1,"name":"In\u00edcio","item":"https:\/\/www.institutodeengenharia.org.br\/site\/"},{"@type":"ListItem","position":2,"name":"Engenheiro Americo Bove recebe o pr\u00eamio Paula Souza"}]},{"@type":"WebSite","@id":"https:\/\/www.institutodeengenharia.org.br\/site\/#website","url":"https:\/\/www.institutodeengenharia.org.br\/site\/","name":"Instituto de Engenharia","description":"O Instituto de Engenharia promove a Engenharia em benef\u00edcio do desenvolvimento e da qualidade de vida da sociedade.","publisher":{"@id":"https:\/\/www.institutodeengenharia.org.br\/site\/#organization"},"potentialAction":[{"@type":"SearchAction","target":{"@type":"EntryPoint","urlTemplate":"https:\/\/www.institutodeengenharia.org.br\/site\/?s={search_term_string}"},"query-input":{"@type":"PropertyValueSpecification","valueRequired":true,"valueName":"search_term_string"}}],"inLanguage":"pt-BR"},{"@type":"Organization","@id":"https:\/\/www.institutodeengenharia.org.br\/site\/#organization","name":"Instituto de Engenharia","url":"https:\/\/www.institutodeengenharia.org.br\/site\/","logo":{"@type":"ImageObject","inLanguage":"pt-BR","@id":"https:\/\/www.institutodeengenharia.org.br\/site\/#\/schema\/logo\/image\/","url":"https:\/\/www.institutodeengenharia.org.br\/site\/wp-content\/uploads\/2019\/03\/logo-novo-IE2018-1.jpg","contentUrl":"https:\/\/www.institutodeengenharia.org.br\/site\/wp-content\/uploads\/2019\/03\/logo-novo-IE2018-1.jpg","width":1486,"height":1879,"caption":"Instituto de Engenharia"},"image":{"@id":"https:\/\/www.institutodeengenharia.org.br\/site\/#\/schema\/logo\/image\/"},"sameAs":["https:\/\/www.facebook.com\/institutodeengenharia","https:\/\/x.com\/iengenharia","https:\/\/www.instagram.com\/institutodeengenharia\/","https:\/\/www.linkedin.com\/company\/instituto-de-engenharia\/","https:\/\/www.youtube.com\/channel\/UCXiCAlsSMe977vamW915HxA"]},{"@type":"Person","@id":"https:\/\/www.institutodeengenharia.org.br\/site\/#\/schema\/person\/3b1ff109facef084739fc2edcb9a127f","name":"TMax Tecnologia","image":{"@type":"ImageObject","inLanguage":"pt-BR","@id":"https:\/\/secure.gravatar.com\/avatar\/f912434ef7f389c92cb311fcdae346af848465d638912574b3c669070f797701?s=96&d=mm&r=g","url":"https:\/\/secure.gravatar.com\/avatar\/f912434ef7f389c92cb311fcdae346af848465d638912574b3c669070f797701?s=96&d=mm&r=g","contentUrl":"https:\/\/secure.gravatar.com\/avatar\/f912434ef7f389c92cb311fcdae346af848465d638912574b3c669070f797701?s=96&d=mm&r=g","caption":"TMax Tecnologia"},"url":"https:\/\/www.institutodeengenharia.org.br\/site\/author\/tmax\/"}]}},"_links":{"self":[{"href":"https:\/\/www.institutodeengenharia.org.br\/site\/wp-json\/wp\/v2\/posts\/14433","targetHints":{"allow":["GET"]}}],"collection":[{"href":"https:\/\/www.institutodeengenharia.org.br\/site\/wp-json\/wp\/v2\/posts"}],"about":[{"href":"https:\/\/www.institutodeengenharia.org.br\/site\/wp-json\/wp\/v2\/types\/post"}],"author":[{"embeddable":true,"href":"https:\/\/www.institutodeengenharia.org.br\/site\/wp-json\/wp\/v2\/users\/1"}],"replies":[{"embeddable":true,"href":"https:\/\/www.institutodeengenharia.org.br\/site\/wp-json\/wp\/v2\/comments?post=14433"}],"version-history":[{"count":0,"href":"https:\/\/www.institutodeengenharia.org.br\/site\/wp-json\/wp\/v2\/posts\/14433\/revisions"}],"wp:attachment":[{"href":"https:\/\/www.institutodeengenharia.org.br\/site\/wp-json\/wp\/v2\/media?parent=14433"}],"wp:term":[{"taxonomy":"category","embeddable":true,"href":"https:\/\/www.institutodeengenharia.org.br\/site\/wp-json\/wp\/v2\/categories?post=14433"},{"taxonomy":"post_tag","embeddable":true,"href":"https:\/\/www.institutodeengenharia.org.br\/site\/wp-json\/wp\/v2\/tags?post=14433"}],"curies":[{"name":"wp","href":"https:\/\/api.w.org\/{rel}","templated":true}]}}