{"id":14420,"date":"2007-08-24T21:45:15","date_gmt":"2007-08-24T21:45:15","guid":{"rendered":"https:\/\/www.institutodeengenharia.org.br\/?p=14420"},"modified":"2007-08-31T11:09:31","modified_gmt":"2007-08-31T11:09:31","slug":"camara-dos-vereadores-presta-homenagem-ao-presidente","status":"publish","type":"post","link":"https:\/\/www.institutodeengenharia.org.br\/site\/2007\/08\/24\/camara-dos-vereadores-presta-homenagem-ao-presidente\/","title":{"rendered":"C\u00e2mara dos Vereadores presta homenagem ao presidente"},"content":{"rendered":"<p>O presidente do Instituto de Engenharia, Edemar de Souza Amorim, recebeu, no dia 23 de agosto, o T\u00edtulo de Cidad\u00e3o Paulistano em uma Sess\u00e3o Solene na C\u00e2mara Municipal de S\u00e3o Paulo. Essa homenagem foi uma iniciativa do vereador Toninho Paiva. <\/p>\n<p>Nascido em Catanduva, no interior de S\u00e3o Paulo, em 30 de agosto de 1936, mudou-se para a cidade de S\u00e3o Paulo em dezembro de 1954, onde reside at\u00e9 hoje. <br \/>\nEngenheiro civil e eletricista, formado pela Escola de Engenharia Mackenzie em 1960, iniciou sua vida profissional num escrit\u00f3rio de projetos de estruturas. Lecionou durante 18 anos a disciplina de Resist\u00eancia dos Materiais no Mackenzie. <\/p>\n<p>Fundou empresa pr\u00f3pria de constru\u00e7\u00e3o civil e tamb\u00e9m uma de controle tecnol\u00f3gico do concreto. Participou da gest\u00e3o de importantes projetos de engenharia na cidade de S\u00e3o Paulo: Complexo Vi\u00e1rio Rebou\u00e7as \u2013 Dr. Arnaldo; Viaduto Conselheiro Carr\u00e3o; Ponte do Morumbi; Linha Norte-Sul do Metr\u00f4; conjuntos habitacionais do Projeto Cingapura. <\/p>\n<p>Em toda sua vida dedicou-se a trabalhos volunt\u00e1rios em benef\u00edcio da comunidade, participando ativamente de diversas associa\u00e7\u00f5es como diretor ou conselheiro: Apeop &#8211; Associa\u00e7\u00e3o Paulista de Empres\u00e1rios de Obras P\u00fablicas; Abemi &#8211; Associa\u00e7\u00e3o Brasileira de Engenharia Industrial; Abed &#8211; Associa\u00e7\u00e3o Brasileira de Dragagem; Clube dos Empreiteiros. Atualmente, al\u00e9m de presidente do Instituto de Engenharia \u00e9 diretor da Febrae &#8211; Federa\u00e7\u00e3o Brasileira de Associa\u00e7\u00f5es de Engenheiros. <\/p>\n<p><b>Autor: Fernanda Nagatomi<\/b><\/p>\n","protected":false},"excerpt":{"rendered":"<p>O presidente do Instituto de Engenharia, Edemar de Souza Amorim, recebeu, no dia 23 de agosto, o T\u00edtulo de Cidad\u00e3o Paulistano em uma Sess\u00e3o Solene na C\u00e2mara Municipal de S\u00e3o Paulo. Essa homenagem foi uma iniciativa do vereador Toninho Paiva. Nascido em Catanduva, no interior de S\u00e3o Paulo, em 30 de agosto de 1936, mudou-se [&hellip;]<\/p>\n","protected":false},"author":1,"featured_media":0,"comment_status":"open","ping_status":"open","sticky":false,"template":"","format":"standard","meta":{"footnotes":""},"categories":[27,6],"tags":[],"class_list":{"0":"post-14420","1":"post","2":"type-post","3":"status-publish","4":"format-standard","6":"category-instituto-de-engenharia","7":"category-noticias"},"yoast_head":"<!-- This site is optimized with the Yoast SEO plugin v27.2 - https:\/\/yoast.com\/product\/yoast-seo-wordpress\/ -->\n<title>C\u00e2mara dos Vereadores presta homenagem ao presidente - Instituto de Engenharia<\/title>\n<meta name=\"robots\" content=\"index, follow, max-snippet:-1, max-image-preview:large, max-video-preview:-1\" \/>\n<link rel=\"canonical\" href=\"https:\/\/www.institutodeengenharia.org.br\/site\/2007\/08\/24\/camara-dos-vereadores-presta-homenagem-ao-presidente\/\" \/>\n<meta property=\"og:locale\" content=\"pt_BR\" \/>\n<meta property=\"og:type\" content=\"article\" \/>\n<meta property=\"og:title\" content=\"C\u00e2mara dos Vereadores presta homenagem ao presidente - Instituto de Engenharia\" \/>\n<meta property=\"og:description\" content=\"O presidente do Instituto de Engenharia, Edemar de Souza Amorim, recebeu, no dia 23 de agosto, o T\u00edtulo de Cidad\u00e3o Paulistano em uma Sess\u00e3o Solene na C\u00e2mara Municipal de S\u00e3o Paulo. Essa homenagem foi uma iniciativa do vereador Toninho Paiva. Nascido em Catanduva, no interior de S\u00e3o Paulo, em 30 de agosto de 1936, mudou-se [&hellip;]\" \/>\n<meta property=\"og:url\" content=\"https:\/\/www.institutodeengenharia.org.br\/site\/2007\/08\/24\/camara-dos-vereadores-presta-homenagem-ao-presidente\/\" \/>\n<meta property=\"og:site_name\" content=\"Instituto de Engenharia\" \/>\n<meta property=\"article:publisher\" content=\"https:\/\/www.facebook.com\/institutodeengenharia\" \/>\n<meta property=\"article:published_time\" content=\"2007-08-24T21:45:15+00:00\" \/>\n<meta property=\"article:modified_time\" content=\"2007-08-31T11:09:31+00:00\" \/>\n<meta name=\"author\" content=\"TMax Tecnologia\" \/>\n<meta name=\"twitter:card\" content=\"summary_large_image\" \/>\n<meta name=\"twitter:creator\" content=\"@iengenharia\" \/>\n<meta name=\"twitter:site\" content=\"@iengenharia\" \/>\n<meta name=\"twitter:label1\" content=\"Escrito por\" \/>\n\t<meta name=\"twitter:data1\" content=\"TMax Tecnologia\" \/>\n\t<meta name=\"twitter:label2\" content=\"Est. tempo de leitura\" \/>\n\t<meta name=\"twitter:data2\" content=\"1 minuto\" \/>\n<script type=\"application\/ld+json\" class=\"yoast-schema-graph\">{\"@context\":\"https:\/\/schema.org\",\"@graph\":[{\"@type\":\"Article\",\"@id\":\"https:\/\/www.institutodeengenharia.org.br\/site\/2007\/08\/24\/camara-dos-vereadores-presta-homenagem-ao-presidente\/#article\",\"isPartOf\":{\"@id\":\"https:\/\/www.institutodeengenharia.org.br\/site\/2007\/08\/24\/camara-dos-vereadores-presta-homenagem-ao-presidente\/\"},\"author\":{\"name\":\"TMax Tecnologia\",\"@id\":\"https:\/\/www.institutodeengenharia.org.br\/site\/#\/schema\/person\/3b1ff109facef084739fc2edcb9a127f\"},\"headline\":\"C\u00e2mara dos Vereadores presta homenagem ao presidente\",\"datePublished\":\"2007-08-24T21:45:15+00:00\",\"dateModified\":\"2007-08-31T11:09:31+00:00\",\"mainEntityOfPage\":{\"@id\":\"https:\/\/www.institutodeengenharia.org.br\/site\/2007\/08\/24\/camara-dos-vereadores-presta-homenagem-ao-presidente\/\"},\"wordCount\":248,\"commentCount\":0,\"publisher\":{\"@id\":\"https:\/\/www.institutodeengenharia.org.br\/site\/#organization\"},\"articleSection\":[\"Instituto de Engenharia\",\"Not\u00edcias\"],\"inLanguage\":\"pt-BR\",\"potentialAction\":[{\"@type\":\"CommentAction\",\"name\":\"Comment\",\"target\":[\"https:\/\/www.institutodeengenharia.org.br\/site\/2007\/08\/24\/camara-dos-vereadores-presta-homenagem-ao-presidente\/#respond\"]}]},{\"@type\":\"WebPage\",\"@id\":\"https:\/\/www.institutodeengenharia.org.br\/site\/2007\/08\/24\/camara-dos-vereadores-presta-homenagem-ao-presidente\/\",\"url\":\"https:\/\/www.institutodeengenharia.org.br\/site\/2007\/08\/24\/camara-dos-vereadores-presta-homenagem-ao-presidente\/\",\"name\":\"C\u00e2mara dos Vereadores presta homenagem ao presidente - Instituto de Engenharia\",\"isPartOf\":{\"@id\":\"https:\/\/www.institutodeengenharia.org.br\/site\/#website\"},\"datePublished\":\"2007-08-24T21:45:15+00:00\",\"dateModified\":\"2007-08-31T11:09:31+00:00\",\"breadcrumb\":{\"@id\":\"https:\/\/www.institutodeengenharia.org.br\/site\/2007\/08\/24\/camara-dos-vereadores-presta-homenagem-ao-presidente\/#breadcrumb\"},\"inLanguage\":\"pt-BR\",\"potentialAction\":[{\"@type\":\"ReadAction\",\"target\":[\"https:\/\/www.institutodeengenharia.org.br\/site\/2007\/08\/24\/camara-dos-vereadores-presta-homenagem-ao-presidente\/\"]}]},{\"@type\":\"BreadcrumbList\",\"@id\":\"https:\/\/www.institutodeengenharia.org.br\/site\/2007\/08\/24\/camara-dos-vereadores-presta-homenagem-ao-presidente\/#breadcrumb\",\"itemListElement\":[{\"@type\":\"ListItem\",\"position\":1,\"name\":\"In\u00edcio\",\"item\":\"https:\/\/www.institutodeengenharia.org.br\/site\/\"},{\"@type\":\"ListItem\",\"position\":2,\"name\":\"C\u00e2mara dos Vereadores presta homenagem ao presidente\"}]},{\"@type\":\"WebSite\",\"@id\":\"https:\/\/www.institutodeengenharia.org.br\/site\/#website\",\"url\":\"https:\/\/www.institutodeengenharia.org.br\/site\/\",\"name\":\"Instituto de Engenharia\",\"description\":\"O Instituto de Engenharia promove a Engenharia em benef\u00edcio do desenvolvimento e da qualidade de vida da sociedade.\",\"publisher\":{\"@id\":\"https:\/\/www.institutodeengenharia.org.br\/site\/#organization\"},\"potentialAction\":[{\"@type\":\"SearchAction\",\"target\":{\"@type\":\"EntryPoint\",\"urlTemplate\":\"https:\/\/www.institutodeengenharia.org.br\/site\/?s={search_term_string}\"},\"query-input\":{\"@type\":\"PropertyValueSpecification\",\"valueRequired\":true,\"valueName\":\"search_term_string\"}}],\"inLanguage\":\"pt-BR\"},{\"@type\":\"Organization\",\"@id\":\"https:\/\/www.institutodeengenharia.org.br\/site\/#organization\",\"name\":\"Instituto de Engenharia\",\"url\":\"https:\/\/www.institutodeengenharia.org.br\/site\/\",\"logo\":{\"@type\":\"ImageObject\",\"inLanguage\":\"pt-BR\",\"@id\":\"https:\/\/www.institutodeengenharia.org.br\/site\/#\/schema\/logo\/image\/\",\"url\":\"https:\/\/www.institutodeengenharia.org.br\/site\/wp-content\/uploads\/2019\/03\/logo-novo-IE2018-1.jpg\",\"contentUrl\":\"https:\/\/www.institutodeengenharia.org.br\/site\/wp-content\/uploads\/2019\/03\/logo-novo-IE2018-1.jpg\",\"width\":1486,\"height\":1879,\"caption\":\"Instituto de Engenharia\"},\"image\":{\"@id\":\"https:\/\/www.institutodeengenharia.org.br\/site\/#\/schema\/logo\/image\/\"},\"sameAs\":[\"https:\/\/www.facebook.com\/institutodeengenharia\",\"https:\/\/x.com\/iengenharia\",\"https:\/\/www.instagram.com\/institutodeengenharia\/\",\"https:\/\/www.linkedin.com\/company\/instituto-de-engenharia\/\",\"https:\/\/www.youtube.com\/channel\/UCXiCAlsSMe977vamW915HxA\"]},{\"@type\":\"Person\",\"@id\":\"https:\/\/www.institutodeengenharia.org.br\/site\/#\/schema\/person\/3b1ff109facef084739fc2edcb9a127f\",\"name\":\"TMax Tecnologia\",\"image\":{\"@type\":\"ImageObject\",\"inLanguage\":\"pt-BR\",\"@id\":\"https:\/\/secure.gravatar.com\/avatar\/f912434ef7f389c92cb311fcdae346af848465d638912574b3c669070f797701?s=96&d=mm&r=g\",\"url\":\"https:\/\/secure.gravatar.com\/avatar\/f912434ef7f389c92cb311fcdae346af848465d638912574b3c669070f797701?s=96&d=mm&r=g\",\"contentUrl\":\"https:\/\/secure.gravatar.com\/avatar\/f912434ef7f389c92cb311fcdae346af848465d638912574b3c669070f797701?s=96&d=mm&r=g\",\"caption\":\"TMax Tecnologia\"},\"url\":\"https:\/\/www.institutodeengenharia.org.br\/site\/author\/tmax\/\"}]}<\/script>\n<!-- \/ Yoast SEO plugin. -->","yoast_head_json":{"title":"C\u00e2mara dos Vereadores presta homenagem ao presidente - Instituto de Engenharia","robots":{"index":"index","follow":"follow","max-snippet":"max-snippet:-1","max-image-preview":"max-image-preview:large","max-video-preview":"max-video-preview:-1"},"canonical":"https:\/\/www.institutodeengenharia.org.br\/site\/2007\/08\/24\/camara-dos-vereadores-presta-homenagem-ao-presidente\/","og_locale":"pt_BR","og_type":"article","og_title":"C\u00e2mara dos Vereadores presta homenagem ao presidente - Instituto de Engenharia","og_description":"O presidente do Instituto de Engenharia, Edemar de Souza Amorim, recebeu, no dia 23 de agosto, o T\u00edtulo de Cidad\u00e3o Paulistano em uma Sess\u00e3o Solene na C\u00e2mara Municipal de S\u00e3o Paulo. Essa homenagem foi uma iniciativa do vereador Toninho Paiva. Nascido em Catanduva, no interior de S\u00e3o Paulo, em 30 de agosto de 1936, mudou-se [&hellip;]","og_url":"https:\/\/www.institutodeengenharia.org.br\/site\/2007\/08\/24\/camara-dos-vereadores-presta-homenagem-ao-presidente\/","og_site_name":"Instituto de Engenharia","article_publisher":"https:\/\/www.facebook.com\/institutodeengenharia","article_published_time":"2007-08-24T21:45:15+00:00","article_modified_time":"2007-08-31T11:09:31+00:00","author":"TMax Tecnologia","twitter_card":"summary_large_image","twitter_creator":"@iengenharia","twitter_site":"@iengenharia","twitter_misc":{"Escrito por":"TMax Tecnologia","Est. tempo de leitura":"1 minuto"},"schema":{"@context":"https:\/\/schema.org","@graph":[{"@type":"Article","@id":"https:\/\/www.institutodeengenharia.org.br\/site\/2007\/08\/24\/camara-dos-vereadores-presta-homenagem-ao-presidente\/#article","isPartOf":{"@id":"https:\/\/www.institutodeengenharia.org.br\/site\/2007\/08\/24\/camara-dos-vereadores-presta-homenagem-ao-presidente\/"},"author":{"name":"TMax Tecnologia","@id":"https:\/\/www.institutodeengenharia.org.br\/site\/#\/schema\/person\/3b1ff109facef084739fc2edcb9a127f"},"headline":"C\u00e2mara dos Vereadores presta homenagem ao presidente","datePublished":"2007-08-24T21:45:15+00:00","dateModified":"2007-08-31T11:09:31+00:00","mainEntityOfPage":{"@id":"https:\/\/www.institutodeengenharia.org.br\/site\/2007\/08\/24\/camara-dos-vereadores-presta-homenagem-ao-presidente\/"},"wordCount":248,"commentCount":0,"publisher":{"@id":"https:\/\/www.institutodeengenharia.org.br\/site\/#organization"},"articleSection":["Instituto de Engenharia","Not\u00edcias"],"inLanguage":"pt-BR","potentialAction":[{"@type":"CommentAction","name":"Comment","target":["https:\/\/www.institutodeengenharia.org.br\/site\/2007\/08\/24\/camara-dos-vereadores-presta-homenagem-ao-presidente\/#respond"]}]},{"@type":"WebPage","@id":"https:\/\/www.institutodeengenharia.org.br\/site\/2007\/08\/24\/camara-dos-vereadores-presta-homenagem-ao-presidente\/","url":"https:\/\/www.institutodeengenharia.org.br\/site\/2007\/08\/24\/camara-dos-vereadores-presta-homenagem-ao-presidente\/","name":"C\u00e2mara dos Vereadores presta homenagem ao presidente - Instituto de Engenharia","isPartOf":{"@id":"https:\/\/www.institutodeengenharia.org.br\/site\/#website"},"datePublished":"2007-08-24T21:45:15+00:00","dateModified":"2007-08-31T11:09:31+00:00","breadcrumb":{"@id":"https:\/\/www.institutodeengenharia.org.br\/site\/2007\/08\/24\/camara-dos-vereadores-presta-homenagem-ao-presidente\/#breadcrumb"},"inLanguage":"pt-BR","potentialAction":[{"@type":"ReadAction","target":["https:\/\/www.institutodeengenharia.org.br\/site\/2007\/08\/24\/camara-dos-vereadores-presta-homenagem-ao-presidente\/"]}]},{"@type":"BreadcrumbList","@id":"https:\/\/www.institutodeengenharia.org.br\/site\/2007\/08\/24\/camara-dos-vereadores-presta-homenagem-ao-presidente\/#breadcrumb","itemListElement":[{"@type":"ListItem","position":1,"name":"In\u00edcio","item":"https:\/\/www.institutodeengenharia.org.br\/site\/"},{"@type":"ListItem","position":2,"name":"C\u00e2mara dos Vereadores presta homenagem ao presidente"}]},{"@type":"WebSite","@id":"https:\/\/www.institutodeengenharia.org.br\/site\/#website","url":"https:\/\/www.institutodeengenharia.org.br\/site\/","name":"Instituto de Engenharia","description":"O Instituto de Engenharia promove a Engenharia em benef\u00edcio do desenvolvimento e da qualidade de vida da sociedade.","publisher":{"@id":"https:\/\/www.institutodeengenharia.org.br\/site\/#organization"},"potentialAction":[{"@type":"SearchAction","target":{"@type":"EntryPoint","urlTemplate":"https:\/\/www.institutodeengenharia.org.br\/site\/?s={search_term_string}"},"query-input":{"@type":"PropertyValueSpecification","valueRequired":true,"valueName":"search_term_string"}}],"inLanguage":"pt-BR"},{"@type":"Organization","@id":"https:\/\/www.institutodeengenharia.org.br\/site\/#organization","name":"Instituto de Engenharia","url":"https:\/\/www.institutodeengenharia.org.br\/site\/","logo":{"@type":"ImageObject","inLanguage":"pt-BR","@id":"https:\/\/www.institutodeengenharia.org.br\/site\/#\/schema\/logo\/image\/","url":"https:\/\/www.institutodeengenharia.org.br\/site\/wp-content\/uploads\/2019\/03\/logo-novo-IE2018-1.jpg","contentUrl":"https:\/\/www.institutodeengenharia.org.br\/site\/wp-content\/uploads\/2019\/03\/logo-novo-IE2018-1.jpg","width":1486,"height":1879,"caption":"Instituto de Engenharia"},"image":{"@id":"https:\/\/www.institutodeengenharia.org.br\/site\/#\/schema\/logo\/image\/"},"sameAs":["https:\/\/www.facebook.com\/institutodeengenharia","https:\/\/x.com\/iengenharia","https:\/\/www.instagram.com\/institutodeengenharia\/","https:\/\/www.linkedin.com\/company\/instituto-de-engenharia\/","https:\/\/www.youtube.com\/channel\/UCXiCAlsSMe977vamW915HxA"]},{"@type":"Person","@id":"https:\/\/www.institutodeengenharia.org.br\/site\/#\/schema\/person\/3b1ff109facef084739fc2edcb9a127f","name":"TMax Tecnologia","image":{"@type":"ImageObject","inLanguage":"pt-BR","@id":"https:\/\/secure.gravatar.com\/avatar\/f912434ef7f389c92cb311fcdae346af848465d638912574b3c669070f797701?s=96&d=mm&r=g","url":"https:\/\/secure.gravatar.com\/avatar\/f912434ef7f389c92cb311fcdae346af848465d638912574b3c669070f797701?s=96&d=mm&r=g","contentUrl":"https:\/\/secure.gravatar.com\/avatar\/f912434ef7f389c92cb311fcdae346af848465d638912574b3c669070f797701?s=96&d=mm&r=g","caption":"TMax Tecnologia"},"url":"https:\/\/www.institutodeengenharia.org.br\/site\/author\/tmax\/"}]}},"_links":{"self":[{"href":"https:\/\/www.institutodeengenharia.org.br\/site\/wp-json\/wp\/v2\/posts\/14420","targetHints":{"allow":["GET"]}}],"collection":[{"href":"https:\/\/www.institutodeengenharia.org.br\/site\/wp-json\/wp\/v2\/posts"}],"about":[{"href":"https:\/\/www.institutodeengenharia.org.br\/site\/wp-json\/wp\/v2\/types\/post"}],"author":[{"embeddable":true,"href":"https:\/\/www.institutodeengenharia.org.br\/site\/wp-json\/wp\/v2\/users\/1"}],"replies":[{"embeddable":true,"href":"https:\/\/www.institutodeengenharia.org.br\/site\/wp-json\/wp\/v2\/comments?post=14420"}],"version-history":[{"count":0,"href":"https:\/\/www.institutodeengenharia.org.br\/site\/wp-json\/wp\/v2\/posts\/14420\/revisions"}],"wp:attachment":[{"href":"https:\/\/www.institutodeengenharia.org.br\/site\/wp-json\/wp\/v2\/media?parent=14420"}],"wp:term":[{"taxonomy":"category","embeddable":true,"href":"https:\/\/www.institutodeengenharia.org.br\/site\/wp-json\/wp\/v2\/categories?post=14420"},{"taxonomy":"post_tag","embeddable":true,"href":"https:\/\/www.institutodeengenharia.org.br\/site\/wp-json\/wp\/v2\/tags?post=14420"}],"curies":[{"name":"wp","href":"https:\/\/api.w.org\/{rel}","templated":true}]}}