{"id":14418,"date":"2007-08-14T21:45:13","date_gmt":"2007-08-14T21:45:13","guid":{"rendered":"https:\/\/www.institutodeengenharia.org.br\/?p=14418"},"modified":"2007-08-31T16:42:07","modified_gmt":"2007-08-31T16:42:07","slug":"inacreditavel-querem-criar-mais-um-imposto","status":"publish","type":"post","link":"https:\/\/www.institutodeengenharia.org.br\/site\/2007\/08\/14\/inacreditavel-querem-criar-mais-um-imposto\/","title":{"rendered":"Inacredit\u00e1vel: querem criar mais um imposto"},"content":{"rendered":"<p>Pasmem! O governo cogita criar mais um imposto. Sugiro aos varejistas que coloquem suas barbas de molho, uma vez que eles podem ser a bola da vez na nova investida que o poder p\u00fablico ensaia contra os contribuintes.\u00a0<\/p>\n<p>A investida coloca na linha de tiro do fisco os comerciantes, uma vez que se cogita resgatar o nefasto projeto do imposto sobre venda a varejo (IVV), apresentado pelo deputado Mussa Demes quando elaborou o substitutivo \u00e0 PEC n\u00ba 175\/95. A institui\u00e7\u00e3o do IVV alcan\u00e7aria milh\u00f5es de pequenos estabelecimentos na cadeia varejista de com\u00e9rcio, impondo-lhes novos custos de administra\u00e7\u00e3o tribut\u00e1ria e subtraindo-lhes capital de giro.\u00a0<\/p>\n<p>O governo pretende enviar ao Congresso Nacional, a partir de agosto, sua nova proposta tribut\u00e1ria: a cria\u00e7\u00e3o de um IVA federal e outro estadual. No \u00e2mbito dos tributos da Uni\u00e3o, pretende-se unificar o PIS, Cofins, IPI e a Cide e na esfera estadual a inten\u00e7\u00e3o \u00e9 integrar o ISS \u00e0 base do ICMS.\u00a0<\/p>\n<p>Se de um lado a proposta em estudo causa apreens\u00e3o aos varejistas, de outro os prefeitos devem ver no projeto um motivo de preocupa\u00e7\u00e3o, j\u00e1 que teriam de abrir m\u00e3o da receita que mais cresceu entre 2002 e 2006 (o ISS aumentou 11,4%) e, como compensa\u00e7\u00e3o, passariam a cobrar um tributo absurdamente complexo como o IVV. Ou seja, os munic\u00edpios perderiam a base &#8220;servi\u00e7os&#8221;, em expans\u00e3o no mundo globalizado e terceirizado da atualidade, e teriam pesados custos de administra\u00e7\u00e3o e fiscaliza\u00e7\u00e3o de um imposto no qual n\u00e3o t\u00eam tradi\u00e7\u00e3o.\u00a0<\/p>\n<p>Cabe citar que h\u00e1 estimativas apontando que 30% das prefeituras perder\u00e3o um ter\u00e7o ou mais de suas receitas pr\u00f3prias se o ISS for incorporado ao IVA. Na regi\u00e3o paulista do Grande ABC, por exemplo, a expectativa dos prefeitos \u00e9 que as perdas sejam da ordem de R$ 400 milh\u00f5es.\u00a0<\/p>\n<p>O IVV \u00e9 um tributo que n\u00e3o se enquadra na tradi\u00e7\u00e3o tribut\u00e1ria brasileira. Num pa\u00eds onde a sonega\u00e7\u00e3o destro\u00e7ou a \u00e9tica tribut\u00e1ria e onde a evas\u00e3o passou a ser costume socialmente ratificado, como imaginar que o IVV seja adequadamente arrecadado em cada um dos milh\u00f5es de pontos-de-venda a varejo? \u00c9 um tributo que pode funcionar em economias como a norte-americana, mas jamais na brasileira.\u00a0<\/p>\n<p>Esse sistema tribut\u00e1rio vai na contram\u00e3o de tudo o que a sociedade espera. O contribuinte quer menos tributos, menos burocracia, menos fiscais e menos corrup\u00e7\u00e3o. Nada disso ser\u00e1 conseguido se o IVV for aprovado. Trata-se de uma proposta burocr\u00e1tica, convencional e conservadora. Vai prejudicar os munic\u00edpios e infernizar a vida do com\u00e9rcio varejista e do consumidor final. Com o IVV, cria-se uma combina\u00e7\u00e3o perfeita para gerar novos focos de sonega\u00e7\u00e3o, de evas\u00e3o e de corrup\u00e7\u00e3o. O deformado sistema tribut\u00e1rio brasileiro ficar\u00e1 ainda mais horripilante.\u00a0<\/p>\n<p>Em suma, a institui\u00e7\u00e3o de um tributo como o IVV trar\u00e1 s\u00e9rios preju\u00edzos aos comerciantes e \u00e0s prefeituras. Al\u00e9m disso, vai aprofundar as graves anomalias sobre a economia do pa\u00eds provocadas pela ca\u00f3tica estrutura tribut\u00e1ria. O novo imposto \u00e9 um golpe contra os munic\u00edpios, um abuso contra os comerciantes e uma afronta contra os contribuintes em geral.\u00a0<\/p>\n<p>Marcos Cintra Cavalcanti de Albuquerque \u00e9 doutor em Economia pela Universidade Harvard (EUA), professor titular e vice-presidente da Funda\u00e7\u00e3o Getulio Vargas. <br \/>\nInternet: www.marcoscintra.org \/ E-mail &#8211; mcintra@marcoscintra.org <\/p>\n<p><b>Autor: Marcos Cintra<\/b><\/p>\n","protected":false},"excerpt":{"rendered":"<p>Pasmem! O governo cogita criar mais um imposto. Sugiro aos varejistas que coloquem suas barbas de molho, uma vez que eles podem ser a bola da vez na nova investida que o poder p\u00fablico ensaia contra os contribuintes.\u00a0 A investida coloca na linha de tiro do fisco os comerciantes, uma vez que se cogita resgatar [&hellip;]<\/p>\n","protected":false},"author":1,"featured_media":0,"comment_status":"open","ping_status":"open","sticky":false,"template":"","format":"standard","meta":{"footnotes":""},"categories":[114],"tags":[],"class_list":{"0":"post-14418","1":"post","2":"type-post","3":"status-publish","4":"format-standard","6":"category-artigos"},"yoast_head":"<!-- This site is optimized with the Yoast SEO plugin v27.2 - https:\/\/yoast.com\/product\/yoast-seo-wordpress\/ -->\n<title>Inacredit\u00e1vel: querem criar mais um imposto - Instituto de Engenharia<\/title>\n<meta name=\"robots\" content=\"index, follow, max-snippet:-1, max-image-preview:large, max-video-preview:-1\" \/>\n<link rel=\"canonical\" href=\"https:\/\/www.institutodeengenharia.org.br\/site\/2007\/08\/14\/inacreditavel-querem-criar-mais-um-imposto\/\" \/>\n<meta property=\"og:locale\" content=\"pt_BR\" \/>\n<meta property=\"og:type\" content=\"article\" \/>\n<meta property=\"og:title\" content=\"Inacredit\u00e1vel: querem criar mais um imposto - Instituto de Engenharia\" \/>\n<meta property=\"og:description\" content=\"Pasmem! O governo cogita criar mais um imposto. Sugiro aos varejistas que coloquem suas barbas de molho, uma vez que eles podem ser a bola da vez na nova investida que o poder p\u00fablico ensaia contra os contribuintes.\u00a0 A investida coloca na linha de tiro do fisco os comerciantes, uma vez que se cogita resgatar [&hellip;]\" \/>\n<meta property=\"og:url\" content=\"https:\/\/www.institutodeengenharia.org.br\/site\/2007\/08\/14\/inacreditavel-querem-criar-mais-um-imposto\/\" \/>\n<meta property=\"og:site_name\" content=\"Instituto de Engenharia\" \/>\n<meta property=\"article:publisher\" content=\"https:\/\/www.facebook.com\/institutodeengenharia\" \/>\n<meta property=\"article:published_time\" content=\"2007-08-14T21:45:13+00:00\" \/>\n<meta property=\"article:modified_time\" content=\"2007-08-31T16:42:07+00:00\" \/>\n<meta name=\"author\" content=\"TMax Tecnologia\" \/>\n<meta name=\"twitter:card\" content=\"summary_large_image\" \/>\n<meta name=\"twitter:creator\" content=\"@iengenharia\" \/>\n<meta name=\"twitter:site\" content=\"@iengenharia\" \/>\n<meta name=\"twitter:label1\" content=\"Escrito por\" \/>\n\t<meta name=\"twitter:data1\" content=\"TMax Tecnologia\" \/>\n\t<meta name=\"twitter:label2\" content=\"Est. tempo de leitura\" \/>\n\t<meta name=\"twitter:data2\" content=\"3 minutos\" \/>\n<script type=\"application\/ld+json\" class=\"yoast-schema-graph\">{\"@context\":\"https:\/\/schema.org\",\"@graph\":[{\"@type\":\"Article\",\"@id\":\"https:\/\/www.institutodeengenharia.org.br\/site\/2007\/08\/14\/inacreditavel-querem-criar-mais-um-imposto\/#article\",\"isPartOf\":{\"@id\":\"https:\/\/www.institutodeengenharia.org.br\/site\/2007\/08\/14\/inacreditavel-querem-criar-mais-um-imposto\/\"},\"author\":{\"name\":\"TMax Tecnologia\",\"@id\":\"https:\/\/www.institutodeengenharia.org.br\/site\/#\/schema\/person\/3b1ff109facef084739fc2edcb9a127f\"},\"headline\":\"Inacredit\u00e1vel: querem criar mais um imposto\",\"datePublished\":\"2007-08-14T21:45:13+00:00\",\"dateModified\":\"2007-08-31T16:42:07+00:00\",\"mainEntityOfPage\":{\"@id\":\"https:\/\/www.institutodeengenharia.org.br\/site\/2007\/08\/14\/inacreditavel-querem-criar-mais-um-imposto\/\"},\"wordCount\":582,\"commentCount\":0,\"publisher\":{\"@id\":\"https:\/\/www.institutodeengenharia.org.br\/site\/#organization\"},\"articleSection\":[\"Artigos\"],\"inLanguage\":\"pt-BR\",\"potentialAction\":[{\"@type\":\"CommentAction\",\"name\":\"Comment\",\"target\":[\"https:\/\/www.institutodeengenharia.org.br\/site\/2007\/08\/14\/inacreditavel-querem-criar-mais-um-imposto\/#respond\"]}]},{\"@type\":\"WebPage\",\"@id\":\"https:\/\/www.institutodeengenharia.org.br\/site\/2007\/08\/14\/inacreditavel-querem-criar-mais-um-imposto\/\",\"url\":\"https:\/\/www.institutodeengenharia.org.br\/site\/2007\/08\/14\/inacreditavel-querem-criar-mais-um-imposto\/\",\"name\":\"Inacredit\u00e1vel: querem criar mais um imposto - Instituto de Engenharia\",\"isPartOf\":{\"@id\":\"https:\/\/www.institutodeengenharia.org.br\/site\/#website\"},\"datePublished\":\"2007-08-14T21:45:13+00:00\",\"dateModified\":\"2007-08-31T16:42:07+00:00\",\"breadcrumb\":{\"@id\":\"https:\/\/www.institutodeengenharia.org.br\/site\/2007\/08\/14\/inacreditavel-querem-criar-mais-um-imposto\/#breadcrumb\"},\"inLanguage\":\"pt-BR\",\"potentialAction\":[{\"@type\":\"ReadAction\",\"target\":[\"https:\/\/www.institutodeengenharia.org.br\/site\/2007\/08\/14\/inacreditavel-querem-criar-mais-um-imposto\/\"]}]},{\"@type\":\"BreadcrumbList\",\"@id\":\"https:\/\/www.institutodeengenharia.org.br\/site\/2007\/08\/14\/inacreditavel-querem-criar-mais-um-imposto\/#breadcrumb\",\"itemListElement\":[{\"@type\":\"ListItem\",\"position\":1,\"name\":\"In\u00edcio\",\"item\":\"https:\/\/www.institutodeengenharia.org.br\/site\/\"},{\"@type\":\"ListItem\",\"position\":2,\"name\":\"Inacredit\u00e1vel: querem criar mais um imposto\"}]},{\"@type\":\"WebSite\",\"@id\":\"https:\/\/www.institutodeengenharia.org.br\/site\/#website\",\"url\":\"https:\/\/www.institutodeengenharia.org.br\/site\/\",\"name\":\"Instituto de Engenharia\",\"description\":\"O Instituto de Engenharia promove a Engenharia em benef\u00edcio do desenvolvimento e da qualidade de vida da sociedade.\",\"publisher\":{\"@id\":\"https:\/\/www.institutodeengenharia.org.br\/site\/#organization\"},\"potentialAction\":[{\"@type\":\"SearchAction\",\"target\":{\"@type\":\"EntryPoint\",\"urlTemplate\":\"https:\/\/www.institutodeengenharia.org.br\/site\/?s={search_term_string}\"},\"query-input\":{\"@type\":\"PropertyValueSpecification\",\"valueRequired\":true,\"valueName\":\"search_term_string\"}}],\"inLanguage\":\"pt-BR\"},{\"@type\":\"Organization\",\"@id\":\"https:\/\/www.institutodeengenharia.org.br\/site\/#organization\",\"name\":\"Instituto de Engenharia\",\"url\":\"https:\/\/www.institutodeengenharia.org.br\/site\/\",\"logo\":{\"@type\":\"ImageObject\",\"inLanguage\":\"pt-BR\",\"@id\":\"https:\/\/www.institutodeengenharia.org.br\/site\/#\/schema\/logo\/image\/\",\"url\":\"https:\/\/www.institutodeengenharia.org.br\/site\/wp-content\/uploads\/2019\/03\/logo-novo-IE2018-1.jpg\",\"contentUrl\":\"https:\/\/www.institutodeengenharia.org.br\/site\/wp-content\/uploads\/2019\/03\/logo-novo-IE2018-1.jpg\",\"width\":1486,\"height\":1879,\"caption\":\"Instituto de Engenharia\"},\"image\":{\"@id\":\"https:\/\/www.institutodeengenharia.org.br\/site\/#\/schema\/logo\/image\/\"},\"sameAs\":[\"https:\/\/www.facebook.com\/institutodeengenharia\",\"https:\/\/x.com\/iengenharia\",\"https:\/\/www.instagram.com\/institutodeengenharia\/\",\"https:\/\/www.linkedin.com\/company\/instituto-de-engenharia\/\",\"https:\/\/www.youtube.com\/channel\/UCXiCAlsSMe977vamW915HxA\"]},{\"@type\":\"Person\",\"@id\":\"https:\/\/www.institutodeengenharia.org.br\/site\/#\/schema\/person\/3b1ff109facef084739fc2edcb9a127f\",\"name\":\"TMax Tecnologia\",\"image\":{\"@type\":\"ImageObject\",\"inLanguage\":\"pt-BR\",\"@id\":\"https:\/\/secure.gravatar.com\/avatar\/f912434ef7f389c92cb311fcdae346af848465d638912574b3c669070f797701?s=96&d=mm&r=g\",\"url\":\"https:\/\/secure.gravatar.com\/avatar\/f912434ef7f389c92cb311fcdae346af848465d638912574b3c669070f797701?s=96&d=mm&r=g\",\"contentUrl\":\"https:\/\/secure.gravatar.com\/avatar\/f912434ef7f389c92cb311fcdae346af848465d638912574b3c669070f797701?s=96&d=mm&r=g\",\"caption\":\"TMax Tecnologia\"},\"url\":\"https:\/\/www.institutodeengenharia.org.br\/site\/author\/tmax\/\"}]}<\/script>\n<!-- \/ Yoast SEO plugin. -->","yoast_head_json":{"title":"Inacredit\u00e1vel: querem criar mais um imposto - Instituto de Engenharia","robots":{"index":"index","follow":"follow","max-snippet":"max-snippet:-1","max-image-preview":"max-image-preview:large","max-video-preview":"max-video-preview:-1"},"canonical":"https:\/\/www.institutodeengenharia.org.br\/site\/2007\/08\/14\/inacreditavel-querem-criar-mais-um-imposto\/","og_locale":"pt_BR","og_type":"article","og_title":"Inacredit\u00e1vel: querem criar mais um imposto - Instituto de Engenharia","og_description":"Pasmem! O governo cogita criar mais um imposto. Sugiro aos varejistas que coloquem suas barbas de molho, uma vez que eles podem ser a bola da vez na nova investida que o poder p\u00fablico ensaia contra os contribuintes.\u00a0 A investida coloca na linha de tiro do fisco os comerciantes, uma vez que se cogita resgatar [&hellip;]","og_url":"https:\/\/www.institutodeengenharia.org.br\/site\/2007\/08\/14\/inacreditavel-querem-criar-mais-um-imposto\/","og_site_name":"Instituto de Engenharia","article_publisher":"https:\/\/www.facebook.com\/institutodeengenharia","article_published_time":"2007-08-14T21:45:13+00:00","article_modified_time":"2007-08-31T16:42:07+00:00","author":"TMax Tecnologia","twitter_card":"summary_large_image","twitter_creator":"@iengenharia","twitter_site":"@iengenharia","twitter_misc":{"Escrito por":"TMax Tecnologia","Est. tempo de leitura":"3 minutos"},"schema":{"@context":"https:\/\/schema.org","@graph":[{"@type":"Article","@id":"https:\/\/www.institutodeengenharia.org.br\/site\/2007\/08\/14\/inacreditavel-querem-criar-mais-um-imposto\/#article","isPartOf":{"@id":"https:\/\/www.institutodeengenharia.org.br\/site\/2007\/08\/14\/inacreditavel-querem-criar-mais-um-imposto\/"},"author":{"name":"TMax Tecnologia","@id":"https:\/\/www.institutodeengenharia.org.br\/site\/#\/schema\/person\/3b1ff109facef084739fc2edcb9a127f"},"headline":"Inacredit\u00e1vel: querem criar mais um imposto","datePublished":"2007-08-14T21:45:13+00:00","dateModified":"2007-08-31T16:42:07+00:00","mainEntityOfPage":{"@id":"https:\/\/www.institutodeengenharia.org.br\/site\/2007\/08\/14\/inacreditavel-querem-criar-mais-um-imposto\/"},"wordCount":582,"commentCount":0,"publisher":{"@id":"https:\/\/www.institutodeengenharia.org.br\/site\/#organization"},"articleSection":["Artigos"],"inLanguage":"pt-BR","potentialAction":[{"@type":"CommentAction","name":"Comment","target":["https:\/\/www.institutodeengenharia.org.br\/site\/2007\/08\/14\/inacreditavel-querem-criar-mais-um-imposto\/#respond"]}]},{"@type":"WebPage","@id":"https:\/\/www.institutodeengenharia.org.br\/site\/2007\/08\/14\/inacreditavel-querem-criar-mais-um-imposto\/","url":"https:\/\/www.institutodeengenharia.org.br\/site\/2007\/08\/14\/inacreditavel-querem-criar-mais-um-imposto\/","name":"Inacredit\u00e1vel: querem criar mais um imposto - Instituto de Engenharia","isPartOf":{"@id":"https:\/\/www.institutodeengenharia.org.br\/site\/#website"},"datePublished":"2007-08-14T21:45:13+00:00","dateModified":"2007-08-31T16:42:07+00:00","breadcrumb":{"@id":"https:\/\/www.institutodeengenharia.org.br\/site\/2007\/08\/14\/inacreditavel-querem-criar-mais-um-imposto\/#breadcrumb"},"inLanguage":"pt-BR","potentialAction":[{"@type":"ReadAction","target":["https:\/\/www.institutodeengenharia.org.br\/site\/2007\/08\/14\/inacreditavel-querem-criar-mais-um-imposto\/"]}]},{"@type":"BreadcrumbList","@id":"https:\/\/www.institutodeengenharia.org.br\/site\/2007\/08\/14\/inacreditavel-querem-criar-mais-um-imposto\/#breadcrumb","itemListElement":[{"@type":"ListItem","position":1,"name":"In\u00edcio","item":"https:\/\/www.institutodeengenharia.org.br\/site\/"},{"@type":"ListItem","position":2,"name":"Inacredit\u00e1vel: querem criar mais um imposto"}]},{"@type":"WebSite","@id":"https:\/\/www.institutodeengenharia.org.br\/site\/#website","url":"https:\/\/www.institutodeengenharia.org.br\/site\/","name":"Instituto de Engenharia","description":"O Instituto de Engenharia promove a Engenharia em benef\u00edcio do desenvolvimento e da qualidade de vida da sociedade.","publisher":{"@id":"https:\/\/www.institutodeengenharia.org.br\/site\/#organization"},"potentialAction":[{"@type":"SearchAction","target":{"@type":"EntryPoint","urlTemplate":"https:\/\/www.institutodeengenharia.org.br\/site\/?s={search_term_string}"},"query-input":{"@type":"PropertyValueSpecification","valueRequired":true,"valueName":"search_term_string"}}],"inLanguage":"pt-BR"},{"@type":"Organization","@id":"https:\/\/www.institutodeengenharia.org.br\/site\/#organization","name":"Instituto de Engenharia","url":"https:\/\/www.institutodeengenharia.org.br\/site\/","logo":{"@type":"ImageObject","inLanguage":"pt-BR","@id":"https:\/\/www.institutodeengenharia.org.br\/site\/#\/schema\/logo\/image\/","url":"https:\/\/www.institutodeengenharia.org.br\/site\/wp-content\/uploads\/2019\/03\/logo-novo-IE2018-1.jpg","contentUrl":"https:\/\/www.institutodeengenharia.org.br\/site\/wp-content\/uploads\/2019\/03\/logo-novo-IE2018-1.jpg","width":1486,"height":1879,"caption":"Instituto de Engenharia"},"image":{"@id":"https:\/\/www.institutodeengenharia.org.br\/site\/#\/schema\/logo\/image\/"},"sameAs":["https:\/\/www.facebook.com\/institutodeengenharia","https:\/\/x.com\/iengenharia","https:\/\/www.instagram.com\/institutodeengenharia\/","https:\/\/www.linkedin.com\/company\/instituto-de-engenharia\/","https:\/\/www.youtube.com\/channel\/UCXiCAlsSMe977vamW915HxA"]},{"@type":"Person","@id":"https:\/\/www.institutodeengenharia.org.br\/site\/#\/schema\/person\/3b1ff109facef084739fc2edcb9a127f","name":"TMax Tecnologia","image":{"@type":"ImageObject","inLanguage":"pt-BR","@id":"https:\/\/secure.gravatar.com\/avatar\/f912434ef7f389c92cb311fcdae346af848465d638912574b3c669070f797701?s=96&d=mm&r=g","url":"https:\/\/secure.gravatar.com\/avatar\/f912434ef7f389c92cb311fcdae346af848465d638912574b3c669070f797701?s=96&d=mm&r=g","contentUrl":"https:\/\/secure.gravatar.com\/avatar\/f912434ef7f389c92cb311fcdae346af848465d638912574b3c669070f797701?s=96&d=mm&r=g","caption":"TMax Tecnologia"},"url":"https:\/\/www.institutodeengenharia.org.br\/site\/author\/tmax\/"}]}},"_links":{"self":[{"href":"https:\/\/www.institutodeengenharia.org.br\/site\/wp-json\/wp\/v2\/posts\/14418","targetHints":{"allow":["GET"]}}],"collection":[{"href":"https:\/\/www.institutodeengenharia.org.br\/site\/wp-json\/wp\/v2\/posts"}],"about":[{"href":"https:\/\/www.institutodeengenharia.org.br\/site\/wp-json\/wp\/v2\/types\/post"}],"author":[{"embeddable":true,"href":"https:\/\/www.institutodeengenharia.org.br\/site\/wp-json\/wp\/v2\/users\/1"}],"replies":[{"embeddable":true,"href":"https:\/\/www.institutodeengenharia.org.br\/site\/wp-json\/wp\/v2\/comments?post=14418"}],"version-history":[{"count":0,"href":"https:\/\/www.institutodeengenharia.org.br\/site\/wp-json\/wp\/v2\/posts\/14418\/revisions"}],"wp:attachment":[{"href":"https:\/\/www.institutodeengenharia.org.br\/site\/wp-json\/wp\/v2\/media?parent=14418"}],"wp:term":[{"taxonomy":"category","embeddable":true,"href":"https:\/\/www.institutodeengenharia.org.br\/site\/wp-json\/wp\/v2\/categories?post=14418"},{"taxonomy":"post_tag","embeddable":true,"href":"https:\/\/www.institutodeengenharia.org.br\/site\/wp-json\/wp\/v2\/tags?post=14418"}],"curies":[{"name":"wp","href":"https:\/\/api.w.org\/{rel}","templated":true}]}}