{"id":14417,"date":"2007-08-13T21:45:12","date_gmt":"2007-08-13T21:45:12","guid":{"rendered":"https:\/\/www.institutodeengenharia.org.br\/?p=14417"},"modified":"2007-08-31T16:40:32","modified_gmt":"2007-08-31T16:40:32","slug":"infraestrutura-e-restricoes-ambientais","status":"publish","type":"post","link":"https:\/\/www.institutodeengenharia.org.br\/site\/2007\/08\/13\/infraestrutura-e-restricoes-ambientais\/","title":{"rendered":"Infra-estrutura e Restri\u00e7\u00f5es ambientais"},"content":{"rendered":"<p>Os estudos de concep\u00e7\u00e3o, a defini\u00e7\u00e3o de alternativas, a sele\u00e7\u00e3o das alternativas para os estudos de viabilidade e a escolha da alternativa para o aprofundamento dos estudos para o Projeto B\u00e1sico dever\u00e3o contar com a participa\u00e7\u00e3o das Organiza\u00e7\u00f5es Governamentais respons\u00e1veis pelos licenciamentos e representa\u00e7\u00f5es das coletividades interessadas. A submiss\u00e3o aos \u00f3rg\u00e3os de licenciamento ap\u00f3s o Projeto B\u00e1sico pronto somente poder\u00e1 causar dificuldades que exigir\u00e3o tempo para estudos das revis\u00f5es que ser\u00e3o necess\u00e1rias, esclarecimentos e negocia\u00e7\u00f5es com as comunidades interessadas.\u00a0<\/p>\n<p>A necessidade de participa\u00e7\u00e3o dos \u00f3rg\u00e3os respons\u00e1veis pelos licenciamentos exigir\u00e1 que estejam estruturados e profissionalizados, eles dever\u00e3o ser respons\u00e1veis pela coordena\u00e7\u00e3o da representa\u00e7\u00e3o das coletividades interessadas.\u00a0<\/p>\n<p>O princ\u00edpio de que a sociedade n\u00e3o seja prejudicada pelo empreendimento de infra-estrutura exige que os danos sejam identificados e as compensa\u00e7\u00f5es negociadas com o apoio dos \u00f3rg\u00e3os governamentais. O atendimento a este princ\u00edpio n\u00e3o dever\u00e1 de forma alguma inviabilizar o empreendimento, que beneficiar\u00e1 a maioria da popula\u00e7\u00e3o.\u00a0<\/p>\n<p>Estamos assistindo o adiamento de importantes iniciativas para o pa\u00eds porque Projetos (ditos) B\u00e1sicos est\u00e3o sendo apresentados para licenciamento a \u00f3rg\u00e3os cujos profissionais n\u00e3o participaram dos estudos iniciais e, portanto, n\u00e3o coordenaram a participa\u00e7\u00e3o de representantes das coletividades interessadas. O loteamento pol\u00edtico dos cargos de confian\u00e7a impede a estrutura\u00e7\u00e3o e profissionaliza\u00e7\u00e3o dos \u00f3rg\u00e3os governamentais, impossibilitando compet\u00eancia para o gerenciamento de empreendimentos envolvendo \u00f3rg\u00e3os governamentais federais, estaduais e municipais. O sistema de desempenho e m\u00e9rito n\u00e3o \u00e9 adotado, o que estimula a corrup\u00e7\u00e3o.\u00a0<\/p>\n<p>As contrata\u00e7\u00f5es de servi\u00e7os referentes aos estudos necess\u00e1rios aos projetos, constru\u00e7\u00e3o e opera\u00e7\u00e3o dos empreendimentos obrigam que os \u00f3rg\u00e3os contratantes estejam capacitados t\u00e9cnica e gerencialmente para a defini\u00e7\u00e3o de editais de pr\u00e9-qualifica\u00e7\u00e3o e sele\u00e7\u00e3o dos proponentes. \u00d3rg\u00e3os contratantes loteados politicamente n\u00e3o t\u00eam condi\u00e7\u00f5es de realizar pr\u00e9-qualifica\u00e7\u00e3o isenta de suspeita.\u00a0<\/p>\n<p>Projetos B\u00e1sicos \u201capressados\u201d est\u00e3o sujeitos a emendas, que resultam em atrasos e acr\u00e9scimos de custos significativos.\u00a0<\/p>\n<p>A realiza\u00e7\u00e3o peri\u00f3dica de elei\u00e7\u00f5es \u00e9 essencial para a continuidade democr\u00e1tica, mas a exist\u00eancia de numerosos cargos de confian\u00e7a nas organiza\u00e7\u00f5es governamentais para serem loteados ap\u00f3s as elei\u00e7\u00f5es entre os partidos e seus parceiros da sociedade civil somente estimula candidatos que pretendem se servir do Estado. A inexist\u00eancia de cargos de confian\u00e7a a serem preenchidos por indica\u00e7\u00f5es pol\u00edticas estimular\u00e1 candidatos que realmente pretendem servir \u00e0 popula\u00e7\u00e3o.\u00a0<\/p>\n<p>As organiza\u00e7\u00f5es que constituem o Estado n\u00e3o podem depender das mudan\u00e7as eleitorais, a estrutura\u00e7\u00e3o e profissionaliza\u00e7\u00e3o delas dependem de continuidade que possibilite recrutamento adequado, promo\u00e7\u00f5es com base em desempenho, aperfei\u00e7oamento organizacional e profissional. A hist\u00f3ria dos pa\u00edses desenvolvidos oferece exemplos de servi\u00e7os p\u00fablicos isentos da influ\u00eancia pol\u00edtica, que propiciam servi\u00e7os de qualidade \u00e0 popula\u00e7\u00e3o. <\/p>\n<p>Darcy de Almeida \u00e9 engenheiro civil e associado do Instituto de Engenharia. <\/p>\n<p><b>Autor: Darcy de Almeida<\/b><\/p>\n","protected":false},"excerpt":{"rendered":"<p>Os estudos de concep\u00e7\u00e3o, a defini\u00e7\u00e3o de alternativas, a sele\u00e7\u00e3o das alternativas para os estudos de viabilidade e a escolha da alternativa para o aprofundamento dos estudos para o Projeto B\u00e1sico dever\u00e3o contar com a participa\u00e7\u00e3o das Organiza\u00e7\u00f5es Governamentais respons\u00e1veis pelos licenciamentos e representa\u00e7\u00f5es das coletividades interessadas. A submiss\u00e3o aos \u00f3rg\u00e3os de licenciamento ap\u00f3s o [&hellip;]<\/p>\n","protected":false},"author":1,"featured_media":0,"comment_status":"open","ping_status":"open","sticky":false,"template":"","format":"standard","meta":{"footnotes":""},"categories":[114],"tags":[],"class_list":{"0":"post-14417","1":"post","2":"type-post","3":"status-publish","4":"format-standard","6":"category-artigos"},"yoast_head":"<!-- This site is optimized with the Yoast SEO plugin v27.2 - https:\/\/yoast.com\/product\/yoast-seo-wordpress\/ -->\n<title>Infra-estrutura e Restri\u00e7\u00f5es ambientais - Instituto de Engenharia<\/title>\n<meta name=\"robots\" content=\"index, follow, max-snippet:-1, max-image-preview:large, max-video-preview:-1\" \/>\n<link rel=\"canonical\" href=\"https:\/\/www.institutodeengenharia.org.br\/site\/2007\/08\/13\/infraestrutura-e-restricoes-ambientais\/\" \/>\n<meta property=\"og:locale\" content=\"pt_BR\" \/>\n<meta property=\"og:type\" content=\"article\" \/>\n<meta property=\"og:title\" content=\"Infra-estrutura e Restri\u00e7\u00f5es ambientais - Instituto de Engenharia\" \/>\n<meta property=\"og:description\" content=\"Os estudos de concep\u00e7\u00e3o, a defini\u00e7\u00e3o de alternativas, a sele\u00e7\u00e3o das alternativas para os estudos de viabilidade e a escolha da alternativa para o aprofundamento dos estudos para o Projeto B\u00e1sico dever\u00e3o contar com a participa\u00e7\u00e3o das Organiza\u00e7\u00f5es Governamentais respons\u00e1veis pelos licenciamentos e representa\u00e7\u00f5es das coletividades interessadas. A submiss\u00e3o aos \u00f3rg\u00e3os de licenciamento ap\u00f3s o [&hellip;]\" \/>\n<meta property=\"og:url\" content=\"https:\/\/www.institutodeengenharia.org.br\/site\/2007\/08\/13\/infraestrutura-e-restricoes-ambientais\/\" \/>\n<meta property=\"og:site_name\" content=\"Instituto de Engenharia\" \/>\n<meta property=\"article:publisher\" content=\"https:\/\/www.facebook.com\/institutodeengenharia\" \/>\n<meta property=\"article:published_time\" content=\"2007-08-13T21:45:12+00:00\" \/>\n<meta property=\"article:modified_time\" content=\"2007-08-31T16:40:32+00:00\" \/>\n<meta name=\"author\" content=\"TMax Tecnologia\" \/>\n<meta name=\"twitter:card\" content=\"summary_large_image\" \/>\n<meta name=\"twitter:creator\" content=\"@iengenharia\" \/>\n<meta name=\"twitter:site\" content=\"@iengenharia\" \/>\n<meta name=\"twitter:label1\" content=\"Escrito por\" \/>\n\t<meta name=\"twitter:data1\" content=\"TMax Tecnologia\" \/>\n\t<meta name=\"twitter:label2\" content=\"Est. tempo de leitura\" \/>\n\t<meta name=\"twitter:data2\" content=\"3 minutos\" \/>\n<script type=\"application\/ld+json\" class=\"yoast-schema-graph\">{\"@context\":\"https:\/\/schema.org\",\"@graph\":[{\"@type\":\"Article\",\"@id\":\"https:\/\/www.institutodeengenharia.org.br\/site\/2007\/08\/13\/infraestrutura-e-restricoes-ambientais\/#article\",\"isPartOf\":{\"@id\":\"https:\/\/www.institutodeengenharia.org.br\/site\/2007\/08\/13\/infraestrutura-e-restricoes-ambientais\/\"},\"author\":{\"name\":\"TMax Tecnologia\",\"@id\":\"https:\/\/www.institutodeengenharia.org.br\/site\/#\/schema\/person\/3b1ff109facef084739fc2edcb9a127f\"},\"headline\":\"Infra-estrutura e Restri\u00e7\u00f5es ambientais\",\"datePublished\":\"2007-08-13T21:45:12+00:00\",\"dateModified\":\"2007-08-31T16:40:32+00:00\",\"mainEntityOfPage\":{\"@id\":\"https:\/\/www.institutodeengenharia.org.br\/site\/2007\/08\/13\/infraestrutura-e-restricoes-ambientais\/\"},\"wordCount\":534,\"commentCount\":0,\"publisher\":{\"@id\":\"https:\/\/www.institutodeengenharia.org.br\/site\/#organization\"},\"articleSection\":[\"Artigos\"],\"inLanguage\":\"pt-BR\",\"potentialAction\":[{\"@type\":\"CommentAction\",\"name\":\"Comment\",\"target\":[\"https:\/\/www.institutodeengenharia.org.br\/site\/2007\/08\/13\/infraestrutura-e-restricoes-ambientais\/#respond\"]}]},{\"@type\":\"WebPage\",\"@id\":\"https:\/\/www.institutodeengenharia.org.br\/site\/2007\/08\/13\/infraestrutura-e-restricoes-ambientais\/\",\"url\":\"https:\/\/www.institutodeengenharia.org.br\/site\/2007\/08\/13\/infraestrutura-e-restricoes-ambientais\/\",\"name\":\"Infra-estrutura e Restri\u00e7\u00f5es ambientais - Instituto de Engenharia\",\"isPartOf\":{\"@id\":\"https:\/\/www.institutodeengenharia.org.br\/site\/#website\"},\"datePublished\":\"2007-08-13T21:45:12+00:00\",\"dateModified\":\"2007-08-31T16:40:32+00:00\",\"breadcrumb\":{\"@id\":\"https:\/\/www.institutodeengenharia.org.br\/site\/2007\/08\/13\/infraestrutura-e-restricoes-ambientais\/#breadcrumb\"},\"inLanguage\":\"pt-BR\",\"potentialAction\":[{\"@type\":\"ReadAction\",\"target\":[\"https:\/\/www.institutodeengenharia.org.br\/site\/2007\/08\/13\/infraestrutura-e-restricoes-ambientais\/\"]}]},{\"@type\":\"BreadcrumbList\",\"@id\":\"https:\/\/www.institutodeengenharia.org.br\/site\/2007\/08\/13\/infraestrutura-e-restricoes-ambientais\/#breadcrumb\",\"itemListElement\":[{\"@type\":\"ListItem\",\"position\":1,\"name\":\"In\u00edcio\",\"item\":\"https:\/\/www.institutodeengenharia.org.br\/site\/\"},{\"@type\":\"ListItem\",\"position\":2,\"name\":\"Infra-estrutura e Restri\u00e7\u00f5es ambientais\"}]},{\"@type\":\"WebSite\",\"@id\":\"https:\/\/www.institutodeengenharia.org.br\/site\/#website\",\"url\":\"https:\/\/www.institutodeengenharia.org.br\/site\/\",\"name\":\"Instituto de Engenharia\",\"description\":\"O Instituto de Engenharia promove a Engenharia em benef\u00edcio do desenvolvimento e da qualidade de vida da sociedade.\",\"publisher\":{\"@id\":\"https:\/\/www.institutodeengenharia.org.br\/site\/#organization\"},\"potentialAction\":[{\"@type\":\"SearchAction\",\"target\":{\"@type\":\"EntryPoint\",\"urlTemplate\":\"https:\/\/www.institutodeengenharia.org.br\/site\/?s={search_term_string}\"},\"query-input\":{\"@type\":\"PropertyValueSpecification\",\"valueRequired\":true,\"valueName\":\"search_term_string\"}}],\"inLanguage\":\"pt-BR\"},{\"@type\":\"Organization\",\"@id\":\"https:\/\/www.institutodeengenharia.org.br\/site\/#organization\",\"name\":\"Instituto de Engenharia\",\"url\":\"https:\/\/www.institutodeengenharia.org.br\/site\/\",\"logo\":{\"@type\":\"ImageObject\",\"inLanguage\":\"pt-BR\",\"@id\":\"https:\/\/www.institutodeengenharia.org.br\/site\/#\/schema\/logo\/image\/\",\"url\":\"https:\/\/www.institutodeengenharia.org.br\/site\/wp-content\/uploads\/2019\/03\/logo-novo-IE2018-1.jpg\",\"contentUrl\":\"https:\/\/www.institutodeengenharia.org.br\/site\/wp-content\/uploads\/2019\/03\/logo-novo-IE2018-1.jpg\",\"width\":1486,\"height\":1879,\"caption\":\"Instituto de Engenharia\"},\"image\":{\"@id\":\"https:\/\/www.institutodeengenharia.org.br\/site\/#\/schema\/logo\/image\/\"},\"sameAs\":[\"https:\/\/www.facebook.com\/institutodeengenharia\",\"https:\/\/x.com\/iengenharia\",\"https:\/\/www.instagram.com\/institutodeengenharia\/\",\"https:\/\/www.linkedin.com\/company\/instituto-de-engenharia\/\",\"https:\/\/www.youtube.com\/channel\/UCXiCAlsSMe977vamW915HxA\"]},{\"@type\":\"Person\",\"@id\":\"https:\/\/www.institutodeengenharia.org.br\/site\/#\/schema\/person\/3b1ff109facef084739fc2edcb9a127f\",\"name\":\"TMax Tecnologia\",\"image\":{\"@type\":\"ImageObject\",\"inLanguage\":\"pt-BR\",\"@id\":\"https:\/\/secure.gravatar.com\/avatar\/f912434ef7f389c92cb311fcdae346af848465d638912574b3c669070f797701?s=96&d=mm&r=g\",\"url\":\"https:\/\/secure.gravatar.com\/avatar\/f912434ef7f389c92cb311fcdae346af848465d638912574b3c669070f797701?s=96&d=mm&r=g\",\"contentUrl\":\"https:\/\/secure.gravatar.com\/avatar\/f912434ef7f389c92cb311fcdae346af848465d638912574b3c669070f797701?s=96&d=mm&r=g\",\"caption\":\"TMax Tecnologia\"},\"url\":\"https:\/\/www.institutodeengenharia.org.br\/site\/author\/tmax\/\"}]}<\/script>\n<!-- \/ Yoast SEO plugin. -->","yoast_head_json":{"title":"Infra-estrutura e Restri\u00e7\u00f5es ambientais - Instituto de Engenharia","robots":{"index":"index","follow":"follow","max-snippet":"max-snippet:-1","max-image-preview":"max-image-preview:large","max-video-preview":"max-video-preview:-1"},"canonical":"https:\/\/www.institutodeengenharia.org.br\/site\/2007\/08\/13\/infraestrutura-e-restricoes-ambientais\/","og_locale":"pt_BR","og_type":"article","og_title":"Infra-estrutura e Restri\u00e7\u00f5es ambientais - Instituto de Engenharia","og_description":"Os estudos de concep\u00e7\u00e3o, a defini\u00e7\u00e3o de alternativas, a sele\u00e7\u00e3o das alternativas para os estudos de viabilidade e a escolha da alternativa para o aprofundamento dos estudos para o Projeto B\u00e1sico dever\u00e3o contar com a participa\u00e7\u00e3o das Organiza\u00e7\u00f5es Governamentais respons\u00e1veis pelos licenciamentos e representa\u00e7\u00f5es das coletividades interessadas. A submiss\u00e3o aos \u00f3rg\u00e3os de licenciamento ap\u00f3s o [&hellip;]","og_url":"https:\/\/www.institutodeengenharia.org.br\/site\/2007\/08\/13\/infraestrutura-e-restricoes-ambientais\/","og_site_name":"Instituto de Engenharia","article_publisher":"https:\/\/www.facebook.com\/institutodeengenharia","article_published_time":"2007-08-13T21:45:12+00:00","article_modified_time":"2007-08-31T16:40:32+00:00","author":"TMax Tecnologia","twitter_card":"summary_large_image","twitter_creator":"@iengenharia","twitter_site":"@iengenharia","twitter_misc":{"Escrito por":"TMax Tecnologia","Est. tempo de leitura":"3 minutos"},"schema":{"@context":"https:\/\/schema.org","@graph":[{"@type":"Article","@id":"https:\/\/www.institutodeengenharia.org.br\/site\/2007\/08\/13\/infraestrutura-e-restricoes-ambientais\/#article","isPartOf":{"@id":"https:\/\/www.institutodeengenharia.org.br\/site\/2007\/08\/13\/infraestrutura-e-restricoes-ambientais\/"},"author":{"name":"TMax Tecnologia","@id":"https:\/\/www.institutodeengenharia.org.br\/site\/#\/schema\/person\/3b1ff109facef084739fc2edcb9a127f"},"headline":"Infra-estrutura e Restri\u00e7\u00f5es ambientais","datePublished":"2007-08-13T21:45:12+00:00","dateModified":"2007-08-31T16:40:32+00:00","mainEntityOfPage":{"@id":"https:\/\/www.institutodeengenharia.org.br\/site\/2007\/08\/13\/infraestrutura-e-restricoes-ambientais\/"},"wordCount":534,"commentCount":0,"publisher":{"@id":"https:\/\/www.institutodeengenharia.org.br\/site\/#organization"},"articleSection":["Artigos"],"inLanguage":"pt-BR","potentialAction":[{"@type":"CommentAction","name":"Comment","target":["https:\/\/www.institutodeengenharia.org.br\/site\/2007\/08\/13\/infraestrutura-e-restricoes-ambientais\/#respond"]}]},{"@type":"WebPage","@id":"https:\/\/www.institutodeengenharia.org.br\/site\/2007\/08\/13\/infraestrutura-e-restricoes-ambientais\/","url":"https:\/\/www.institutodeengenharia.org.br\/site\/2007\/08\/13\/infraestrutura-e-restricoes-ambientais\/","name":"Infra-estrutura e Restri\u00e7\u00f5es ambientais - Instituto de Engenharia","isPartOf":{"@id":"https:\/\/www.institutodeengenharia.org.br\/site\/#website"},"datePublished":"2007-08-13T21:45:12+00:00","dateModified":"2007-08-31T16:40:32+00:00","breadcrumb":{"@id":"https:\/\/www.institutodeengenharia.org.br\/site\/2007\/08\/13\/infraestrutura-e-restricoes-ambientais\/#breadcrumb"},"inLanguage":"pt-BR","potentialAction":[{"@type":"ReadAction","target":["https:\/\/www.institutodeengenharia.org.br\/site\/2007\/08\/13\/infraestrutura-e-restricoes-ambientais\/"]}]},{"@type":"BreadcrumbList","@id":"https:\/\/www.institutodeengenharia.org.br\/site\/2007\/08\/13\/infraestrutura-e-restricoes-ambientais\/#breadcrumb","itemListElement":[{"@type":"ListItem","position":1,"name":"In\u00edcio","item":"https:\/\/www.institutodeengenharia.org.br\/site\/"},{"@type":"ListItem","position":2,"name":"Infra-estrutura e Restri\u00e7\u00f5es ambientais"}]},{"@type":"WebSite","@id":"https:\/\/www.institutodeengenharia.org.br\/site\/#website","url":"https:\/\/www.institutodeengenharia.org.br\/site\/","name":"Instituto de Engenharia","description":"O Instituto de Engenharia promove a Engenharia em benef\u00edcio do desenvolvimento e da qualidade de vida da sociedade.","publisher":{"@id":"https:\/\/www.institutodeengenharia.org.br\/site\/#organization"},"potentialAction":[{"@type":"SearchAction","target":{"@type":"EntryPoint","urlTemplate":"https:\/\/www.institutodeengenharia.org.br\/site\/?s={search_term_string}"},"query-input":{"@type":"PropertyValueSpecification","valueRequired":true,"valueName":"search_term_string"}}],"inLanguage":"pt-BR"},{"@type":"Organization","@id":"https:\/\/www.institutodeengenharia.org.br\/site\/#organization","name":"Instituto de Engenharia","url":"https:\/\/www.institutodeengenharia.org.br\/site\/","logo":{"@type":"ImageObject","inLanguage":"pt-BR","@id":"https:\/\/www.institutodeengenharia.org.br\/site\/#\/schema\/logo\/image\/","url":"https:\/\/www.institutodeengenharia.org.br\/site\/wp-content\/uploads\/2019\/03\/logo-novo-IE2018-1.jpg","contentUrl":"https:\/\/www.institutodeengenharia.org.br\/site\/wp-content\/uploads\/2019\/03\/logo-novo-IE2018-1.jpg","width":1486,"height":1879,"caption":"Instituto de Engenharia"},"image":{"@id":"https:\/\/www.institutodeengenharia.org.br\/site\/#\/schema\/logo\/image\/"},"sameAs":["https:\/\/www.facebook.com\/institutodeengenharia","https:\/\/x.com\/iengenharia","https:\/\/www.instagram.com\/institutodeengenharia\/","https:\/\/www.linkedin.com\/company\/instituto-de-engenharia\/","https:\/\/www.youtube.com\/channel\/UCXiCAlsSMe977vamW915HxA"]},{"@type":"Person","@id":"https:\/\/www.institutodeengenharia.org.br\/site\/#\/schema\/person\/3b1ff109facef084739fc2edcb9a127f","name":"TMax Tecnologia","image":{"@type":"ImageObject","inLanguage":"pt-BR","@id":"https:\/\/secure.gravatar.com\/avatar\/f912434ef7f389c92cb311fcdae346af848465d638912574b3c669070f797701?s=96&d=mm&r=g","url":"https:\/\/secure.gravatar.com\/avatar\/f912434ef7f389c92cb311fcdae346af848465d638912574b3c669070f797701?s=96&d=mm&r=g","contentUrl":"https:\/\/secure.gravatar.com\/avatar\/f912434ef7f389c92cb311fcdae346af848465d638912574b3c669070f797701?s=96&d=mm&r=g","caption":"TMax Tecnologia"},"url":"https:\/\/www.institutodeengenharia.org.br\/site\/author\/tmax\/"}]}},"_links":{"self":[{"href":"https:\/\/www.institutodeengenharia.org.br\/site\/wp-json\/wp\/v2\/posts\/14417","targetHints":{"allow":["GET"]}}],"collection":[{"href":"https:\/\/www.institutodeengenharia.org.br\/site\/wp-json\/wp\/v2\/posts"}],"about":[{"href":"https:\/\/www.institutodeengenharia.org.br\/site\/wp-json\/wp\/v2\/types\/post"}],"author":[{"embeddable":true,"href":"https:\/\/www.institutodeengenharia.org.br\/site\/wp-json\/wp\/v2\/users\/1"}],"replies":[{"embeddable":true,"href":"https:\/\/www.institutodeengenharia.org.br\/site\/wp-json\/wp\/v2\/comments?post=14417"}],"version-history":[{"count":0,"href":"https:\/\/www.institutodeengenharia.org.br\/site\/wp-json\/wp\/v2\/posts\/14417\/revisions"}],"wp:attachment":[{"href":"https:\/\/www.institutodeengenharia.org.br\/site\/wp-json\/wp\/v2\/media?parent=14417"}],"wp:term":[{"taxonomy":"category","embeddable":true,"href":"https:\/\/www.institutodeengenharia.org.br\/site\/wp-json\/wp\/v2\/categories?post=14417"},{"taxonomy":"post_tag","embeddable":true,"href":"https:\/\/www.institutodeengenharia.org.br\/site\/wp-json\/wp\/v2\/tags?post=14417"}],"curies":[{"name":"wp","href":"https:\/\/api.w.org\/{rel}","templated":true}]}}