{"id":137530,"date":"2026-03-10T11:18:05","date_gmt":"2026-03-10T14:18:05","guid":{"rendered":"https:\/\/www.institutodeengenharia.org.br\/site\/?p=137530"},"modified":"2026-03-10T11:18:35","modified_gmt":"2026-03-10T14:18:35","slug":"presidente-do-ie-prestigia-reuniao-com-os-governadores-ratinho-jr-eduardo-leite-e-ronaldo-caiado","status":"publish","type":"post","link":"https:\/\/www.institutodeengenharia.org.br\/site\/2026\/03\/10\/presidente-do-ie-prestigia-reuniao-com-os-governadores-ratinho-jr-eduardo-leite-e-ronaldo-caiado\/","title":{"rendered":"Presidente do IE prestigia reuni\u00e3o com os governadores Ratinho Jr., Eduardo Leite e Ronaldo Caiado"},"content":{"rendered":"<p>O presidente do Instituto de Engenharia, Jos\u00e9 Eduardo Jardim, participou nesta segunda (9), na Associa\u00e7\u00e3o Comercial de S\u00e3o Paulo (ACSP), da reuni\u00e3o do Conselho Pol\u00edtico e Social (COPS), que recebeu a visita dos governadores Carlos Massa Ratinho Jr. (Paran\u00e1), Eduardo Leite (Rio Grande do Sul) e Ronaldo Caiado (Goi\u00e1s), que debateram suas propostas para o Brasil.<\/p>\n<figure id=\"attachment_137532\" aria-describedby=\"caption-attachment-137532\" style=\"width: 348px\" class=\"wp-caption alignleft\"><img loading=\"lazy\" decoding=\"async\" class=\"wp-image-137532\" src=\"https:\/\/www.institutodeengenharia.org.br\/site\/wp-content\/uploads\/2026\/03\/acsp-2-300x200.jpg\" alt=\"\" width=\"348\" height=\"232\" srcset=\"https:\/\/www.institutodeengenharia.org.br\/site\/wp-content\/uploads\/2026\/03\/acsp-2-300x200.jpg 300w, https:\/\/www.institutodeengenharia.org.br\/site\/wp-content\/uploads\/2026\/03\/acsp-2-768x512.jpg 768w, https:\/\/www.institutodeengenharia.org.br\/site\/wp-content\/uploads\/2026\/03\/acsp-2-630x420.jpg 630w, https:\/\/www.institutodeengenharia.org.br\/site\/wp-content\/uploads\/2026\/03\/acsp-2-696x464.jpg 696w, https:\/\/www.institutodeengenharia.org.br\/site\/wp-content\/uploads\/2026\/03\/acsp-2-600x400.jpg 600w, https:\/\/www.institutodeengenharia.org.br\/site\/wp-content\/uploads\/2026\/03\/acsp-2.jpg 900w\" sizes=\"auto, (max-width: 348px) 100vw, 348px\" \/><figcaption id=\"caption-attachment-137532\" class=\"wp-caption-text\">Fotos: Cesar Bruneli \/ ACSP e Andre Lessa \/ Ag\u00eancia DC News<\/figcaption><\/figure>\n<p>Os tr\u00eas governadores s\u00e3o cotados para disputar a Presid\u00eancia da Rep\u00fablica, nas elei\u00e7\u00f5es de outubro, pelo Partido Social Democr\u00e1tico (PSD). Eles discutiram uma s\u00e9rie de temas considerados estrat\u00e9gicos para o desenvolvimento do Pa\u00eds, como a necessidade de ampliar os mecanismos de transpar\u00eancia no uso do dinheiro p\u00fablico, com medidas que reforcem o controle e a fiscaliza\u00e7\u00e3o\u00a0dos gastos governamentais; reforma tribut\u00e1ria; e maior protagonismo dos munic\u00edpios no cen\u00e1rio pol\u00edtico nacional.<\/p>\n<p>Abrindo o evento, Roberto Mateus Ordine, presidente da ACSP, afirmou que \u201cestava muito feliz em vivenciar esse momento hist\u00f3rico para esta Casa ao reunir os tr\u00eas governadores, bem mais avaliados, para discutir propostas para o Brasil\u201d.<\/p>\n<p><strong><a href=\"https:\/\/acsp.com.br\/publicacao\/s\/ratinho-jr-leite-e-caiado-debatem-propostas-para-o-brasil-na-acsp\">Clique aqui<\/a> e leia a mat\u00e9ria na \u00edntegra.<\/strong><\/p>\n<p><strong><em>Com informa\u00e7\u00f5es ACSP<\/em><\/strong><\/p>\n","protected":false},"excerpt":{"rendered":"<p>O presidente do Instituto de Engenharia, Jos\u00e9 Eduardo Jardim, participou nesta segunda (9), na Associa\u00e7\u00e3o Comercial de S\u00e3o Paulo (ACSP), da reuni\u00e3o do Conselho Pol\u00edtico e Social (COPS), que recebeu a visita dos governadores Carlos Massa Ratinho Jr. (Paran\u00e1), Eduardo Leite (Rio Grande do Sul) e Ronaldo Caiado (Goi\u00e1s), que debateram suas propostas para o [&hellip;]<\/p>\n","protected":false},"author":14,"featured_media":137531,"comment_status":"open","ping_status":"open","sticky":false,"template":"","format":"standard","meta":{"footnotes":""},"categories":[27,141],"tags":[],"class_list":{"0":"post-137530","1":"post","2":"type-post","3":"status-publish","4":"format-standard","5":"has-post-thumbnail","7":"category-instituto-de-engenharia","8":"category-noticias-menu"},"yoast_head":"<!-- This site is optimized with the Yoast SEO plugin v27.2 - https:\/\/yoast.com\/product\/yoast-seo-wordpress\/ -->\n<title>Presidente do IE prestigia reuni\u00e3o com os governadores Ratinho Jr., Eduardo Leite e Ronaldo Caiado - Instituto de Engenharia<\/title>\n<meta name=\"robots\" content=\"index, follow, max-snippet:-1, max-image-preview:large, max-video-preview:-1\" \/>\n<link rel=\"canonical\" href=\"https:\/\/www.institutodeengenharia.org.br\/site\/2026\/03\/10\/presidente-do-ie-prestigia-reuniao-com-os-governadores-ratinho-jr-eduardo-leite-e-ronaldo-caiado\/\" \/>\n<meta property=\"og:locale\" content=\"pt_BR\" \/>\n<meta property=\"og:type\" content=\"article\" \/>\n<meta property=\"og:title\" content=\"Presidente do IE prestigia reuni\u00e3o com os governadores Ratinho Jr., Eduardo Leite e Ronaldo Caiado - Instituto de Engenharia\" \/>\n<meta property=\"og:description\" content=\"O presidente do Instituto de Engenharia, Jos\u00e9 Eduardo Jardim, participou nesta segunda (9), na Associa\u00e7\u00e3o Comercial de S\u00e3o Paulo (ACSP), da reuni\u00e3o do Conselho Pol\u00edtico e Social (COPS), que recebeu a visita dos governadores Carlos Massa Ratinho Jr. (Paran\u00e1), Eduardo Leite (Rio Grande do Sul) e Ronaldo Caiado (Goi\u00e1s), que debateram suas propostas para o [&hellip;]\" \/>\n<meta property=\"og:url\" content=\"https:\/\/www.institutodeengenharia.org.br\/site\/2026\/03\/10\/presidente-do-ie-prestigia-reuniao-com-os-governadores-ratinho-jr-eduardo-leite-e-ronaldo-caiado\/\" \/>\n<meta property=\"og:site_name\" content=\"Instituto de Engenharia\" \/>\n<meta property=\"article:publisher\" content=\"https:\/\/www.facebook.com\/institutodeengenharia\" \/>\n<meta property=\"article:published_time\" content=\"2026-03-10T14:18:05+00:00\" \/>\n<meta property=\"article:modified_time\" content=\"2026-03-10T14:18:35+00:00\" \/>\n<meta property=\"og:image\" content=\"https:\/\/www.institutodeengenharia.org.br\/site\/wp-content\/uploads\/2026\/03\/acsp1.jpg\" \/>\n\t<meta property=\"og:image:width\" content=\"2048\" \/>\n\t<meta property=\"og:image:height\" content=\"1365\" \/>\n\t<meta property=\"og:image:type\" content=\"image\/jpeg\" \/>\n<meta name=\"author\" content=\"Isabel\" \/>\n<meta name=\"twitter:card\" content=\"summary_large_image\" \/>\n<meta name=\"twitter:creator\" content=\"@iengenharia\" \/>\n<meta name=\"twitter:site\" content=\"@iengenharia\" \/>\n<meta name=\"twitter:label1\" content=\"Escrito por\" \/>\n\t<meta name=\"twitter:data1\" content=\"Isabel\" \/>\n\t<meta name=\"twitter:label2\" content=\"Est. tempo de leitura\" \/>\n\t<meta name=\"twitter:data2\" content=\"2 minutos\" \/>\n<script type=\"application\/ld+json\" class=\"yoast-schema-graph\">{\"@context\":\"https:\/\/schema.org\",\"@graph\":[{\"@type\":\"Article\",\"@id\":\"https:\/\/www.institutodeengenharia.org.br\/site\/2026\/03\/10\/presidente-do-ie-prestigia-reuniao-com-os-governadores-ratinho-jr-eduardo-leite-e-ronaldo-caiado\/#article\",\"isPartOf\":{\"@id\":\"https:\/\/www.institutodeengenharia.org.br\/site\/2026\/03\/10\/presidente-do-ie-prestigia-reuniao-com-os-governadores-ratinho-jr-eduardo-leite-e-ronaldo-caiado\/\"},\"author\":{\"name\":\"Isabel\",\"@id\":\"https:\/\/www.institutodeengenharia.org.br\/site\/#\/schema\/person\/593dc356630173a4877a635d3e5fd76b\"},\"headline\":\"Presidente do IE prestigia reuni\u00e3o com os governadores Ratinho Jr., Eduardo Leite e Ronaldo Caiado\",\"datePublished\":\"2026-03-10T14:18:05+00:00\",\"dateModified\":\"2026-03-10T14:18:35+00:00\",\"mainEntityOfPage\":{\"@id\":\"https:\/\/www.institutodeengenharia.org.br\/site\/2026\/03\/10\/presidente-do-ie-prestigia-reuniao-com-os-governadores-ratinho-jr-eduardo-leite-e-ronaldo-caiado\/\"},\"wordCount\":231,\"commentCount\":0,\"publisher\":{\"@id\":\"https:\/\/www.institutodeengenharia.org.br\/site\/#organization\"},\"image\":{\"@id\":\"https:\/\/www.institutodeengenharia.org.br\/site\/2026\/03\/10\/presidente-do-ie-prestigia-reuniao-com-os-governadores-ratinho-jr-eduardo-leite-e-ronaldo-caiado\/#primaryimage\"},\"thumbnailUrl\":\"https:\/\/www.institutodeengenharia.org.br\/site\/wp-content\/uploads\/2026\/03\/acsp1.jpg\",\"articleSection\":[\"Instituto de Engenharia\",\"Not\u00edcias\"],\"inLanguage\":\"pt-BR\",\"potentialAction\":[{\"@type\":\"CommentAction\",\"name\":\"Comment\",\"target\":[\"https:\/\/www.institutodeengenharia.org.br\/site\/2026\/03\/10\/presidente-do-ie-prestigia-reuniao-com-os-governadores-ratinho-jr-eduardo-leite-e-ronaldo-caiado\/#respond\"]}]},{\"@type\":\"WebPage\",\"@id\":\"https:\/\/www.institutodeengenharia.org.br\/site\/2026\/03\/10\/presidente-do-ie-prestigia-reuniao-com-os-governadores-ratinho-jr-eduardo-leite-e-ronaldo-caiado\/\",\"url\":\"https:\/\/www.institutodeengenharia.org.br\/site\/2026\/03\/10\/presidente-do-ie-prestigia-reuniao-com-os-governadores-ratinho-jr-eduardo-leite-e-ronaldo-caiado\/\",\"name\":\"Presidente do IE prestigia reuni\u00e3o com os governadores Ratinho Jr., Eduardo Leite e Ronaldo Caiado - Instituto de Engenharia\",\"isPartOf\":{\"@id\":\"https:\/\/www.institutodeengenharia.org.br\/site\/#website\"},\"primaryImageOfPage\":{\"@id\":\"https:\/\/www.institutodeengenharia.org.br\/site\/2026\/03\/10\/presidente-do-ie-prestigia-reuniao-com-os-governadores-ratinho-jr-eduardo-leite-e-ronaldo-caiado\/#primaryimage\"},\"image\":{\"@id\":\"https:\/\/www.institutodeengenharia.org.br\/site\/2026\/03\/10\/presidente-do-ie-prestigia-reuniao-com-os-governadores-ratinho-jr-eduardo-leite-e-ronaldo-caiado\/#primaryimage\"},\"thumbnailUrl\":\"https:\/\/www.institutodeengenharia.org.br\/site\/wp-content\/uploads\/2026\/03\/acsp1.jpg\",\"datePublished\":\"2026-03-10T14:18:05+00:00\",\"dateModified\":\"2026-03-10T14:18:35+00:00\",\"breadcrumb\":{\"@id\":\"https:\/\/www.institutodeengenharia.org.br\/site\/2026\/03\/10\/presidente-do-ie-prestigia-reuniao-com-os-governadores-ratinho-jr-eduardo-leite-e-ronaldo-caiado\/#breadcrumb\"},\"inLanguage\":\"pt-BR\",\"potentialAction\":[{\"@type\":\"ReadAction\",\"target\":[\"https:\/\/www.institutodeengenharia.org.br\/site\/2026\/03\/10\/presidente-do-ie-prestigia-reuniao-com-os-governadores-ratinho-jr-eduardo-leite-e-ronaldo-caiado\/\"]}]},{\"@type\":\"ImageObject\",\"inLanguage\":\"pt-BR\",\"@id\":\"https:\/\/www.institutodeengenharia.org.br\/site\/2026\/03\/10\/presidente-do-ie-prestigia-reuniao-com-os-governadores-ratinho-jr-eduardo-leite-e-ronaldo-caiado\/#primaryimage\",\"url\":\"https:\/\/www.institutodeengenharia.org.br\/site\/wp-content\/uploads\/2026\/03\/acsp1.jpg\",\"contentUrl\":\"https:\/\/www.institutodeengenharia.org.br\/site\/wp-content\/uploads\/2026\/03\/acsp1.jpg\",\"width\":2048,\"height\":1365,\"caption\":\"Fotos: Cesar Bruneli \/ ACSP e Andre Lessa \/ Ag\u00eancia DC News\"},{\"@type\":\"BreadcrumbList\",\"@id\":\"https:\/\/www.institutodeengenharia.org.br\/site\/2026\/03\/10\/presidente-do-ie-prestigia-reuniao-com-os-governadores-ratinho-jr-eduardo-leite-e-ronaldo-caiado\/#breadcrumb\",\"itemListElement\":[{\"@type\":\"ListItem\",\"position\":1,\"name\":\"In\u00edcio\",\"item\":\"https:\/\/www.institutodeengenharia.org.br\/site\/\"},{\"@type\":\"ListItem\",\"position\":2,\"name\":\"Presidente do IE prestigia reuni\u00e3o com os governadores Ratinho Jr., Eduardo Leite e Ronaldo Caiado\"}]},{\"@type\":\"WebSite\",\"@id\":\"https:\/\/www.institutodeengenharia.org.br\/site\/#website\",\"url\":\"https:\/\/www.institutodeengenharia.org.br\/site\/\",\"name\":\"Instituto de Engenharia\",\"description\":\"O Instituto de Engenharia promove a Engenharia em benef\u00edcio do desenvolvimento e da qualidade de vida da sociedade.\",\"publisher\":{\"@id\":\"https:\/\/www.institutodeengenharia.org.br\/site\/#organization\"},\"potentialAction\":[{\"@type\":\"SearchAction\",\"target\":{\"@type\":\"EntryPoint\",\"urlTemplate\":\"https:\/\/www.institutodeengenharia.org.br\/site\/?s={search_term_string}\"},\"query-input\":{\"@type\":\"PropertyValueSpecification\",\"valueRequired\":true,\"valueName\":\"search_term_string\"}}],\"inLanguage\":\"pt-BR\"},{\"@type\":\"Organization\",\"@id\":\"https:\/\/www.institutodeengenharia.org.br\/site\/#organization\",\"name\":\"Instituto de Engenharia\",\"url\":\"https:\/\/www.institutodeengenharia.org.br\/site\/\",\"logo\":{\"@type\":\"ImageObject\",\"inLanguage\":\"pt-BR\",\"@id\":\"https:\/\/www.institutodeengenharia.org.br\/site\/#\/schema\/logo\/image\/\",\"url\":\"https:\/\/www.institutodeengenharia.org.br\/site\/wp-content\/uploads\/2019\/03\/logo-novo-IE2018-1.jpg\",\"contentUrl\":\"https:\/\/www.institutodeengenharia.org.br\/site\/wp-content\/uploads\/2019\/03\/logo-novo-IE2018-1.jpg\",\"width\":1486,\"height\":1879,\"caption\":\"Instituto de Engenharia\"},\"image\":{\"@id\":\"https:\/\/www.institutodeengenharia.org.br\/site\/#\/schema\/logo\/image\/\"},\"sameAs\":[\"https:\/\/www.facebook.com\/institutodeengenharia\",\"https:\/\/x.com\/iengenharia\",\"https:\/\/www.instagram.com\/institutodeengenharia\/\",\"https:\/\/www.linkedin.com\/company\/instituto-de-engenharia\/\",\"https:\/\/www.youtube.com\/channel\/UCXiCAlsSMe977vamW915HxA\"]},{\"@type\":\"Person\",\"@id\":\"https:\/\/www.institutodeengenharia.org.br\/site\/#\/schema\/person\/593dc356630173a4877a635d3e5fd76b\",\"name\":\"Isabel\",\"image\":{\"@type\":\"ImageObject\",\"inLanguage\":\"pt-BR\",\"@id\":\"https:\/\/secure.gravatar.com\/avatar\/f3c521db63ec9db17894f10a88c6a3cf95b2281d7f80eeb3cf3ef1cb091576e7?s=96&d=mm&r=g\",\"url\":\"https:\/\/secure.gravatar.com\/avatar\/f3c521db63ec9db17894f10a88c6a3cf95b2281d7f80eeb3cf3ef1cb091576e7?s=96&d=mm&r=g\",\"contentUrl\":\"https:\/\/secure.gravatar.com\/avatar\/f3c521db63ec9db17894f10a88c6a3cf95b2281d7f80eeb3cf3ef1cb091576e7?s=96&d=mm&r=g\",\"caption\":\"Isabel\"},\"url\":\"https:\/\/www.institutodeengenharia.org.br\/site\/author\/comunicacao2\/\"}]}<\/script>\n<!-- \/ Yoast SEO plugin. -->","yoast_head_json":{"title":"Presidente do IE prestigia reuni\u00e3o com os governadores Ratinho Jr., Eduardo Leite e Ronaldo Caiado - Instituto de Engenharia","robots":{"index":"index","follow":"follow","max-snippet":"max-snippet:-1","max-image-preview":"max-image-preview:large","max-video-preview":"max-video-preview:-1"},"canonical":"https:\/\/www.institutodeengenharia.org.br\/site\/2026\/03\/10\/presidente-do-ie-prestigia-reuniao-com-os-governadores-ratinho-jr-eduardo-leite-e-ronaldo-caiado\/","og_locale":"pt_BR","og_type":"article","og_title":"Presidente do IE prestigia reuni\u00e3o com os governadores Ratinho Jr., Eduardo Leite e Ronaldo Caiado - Instituto de Engenharia","og_description":"O presidente do Instituto de Engenharia, Jos\u00e9 Eduardo Jardim, participou nesta segunda (9), na Associa\u00e7\u00e3o Comercial de S\u00e3o Paulo (ACSP), da reuni\u00e3o do Conselho Pol\u00edtico e Social (COPS), que recebeu a visita dos governadores Carlos Massa Ratinho Jr. (Paran\u00e1), Eduardo Leite (Rio Grande do Sul) e Ronaldo Caiado (Goi\u00e1s), que debateram suas propostas para o [&hellip;]","og_url":"https:\/\/www.institutodeengenharia.org.br\/site\/2026\/03\/10\/presidente-do-ie-prestigia-reuniao-com-os-governadores-ratinho-jr-eduardo-leite-e-ronaldo-caiado\/","og_site_name":"Instituto de Engenharia","article_publisher":"https:\/\/www.facebook.com\/institutodeengenharia","article_published_time":"2026-03-10T14:18:05+00:00","article_modified_time":"2026-03-10T14:18:35+00:00","og_image":[{"width":2048,"height":1365,"url":"https:\/\/www.institutodeengenharia.org.br\/site\/wp-content\/uploads\/2026\/03\/acsp1.jpg","type":"image\/jpeg"}],"author":"Isabel","twitter_card":"summary_large_image","twitter_creator":"@iengenharia","twitter_site":"@iengenharia","twitter_misc":{"Escrito por":"Isabel","Est. tempo de leitura":"2 minutos"},"schema":{"@context":"https:\/\/schema.org","@graph":[{"@type":"Article","@id":"https:\/\/www.institutodeengenharia.org.br\/site\/2026\/03\/10\/presidente-do-ie-prestigia-reuniao-com-os-governadores-ratinho-jr-eduardo-leite-e-ronaldo-caiado\/#article","isPartOf":{"@id":"https:\/\/www.institutodeengenharia.org.br\/site\/2026\/03\/10\/presidente-do-ie-prestigia-reuniao-com-os-governadores-ratinho-jr-eduardo-leite-e-ronaldo-caiado\/"},"author":{"name":"Isabel","@id":"https:\/\/www.institutodeengenharia.org.br\/site\/#\/schema\/person\/593dc356630173a4877a635d3e5fd76b"},"headline":"Presidente do IE prestigia reuni\u00e3o com os governadores Ratinho Jr., Eduardo Leite e Ronaldo Caiado","datePublished":"2026-03-10T14:18:05+00:00","dateModified":"2026-03-10T14:18:35+00:00","mainEntityOfPage":{"@id":"https:\/\/www.institutodeengenharia.org.br\/site\/2026\/03\/10\/presidente-do-ie-prestigia-reuniao-com-os-governadores-ratinho-jr-eduardo-leite-e-ronaldo-caiado\/"},"wordCount":231,"commentCount":0,"publisher":{"@id":"https:\/\/www.institutodeengenharia.org.br\/site\/#organization"},"image":{"@id":"https:\/\/www.institutodeengenharia.org.br\/site\/2026\/03\/10\/presidente-do-ie-prestigia-reuniao-com-os-governadores-ratinho-jr-eduardo-leite-e-ronaldo-caiado\/#primaryimage"},"thumbnailUrl":"https:\/\/www.institutodeengenharia.org.br\/site\/wp-content\/uploads\/2026\/03\/acsp1.jpg","articleSection":["Instituto de Engenharia","Not\u00edcias"],"inLanguage":"pt-BR","potentialAction":[{"@type":"CommentAction","name":"Comment","target":["https:\/\/www.institutodeengenharia.org.br\/site\/2026\/03\/10\/presidente-do-ie-prestigia-reuniao-com-os-governadores-ratinho-jr-eduardo-leite-e-ronaldo-caiado\/#respond"]}]},{"@type":"WebPage","@id":"https:\/\/www.institutodeengenharia.org.br\/site\/2026\/03\/10\/presidente-do-ie-prestigia-reuniao-com-os-governadores-ratinho-jr-eduardo-leite-e-ronaldo-caiado\/","url":"https:\/\/www.institutodeengenharia.org.br\/site\/2026\/03\/10\/presidente-do-ie-prestigia-reuniao-com-os-governadores-ratinho-jr-eduardo-leite-e-ronaldo-caiado\/","name":"Presidente do IE prestigia reuni\u00e3o com os governadores Ratinho Jr., Eduardo Leite e Ronaldo Caiado - Instituto de Engenharia","isPartOf":{"@id":"https:\/\/www.institutodeengenharia.org.br\/site\/#website"},"primaryImageOfPage":{"@id":"https:\/\/www.institutodeengenharia.org.br\/site\/2026\/03\/10\/presidente-do-ie-prestigia-reuniao-com-os-governadores-ratinho-jr-eduardo-leite-e-ronaldo-caiado\/#primaryimage"},"image":{"@id":"https:\/\/www.institutodeengenharia.org.br\/site\/2026\/03\/10\/presidente-do-ie-prestigia-reuniao-com-os-governadores-ratinho-jr-eduardo-leite-e-ronaldo-caiado\/#primaryimage"},"thumbnailUrl":"https:\/\/www.institutodeengenharia.org.br\/site\/wp-content\/uploads\/2026\/03\/acsp1.jpg","datePublished":"2026-03-10T14:18:05+00:00","dateModified":"2026-03-10T14:18:35+00:00","breadcrumb":{"@id":"https:\/\/www.institutodeengenharia.org.br\/site\/2026\/03\/10\/presidente-do-ie-prestigia-reuniao-com-os-governadores-ratinho-jr-eduardo-leite-e-ronaldo-caiado\/#breadcrumb"},"inLanguage":"pt-BR","potentialAction":[{"@type":"ReadAction","target":["https:\/\/www.institutodeengenharia.org.br\/site\/2026\/03\/10\/presidente-do-ie-prestigia-reuniao-com-os-governadores-ratinho-jr-eduardo-leite-e-ronaldo-caiado\/"]}]},{"@type":"ImageObject","inLanguage":"pt-BR","@id":"https:\/\/www.institutodeengenharia.org.br\/site\/2026\/03\/10\/presidente-do-ie-prestigia-reuniao-com-os-governadores-ratinho-jr-eduardo-leite-e-ronaldo-caiado\/#primaryimage","url":"https:\/\/www.institutodeengenharia.org.br\/site\/wp-content\/uploads\/2026\/03\/acsp1.jpg","contentUrl":"https:\/\/www.institutodeengenharia.org.br\/site\/wp-content\/uploads\/2026\/03\/acsp1.jpg","width":2048,"height":1365,"caption":"Fotos: Cesar Bruneli \/ ACSP e Andre Lessa \/ Ag\u00eancia DC News"},{"@type":"BreadcrumbList","@id":"https:\/\/www.institutodeengenharia.org.br\/site\/2026\/03\/10\/presidente-do-ie-prestigia-reuniao-com-os-governadores-ratinho-jr-eduardo-leite-e-ronaldo-caiado\/#breadcrumb","itemListElement":[{"@type":"ListItem","position":1,"name":"In\u00edcio","item":"https:\/\/www.institutodeengenharia.org.br\/site\/"},{"@type":"ListItem","position":2,"name":"Presidente do IE prestigia reuni\u00e3o com os governadores Ratinho Jr., Eduardo Leite e Ronaldo Caiado"}]},{"@type":"WebSite","@id":"https:\/\/www.institutodeengenharia.org.br\/site\/#website","url":"https:\/\/www.institutodeengenharia.org.br\/site\/","name":"Instituto de Engenharia","description":"O Instituto de Engenharia promove a Engenharia em benef\u00edcio do desenvolvimento e da qualidade de vida da sociedade.","publisher":{"@id":"https:\/\/www.institutodeengenharia.org.br\/site\/#organization"},"potentialAction":[{"@type":"SearchAction","target":{"@type":"EntryPoint","urlTemplate":"https:\/\/www.institutodeengenharia.org.br\/site\/?s={search_term_string}"},"query-input":{"@type":"PropertyValueSpecification","valueRequired":true,"valueName":"search_term_string"}}],"inLanguage":"pt-BR"},{"@type":"Organization","@id":"https:\/\/www.institutodeengenharia.org.br\/site\/#organization","name":"Instituto de Engenharia","url":"https:\/\/www.institutodeengenharia.org.br\/site\/","logo":{"@type":"ImageObject","inLanguage":"pt-BR","@id":"https:\/\/www.institutodeengenharia.org.br\/site\/#\/schema\/logo\/image\/","url":"https:\/\/www.institutodeengenharia.org.br\/site\/wp-content\/uploads\/2019\/03\/logo-novo-IE2018-1.jpg","contentUrl":"https:\/\/www.institutodeengenharia.org.br\/site\/wp-content\/uploads\/2019\/03\/logo-novo-IE2018-1.jpg","width":1486,"height":1879,"caption":"Instituto de Engenharia"},"image":{"@id":"https:\/\/www.institutodeengenharia.org.br\/site\/#\/schema\/logo\/image\/"},"sameAs":["https:\/\/www.facebook.com\/institutodeengenharia","https:\/\/x.com\/iengenharia","https:\/\/www.instagram.com\/institutodeengenharia\/","https:\/\/www.linkedin.com\/company\/instituto-de-engenharia\/","https:\/\/www.youtube.com\/channel\/UCXiCAlsSMe977vamW915HxA"]},{"@type":"Person","@id":"https:\/\/www.institutodeengenharia.org.br\/site\/#\/schema\/person\/593dc356630173a4877a635d3e5fd76b","name":"Isabel","image":{"@type":"ImageObject","inLanguage":"pt-BR","@id":"https:\/\/secure.gravatar.com\/avatar\/f3c521db63ec9db17894f10a88c6a3cf95b2281d7f80eeb3cf3ef1cb091576e7?s=96&d=mm&r=g","url":"https:\/\/secure.gravatar.com\/avatar\/f3c521db63ec9db17894f10a88c6a3cf95b2281d7f80eeb3cf3ef1cb091576e7?s=96&d=mm&r=g","contentUrl":"https:\/\/secure.gravatar.com\/avatar\/f3c521db63ec9db17894f10a88c6a3cf95b2281d7f80eeb3cf3ef1cb091576e7?s=96&d=mm&r=g","caption":"Isabel"},"url":"https:\/\/www.institutodeengenharia.org.br\/site\/author\/comunicacao2\/"}]}},"_links":{"self":[{"href":"https:\/\/www.institutodeengenharia.org.br\/site\/wp-json\/wp\/v2\/posts\/137530","targetHints":{"allow":["GET"]}}],"collection":[{"href":"https:\/\/www.institutodeengenharia.org.br\/site\/wp-json\/wp\/v2\/posts"}],"about":[{"href":"https:\/\/www.institutodeengenharia.org.br\/site\/wp-json\/wp\/v2\/types\/post"}],"author":[{"embeddable":true,"href":"https:\/\/www.institutodeengenharia.org.br\/site\/wp-json\/wp\/v2\/users\/14"}],"replies":[{"embeddable":true,"href":"https:\/\/www.institutodeengenharia.org.br\/site\/wp-json\/wp\/v2\/comments?post=137530"}],"version-history":[{"count":2,"href":"https:\/\/www.institutodeengenharia.org.br\/site\/wp-json\/wp\/v2\/posts\/137530\/revisions"}],"predecessor-version":[{"id":137534,"href":"https:\/\/www.institutodeengenharia.org.br\/site\/wp-json\/wp\/v2\/posts\/137530\/revisions\/137534"}],"wp:featuredmedia":[{"embeddable":true,"href":"https:\/\/www.institutodeengenharia.org.br\/site\/wp-json\/wp\/v2\/media\/137531"}],"wp:attachment":[{"href":"https:\/\/www.institutodeengenharia.org.br\/site\/wp-json\/wp\/v2\/media?parent=137530"}],"wp:term":[{"taxonomy":"category","embeddable":true,"href":"https:\/\/www.institutodeengenharia.org.br\/site\/wp-json\/wp\/v2\/categories?post=137530"},{"taxonomy":"post_tag","embeddable":true,"href":"https:\/\/www.institutodeengenharia.org.br\/site\/wp-json\/wp\/v2\/tags?post=137530"}],"curies":[{"name":"wp","href":"https:\/\/api.w.org\/{rel}","templated":true}]}}