{"id":137422,"date":"2026-01-29T16:47:55","date_gmt":"2026-01-29T19:47:55","guid":{"rendered":"https:\/\/www.institutodeengenharia.org.br\/site\/?p=137422"},"modified":"2026-03-05T16:48:35","modified_gmt":"2026-03-05T19:48:35","slug":"material-tecnico-casa-para-toda-a-vida","status":"publish","type":"post","link":"https:\/\/www.institutodeengenharia.org.br\/site\/2026\/01\/29\/material-tecnico-casa-para-toda-a-vida\/","title":{"rendered":"MATERIAL T\u00c9CNICO &#8211; Casa para toda a vida"},"content":{"rendered":"<p style=\"text-align: center;\"><strong><a href=\"https:\/\/www.institutodeengenharia.org.br\/site\/wp-content\/uploads\/2026\/03\/IE_Taina_29.01.26-rev.pdf.\">CLIQUE AQUI<\/a> E ACESSE O MATERIAL<\/strong><\/p>\n<p><strong>Abordagem:<\/strong><\/p>\n<p>Um espa\u00e7o bem projetado n\u00e3o \u00e9 o que atende ao p\u00fablico jovem e adultos saud\u00e1veis, mas aquele que acompanha o ciclo de vida de seu morador.<\/p>\n<p>Diante da transi\u00e7\u00e3o demogr\u00e1fica brasileira, a Engenharia e a Arquitetura enfrentam um novo desafio: como construir espa\u00e7os que permane\u00e7am funcionais ao longo de todas as fases da vida humana?<\/p>\n<p><strong>P\u00fablico-alvo:<\/strong><\/p>\n<p>Arquitetos, engenheiros e interessados no tema.<\/p>\n<p><strong>Realiza\u00e7\u00e3o:<\/strong><\/p>\n<p><img loading=\"lazy\" decoding=\"async\" class=\"wp-image-136499 alignleft\" src=\"https:\/\/www.institutodeengenharia.org.br\/site\/wp-content\/uploads\/2026\/02\/Logo-110-Anos-Sem-fundo-Azul-1-300x300.png\" alt=\"\" width=\"162\" height=\"162\" srcset=\"https:\/\/www.institutodeengenharia.org.br\/site\/wp-content\/uploads\/2026\/02\/Logo-110-Anos-Sem-fundo-Azul-1-300x300.png 300w, https:\/\/www.institutodeengenharia.org.br\/site\/wp-content\/uploads\/2026\/02\/Logo-110-Anos-Sem-fundo-Azul-1-150x150.png 150w, https:\/\/www.institutodeengenharia.org.br\/site\/wp-content\/uploads\/2026\/02\/Logo-110-Anos-Sem-fundo-Azul-1-768x768.png 768w, https:\/\/www.institutodeengenharia.org.br\/site\/wp-content\/uploads\/2026\/02\/Logo-110-Anos-Sem-fundo-Azul-1-420x420.png 420w, https:\/\/www.institutodeengenharia.org.br\/site\/wp-content\/uploads\/2026\/02\/Logo-110-Anos-Sem-fundo-Azul-1-696x696.png 696w, https:\/\/www.institutodeengenharia.org.br\/site\/wp-content\/uploads\/2026\/02\/Logo-110-Anos-Sem-fundo-Azul-1-600x600.png 600w, https:\/\/www.institutodeengenharia.org.br\/site\/wp-content\/uploads\/2026\/02\/Logo-110-Anos-Sem-fundo-Azul-1-100x100.png 100w, https:\/\/www.institutodeengenharia.org.br\/site\/wp-content\/uploads\/2026\/02\/Logo-110-Anos-Sem-fundo-Azul-1.png 1024w\" sizes=\"auto, (max-width: 162px) 100vw, 162px\" \/><\/p>\n<p>&nbsp;<\/p>\n<h6><strong>E<em>ng. Jer\u00f4nimo Cabral Pereira Fagundes Neto<\/em><\/strong><em>\u00a0\u2013 Vice-presidente de Atividades T\u00e9cnicas<\/em><\/h6>\n<h6><em><strong>Eng. Al\u00e9ssio Bento Borelli<\/strong>\u00a0\u2013 Diretor do Departamento de Desenvolvimento de Tecnologia, Ind\u00fastria, Energia e Telecomunica\u00e7\u00f5es<\/em><\/h6>\n<h6><em><strong>Eng. Francisco Jos\u00e9 Pereira de Oliveira<\/strong>\u00a0\u2013 Diretor do Departamento de Desenvolvimento de Projeto e Servi\u00e7os de Infraestrutura<\/em><\/h6>\n<h6><em><strong>Arq. Urb. Taina Volcov<\/strong>\u00a0\u2013 Coordenadora da Divis\u00e3o T\u00e9cnica de Arquitetura, Paisagismo e Comunica\u00e7\u00e3o Visual<\/em><\/h6>\n<h6><em><strong>Eng.\u00aa Aurea L. Vendramin Georgi<\/strong>\u00a0\u2013 Vice-diretora do Departamento de Desenvolvimento de Tecnologia, Ind\u00fastria, Energia e Telecomunica\u00e7\u00f5es; coordenadora da Divis\u00e3o T\u00e9cnica de Intelig\u00eancia Artificial, Controle e Automa\u00e7\u00e3o<\/em><\/h6>\n<p><strong>Apoio Institucional:<\/strong><\/p>\n<p><img loading=\"lazy\" decoding=\"async\" class=\"alignnone wp-image-77696 td-animation-stack-type0-2\" src=\"https:\/\/www.institutodeengenharia.org.br\/site\/wp-content\/uploads\/2021\/02\/crea.jpg\" alt=\"\" width=\"145\" height=\"102\" srcset=\"https:\/\/www.institutodeengenharia.org.br\/site\/wp-content\/uploads\/2021\/02\/crea.jpg 448w, https:\/\/www.institutodeengenharia.org.br\/site\/wp-content\/uploads\/2021\/02\/crea-300x211.jpg 300w, https:\/\/www.institutodeengenharia.org.br\/site\/wp-content\/uploads\/2021\/02\/crea-100x70.jpg 100w\" sizes=\"auto, (max-width: 145px) 100vw, 145px\" \/><\/p>\n<p><strong>Apoio \u00e0 forma\u00e7\u00e3o:\u00a0<\/strong><\/p>\n<p>Espa\u00e7o aberto ao CREA-SP, objetivando o aperfei\u00e7oamento dos profissionais e o aprimoramento da fiscaliza\u00e7\u00e3o das \u00e1reas abrangidas pelo Sistema Confea\/CREAs, al\u00e9m de promover a conscientiza\u00e7\u00e3o da sociedade quanto \u00e0 necessidade e obrigatoriedade de contratar um profissional devidamente habilitado.<\/p>\n<p>&nbsp;<\/p>\n","protected":false},"excerpt":{"rendered":"<p>CLIQUE AQUI E ACESSE O MATERIAL Abordagem: Um espa\u00e7o bem projetado n\u00e3o \u00e9 o que atende ao p\u00fablico jovem e adultos saud\u00e1veis, mas aquele que acompanha o ciclo de vida de seu morador. Diante da transi\u00e7\u00e3o demogr\u00e1fica brasileira, a Engenharia e a Arquitetura enfrentam um novo desafio: como construir espa\u00e7os que permane\u00e7am funcionais ao longo [&hellip;]<\/p>\n","protected":false},"author":14,"featured_media":135246,"comment_status":"open","ping_status":"open","sticky":false,"template":"","format":"standard","meta":{"footnotes":""},"categories":[16,15,207,43,119],"tags":[],"class_list":{"0":"post-137422","1":"post","2":"type-post","3":"status-publish","4":"format-standard","5":"has-post-thumbnail","7":"category-departamento-desenvolvimento-de-tecnologia-industria-energia-e-telecomunicacoes","8":"category-departamento-desenvolvimento-de-projetos-e-servicos-de-infraestrutura","9":"category-divisao-tecnica-arquitetura-paisagismo-e-comunicacao-visual","10":"category-divisao-tecnica-inteligencia-artificial-controle-e-automacao","11":"category-publicacoes-tecnicas"},"yoast_head":"<!-- This site is optimized with the Yoast SEO plugin v27.2 - https:\/\/yoast.com\/product\/yoast-seo-wordpress\/ -->\n<title>MATERIAL T\u00c9CNICO - Casa para toda a vida - Instituto de Engenharia<\/title>\n<meta name=\"robots\" content=\"index, follow, max-snippet:-1, max-image-preview:large, max-video-preview:-1\" \/>\n<link rel=\"canonical\" href=\"https:\/\/www.institutodeengenharia.org.br\/site\/2026\/01\/29\/material-tecnico-casa-para-toda-a-vida\/\" \/>\n<meta property=\"og:locale\" content=\"pt_BR\" \/>\n<meta property=\"og:type\" content=\"article\" \/>\n<meta property=\"og:title\" content=\"MATERIAL T\u00c9CNICO - Casa para toda a vida - Instituto de Engenharia\" \/>\n<meta property=\"og:description\" content=\"CLIQUE AQUI E ACESSE O MATERIAL Abordagem: Um espa\u00e7o bem projetado n\u00e3o \u00e9 o que atende ao p\u00fablico jovem e adultos saud\u00e1veis, mas aquele que acompanha o ciclo de vida de seu morador. Diante da transi\u00e7\u00e3o demogr\u00e1fica brasileira, a Engenharia e a Arquitetura enfrentam um novo desafio: como construir espa\u00e7os que permane\u00e7am funcionais ao longo [&hellip;]\" \/>\n<meta property=\"og:url\" content=\"https:\/\/www.institutodeengenharia.org.br\/site\/2026\/01\/29\/material-tecnico-casa-para-toda-a-vida\/\" \/>\n<meta property=\"og:site_name\" content=\"Instituto de Engenharia\" \/>\n<meta property=\"article:publisher\" content=\"https:\/\/www.facebook.com\/institutodeengenharia\" \/>\n<meta property=\"article:published_time\" content=\"2026-01-29T19:47:55+00:00\" \/>\n<meta property=\"article:modified_time\" content=\"2026-03-05T19:48:35+00:00\" \/>\n<meta property=\"og:image\" content=\"https:\/\/www.institutodeengenharia.org.br\/site\/wp-content\/uploads\/2025\/12\/palestra22026.png\" \/>\n\t<meta property=\"og:image:width\" content=\"626\" \/>\n\t<meta property=\"og:image:height\" content=\"342\" \/>\n\t<meta property=\"og:image:type\" content=\"image\/png\" \/>\n<meta name=\"author\" content=\"Isabel\" \/>\n<meta name=\"twitter:card\" content=\"summary_large_image\" \/>\n<meta name=\"twitter:creator\" content=\"@iengenharia\" \/>\n<meta name=\"twitter:site\" content=\"@iengenharia\" \/>\n<meta name=\"twitter:label1\" content=\"Escrito por\" \/>\n\t<meta name=\"twitter:data1\" content=\"Isabel\" \/>\n\t<meta name=\"twitter:label2\" content=\"Est. tempo de leitura\" \/>\n\t<meta name=\"twitter:data2\" content=\"2 minutos\" \/>\n<script type=\"application\/ld+json\" class=\"yoast-schema-graph\">{\"@context\":\"https:\/\/schema.org\",\"@graph\":[{\"@type\":\"Article\",\"@id\":\"https:\/\/www.institutodeengenharia.org.br\/site\/2026\/01\/29\/material-tecnico-casa-para-toda-a-vida\/#article\",\"isPartOf\":{\"@id\":\"https:\/\/www.institutodeengenharia.org.br\/site\/2026\/01\/29\/material-tecnico-casa-para-toda-a-vida\/\"},\"author\":{\"name\":\"Isabel\",\"@id\":\"https:\/\/www.institutodeengenharia.org.br\/site\/#\/schema\/person\/593dc356630173a4877a635d3e5fd76b\"},\"headline\":\"MATERIAL T\u00c9CNICO &#8211; Casa para toda a vida\",\"datePublished\":\"2026-01-29T19:47:55+00:00\",\"dateModified\":\"2026-03-05T19:48:35+00:00\",\"mainEntityOfPage\":{\"@id\":\"https:\/\/www.institutodeengenharia.org.br\/site\/2026\/01\/29\/material-tecnico-casa-para-toda-a-vida\/\"},\"wordCount\":235,\"commentCount\":0,\"publisher\":{\"@id\":\"https:\/\/www.institutodeengenharia.org.br\/site\/#organization\"},\"image\":{\"@id\":\"https:\/\/www.institutodeengenharia.org.br\/site\/2026\/01\/29\/material-tecnico-casa-para-toda-a-vida\/#primaryimage\"},\"thumbnailUrl\":\"https:\/\/www.institutodeengenharia.org.br\/site\/wp-content\/uploads\/2025\/12\/palestra22026.png\",\"articleSection\":[\"Departamento de Desenvolvimento de Tecnologia, Ind\u00fastria, Energia e Telecomunica\u00e7\u00f5es\",\"Departamento Desenvolvimento de Projetos e Servi\u00e7os de Infraestrutura\",\"Divis\u00e3o T\u00e9cnica Arquitetura, Paisagismo e Comunica\u00e7\u00e3o Visual\",\"Divis\u00e3o T\u00e9cnica Intelig\u00eancia Artificial, Controle e Automa\u00e7\u00e3o\",\"Publica\u00e7\u00f5es T\u00e9cnicas\"],\"inLanguage\":\"pt-BR\",\"potentialAction\":[{\"@type\":\"CommentAction\",\"name\":\"Comment\",\"target\":[\"https:\/\/www.institutodeengenharia.org.br\/site\/2026\/01\/29\/material-tecnico-casa-para-toda-a-vida\/#respond\"]}]},{\"@type\":\"WebPage\",\"@id\":\"https:\/\/www.institutodeengenharia.org.br\/site\/2026\/01\/29\/material-tecnico-casa-para-toda-a-vida\/\",\"url\":\"https:\/\/www.institutodeengenharia.org.br\/site\/2026\/01\/29\/material-tecnico-casa-para-toda-a-vida\/\",\"name\":\"MATERIAL T\u00c9CNICO - Casa para toda a vida - Instituto de Engenharia\",\"isPartOf\":{\"@id\":\"https:\/\/www.institutodeengenharia.org.br\/site\/#website\"},\"primaryImageOfPage\":{\"@id\":\"https:\/\/www.institutodeengenharia.org.br\/site\/2026\/01\/29\/material-tecnico-casa-para-toda-a-vida\/#primaryimage\"},\"image\":{\"@id\":\"https:\/\/www.institutodeengenharia.org.br\/site\/2026\/01\/29\/material-tecnico-casa-para-toda-a-vida\/#primaryimage\"},\"thumbnailUrl\":\"https:\/\/www.institutodeengenharia.org.br\/site\/wp-content\/uploads\/2025\/12\/palestra22026.png\",\"datePublished\":\"2026-01-29T19:47:55+00:00\",\"dateModified\":\"2026-03-05T19:48:35+00:00\",\"breadcrumb\":{\"@id\":\"https:\/\/www.institutodeengenharia.org.br\/site\/2026\/01\/29\/material-tecnico-casa-para-toda-a-vida\/#breadcrumb\"},\"inLanguage\":\"pt-BR\",\"potentialAction\":[{\"@type\":\"ReadAction\",\"target\":[\"https:\/\/www.institutodeengenharia.org.br\/site\/2026\/01\/29\/material-tecnico-casa-para-toda-a-vida\/\"]}]},{\"@type\":\"ImageObject\",\"inLanguage\":\"pt-BR\",\"@id\":\"https:\/\/www.institutodeengenharia.org.br\/site\/2026\/01\/29\/material-tecnico-casa-para-toda-a-vida\/#primaryimage\",\"url\":\"https:\/\/www.institutodeengenharia.org.br\/site\/wp-content\/uploads\/2025\/12\/palestra22026.png\",\"contentUrl\":\"https:\/\/www.institutodeengenharia.org.br\/site\/wp-content\/uploads\/2025\/12\/palestra22026.png\",\"width\":626,\"height\":342},{\"@type\":\"BreadcrumbList\",\"@id\":\"https:\/\/www.institutodeengenharia.org.br\/site\/2026\/01\/29\/material-tecnico-casa-para-toda-a-vida\/#breadcrumb\",\"itemListElement\":[{\"@type\":\"ListItem\",\"position\":1,\"name\":\"In\u00edcio\",\"item\":\"https:\/\/www.institutodeengenharia.org.br\/site\/\"},{\"@type\":\"ListItem\",\"position\":2,\"name\":\"MATERIAL T\u00c9CNICO &#8211; Casa para toda a vida\"}]},{\"@type\":\"WebSite\",\"@id\":\"https:\/\/www.institutodeengenharia.org.br\/site\/#website\",\"url\":\"https:\/\/www.institutodeengenharia.org.br\/site\/\",\"name\":\"Instituto de Engenharia\",\"description\":\"O Instituto de Engenharia promove a Engenharia em benef\u00edcio do desenvolvimento e da qualidade de vida da sociedade.\",\"publisher\":{\"@id\":\"https:\/\/www.institutodeengenharia.org.br\/site\/#organization\"},\"potentialAction\":[{\"@type\":\"SearchAction\",\"target\":{\"@type\":\"EntryPoint\",\"urlTemplate\":\"https:\/\/www.institutodeengenharia.org.br\/site\/?s={search_term_string}\"},\"query-input\":{\"@type\":\"PropertyValueSpecification\",\"valueRequired\":true,\"valueName\":\"search_term_string\"}}],\"inLanguage\":\"pt-BR\"},{\"@type\":\"Organization\",\"@id\":\"https:\/\/www.institutodeengenharia.org.br\/site\/#organization\",\"name\":\"Instituto de Engenharia\",\"url\":\"https:\/\/www.institutodeengenharia.org.br\/site\/\",\"logo\":{\"@type\":\"ImageObject\",\"inLanguage\":\"pt-BR\",\"@id\":\"https:\/\/www.institutodeengenharia.org.br\/site\/#\/schema\/logo\/image\/\",\"url\":\"https:\/\/www.institutodeengenharia.org.br\/site\/wp-content\/uploads\/2019\/03\/logo-novo-IE2018-1.jpg\",\"contentUrl\":\"https:\/\/www.institutodeengenharia.org.br\/site\/wp-content\/uploads\/2019\/03\/logo-novo-IE2018-1.jpg\",\"width\":1486,\"height\":1879,\"caption\":\"Instituto de Engenharia\"},\"image\":{\"@id\":\"https:\/\/www.institutodeengenharia.org.br\/site\/#\/schema\/logo\/image\/\"},\"sameAs\":[\"https:\/\/www.facebook.com\/institutodeengenharia\",\"https:\/\/x.com\/iengenharia\",\"https:\/\/www.instagram.com\/institutodeengenharia\/\",\"https:\/\/www.linkedin.com\/company\/instituto-de-engenharia\/\",\"https:\/\/www.youtube.com\/channel\/UCXiCAlsSMe977vamW915HxA\"]},{\"@type\":\"Person\",\"@id\":\"https:\/\/www.institutodeengenharia.org.br\/site\/#\/schema\/person\/593dc356630173a4877a635d3e5fd76b\",\"name\":\"Isabel\",\"image\":{\"@type\":\"ImageObject\",\"inLanguage\":\"pt-BR\",\"@id\":\"https:\/\/secure.gravatar.com\/avatar\/f3c521db63ec9db17894f10a88c6a3cf95b2281d7f80eeb3cf3ef1cb091576e7?s=96&d=mm&r=g\",\"url\":\"https:\/\/secure.gravatar.com\/avatar\/f3c521db63ec9db17894f10a88c6a3cf95b2281d7f80eeb3cf3ef1cb091576e7?s=96&d=mm&r=g\",\"contentUrl\":\"https:\/\/secure.gravatar.com\/avatar\/f3c521db63ec9db17894f10a88c6a3cf95b2281d7f80eeb3cf3ef1cb091576e7?s=96&d=mm&r=g\",\"caption\":\"Isabel\"},\"url\":\"https:\/\/www.institutodeengenharia.org.br\/site\/author\/comunicacao2\/\"}]}<\/script>\n<!-- \/ Yoast SEO plugin. -->","yoast_head_json":{"title":"MATERIAL T\u00c9CNICO - Casa para toda a vida - Instituto de Engenharia","robots":{"index":"index","follow":"follow","max-snippet":"max-snippet:-1","max-image-preview":"max-image-preview:large","max-video-preview":"max-video-preview:-1"},"canonical":"https:\/\/www.institutodeengenharia.org.br\/site\/2026\/01\/29\/material-tecnico-casa-para-toda-a-vida\/","og_locale":"pt_BR","og_type":"article","og_title":"MATERIAL T\u00c9CNICO - Casa para toda a vida - Instituto de Engenharia","og_description":"CLIQUE AQUI E ACESSE O MATERIAL Abordagem: Um espa\u00e7o bem projetado n\u00e3o \u00e9 o que atende ao p\u00fablico jovem e adultos saud\u00e1veis, mas aquele que acompanha o ciclo de vida de seu morador. Diante da transi\u00e7\u00e3o demogr\u00e1fica brasileira, a Engenharia e a Arquitetura enfrentam um novo desafio: como construir espa\u00e7os que permane\u00e7am funcionais ao longo [&hellip;]","og_url":"https:\/\/www.institutodeengenharia.org.br\/site\/2026\/01\/29\/material-tecnico-casa-para-toda-a-vida\/","og_site_name":"Instituto de Engenharia","article_publisher":"https:\/\/www.facebook.com\/institutodeengenharia","article_published_time":"2026-01-29T19:47:55+00:00","article_modified_time":"2026-03-05T19:48:35+00:00","og_image":[{"width":626,"height":342,"url":"https:\/\/www.institutodeengenharia.org.br\/site\/wp-content\/uploads\/2025\/12\/palestra22026.png","type":"image\/png"}],"author":"Isabel","twitter_card":"summary_large_image","twitter_creator":"@iengenharia","twitter_site":"@iengenharia","twitter_misc":{"Escrito por":"Isabel","Est. tempo de leitura":"2 minutos"},"schema":{"@context":"https:\/\/schema.org","@graph":[{"@type":"Article","@id":"https:\/\/www.institutodeengenharia.org.br\/site\/2026\/01\/29\/material-tecnico-casa-para-toda-a-vida\/#article","isPartOf":{"@id":"https:\/\/www.institutodeengenharia.org.br\/site\/2026\/01\/29\/material-tecnico-casa-para-toda-a-vida\/"},"author":{"name":"Isabel","@id":"https:\/\/www.institutodeengenharia.org.br\/site\/#\/schema\/person\/593dc356630173a4877a635d3e5fd76b"},"headline":"MATERIAL T\u00c9CNICO &#8211; Casa para toda a vida","datePublished":"2026-01-29T19:47:55+00:00","dateModified":"2026-03-05T19:48:35+00:00","mainEntityOfPage":{"@id":"https:\/\/www.institutodeengenharia.org.br\/site\/2026\/01\/29\/material-tecnico-casa-para-toda-a-vida\/"},"wordCount":235,"commentCount":0,"publisher":{"@id":"https:\/\/www.institutodeengenharia.org.br\/site\/#organization"},"image":{"@id":"https:\/\/www.institutodeengenharia.org.br\/site\/2026\/01\/29\/material-tecnico-casa-para-toda-a-vida\/#primaryimage"},"thumbnailUrl":"https:\/\/www.institutodeengenharia.org.br\/site\/wp-content\/uploads\/2025\/12\/palestra22026.png","articleSection":["Departamento de Desenvolvimento de Tecnologia, Ind\u00fastria, Energia e Telecomunica\u00e7\u00f5es","Departamento Desenvolvimento de Projetos e Servi\u00e7os de Infraestrutura","Divis\u00e3o T\u00e9cnica Arquitetura, Paisagismo e Comunica\u00e7\u00e3o Visual","Divis\u00e3o T\u00e9cnica Intelig\u00eancia Artificial, Controle e Automa\u00e7\u00e3o","Publica\u00e7\u00f5es T\u00e9cnicas"],"inLanguage":"pt-BR","potentialAction":[{"@type":"CommentAction","name":"Comment","target":["https:\/\/www.institutodeengenharia.org.br\/site\/2026\/01\/29\/material-tecnico-casa-para-toda-a-vida\/#respond"]}]},{"@type":"WebPage","@id":"https:\/\/www.institutodeengenharia.org.br\/site\/2026\/01\/29\/material-tecnico-casa-para-toda-a-vida\/","url":"https:\/\/www.institutodeengenharia.org.br\/site\/2026\/01\/29\/material-tecnico-casa-para-toda-a-vida\/","name":"MATERIAL T\u00c9CNICO - Casa para toda a vida - Instituto de Engenharia","isPartOf":{"@id":"https:\/\/www.institutodeengenharia.org.br\/site\/#website"},"primaryImageOfPage":{"@id":"https:\/\/www.institutodeengenharia.org.br\/site\/2026\/01\/29\/material-tecnico-casa-para-toda-a-vida\/#primaryimage"},"image":{"@id":"https:\/\/www.institutodeengenharia.org.br\/site\/2026\/01\/29\/material-tecnico-casa-para-toda-a-vida\/#primaryimage"},"thumbnailUrl":"https:\/\/www.institutodeengenharia.org.br\/site\/wp-content\/uploads\/2025\/12\/palestra22026.png","datePublished":"2026-01-29T19:47:55+00:00","dateModified":"2026-03-05T19:48:35+00:00","breadcrumb":{"@id":"https:\/\/www.institutodeengenharia.org.br\/site\/2026\/01\/29\/material-tecnico-casa-para-toda-a-vida\/#breadcrumb"},"inLanguage":"pt-BR","potentialAction":[{"@type":"ReadAction","target":["https:\/\/www.institutodeengenharia.org.br\/site\/2026\/01\/29\/material-tecnico-casa-para-toda-a-vida\/"]}]},{"@type":"ImageObject","inLanguage":"pt-BR","@id":"https:\/\/www.institutodeengenharia.org.br\/site\/2026\/01\/29\/material-tecnico-casa-para-toda-a-vida\/#primaryimage","url":"https:\/\/www.institutodeengenharia.org.br\/site\/wp-content\/uploads\/2025\/12\/palestra22026.png","contentUrl":"https:\/\/www.institutodeengenharia.org.br\/site\/wp-content\/uploads\/2025\/12\/palestra22026.png","width":626,"height":342},{"@type":"BreadcrumbList","@id":"https:\/\/www.institutodeengenharia.org.br\/site\/2026\/01\/29\/material-tecnico-casa-para-toda-a-vida\/#breadcrumb","itemListElement":[{"@type":"ListItem","position":1,"name":"In\u00edcio","item":"https:\/\/www.institutodeengenharia.org.br\/site\/"},{"@type":"ListItem","position":2,"name":"MATERIAL T\u00c9CNICO &#8211; Casa para toda a vida"}]},{"@type":"WebSite","@id":"https:\/\/www.institutodeengenharia.org.br\/site\/#website","url":"https:\/\/www.institutodeengenharia.org.br\/site\/","name":"Instituto de Engenharia","description":"O Instituto de Engenharia promove a Engenharia em benef\u00edcio do desenvolvimento e da qualidade de vida da sociedade.","publisher":{"@id":"https:\/\/www.institutodeengenharia.org.br\/site\/#organization"},"potentialAction":[{"@type":"SearchAction","target":{"@type":"EntryPoint","urlTemplate":"https:\/\/www.institutodeengenharia.org.br\/site\/?s={search_term_string}"},"query-input":{"@type":"PropertyValueSpecification","valueRequired":true,"valueName":"search_term_string"}}],"inLanguage":"pt-BR"},{"@type":"Organization","@id":"https:\/\/www.institutodeengenharia.org.br\/site\/#organization","name":"Instituto de Engenharia","url":"https:\/\/www.institutodeengenharia.org.br\/site\/","logo":{"@type":"ImageObject","inLanguage":"pt-BR","@id":"https:\/\/www.institutodeengenharia.org.br\/site\/#\/schema\/logo\/image\/","url":"https:\/\/www.institutodeengenharia.org.br\/site\/wp-content\/uploads\/2019\/03\/logo-novo-IE2018-1.jpg","contentUrl":"https:\/\/www.institutodeengenharia.org.br\/site\/wp-content\/uploads\/2019\/03\/logo-novo-IE2018-1.jpg","width":1486,"height":1879,"caption":"Instituto de Engenharia"},"image":{"@id":"https:\/\/www.institutodeengenharia.org.br\/site\/#\/schema\/logo\/image\/"},"sameAs":["https:\/\/www.facebook.com\/institutodeengenharia","https:\/\/x.com\/iengenharia","https:\/\/www.instagram.com\/institutodeengenharia\/","https:\/\/www.linkedin.com\/company\/instituto-de-engenharia\/","https:\/\/www.youtube.com\/channel\/UCXiCAlsSMe977vamW915HxA"]},{"@type":"Person","@id":"https:\/\/www.institutodeengenharia.org.br\/site\/#\/schema\/person\/593dc356630173a4877a635d3e5fd76b","name":"Isabel","image":{"@type":"ImageObject","inLanguage":"pt-BR","@id":"https:\/\/secure.gravatar.com\/avatar\/f3c521db63ec9db17894f10a88c6a3cf95b2281d7f80eeb3cf3ef1cb091576e7?s=96&d=mm&r=g","url":"https:\/\/secure.gravatar.com\/avatar\/f3c521db63ec9db17894f10a88c6a3cf95b2281d7f80eeb3cf3ef1cb091576e7?s=96&d=mm&r=g","contentUrl":"https:\/\/secure.gravatar.com\/avatar\/f3c521db63ec9db17894f10a88c6a3cf95b2281d7f80eeb3cf3ef1cb091576e7?s=96&d=mm&r=g","caption":"Isabel"},"url":"https:\/\/www.institutodeengenharia.org.br\/site\/author\/comunicacao2\/"}]}},"_links":{"self":[{"href":"https:\/\/www.institutodeengenharia.org.br\/site\/wp-json\/wp\/v2\/posts\/137422","targetHints":{"allow":["GET"]}}],"collection":[{"href":"https:\/\/www.institutodeengenharia.org.br\/site\/wp-json\/wp\/v2\/posts"}],"about":[{"href":"https:\/\/www.institutodeengenharia.org.br\/site\/wp-json\/wp\/v2\/types\/post"}],"author":[{"embeddable":true,"href":"https:\/\/www.institutodeengenharia.org.br\/site\/wp-json\/wp\/v2\/users\/14"}],"replies":[{"embeddable":true,"href":"https:\/\/www.institutodeengenharia.org.br\/site\/wp-json\/wp\/v2\/comments?post=137422"}],"version-history":[{"count":1,"href":"https:\/\/www.institutodeengenharia.org.br\/site\/wp-json\/wp\/v2\/posts\/137422\/revisions"}],"predecessor-version":[{"id":137424,"href":"https:\/\/www.institutodeengenharia.org.br\/site\/wp-json\/wp\/v2\/posts\/137422\/revisions\/137424"}],"wp:featuredmedia":[{"embeddable":true,"href":"https:\/\/www.institutodeengenharia.org.br\/site\/wp-json\/wp\/v2\/media\/135246"}],"wp:attachment":[{"href":"https:\/\/www.institutodeengenharia.org.br\/site\/wp-json\/wp\/v2\/media?parent=137422"}],"wp:term":[{"taxonomy":"category","embeddable":true,"href":"https:\/\/www.institutodeengenharia.org.br\/site\/wp-json\/wp\/v2\/categories?post=137422"},{"taxonomy":"post_tag","embeddable":true,"href":"https:\/\/www.institutodeengenharia.org.br\/site\/wp-json\/wp\/v2\/tags?post=137422"}],"curies":[{"name":"wp","href":"https:\/\/api.w.org\/{rel}","templated":true}]}}