{"id":137325,"date":"2026-03-12T16:00:03","date_gmt":"2026-03-12T19:00:03","guid":{"rendered":"https:\/\/www.institutodeengenharia.org.br\/site\/?p=137325"},"modified":"2026-03-30T10:59:31","modified_gmt":"2026-03-30T13:59:31","slug":"eleicoes-parciais-2026-conselho-deliberativo-confira-os-eleitos-2","status":"publish","type":"post","link":"https:\/\/www.institutodeengenharia.org.br\/site\/2026\/03\/12\/eleicoes-parciais-2026-conselho-deliberativo-confira-os-eleitos-2\/","title":{"rendered":"Elei\u00e7\u00f5es Parciais 2026 &#8211; Conselho Deliberativo &#8211; Confira os eleitos"},"content":{"rendered":"<p style=\"text-align: center;\"><strong>Confira os 15 eleitos nas elei\u00e7\u00f5es parciais do<\/strong><br \/>\n<strong>Conselho Deliberativo 2026 do Instituto de Engenharia.<\/strong><br \/>\n<strong>Posse aconteceu nesta quinta (26)\u00a0<\/strong><\/p>\n<p>Roberto Kochen<br \/>\nMarcos Moliterno<br \/>\nAurea Vendramin<br \/>\nEdson Jose Machado<br \/>\nMarcos Monteiro<br \/>\nFrancisco A. N. Christovam<br \/>\nJo\u00e3o Ricardo B. Lafraia<br \/>\nStella Marys Della Flora<br \/>\nD\u00e9bora Sanches de A. Marinello<br \/>\nJos\u00e9 Manoel De Aguirre Neto (Juca)<br \/>\nVernon Richard Kohl<br \/>\nHenrique Dias De Faria<br \/>\nDouglas Couto<br \/>\nRenato de Almeida Pimentel Mendes<br \/>\nOsiris Monteiro Blanco<\/p>\n<p><strong>Suplentes\u00a0<\/strong><br \/>\nAnthony Talon<br \/>\nHenry Francis Vinicius De Caprio Bai\u00e3o<br \/>\nOd\u00e9cio Braga<br \/>\nSergio Luiz Azevedo Resende<br \/>\nFlavio Henrique Cunha Lobato<br \/>\nJos\u00e9 Carlos Constantino<\/p>\n","protected":false},"excerpt":{"rendered":"<p>Confira os 15 eleitos nas elei\u00e7\u00f5es parciais do Conselho Deliberativo 2026 do Instituto de Engenharia. Posse aconteceu nesta quinta (26)\u00a0 Roberto Kochen Marcos Moliterno Aurea Vendramin Edson Jose Machado Marcos Monteiro Francisco A. N. Christovam Jo\u00e3o Ricardo B. Lafraia Stella Marys Della Flora D\u00e9bora Sanches de A. Marinello Jos\u00e9 Manoel De Aguirre Neto (Juca) Vernon [&hellip;]<\/p>\n","protected":false},"author":14,"featured_media":136060,"comment_status":"open","ping_status":"open","sticky":false,"template":"","format":"standard","meta":{"footnotes":""},"categories":[1479,27],"tags":[],"class_list":{"0":"post-137325","1":"post","2":"type-post","3":"status-publish","4":"format-standard","5":"has-post-thumbnail","7":"category-eleicoes-instituto-de-engenharia","8":"category-instituto-de-engenharia"},"yoast_head":"<!-- This site is optimized with the Yoast SEO plugin v27.2 - https:\/\/yoast.com\/product\/yoast-seo-wordpress\/ -->\n<title>Elei\u00e7\u00f5es Parciais 2026 - Conselho Deliberativo - Confira os eleitos - Instituto de Engenharia<\/title>\n<meta name=\"robots\" content=\"index, follow, max-snippet:-1, max-image-preview:large, max-video-preview:-1\" \/>\n<link rel=\"canonical\" href=\"https:\/\/www.institutodeengenharia.org.br\/site\/2026\/03\/12\/eleicoes-parciais-2026-conselho-deliberativo-confira-os-eleitos-2\/\" \/>\n<meta property=\"og:locale\" content=\"pt_BR\" \/>\n<meta property=\"og:type\" content=\"article\" \/>\n<meta property=\"og:title\" content=\"Elei\u00e7\u00f5es Parciais 2026 - Conselho Deliberativo - Confira os eleitos - Instituto de Engenharia\" \/>\n<meta property=\"og:description\" content=\"Confira os 15 eleitos nas elei\u00e7\u00f5es parciais do Conselho Deliberativo 2026 do Instituto de Engenharia. Posse aconteceu nesta quinta (26)\u00a0 Roberto Kochen Marcos Moliterno Aurea Vendramin Edson Jose Machado Marcos Monteiro Francisco A. N. Christovam Jo\u00e3o Ricardo B. Lafraia Stella Marys Della Flora D\u00e9bora Sanches de A. Marinello Jos\u00e9 Manoel De Aguirre Neto (Juca) Vernon [&hellip;]\" \/>\n<meta property=\"og:url\" content=\"https:\/\/www.institutodeengenharia.org.br\/site\/2026\/03\/12\/eleicoes-parciais-2026-conselho-deliberativo-confira-os-eleitos-2\/\" \/>\n<meta property=\"og:site_name\" content=\"Instituto de Engenharia\" \/>\n<meta property=\"article:publisher\" content=\"https:\/\/www.facebook.com\/institutodeengenharia\" \/>\n<meta property=\"article:published_time\" content=\"2026-03-12T19:00:03+00:00\" \/>\n<meta property=\"article:modified_time\" content=\"2026-03-30T13:59:31+00:00\" \/>\n<meta property=\"og:image\" content=\"https:\/\/www.institutodeengenharia.org.br\/site\/wp-content\/uploads\/2026\/02\/Eleicoes-Parciais-2024-1.jpg\" \/>\n\t<meta property=\"og:image:width\" content=\"800\" \/>\n\t<meta property=\"og:image:height\" content=\"640\" \/>\n\t<meta property=\"og:image:type\" content=\"image\/jpeg\" \/>\n<meta name=\"author\" content=\"Isabel\" \/>\n<meta name=\"twitter:card\" content=\"summary_large_image\" \/>\n<meta name=\"twitter:creator\" content=\"@iengenharia\" \/>\n<meta name=\"twitter:site\" content=\"@iengenharia\" \/>\n<meta name=\"twitter:label1\" content=\"Escrito por\" \/>\n\t<meta name=\"twitter:data1\" content=\"Isabel\" \/>\n\t<meta name=\"twitter:label2\" content=\"Est. tempo de leitura\" \/>\n\t<meta name=\"twitter:data2\" content=\"1 minuto\" \/>\n<script type=\"application\/ld+json\" class=\"yoast-schema-graph\">{\"@context\":\"https:\/\/schema.org\",\"@graph\":[{\"@type\":\"Article\",\"@id\":\"https:\/\/www.institutodeengenharia.org.br\/site\/2026\/03\/12\/eleicoes-parciais-2026-conselho-deliberativo-confira-os-eleitos-2\/#article\",\"isPartOf\":{\"@id\":\"https:\/\/www.institutodeengenharia.org.br\/site\/2026\/03\/12\/eleicoes-parciais-2026-conselho-deliberativo-confira-os-eleitos-2\/\"},\"author\":{\"name\":\"Isabel\",\"@id\":\"https:\/\/www.institutodeengenharia.org.br\/site\/#\/schema\/person\/593dc356630173a4877a635d3e5fd76b\"},\"headline\":\"Elei\u00e7\u00f5es Parciais 2026 &#8211; Conselho Deliberativo &#8211; Confira os eleitos\",\"datePublished\":\"2026-03-12T19:00:03+00:00\",\"dateModified\":\"2026-03-30T13:59:31+00:00\",\"mainEntityOfPage\":{\"@id\":\"https:\/\/www.institutodeengenharia.org.br\/site\/2026\/03\/12\/eleicoes-parciais-2026-conselho-deliberativo-confira-os-eleitos-2\/\"},\"wordCount\":105,\"commentCount\":0,\"publisher\":{\"@id\":\"https:\/\/www.institutodeengenharia.org.br\/site\/#organization\"},\"image\":{\"@id\":\"https:\/\/www.institutodeengenharia.org.br\/site\/2026\/03\/12\/eleicoes-parciais-2026-conselho-deliberativo-confira-os-eleitos-2\/#primaryimage\"},\"thumbnailUrl\":\"https:\/\/www.institutodeengenharia.org.br\/site\/wp-content\/uploads\/2026\/02\/Eleicoes-Parciais-2024-1.jpg\",\"articleSection\":[\"Elei\u00e7\u00f5es Instituto de Engenharia\",\"Instituto de Engenharia\"],\"inLanguage\":\"pt-BR\",\"potentialAction\":[{\"@type\":\"CommentAction\",\"name\":\"Comment\",\"target\":[\"https:\/\/www.institutodeengenharia.org.br\/site\/2026\/03\/12\/eleicoes-parciais-2026-conselho-deliberativo-confira-os-eleitos-2\/#respond\"]}]},{\"@type\":\"WebPage\",\"@id\":\"https:\/\/www.institutodeengenharia.org.br\/site\/2026\/03\/12\/eleicoes-parciais-2026-conselho-deliberativo-confira-os-eleitos-2\/\",\"url\":\"https:\/\/www.institutodeengenharia.org.br\/site\/2026\/03\/12\/eleicoes-parciais-2026-conselho-deliberativo-confira-os-eleitos-2\/\",\"name\":\"Elei\u00e7\u00f5es Parciais 2026 - Conselho Deliberativo - Confira os eleitos - Instituto de Engenharia\",\"isPartOf\":{\"@id\":\"https:\/\/www.institutodeengenharia.org.br\/site\/#website\"},\"primaryImageOfPage\":{\"@id\":\"https:\/\/www.institutodeengenharia.org.br\/site\/2026\/03\/12\/eleicoes-parciais-2026-conselho-deliberativo-confira-os-eleitos-2\/#primaryimage\"},\"image\":{\"@id\":\"https:\/\/www.institutodeengenharia.org.br\/site\/2026\/03\/12\/eleicoes-parciais-2026-conselho-deliberativo-confira-os-eleitos-2\/#primaryimage\"},\"thumbnailUrl\":\"https:\/\/www.institutodeengenharia.org.br\/site\/wp-content\/uploads\/2026\/02\/Eleicoes-Parciais-2024-1.jpg\",\"datePublished\":\"2026-03-12T19:00:03+00:00\",\"dateModified\":\"2026-03-30T13:59:31+00:00\",\"breadcrumb\":{\"@id\":\"https:\/\/www.institutodeengenharia.org.br\/site\/2026\/03\/12\/eleicoes-parciais-2026-conselho-deliberativo-confira-os-eleitos-2\/#breadcrumb\"},\"inLanguage\":\"pt-BR\",\"potentialAction\":[{\"@type\":\"ReadAction\",\"target\":[\"https:\/\/www.institutodeengenharia.org.br\/site\/2026\/03\/12\/eleicoes-parciais-2026-conselho-deliberativo-confira-os-eleitos-2\/\"]}]},{\"@type\":\"ImageObject\",\"inLanguage\":\"pt-BR\",\"@id\":\"https:\/\/www.institutodeengenharia.org.br\/site\/2026\/03\/12\/eleicoes-parciais-2026-conselho-deliberativo-confira-os-eleitos-2\/#primaryimage\",\"url\":\"https:\/\/www.institutodeengenharia.org.br\/site\/wp-content\/uploads\/2026\/02\/Eleicoes-Parciais-2024-1.jpg\",\"contentUrl\":\"https:\/\/www.institutodeengenharia.org.br\/site\/wp-content\/uploads\/2026\/02\/Eleicoes-Parciais-2024-1.jpg\",\"width\":800,\"height\":640},{\"@type\":\"BreadcrumbList\",\"@id\":\"https:\/\/www.institutodeengenharia.org.br\/site\/2026\/03\/12\/eleicoes-parciais-2026-conselho-deliberativo-confira-os-eleitos-2\/#breadcrumb\",\"itemListElement\":[{\"@type\":\"ListItem\",\"position\":1,\"name\":\"In\u00edcio\",\"item\":\"https:\/\/www.institutodeengenharia.org.br\/site\/\"},{\"@type\":\"ListItem\",\"position\":2,\"name\":\"Elei\u00e7\u00f5es Parciais 2026 &#8211; Conselho Deliberativo &#8211; Confira os eleitos\"}]},{\"@type\":\"WebSite\",\"@id\":\"https:\/\/www.institutodeengenharia.org.br\/site\/#website\",\"url\":\"https:\/\/www.institutodeengenharia.org.br\/site\/\",\"name\":\"Instituto de Engenharia\",\"description\":\"O Instituto de Engenharia promove a Engenharia em benef\u00edcio do desenvolvimento e da qualidade de vida da sociedade.\",\"publisher\":{\"@id\":\"https:\/\/www.institutodeengenharia.org.br\/site\/#organization\"},\"potentialAction\":[{\"@type\":\"SearchAction\",\"target\":{\"@type\":\"EntryPoint\",\"urlTemplate\":\"https:\/\/www.institutodeengenharia.org.br\/site\/?s={search_term_string}\"},\"query-input\":{\"@type\":\"PropertyValueSpecification\",\"valueRequired\":true,\"valueName\":\"search_term_string\"}}],\"inLanguage\":\"pt-BR\"},{\"@type\":\"Organization\",\"@id\":\"https:\/\/www.institutodeengenharia.org.br\/site\/#organization\",\"name\":\"Instituto de Engenharia\",\"url\":\"https:\/\/www.institutodeengenharia.org.br\/site\/\",\"logo\":{\"@type\":\"ImageObject\",\"inLanguage\":\"pt-BR\",\"@id\":\"https:\/\/www.institutodeengenharia.org.br\/site\/#\/schema\/logo\/image\/\",\"url\":\"https:\/\/www.institutodeengenharia.org.br\/site\/wp-content\/uploads\/2019\/03\/logo-novo-IE2018-1.jpg\",\"contentUrl\":\"https:\/\/www.institutodeengenharia.org.br\/site\/wp-content\/uploads\/2019\/03\/logo-novo-IE2018-1.jpg\",\"width\":1486,\"height\":1879,\"caption\":\"Instituto de Engenharia\"},\"image\":{\"@id\":\"https:\/\/www.institutodeengenharia.org.br\/site\/#\/schema\/logo\/image\/\"},\"sameAs\":[\"https:\/\/www.facebook.com\/institutodeengenharia\",\"https:\/\/x.com\/iengenharia\",\"https:\/\/www.instagram.com\/institutodeengenharia\/\",\"https:\/\/www.linkedin.com\/company\/instituto-de-engenharia\/\",\"https:\/\/www.youtube.com\/channel\/UCXiCAlsSMe977vamW915HxA\"]},{\"@type\":\"Person\",\"@id\":\"https:\/\/www.institutodeengenharia.org.br\/site\/#\/schema\/person\/593dc356630173a4877a635d3e5fd76b\",\"name\":\"Isabel\",\"image\":{\"@type\":\"ImageObject\",\"inLanguage\":\"pt-BR\",\"@id\":\"https:\/\/secure.gravatar.com\/avatar\/f3c521db63ec9db17894f10a88c6a3cf95b2281d7f80eeb3cf3ef1cb091576e7?s=96&d=mm&r=g\",\"url\":\"https:\/\/secure.gravatar.com\/avatar\/f3c521db63ec9db17894f10a88c6a3cf95b2281d7f80eeb3cf3ef1cb091576e7?s=96&d=mm&r=g\",\"contentUrl\":\"https:\/\/secure.gravatar.com\/avatar\/f3c521db63ec9db17894f10a88c6a3cf95b2281d7f80eeb3cf3ef1cb091576e7?s=96&d=mm&r=g\",\"caption\":\"Isabel\"},\"url\":\"https:\/\/www.institutodeengenharia.org.br\/site\/author\/comunicacao2\/\"}]}<\/script>\n<!-- \/ Yoast SEO plugin. -->","yoast_head_json":{"title":"Elei\u00e7\u00f5es Parciais 2026 - Conselho Deliberativo - Confira os eleitos - Instituto de Engenharia","robots":{"index":"index","follow":"follow","max-snippet":"max-snippet:-1","max-image-preview":"max-image-preview:large","max-video-preview":"max-video-preview:-1"},"canonical":"https:\/\/www.institutodeengenharia.org.br\/site\/2026\/03\/12\/eleicoes-parciais-2026-conselho-deliberativo-confira-os-eleitos-2\/","og_locale":"pt_BR","og_type":"article","og_title":"Elei\u00e7\u00f5es Parciais 2026 - Conselho Deliberativo - Confira os eleitos - Instituto de Engenharia","og_description":"Confira os 15 eleitos nas elei\u00e7\u00f5es parciais do Conselho Deliberativo 2026 do Instituto de Engenharia. Posse aconteceu nesta quinta (26)\u00a0 Roberto Kochen Marcos Moliterno Aurea Vendramin Edson Jose Machado Marcos Monteiro Francisco A. N. Christovam Jo\u00e3o Ricardo B. Lafraia Stella Marys Della Flora D\u00e9bora Sanches de A. Marinello Jos\u00e9 Manoel De Aguirre Neto (Juca) Vernon [&hellip;]","og_url":"https:\/\/www.institutodeengenharia.org.br\/site\/2026\/03\/12\/eleicoes-parciais-2026-conselho-deliberativo-confira-os-eleitos-2\/","og_site_name":"Instituto de Engenharia","article_publisher":"https:\/\/www.facebook.com\/institutodeengenharia","article_published_time":"2026-03-12T19:00:03+00:00","article_modified_time":"2026-03-30T13:59:31+00:00","og_image":[{"width":800,"height":640,"url":"https:\/\/www.institutodeengenharia.org.br\/site\/wp-content\/uploads\/2026\/02\/Eleicoes-Parciais-2024-1.jpg","type":"image\/jpeg"}],"author":"Isabel","twitter_card":"summary_large_image","twitter_creator":"@iengenharia","twitter_site":"@iengenharia","twitter_misc":{"Escrito por":"Isabel","Est. tempo de leitura":"1 minuto"},"schema":{"@context":"https:\/\/schema.org","@graph":[{"@type":"Article","@id":"https:\/\/www.institutodeengenharia.org.br\/site\/2026\/03\/12\/eleicoes-parciais-2026-conselho-deliberativo-confira-os-eleitos-2\/#article","isPartOf":{"@id":"https:\/\/www.institutodeengenharia.org.br\/site\/2026\/03\/12\/eleicoes-parciais-2026-conselho-deliberativo-confira-os-eleitos-2\/"},"author":{"name":"Isabel","@id":"https:\/\/www.institutodeengenharia.org.br\/site\/#\/schema\/person\/593dc356630173a4877a635d3e5fd76b"},"headline":"Elei\u00e7\u00f5es Parciais 2026 &#8211; Conselho Deliberativo &#8211; Confira os eleitos","datePublished":"2026-03-12T19:00:03+00:00","dateModified":"2026-03-30T13:59:31+00:00","mainEntityOfPage":{"@id":"https:\/\/www.institutodeengenharia.org.br\/site\/2026\/03\/12\/eleicoes-parciais-2026-conselho-deliberativo-confira-os-eleitos-2\/"},"wordCount":105,"commentCount":0,"publisher":{"@id":"https:\/\/www.institutodeengenharia.org.br\/site\/#organization"},"image":{"@id":"https:\/\/www.institutodeengenharia.org.br\/site\/2026\/03\/12\/eleicoes-parciais-2026-conselho-deliberativo-confira-os-eleitos-2\/#primaryimage"},"thumbnailUrl":"https:\/\/www.institutodeengenharia.org.br\/site\/wp-content\/uploads\/2026\/02\/Eleicoes-Parciais-2024-1.jpg","articleSection":["Elei\u00e7\u00f5es Instituto de Engenharia","Instituto de Engenharia"],"inLanguage":"pt-BR","potentialAction":[{"@type":"CommentAction","name":"Comment","target":["https:\/\/www.institutodeengenharia.org.br\/site\/2026\/03\/12\/eleicoes-parciais-2026-conselho-deliberativo-confira-os-eleitos-2\/#respond"]}]},{"@type":"WebPage","@id":"https:\/\/www.institutodeengenharia.org.br\/site\/2026\/03\/12\/eleicoes-parciais-2026-conselho-deliberativo-confira-os-eleitos-2\/","url":"https:\/\/www.institutodeengenharia.org.br\/site\/2026\/03\/12\/eleicoes-parciais-2026-conselho-deliberativo-confira-os-eleitos-2\/","name":"Elei\u00e7\u00f5es Parciais 2026 - Conselho Deliberativo - Confira os eleitos - Instituto de Engenharia","isPartOf":{"@id":"https:\/\/www.institutodeengenharia.org.br\/site\/#website"},"primaryImageOfPage":{"@id":"https:\/\/www.institutodeengenharia.org.br\/site\/2026\/03\/12\/eleicoes-parciais-2026-conselho-deliberativo-confira-os-eleitos-2\/#primaryimage"},"image":{"@id":"https:\/\/www.institutodeengenharia.org.br\/site\/2026\/03\/12\/eleicoes-parciais-2026-conselho-deliberativo-confira-os-eleitos-2\/#primaryimage"},"thumbnailUrl":"https:\/\/www.institutodeengenharia.org.br\/site\/wp-content\/uploads\/2026\/02\/Eleicoes-Parciais-2024-1.jpg","datePublished":"2026-03-12T19:00:03+00:00","dateModified":"2026-03-30T13:59:31+00:00","breadcrumb":{"@id":"https:\/\/www.institutodeengenharia.org.br\/site\/2026\/03\/12\/eleicoes-parciais-2026-conselho-deliberativo-confira-os-eleitos-2\/#breadcrumb"},"inLanguage":"pt-BR","potentialAction":[{"@type":"ReadAction","target":["https:\/\/www.institutodeengenharia.org.br\/site\/2026\/03\/12\/eleicoes-parciais-2026-conselho-deliberativo-confira-os-eleitos-2\/"]}]},{"@type":"ImageObject","inLanguage":"pt-BR","@id":"https:\/\/www.institutodeengenharia.org.br\/site\/2026\/03\/12\/eleicoes-parciais-2026-conselho-deliberativo-confira-os-eleitos-2\/#primaryimage","url":"https:\/\/www.institutodeengenharia.org.br\/site\/wp-content\/uploads\/2026\/02\/Eleicoes-Parciais-2024-1.jpg","contentUrl":"https:\/\/www.institutodeengenharia.org.br\/site\/wp-content\/uploads\/2026\/02\/Eleicoes-Parciais-2024-1.jpg","width":800,"height":640},{"@type":"BreadcrumbList","@id":"https:\/\/www.institutodeengenharia.org.br\/site\/2026\/03\/12\/eleicoes-parciais-2026-conselho-deliberativo-confira-os-eleitos-2\/#breadcrumb","itemListElement":[{"@type":"ListItem","position":1,"name":"In\u00edcio","item":"https:\/\/www.institutodeengenharia.org.br\/site\/"},{"@type":"ListItem","position":2,"name":"Elei\u00e7\u00f5es Parciais 2026 &#8211; Conselho Deliberativo &#8211; Confira os eleitos"}]},{"@type":"WebSite","@id":"https:\/\/www.institutodeengenharia.org.br\/site\/#website","url":"https:\/\/www.institutodeengenharia.org.br\/site\/","name":"Instituto de Engenharia","description":"O Instituto de Engenharia promove a Engenharia em benef\u00edcio do desenvolvimento e da qualidade de vida da sociedade.","publisher":{"@id":"https:\/\/www.institutodeengenharia.org.br\/site\/#organization"},"potentialAction":[{"@type":"SearchAction","target":{"@type":"EntryPoint","urlTemplate":"https:\/\/www.institutodeengenharia.org.br\/site\/?s={search_term_string}"},"query-input":{"@type":"PropertyValueSpecification","valueRequired":true,"valueName":"search_term_string"}}],"inLanguage":"pt-BR"},{"@type":"Organization","@id":"https:\/\/www.institutodeengenharia.org.br\/site\/#organization","name":"Instituto de Engenharia","url":"https:\/\/www.institutodeengenharia.org.br\/site\/","logo":{"@type":"ImageObject","inLanguage":"pt-BR","@id":"https:\/\/www.institutodeengenharia.org.br\/site\/#\/schema\/logo\/image\/","url":"https:\/\/www.institutodeengenharia.org.br\/site\/wp-content\/uploads\/2019\/03\/logo-novo-IE2018-1.jpg","contentUrl":"https:\/\/www.institutodeengenharia.org.br\/site\/wp-content\/uploads\/2019\/03\/logo-novo-IE2018-1.jpg","width":1486,"height":1879,"caption":"Instituto de Engenharia"},"image":{"@id":"https:\/\/www.institutodeengenharia.org.br\/site\/#\/schema\/logo\/image\/"},"sameAs":["https:\/\/www.facebook.com\/institutodeengenharia","https:\/\/x.com\/iengenharia","https:\/\/www.instagram.com\/institutodeengenharia\/","https:\/\/www.linkedin.com\/company\/instituto-de-engenharia\/","https:\/\/www.youtube.com\/channel\/UCXiCAlsSMe977vamW915HxA"]},{"@type":"Person","@id":"https:\/\/www.institutodeengenharia.org.br\/site\/#\/schema\/person\/593dc356630173a4877a635d3e5fd76b","name":"Isabel","image":{"@type":"ImageObject","inLanguage":"pt-BR","@id":"https:\/\/secure.gravatar.com\/avatar\/f3c521db63ec9db17894f10a88c6a3cf95b2281d7f80eeb3cf3ef1cb091576e7?s=96&d=mm&r=g","url":"https:\/\/secure.gravatar.com\/avatar\/f3c521db63ec9db17894f10a88c6a3cf95b2281d7f80eeb3cf3ef1cb091576e7?s=96&d=mm&r=g","contentUrl":"https:\/\/secure.gravatar.com\/avatar\/f3c521db63ec9db17894f10a88c6a3cf95b2281d7f80eeb3cf3ef1cb091576e7?s=96&d=mm&r=g","caption":"Isabel"},"url":"https:\/\/www.institutodeengenharia.org.br\/site\/author\/comunicacao2\/"}]}},"_links":{"self":[{"href":"https:\/\/www.institutodeengenharia.org.br\/site\/wp-json\/wp\/v2\/posts\/137325","targetHints":{"allow":["GET"]}}],"collection":[{"href":"https:\/\/www.institutodeengenharia.org.br\/site\/wp-json\/wp\/v2\/posts"}],"about":[{"href":"https:\/\/www.institutodeengenharia.org.br\/site\/wp-json\/wp\/v2\/types\/post"}],"author":[{"embeddable":true,"href":"https:\/\/www.institutodeengenharia.org.br\/site\/wp-json\/wp\/v2\/users\/14"}],"replies":[{"embeddable":true,"href":"https:\/\/www.institutodeengenharia.org.br\/site\/wp-json\/wp\/v2\/comments?post=137325"}],"version-history":[{"count":11,"href":"https:\/\/www.institutodeengenharia.org.br\/site\/wp-json\/wp\/v2\/posts\/137325\/revisions"}],"predecessor-version":[{"id":152879,"href":"https:\/\/www.institutodeengenharia.org.br\/site\/wp-json\/wp\/v2\/posts\/137325\/revisions\/152879"}],"wp:featuredmedia":[{"embeddable":true,"href":"https:\/\/www.institutodeengenharia.org.br\/site\/wp-json\/wp\/v2\/media\/136060"}],"wp:attachment":[{"href":"https:\/\/www.institutodeengenharia.org.br\/site\/wp-json\/wp\/v2\/media?parent=137325"}],"wp:term":[{"taxonomy":"category","embeddable":true,"href":"https:\/\/www.institutodeengenharia.org.br\/site\/wp-json\/wp\/v2\/categories?post=137325"},{"taxonomy":"post_tag","embeddable":true,"href":"https:\/\/www.institutodeengenharia.org.br\/site\/wp-json\/wp\/v2\/tags?post=137325"}],"curies":[{"name":"wp","href":"https:\/\/api.w.org\/{rel}","templated":true}]}}